{"id":1176,"date":"2020-06-04T13:23:35","date_gmt":"2020-06-04T11:23:35","guid":{"rendered":"https:\/\/duhovyrok.sk\/?p=1176"},"modified":"2020-06-04T13:23:35","modified_gmt":"2020-06-04T11:23:35","slug":"do-teplej-vlny-sme-pozvali-luciu-plavakovu","status":"publish","type":"post","link":"https:\/\/duhovyrok.sk\/tepla-vlna\/2020\/06\/04\/do-teplej-vlny-sme-pozvali-luciu-plavakovu\/","title":{"rendered":"Do Teplej vlny sme pozvali Luciu Plav\u00e1kov\u00fa"},"content":{"rendered":"\n<p>\u010eal\u0161ou hostkou v Teplej vlne bude Lucia Plav\u00e1kov\u00e1. Ako advok\u00e1tka sa vy\u0161e 10 rokov venuje pr\u00e1vam os\u00f4b s inou sexu\u00e1lnou orient\u00e1ciou a rodovou identitou a \u013eudskopr\u00e1vnemu aktivizmu. Od roku 2015 poskytuje bezplatn\u00e9 pr\u00e1vne poradenstvo pre \u013eud\u00ed, ktor\u00ed potrebuj\u00fa pom\u00f4c\u0165 v pr\u00e1vnych ot\u00e1zkach, s\u00favisiacich s ich sexu\u00e1lnou orient\u00e1ciou alebo rodovou identitou. Z\u00e1le\u017e\u00ed jej na presadzovan\u00ed z\u00e1kladn\u00fdch hodn\u00f4t, na ktor\u00fdch je postaven\u00e1 demokracia a preto sa venuje ochrane pr\u00e1v men\u0161\u00edn a prehliadan\u00fdch skup\u00edn obyvate\u013estva, boju proti extr\u00e9mizmu a proti nen\u00e1vistn\u00fdm prejavom. Aj preto sa rozhodla vst\u00fapi\u0165 do politiky, do parlamentn\u00fdch volieb kandidovala za koal\u00edciu PS\/Spolu. Lucia so svojou partnerkou vychov\u00e1va dc\u00e9ru. \u00a0<\/p>\n","protected":false},"excerpt":{"rendered":"<p>\u010eal\u0161ou hostkou v Teplej vlne bude Lucia Plav\u00e1kov\u00e1. Ako advok\u00e1tka sa vy\u0161e 10 rokov venuje pr\u00e1vam os\u00f4b s inou sexu\u00e1lnou orient\u00e1ciou a rodovou identitou a \u013eudskopr\u00e1vnemu aktivizmu. Od roku 2015 <a href=\"https:\/\/duhovyrok.sk\/tepla-vlna\/2020\/06\/04\/do-teplej-vlny-sme-pozvali-luciu-plavakovu\/\" class=\"more-link\">&#8230;<\/a><\/p>\n","protected":false},"author":12,"featured_media":1177,"comment_status":"closed","ping_status":"open","sticky":false,"template":"","format":"standard","meta":{"footnotes":""},"categories":[3,2],"tags":[14,15,16,5],"class_list":["post-1176","post","type-post","status-publish","format-standard","has-post-thumbnail","hentry","category-novinky","category-tepla-vlna","tag-advokatka","tag-lucia-plavakova","tag-politicka","tag-tepla-vlna"],"_links":{"self":[{"href":"https:\/\/duhovyrok.sk\/tepla-vlna\/wp-json\/wp\/v2\/posts\/1176","targetHints":{"allow":["GET"]}}],"collection":[{"href":"https:\/\/duhovyrok.sk\/tepla-vlna\/wp-json\/wp\/v2\/posts"}],"about":[{"href":"https:\/\/duhovyrok.sk\/tepla-vlna\/wp-json\/wp\/v2\/types\/post"}],"author":[{"embeddable":true,"href":"https:\/\/duhovyrok.sk\/tepla-vlna\/wp-json\/wp\/v2\/users\/12"}],"replies":[{"embeddable":true,"href":"https:\/\/duhovyrok.sk\/tepla-vlna\/wp-json\/wp\/v2\/comments?post=1176"}],"version-history":[{"count":0,"href":"https:\/\/duhovyrok.sk\/tepla-vlna\/wp-json\/wp\/v2\/posts\/1176\/revisions"}],"wp:featuredmedia":[{"embeddable":true,"href":"https:\/\/duhovyrok.sk\/tepla-vlna\/wp-json\/wp\/v2\/media\/1177"}],"wp:attachment":[{"href":"https:\/\/duhovyrok.sk\/tepla-vlna\/wp-json\/wp\/v2\/media?parent=1176"}],"wp:term":[{"taxonomy":"category","embeddable":true,"href":"https:\/\/duhovyrok.sk\/tepla-vlna\/wp-json\/wp\/v2\/categories?post=1176"},{"taxonomy":"post_tag","embeddable":true,"href":"https:\/\/duhovyrok.sk\/tepla-vlna\/wp-json\/wp\/v2\/tags?post=1176"}],"curies":[{"name":"wp","href":"https:\/\/api.w.org\/{rel}","templated":true}]}}