{"id":1171,"date":"2020-05-26T19:30:38","date_gmt":"2020-05-26T17:30:38","guid":{"rendered":"https:\/\/duhovyrok.sk\/?p=1171"},"modified":"2020-05-26T19:30:38","modified_gmt":"2020-05-26T17:30:38","slug":"sledujte-teplu-vlnu-s-ferom","status":"publish","type":"post","link":"https:\/\/duhovyrok.sk\/tepla-vlna\/2020\/05\/26\/sledujte-teplu-vlnu-s-ferom\/","title":{"rendered":"Sledujte Tepl\u00fa vlnu s Ferom"},"content":{"rendered":"\n<p>Komik Fero_joke otvorene porozpr\u00e1val o svojej orient\u00e1cii. Pribl\u00ed\u017eil svoj coming out a aj to, ak\u00e9 to bolo pre neho ako geja vyrasta\u0165 na konzervat\u00edvnej Orave. Prezradil, ako to prijali jeho rodi\u010dia. Porozpr\u00e1val o spolu\u017eiakoch, ktor\u00ed sa mu pre to posmievali, aj o t\u00fdch, ktor\u00ed sa ho v\u017edy zastali. Podcast si m\u00f4\u017eete vypo\u010du\u0165 aj na <a rel=\"noreferrer noopener\" href=\"https:\/\/open.spotify.com\/episode\/0LFbN60R2duIW50rjNS6SI?fbclid=IwAR1O2BCX9htdg5fZBx4kf_W2rXzy6dHyhkwz1QjnqDO-mtRnmMJTWfaYvSY\" target=\"_blank\"><span style=\"text-decoration: underline\">Spotify<\/span><\/a>, <span style=\"text-decoration: underline\"><a rel=\"noreferrer noopener\" href=\"https:\/\/podcasts.apple.com\/us\/podcast\/tepl%C3%A1-vlna-fero-joke-o-tom-ako-sa-mu-ako-gejovi-%C5%BEije\/id1507703606?i=1000475748401&amp;fbclid=IwAR1zt16Y45srmND5hF8ATn4NCRcNKZmrcj8BrnrOfFQvyqzwTNBTWV9Nh5w\" target=\"_blank\">Apple Podcasts<\/a><\/span> a <span style=\"text-decoration: underline\"><a rel=\"noreferrer noopener\" href=\"https:\/\/teplavlna.podbean.com\/e\/tepla-vlna-fero_joke-o-tom-ako-sa-mu-ako-gejovi-zije-na-slovensku\/?fbclid=IwAR3C3vgfwDnwYt7Zw1umSZcptcktnnk-HuB9iGrihxsPdecC9bpdTuntPoM\" target=\"_blank\">Podbean<\/a><\/span>. <\/p>\n\n\n\n<figure class=\"wp-block-embed-youtube wp-block-embed is-type-video is-provider-youtube wp-embed-aspect-16-9 wp-has-aspect-ratio\"><div class=\"wp-block-embed__wrapper\">\n<iframe loading=\"lazy\" title=\"Tepl\u00e1 vlna: Fero_joke o tom, ako sa mu ako gejovi \u017eije na Slovensku\" width=\"1778\" height=\"1000\" src=\"https:\/\/www.youtube.com\/embed\/vMqHpcoq7tQ?feature=oembed\" frameborder=\"0\" allow=\"accelerometer; autoplay; clipboard-write; encrypted-media; gyroscope; picture-in-picture\" allowfullscreen><\/iframe>\n<\/div><\/figure>\n","protected":false},"excerpt":{"rendered":"<p>Komik Fero_joke otvorene porozpr\u00e1val o svojej orient\u00e1cii. Pribl\u00ed\u017eil svoj coming out a aj to, ak\u00e9 to bolo pre neho ako geja vyrasta\u0165 na konzervat\u00edvnej Orave. Prezradil, ako to prijali jeho <a href=\"https:\/\/duhovyrok.sk\/tepla-vlna\/2020\/05\/26\/sledujte-teplu-vlnu-s-ferom\/\" class=\"more-link\">&#8230;<\/a><\/p>\n","protected":false},"author":12,"featured_media":1172,"comment_status":"closed","ping_status":"open","sticky":false,"template":"","format":"video","meta":{"footnotes":""},"categories":[3,2],"tags":[13,4,5],"class_list":["post-1171","post","type-post","status-publish","format-video","has-post-thumbnail","hentry","category-novinky","category-tepla-vlna","tag-fero","tag-podcast","tag-tepla-vlna","post_format-post-format-video"],"_links":{"self":[{"href":"https:\/\/duhovyrok.sk\/tepla-vlna\/wp-json\/wp\/v2\/posts\/1171","targetHints":{"allow":["GET"]}}],"collection":[{"href":"https:\/\/duhovyrok.sk\/tepla-vlna\/wp-json\/wp\/v2\/posts"}],"about":[{"href":"https:\/\/duhovyrok.sk\/tepla-vlna\/wp-json\/wp\/v2\/types\/post"}],"author":[{"embeddable":true,"href":"https:\/\/duhovyrok.sk\/tepla-vlna\/wp-json\/wp\/v2\/users\/12"}],"replies":[{"embeddable":true,"href":"https:\/\/duhovyrok.sk\/tepla-vlna\/wp-json\/wp\/v2\/comments?post=1171"}],"version-history":[{"count":0,"href":"https:\/\/duhovyrok.sk\/tepla-vlna\/wp-json\/wp\/v2\/posts\/1171\/revisions"}],"wp:featuredmedia":[{"embeddable":true,"href":"https:\/\/duhovyrok.sk\/tepla-vlna\/wp-json\/wp\/v2\/media\/1172"}],"wp:attachment":[{"href":"https:\/\/duhovyrok.sk\/tepla-vlna\/wp-json\/wp\/v2\/media?parent=1171"}],"wp:term":[{"taxonomy":"category","embeddable":true,"href":"https:\/\/duhovyrok.sk\/tepla-vlna\/wp-json\/wp\/v2\/categories?post=1171"},{"taxonomy":"post_tag","embeddable":true,"href":"https:\/\/duhovyrok.sk\/tepla-vlna\/wp-json\/wp\/v2\/tags?post=1171"}],"curies":[{"name":"wp","href":"https:\/\/api.w.org\/{rel}","templated":true}]}}