{"id":1160,"date":"2020-05-04T13:00:23","date_gmt":"2020-05-04T11:00:23","guid":{"rendered":"https:\/\/duhovyrok.sk\/?p=1160"},"modified":"2020-05-04T13:00:23","modified_gmt":"2020-05-04T11:00:23","slug":"fero_joke-hostom-teplej-vlny","status":"publish","type":"post","link":"https:\/\/duhovyrok.sk\/tepla-vlna\/2020\/05\/04\/fero_joke-hostom-teplej-vlny\/","title":{"rendered":"Fero_joke hos\u0165om Teplej vlny"},"content":{"rendered":"\n<p>V podcaste Tepl\u00e1 vlna priv\u00edtame komika Fera, ktor\u00fd sa presl\u00e1vil v\u010faka svojmu profilu na Instagrame <a rel=\"noreferrer noopener\" href=\"https:\/\/www.instagram.com\/fero_joke\/\" target=\"_blank\"><span style=\"text-decoration: underline\">fero_joke<\/span><\/a>. Jeho par\u00f3die sa stali zn\u00e1me na celom Slovensku. Nora alebo Maja maj\u00fa tis\u00edce zdie\u013ean\u00ed. Mal aj vlastn\u00fa rel\u00e1ciu na webe TV Mark\u00edza. Popri pr\u00e1ci komika sa venuje hlavne \u0161peci\u00e1lnej pedagogike, ktor\u00fa vy\u0161tudoval. <\/p>\n","protected":false},"excerpt":{"rendered":"<p>V podcaste Tepl\u00e1 vlna priv\u00edtame komika Fera, ktor\u00fd sa presl\u00e1vil v\u010faka svojmu profilu na Instagrame fero_joke. Jeho par\u00f3die sa stali zn\u00e1me na celom Slovensku. Nora alebo Maja maj\u00fa tis\u00edce zdie\u013ean\u00ed. <a href=\"https:\/\/duhovyrok.sk\/tepla-vlna\/2020\/05\/04\/fero_joke-hostom-teplej-vlny\/\" class=\"more-link\">&#8230;<\/a><\/p>\n","protected":false},"author":12,"featured_media":1163,"comment_status":"closed","ping_status":"open","sticky":false,"template":"","format":"standard","meta":{"footnotes":""},"categories":[3,2],"tags":[],"class_list":["post-1160","post","type-post","status-publish","format-standard","has-post-thumbnail","hentry","category-novinky","category-tepla-vlna"],"_links":{"self":[{"href":"https:\/\/duhovyrok.sk\/tepla-vlna\/wp-json\/wp\/v2\/posts\/1160","targetHints":{"allow":["GET"]}}],"collection":[{"href":"https:\/\/duhovyrok.sk\/tepla-vlna\/wp-json\/wp\/v2\/posts"}],"about":[{"href":"https:\/\/duhovyrok.sk\/tepla-vlna\/wp-json\/wp\/v2\/types\/post"}],"author":[{"embeddable":true,"href":"https:\/\/duhovyrok.sk\/tepla-vlna\/wp-json\/wp\/v2\/users\/12"}],"replies":[{"embeddable":true,"href":"https:\/\/duhovyrok.sk\/tepla-vlna\/wp-json\/wp\/v2\/comments?post=1160"}],"version-history":[{"count":0,"href":"https:\/\/duhovyrok.sk\/tepla-vlna\/wp-json\/wp\/v2\/posts\/1160\/revisions"}],"wp:featuredmedia":[{"embeddable":true,"href":"https:\/\/duhovyrok.sk\/tepla-vlna\/wp-json\/wp\/v2\/media\/1163"}],"wp:attachment":[{"href":"https:\/\/duhovyrok.sk\/tepla-vlna\/wp-json\/wp\/v2\/media?parent=1160"}],"wp:term":[{"taxonomy":"category","embeddable":true,"href":"https:\/\/duhovyrok.sk\/tepla-vlna\/wp-json\/wp\/v2\/categories?post=1160"},{"taxonomy":"post_tag","embeddable":true,"href":"https:\/\/duhovyrok.sk\/tepla-vlna\/wp-json\/wp\/v2\/tags?post=1160"}],"curies":[{"name":"wp","href":"https:\/\/api.w.org\/{rel}","templated":true}]}}