{"id":1155,"date":"2020-04-28T20:52:57","date_gmt":"2020-04-28T18:52:57","guid":{"rendered":"https:\/\/duhovyrok.sk\/?p=1155"},"modified":"2020-04-28T20:52:57","modified_gmt":"2020-04-28T18:52:57","slug":"tepla-vlna-s-riaditelom-inakosti-uz-online","status":"publish","type":"post","link":"https:\/\/duhovyrok.sk\/tepla-vlna\/2020\/04\/28\/tepla-vlna-s-riaditelom-inakosti-uz-online\/","title":{"rendered":"Tepl\u00e1 vlna s riadite\u013eom Inakosti u\u017e online"},"content":{"rendered":"\n<p>V podcaste Tepl\u00e1 vlna sme vyspovedali Martina Macka, riadite\u013ea Iniciat\u00edvy Inakos\u0165. Pribl\u00ed\u017eil n\u00e1m, \u010do obn\u00e1\u0161a pr\u00e1ca LGBT aktivistu. Rozpr\u00e1val o tom, pre\u010do sa na Slovensku nedar\u00ed dosiahnu\u0165 legislat\u00edvne uznanie tepl\u00fdch p\u00e1rov a \u010do si mysl\u00ed o tradi\u010dnej rodine.<\/p>\n\n\n\n<p>Podcast si m\u00f4\u017eete vypo\u010du\u0165 na <span style=\"text-decoration: underline\"><a rel=\"noreferrer noopener\" href=\"https:\/\/open.spotify.com\/episode\/3ECoGZRjtV3ODGCyUMC7cf?si=2843gpnLR8ioUtrMBr6xsQ&amp;fbclid=IwAR0Xz0Hcq8QLX59IhNJniWSr_sPCO9MVlToVrlK6rd5NM0ek3WNBLIQE4ig\" target=\"_blank\">Spotify<\/a><\/span> alebo<a rel=\"noreferrer noopener\" href=\"https:\/\/podcasts.apple.com\/sk\/podcast\/tepl%C3%A1-vlna\/id1507703606?l=sk&amp;i=1000472898268&amp;fbclid=IwAR3eMNhiKQ0pTtOuCvOsGpiFUTk3f8ydlPbbr18PhO1xUvm1sDkrpplsdXw\" target=\"_blank\"> <span style=\"text-decoration: underline\">iTunes<\/span><\/a>. Alebo aj pozrie\u0165 na Youtube. <\/p>\n\n\n\n<figure class=\"wp-block-embed-youtube wp-block-embed is-type-video is-provider-youtube wp-embed-aspect-16-9 wp-has-aspect-ratio\"><div class=\"wp-block-embed__wrapper\">\n<iframe loading=\"lazy\" title=\"Tepl\u00e1 vlna: Martin Macko o \u017eivote tepl\u00e9ho aktivistu\" width=\"1778\" height=\"1000\" src=\"https:\/\/www.youtube.com\/embed\/m-Z1gr1Zhp8?feature=oembed\" frameborder=\"0\" allow=\"accelerometer; autoplay; clipboard-write; encrypted-media; gyroscope; picture-in-picture\" allowfullscreen><\/iframe>\n<\/div><\/figure>\n","protected":false},"excerpt":{"rendered":"<p>V podcaste Tepl\u00e1 vlna sme vyspovedali Martina Macka, riadite\u013ea Iniciat\u00edvy Inakos\u0165. <\/p>\n","protected":false},"author":12,"featured_media":1156,"comment_status":"closed","ping_status":"open","sticky":false,"template":"","format":"video","meta":{"footnotes":""},"categories":[3,2],"tags":[12,10,4,5],"class_list":["post-1155","post","type-post","status-publish","format-video","has-post-thumbnail","hentry","category-novinky","category-tepla-vlna","tag-inakost","tag-martin-macko","tag-podcast","tag-tepla-vlna","post_format-post-format-video"],"_links":{"self":[{"href":"https:\/\/duhovyrok.sk\/tepla-vlna\/wp-json\/wp\/v2\/posts\/1155","targetHints":{"allow":["GET"]}}],"collection":[{"href":"https:\/\/duhovyrok.sk\/tepla-vlna\/wp-json\/wp\/v2\/posts"}],"about":[{"href":"https:\/\/duhovyrok.sk\/tepla-vlna\/wp-json\/wp\/v2\/types\/post"}],"author":[{"embeddable":true,"href":"https:\/\/duhovyrok.sk\/tepla-vlna\/wp-json\/wp\/v2\/users\/12"}],"replies":[{"embeddable":true,"href":"https:\/\/duhovyrok.sk\/tepla-vlna\/wp-json\/wp\/v2\/comments?post=1155"}],"version-history":[{"count":0,"href":"https:\/\/duhovyrok.sk\/tepla-vlna\/wp-json\/wp\/v2\/posts\/1155\/revisions"}],"wp:featuredmedia":[{"embeddable":true,"href":"https:\/\/duhovyrok.sk\/tepla-vlna\/wp-json\/wp\/v2\/media\/1156"}],"wp:attachment":[{"href":"https:\/\/duhovyrok.sk\/tepla-vlna\/wp-json\/wp\/v2\/media?parent=1155"}],"wp:term":[{"taxonomy":"category","embeddable":true,"href":"https:\/\/duhovyrok.sk\/tepla-vlna\/wp-json\/wp\/v2\/categories?post=1155"},{"taxonomy":"post_tag","embeddable":true,"href":"https:\/\/duhovyrok.sk\/tepla-vlna\/wp-json\/wp\/v2\/tags?post=1155"}],"curies":[{"name":"wp","href":"https:\/\/api.w.org\/{rel}","templated":true}]}}