{"id":1146,"date":"2020-04-27T16:20:05","date_gmt":"2020-04-27T14:20:05","guid":{"rendered":"https:\/\/duhovyrok.sk\/?p=1146"},"modified":"2020-04-27T16:20:05","modified_gmt":"2020-04-27T14:20:05","slug":"v-teplej-vlne-vyspovedame-janu-jablonicku-zezulovu","status":"publish","type":"post","link":"https:\/\/duhovyrok.sk\/tepla-vlna\/2020\/04\/27\/v-teplej-vlne-vyspovedame-janu-jablonicku-zezulovu\/","title":{"rendered":"V Teplej vlne vyspoved\u00e1me Janu Jablonick\u00fa Zezulov\u00fa"},"content":{"rendered":"\n<p>Do podcastu Tepl\u00e1 vlna sme pozvali tento raz histori\u010dku Janu Jablonick\u00fa Zezulov\u00fa. Vy\u0161tudovala hist\u00f3riu a filozofiu na Filozofickej fakulte UK. U\u017e viac ako 15 rokov sa anga\u017euje ako lektorka a analyti\u010dka v oblasti rovnosti mu\u017eov a \u017eien a pr\u00e1v LGBT \u013eud\u00ed. Venuje sa vzdel\u00e1vaniu, v\u00fdskumu a osvete v t\u00fdchto t\u00e9mach a <strong>objavuje pr\u00edbehy jedine\u010dn\u00fdch \u013eud\u00ed v minulosti, ktor\u00e9 nesm\u00fa osta\u0165 zabudnut\u00e9<\/strong>. Je \u010dlenkou Iniciat\u00edvy Inakos\u0165 a spr\u00e1vnej rady Spole\u010dnosti pro queer pam\u011b\u0165.\u00a0<\/p>\n","protected":false},"excerpt":{"rendered":"<p>Do podcastu Tepl\u00e1 vlna sme pozvali tento raz histori\u010dku Janu Jablonick\u00fa Zezulov\u00fa, venuje sa \u0161t\u00fadiu LGBTI hist\u00f3rie.<\/p>\n","protected":false},"author":12,"featured_media":1149,"comment_status":"closed","ping_status":"open","sticky":false,"template":"","format":"standard","meta":{"footnotes":""},"categories":[3,2],"tags":[],"class_list":["post-1146","post","type-post","status-publish","format-standard","has-post-thumbnail","hentry","category-novinky","category-tepla-vlna"],"_links":{"self":[{"href":"https:\/\/duhovyrok.sk\/tepla-vlna\/wp-json\/wp\/v2\/posts\/1146","targetHints":{"allow":["GET"]}}],"collection":[{"href":"https:\/\/duhovyrok.sk\/tepla-vlna\/wp-json\/wp\/v2\/posts"}],"about":[{"href":"https:\/\/duhovyrok.sk\/tepla-vlna\/wp-json\/wp\/v2\/types\/post"}],"author":[{"embeddable":true,"href":"https:\/\/duhovyrok.sk\/tepla-vlna\/wp-json\/wp\/v2\/users\/12"}],"replies":[{"embeddable":true,"href":"https:\/\/duhovyrok.sk\/tepla-vlna\/wp-json\/wp\/v2\/comments?post=1146"}],"version-history":[{"count":0,"href":"https:\/\/duhovyrok.sk\/tepla-vlna\/wp-json\/wp\/v2\/posts\/1146\/revisions"}],"wp:featuredmedia":[{"embeddable":true,"href":"https:\/\/duhovyrok.sk\/tepla-vlna\/wp-json\/wp\/v2\/media\/1149"}],"wp:attachment":[{"href":"https:\/\/duhovyrok.sk\/tepla-vlna\/wp-json\/wp\/v2\/media?parent=1146"}],"wp:term":[{"taxonomy":"category","embeddable":true,"href":"https:\/\/duhovyrok.sk\/tepla-vlna\/wp-json\/wp\/v2\/categories?post=1146"},{"taxonomy":"post_tag","embeddable":true,"href":"https:\/\/duhovyrok.sk\/tepla-vlna\/wp-json\/wp\/v2\/tags?post=1146"}],"curies":[{"name":"wp","href":"https:\/\/api.w.org\/{rel}","templated":true}]}}