{"id":1136,"date":"2020-04-13T20:16:47","date_gmt":"2020-04-13T18:16:47","guid":{"rendered":"https:\/\/duhovyrok.sk\/?p=1136"},"modified":"2020-04-13T20:16:47","modified_gmt":"2020-04-13T18:16:47","slug":"tepla-vlna-byt-sam-sebou-a-v-pohode-s-katy-franekovou","status":"publish","type":"post","link":"https:\/\/duhovyrok.sk\/tepla-vlna\/2020\/04\/13\/tepla-vlna-byt-sam-sebou-a-v-pohode-s-katy-franekovou\/","title":{"rendered":"Tepl\u00e1 vlna: By\u0165 s\u00e1m sebou a v pohode s Katy Franekovou"},"content":{"rendered":"\n<p>Hostkou queer podcastu Tepl\u00e1 vlna bola Katy Franekov\u00e1, ktor\u00e1 pracuje ako psychologi\u010dka v inPoradni. Pribl\u00ed\u017eila, ako dosiahnu\u0165, aby ste boli sami sebou a v pohode. Rozoberala, ako ve\u013emi zasiahnu predsudky do kvality vz\u0165ahov. Tie\u017e povedala viac o tom, ako to funguje v poradni a \u010di aj psychol\u00f3g potrebuje psychol\u00f3ga. A pribl\u00ed\u017eila aj svoj coming out.<\/p>\n\n\n\n<figure class=\"wp-block-embed-youtube wp-block-embed is-type-video is-provider-youtube wp-embed-aspect-16-9 wp-has-aspect-ratio\"><div class=\"wp-block-embed__wrapper\">\n<iframe loading=\"lazy\" title=\"Tepl\u00e1 vlna: By\u0165 s\u00e1m sebou a v pohode s Katy Franekovou\" width=\"1778\" height=\"1000\" src=\"https:\/\/www.youtube.com\/embed\/HOrIiiJjfRA?feature=oembed\" frameborder=\"0\" allow=\"accelerometer; autoplay; clipboard-write; encrypted-media; gyroscope; picture-in-picture\" allowfullscreen><\/iframe>\n<\/div><\/figure>\n\n\n\n<p><\/p>\n","protected":false},"excerpt":{"rendered":"<p>Hostkou queer podcastu Tepl\u00e1 vlna je Katy Franekov\u00e1, ktor\u00e1 pracuje ako psychologi\u010dka v inPoradni. Pribl\u00ed\u017ei v\u00e1m, ako dosiahnu\u0165, aby ste boli sami sebou a v pohode. Tie\u017e povie detaily, ako to funguje v poradni. A povie viac aj o svojom coming oute.<\/p>\n","protected":false},"author":12,"featured_media":1142,"comment_status":"closed","ping_status":"open","sticky":false,"template":"","format":"video","meta":{"footnotes":""},"categories":[3,2],"tags":[11,4,5],"class_list":["post-1136","post","type-post","status-publish","format-video","has-post-thumbnail","hentry","category-novinky","category-tepla-vlna","tag-katarina-franekova","tag-podcast","tag-tepla-vlna","post_format-post-format-video"],"_links":{"self":[{"href":"https:\/\/duhovyrok.sk\/tepla-vlna\/wp-json\/wp\/v2\/posts\/1136","targetHints":{"allow":["GET"]}}],"collection":[{"href":"https:\/\/duhovyrok.sk\/tepla-vlna\/wp-json\/wp\/v2\/posts"}],"about":[{"href":"https:\/\/duhovyrok.sk\/tepla-vlna\/wp-json\/wp\/v2\/types\/post"}],"author":[{"embeddable":true,"href":"https:\/\/duhovyrok.sk\/tepla-vlna\/wp-json\/wp\/v2\/users\/12"}],"replies":[{"embeddable":true,"href":"https:\/\/duhovyrok.sk\/tepla-vlna\/wp-json\/wp\/v2\/comments?post=1136"}],"version-history":[{"count":0,"href":"https:\/\/duhovyrok.sk\/tepla-vlna\/wp-json\/wp\/v2\/posts\/1136\/revisions"}],"wp:featuredmedia":[{"embeddable":true,"href":"https:\/\/duhovyrok.sk\/tepla-vlna\/wp-json\/wp\/v2\/media\/1142"}],"wp:attachment":[{"href":"https:\/\/duhovyrok.sk\/tepla-vlna\/wp-json\/wp\/v2\/media?parent=1136"}],"wp:term":[{"taxonomy":"category","embeddable":true,"href":"https:\/\/duhovyrok.sk\/tepla-vlna\/wp-json\/wp\/v2\/categories?post=1136"},{"taxonomy":"post_tag","embeddable":true,"href":"https:\/\/duhovyrok.sk\/tepla-vlna\/wp-json\/wp\/v2\/tags?post=1136"}],"curies":[{"name":"wp","href":"https:\/\/api.w.org\/{rel}","templated":true}]}}