{"id":933,"date":"2018-07-19T10:33:41","date_gmt":"2018-07-19T08:33:41","guid":{"rendered":"http:\/\/qys.sk\/?p=933"},"modified":"2021-03-18T09:16:37","modified_gmt":"2021-03-18T08:16:37","slug":"divadelny-festival-drama-queer-sa-kona-kazdy-rok-v-novembri","status":"publish","type":"post","link":"https:\/\/duhovyrok.sk\/qys\/divadelny-festival-drama-queer-sa-kona-kazdy-rok-v-novembri\/","title":{"rendered":"Divadeln\u00fd festival Drama Queer sa kon\u00e1 ka\u017ed\u00fd rok v novembri"},"content":{"rendered":"<p><b>Ako by si charakterizoval Divadeln\u00fd festival Drama Queer?<\/b><\/p>\n<p><span style=\"font-weight: 400\">Drama Queer je miesto, ktor\u00e9 sme vytvorili ako prehliadku toho najlep\u0161ieho, \u010do vznikne v\u00a0queer divadelnom umen\u00ed na Slovensku, v \u010cech\u00e1ch a\u00a0v\u00a0ostatnej Eur\u00f3pe. Sna\u017e\u00edme sa prin\u00e1\u0161a\u0165 origin\u00e1lne divadeln\u00e9 predstavenia, ktor\u00e9 dok\u00e1\u017eu oslovi\u0165 publikum v\u00a0Bratislave. <\/span><\/p>\n<p><span style=\"font-weight: 400\">Drama Queer je desiatou antickou m\u00fazou, zrodenou ako nov\u00e9 bo\u017estvo nov\u00e9ho \u201equeer\u201c umenia. Bytos\u0165, ktor\u00e1 in\u0161piruje, dod\u00e1va odvahu a kreativitu pre v\u0161etk\u00fdch a v\u0161etky, ktor\u00ed a ktor\u00e9 chc\u00fa slobodne \u0161\u00edri\u0165 svoj talent, poznanie a svoj poh\u013ead na svet umenia. Je to androg\u00fdnna bytos\u0165, ktor\u00e1 divadlo kreuje vo\u013enej\u0161ie, nem\u00e1 predp\u00edsan\u00e9 vzorce, netrp\u00ed \u017eiadnymi stigmami a\u00a0dogmami. Je slobodn\u00e1 a\u00a0hrav\u00e1, ale z\u00e1rove\u0148 vie by\u0165 aj ve\u013emi kritick\u00e1 a\u00a0vykri\u010d\u00ed bolesti svojich divadeln\u00fdch post\u00e1v \u010falej ako len do jej h\u013eadiska. Prin\u00e1\u0161a n\u00e1m okrem klasick\u00fdch pr\u00edbehov aj pr\u00edbehy, ktor\u00e9 doteraz ost\u00e1vali nevyrozpr\u00e1van\u00e9. Drama Queer pozn\u00e1 pr\u00edbeh R\u00f3mea a\u00a0J\u00falie, ale nezab\u00fada ani na dvoch R\u00f3meov, \u010di dve J\u00falie, alebo J\u00faliu, ktorej div\u00e1ci a div\u00e1\u010dky na konci predstavenia zatlieskaj\u00fa ako R\u00f3meovi. Tak\u017ee ak sa V\u00e1s niekto op\u00fdta, ko\u013eko m\u00faz bolo v\u00a0antickej mytol\u00f3gii, odpove\u010f je 10 a\u00a0nie 9.<\/span><\/p>\n<p><b>\u010co osobne pre teba znamena festival? <\/b><\/p>\n<p><span style=\"font-weight: 400\">Pre m\u0148a je to hlavne obrovsk\u00fd stres a\u00a0sna\u017e\u00edm sa nespanik\u00e1ri\u0165 a\u00a0v\u0161etko zvl\u00e1dnu\u0165. Ale nie. M\u00e1m ho r\u00e1d, milujem ho, festival je tak\u00e9 moje die\u0165a. Tak vlastn\u00e9 deti nem\u00e1m (smiech), tak aspo\u0148 to. Som r\u00e1d, \u017ee spolo\u010dne s\u00a0kolegom Andrejom Kurucom sa n\u00e1m podarilo vytvori\u0165 festival ako platformu, kde m\u00f4\u017eeme poz\u00fdva\u0165 aj in\u00e9 divadl\u00e1 a\u00a0divadeln\u00e9 spolo\u010dnosti, ktor\u00e9 vidia svet podobne ako my. Takto sa m\u00f4\u017eeme navz\u00e1jom obohacova\u0165 a\u00a0spozn\u00e1va\u0165. Vn\u00edmam ho nielen ako kult\u00farnu, ale aj ako spolo\u010densk\u00fa udalos\u0165.<\/span><\/p>\n<p><b>Pam\u00e4t\u00e1\u0161 si e\u0161te na za\u010diatky festivalu?\u00a0<\/b><\/p>\n<p><span style=\"font-weight: 400\">M\u0148a zaujal Gay Divadeln\u00fd festival Oscara Wilda v Dubline. M\u00e1 dlhoro\u010dn\u00fa trad\u00edciu. Bolo mi ve\u013emi \u013e\u00fato, \u017ee okrem tohto festivalu na ostrovoch a nikde v\u00a0kontinent\u00e1lnej eur\u00f3pe nie je prehliadka gay hier, alebo queer hier ak chcete, a\u00a0pr\u00e1ve t\u00fato medzeru sme sa rozhodli vyplni\u0165. Uvedomujeme si, \u017ee Bratislava a\u00a0Slovensko ako tak\u00e9 nie je \u00faplne gay destin\u00e1cia, \u010dlovek by \u010dakal, \u017ee podobn\u00fd festival bude v\u00a0Barcelone, alebo Berl\u00edne. Ale ako to u\u017e b\u00fdva, tak ako si e\u0161te st\u00e1le na Slovensku mus\u00edme vydob\u00edja\u0165 svoje postavenie a\u00a0rovnopr\u00e1vnos\u0165, tak sme si aj vydobili svoj queer divadeln\u00fd festival. A\u00a0vrav\u00edme si a\u00a0nech! Ak Bratislava nie je gay destin\u00e1cia, tak bude!<\/span><\/p>\n<p><b>Ak\u00fd bol najzauj\u00edmavej\u0161\u00ed z\u00e1\u017eitok spojen\u00fd s festivalom? <\/b><\/p>\n<p><span style=\"font-weight: 400\">Raz sa v\u00a0tom istom \u010dase, ako sme mali predstavenie, konal aj vo ved\u013eaj\u0161ej s\u00e1le YMCA koncert Tublatanky. Tak\u017ee v\u0161ade bolo obrovsk\u00e9 mno\u017estvo \u013eud\u00ed. Pre niektor\u00fdch bolo asi obrovsk\u00fdm \u0161okom, \u017ee sa omylom dostali na gej festival a\u00a0nie na koncert Tublatanky. Alebo pre na\u0161ich div\u00e1kov bol \u0161ok, \u017ee sa queer kult\u00fara stala tak\u00fdmto mainstreamom s\u00a0takou obrovskou \u00fa\u010das\u0165ou. Ale to bol asi jeden z\u00a0t\u00fdch vtipn\u00fdch z\u00e1\u017eitkov. V\u00a0divadle sa toho udeje toti\u017e ve\u013emi ve\u013ea a aj smie\u0161neho. M\u0148a v\u017edy v\u0161ak najviac fascinuje, \u017ee ke\u010f sa nie\u010do zo za\u010diatku zd\u00e1 ako neprekonate\u013en\u00fd probl\u00e9m, ako napr\u00edklad zabezpe\u010di\u0165 na javisku te\u010d\u00facu vodu do vane, alebo rekvizitu zlat\u00e9ho jele\u0148a s\u00a0dvojmetrov\u00fdm paro\u017e\u00edm&#8230; Ako sa nakoniec v\u0161etko po chv\u00edli d\u00e1 a\u00a0prekon\u00e1 a\u00a0nakoniec v\u0161etko klapne. To je mo\u017eno aj metafora na legislat\u00edvu pre rovnakopohlavn\u00e9 p\u00e1ry, \u017ee mo\u017eno sa n\u00e1m to teraz zd\u00e1 ako neprekonate\u013en\u00e9, tak nakoniec, a\u00a0ja v\u00a0to ver\u00edm, sa to podar\u00ed, tak ako sa m\u00e1 so \u0161\u0165astn\u00fdm koncom. <\/span><\/p>\n<p><b>Ak\u00e9 pl\u00e1ny m\u00e1 festival do bud\u00facnosti?<\/b><\/p>\n<p><span style=\"font-weight: 400\">Radi by sme festival roz\u0161\u00edrili aj do \u010fal\u0161\u00edch miest na Slovensku a\u00a0hrali aj v\u00a0in\u00fdch mest\u00e1ch. Zatia\u013e sa n\u00e1m \u010drt\u00e1, \u017ee by sme mohli niektor\u00e9 inscen\u00e1cie, ktor\u00e9 prinesieme do Bratislavy zahra\u0165 aj v\u00a0Banskej Bystrici, no uvid\u00edme. Tie\u017e by sme radi spolupracovali a\u00a0pozvali divadl\u00e1, aj z\u00a0v\u00e4\u010d\u0161ej dia\u013eky. V\u0161etko m\u00e1 svoj \u010das a\u00a0festival rastie z\u00a0roka na rok.<\/span><\/p>\n<p><b>Pre\u010do ste sa rozhodli usporiada\u0165 pr\u00e1ve tak\u00fdto festival?<\/b><\/p>\n<p><span style=\"font-weight: 400\">Ch\u00fdbala mi platforma v\u00a0Bratislave, ktor\u00e1 by bola schopn\u00e1 poz\u00fdva\u0165 s\u00fabory z\u00a0in\u00fdch \u010dast\u00ed Eur\u00f3py, aby ich mali mo\u017enos\u0165 vidie\u0165 aj div\u00e1ci a\u00a0div\u00e1\u010dky v\u00a0Bratislave. V\u017edy sme videli queer subkult\u00faru ako s\u00fa\u010das\u0165 mestsk\u00fdch subkult\u00far a\u00a0jej pevn\u00fd z\u00e1stoj vid\u00edme aj pri vzniku festivalu Drama Queer. \u00daspech festivalu n\u00e1m ukazuje, \u017ee sme mali pravdu a\u00a0stoj\u00ed to za to, usporad\u00fava\u0165 festival. \u013dudia a\u00a0nie len LGBTI \u013eudia, maj\u00fa z\u00e1ujem o\u00a0anga\u017eovan\u00e9 predstavenia, o\u00a0t\u00e9my sexuality, vz\u0165ahov, rodov\u00fdch rol\u00ed a\u00a0stereotypov. Radi na svet nazeraj\u00fa inak, a\u00a0to pr\u00e1ve slobodnej\u0161ou optikou.<\/span><\/p>\n<p><b>Kto \u00a0tvor\u00ed publikum festivalu?<\/b><\/p>\n<p><span style=\"font-weight: 400\">Festival nav\u0161tevuj\u00fa v\u0161etky vekov\u00e9 kateg\u00f3rie, v\u0161etky rodov\u00e9 identity a\u00a0sexu\u00e1lne orient\u00e1cie. Chodia aj rodiny, p\u00e1ry heterosexu\u00e1lne \u010di homosexu\u00e1lne. Na prvom ro\u010dn\u00edku sme hrali aj detsk\u00e9 predstavenie Ani\u010dka Ru\u017ei\u010dka a\u00a0Tonko Modrinka o\u00a0ru\u017eovom a\u00a0modrom svete det\u00ed a\u00a0na toto predstavenie prich\u00e1dzali rodiny s\u00a0de\u0165mi a\u00a0hrali sme aj pre jednu z\u00e1kladn\u00fa \u0161kolu. Tak\u017ee je festival naozaj pre \u0161irok\u00fa verejnos\u0165. Tak ako je festival r\u00f4znofarebn\u00fd, tak\u00e9 ma aj publikum.<\/span><\/p>\n<p><b>Na \u010do sa m\u00f4\u017eu n\u00e1v\u0161tevn\u00edci a n\u00e1v\u0161tevn\u00ed\u010dky te\u0161i\u0165?<\/b><\/p>\n<p><span style=\"font-weight: 400\">U\u017e hne\u010f prv\u00fd de\u0148 festivalu pon\u00fakneme zahrani\u010dn\u00e9 performerky zo \u0160vaj\u010diarska s\u00a0netradi\u010dn\u00fdm fyzick\u00fdm divadlom. <\/span><b>Biofiction<\/b><span style=\"font-weight: 400\"> je vz\u00e1cny milostn\u00fd pr\u00edbeh medzi mnoh\u00fdmi, ne\u010dakan\u00e9 o\u010distenie v divo\u010dine, ktor\u00e9 pon\u00faka zomknutie \u013eudsk\u00fdch a\u00a0ne\u017eiv\u00fdch mno\u017e\u00edn a ich vplyvov. Situovan\u00e9 v\u00a0r\u00e1mci objavovania pulzuj\u00facej hmoty vyviera choreografick\u00e1 b\u00e1se\u0148, ktor\u00e1 je z\u00e1rove\u0148 opatruj\u00faca a\u00a0aj absol\u00fatne zmyseln\u00e1. Prax preorientovania a redistrib\u00facie zmyslov generuje queer vedomie a predstavuje krajinu, ktor\u00e1 je s\u00fa\u010dasn\u00e1 aj utopick\u00e1. Vn\u00edmame stereotypy a\u00a0prototypy a\u00a0n\u00e1sledne si uvedomujeme pote\u0161enie z nespr\u00e1vneho rozpozn\u00e1vania, m\u00f4\u017eeme sa dokonca smia\u0165 navzdory sebe. <\/span><\/p>\n<p><span style=\"font-weight: 400\">Pochopenie pr\u00edbeh sexuality, ktor\u00fd e\u0161te neexistuje, udr\u017eiava zvedavos\u0165 &#8211; nedodr\u017eiavanie konvenci\u00ed alebo identifik\u00e1cie rob\u00ed z tejto choreografickej pr\u00e1ce kontinu\u00e1lnu prax budovania sveta. Meetfactory z\u00a0Prahy sa n\u00e1m nasleduj\u00faci de\u0148 predstavia hrou Irvinga Welsha <\/span><b>Pohlavn\u00e9 \u017eivoty siamsk\u00fdch dvoj\u010diat.<\/b><span style=\"font-weight: 400\"> Je to lesbick\u00e1 hra pln\u00e1 l\u00e1sky, kal\u00f3ri\u00ed, zvr\u00e1tenost\u00ed, krehk\u00fdch vn\u00fatorn\u00fdch \u017eivotov ale inak navonok tvrd\u00fdch \u017eien. Ale tie\u017e pohlavn\u00fd \u017eivot siamsk\u00fdch dvoj\u010diat: a to v\u0161etko v \u010d\u00edslach, ktor\u00fdmi je dne\u0161n\u00fd svet tak posadnut\u00fd. <\/span><\/p>\n<p><span style=\"font-weight: 400\">Na\u0161e divadlo Nomantinels pripravilo \u00faplne nov\u00fa hru <\/span><b>O\u00a0n\u00e1s \u00a0\/ O\u00a0nich<\/b><span style=\"font-weight: 400\">. Hra in\u0161pirovan\u00e1 dobovou socialistickou tla\u010dou. Ve\u013emi odpor\u00fa\u010dam hru od HaDivadla z\u00a0Brna <\/span><b>ON<\/b><span style=\"font-weight: 400\">. Hru nap\u00edsal a\u00a0zre\u017e\u00edroval slovensk\u00fd autor Mari\u00e1n Amsler. \u00a0Zauj\u00edmav\u00e1 inscen\u00e1cia o\u00a0h\u013eadan\u00ed identity n\u00e1m pon\u00fakne paralelu s\u00fa\u010dasnosti so svetom minul\u00fdm. To ako si vytv\u00e1rame identitu teraz, online profily, d\u00e1ta, jednotky a\u00a0nuly. A ved\u013ea toho pr\u00edbeh z minulosti. Kde h\u013eadanie vlastnej identity stoj\u00ed viac s\u00edl, ako len zalo\u017eenie si profilu na facebooku. Strach, neistota, t\u00fa\u017eba zmizn\u00fa\u0165 zost\u00e1vaj\u00fa rovnak\u00e9. Rovnako ako fakt, \u017ee zmizn\u00fa\u0165 sa n\u00e1m nikdy nepodar\u00ed. Zbavenie sa p\u00fat, ale v\u017edy sa mus\u00edme p\u00fata\u0165.<\/span><\/p>\n<p><span style=\"font-weight: 400\">R\u00e1d by som tie\u017e pozval v\u0161etk\u00fdch n\u00e1v\u0161tevn\u00edkov a n\u00e1v\u0161tevn\u00ed\u010dky na otvorenie festivalu a\u00a0to kabaretn\u00fdm predstaven\u00edm <\/span><b>&#8222;When I was a girl&#8220; alebo LGBTI&amp;Q+\/-XYZ <\/b><span style=\"font-weight: 400\">z\u00a0Banskobystrickej Z\u00e1hrady. Festival m\u00e1 aj svoj sprievodn\u00fd program, r\u00e1d by som pozval v\u0161etk\u00fdch na Marat\u00f3n p\u00edsania listov, ktor\u00fd organizujeme spolo\u010dne s\u00a0Amnesty International. <\/span><b>Marat\u00f3n p\u00edsania listov<\/b><span style=\"font-weight: 400\"> je najv\u00e4\u010d\u0161ia medzin\u00e1rodn\u00e1 akcia na podporu nespravodlivo v\u00e4znen\u00fdch, prenasledovan\u00fdch a\u00a0utl\u00e1\u010dan\u00fdch \u013eud\u00ed na celom svete. Okolo Medzin\u00e1rodn\u00e9ho d\u0148a \u013eudsk\u00fdch pr\u00e1v \u013eudia z\u00a0cel\u00e9ho sveta p\u00ed\u0161u listy vl\u00e1dam a\u00a0\u017eiadaj\u00fa ich, aby zastavili poru\u0161ovanie pr\u00e1v konkr\u00e9tneho \u010dloveka vo svojej krajine. Tie\u017e na\u0161e divadlo NOMANTINELS organizuje v\u00a0r\u00e1mci festivalu Workshop anga\u017eovan\u00e9ho divadla <\/span><b>Anga\u017eovane (vy)tvor\u00edm\u00a0divadlo<\/b><span style=\"font-weight: 400\"> a\u00a0diskusie po jednotliv\u00fdch predstaveniach festivalu.<\/span><\/p>\n<p><b>\u010co je hlavn\u00fdm cie\u013eom divadeln\u00e9ho festivalu Drama Queer?<\/b><\/p>\n<p><span style=\"font-weight: 400\">Cie\u013eom festivalu je slobodne prin\u00e1\u0161a\u0165 pr\u00edbehy LGBTIQ \u013eud\u00ed. B\u00fara\u0165 predsudky a\u00a0bojova\u0165 proti akejkove\u013evek diskrimin\u00e1cii. Nen\u00e1silnou formou a\u00a0divadlom chceme dosiahnu\u0165 rovnopr\u00e1vnos\u0165 a\u00a0vytvori\u0165 bezpe\u010dn\u00e9 miesto pre ka\u017ed\u00e9ho n\u00e1v\u0161tevn\u00edka a\u00a0pre ka\u017ed\u00fa n\u00e1v\u0161tevn\u00ed\u010dku. Chceme rozv\u00edja\u0165 divadeln\u00e9 umenie a\u00a0d\u00e1va\u0165 priestor mlad\u00fdm tvorcom a\u00a0tvorkyniam, aby sme vytvorili platformu pre queer t\u00e9my. V\u0161etko sa n\u00e1m zatia\u013e dar\u00ed a\u00a0to sme ve\u013emi radi. Aj ke\u010f je Slovensko ak\u00e9 je, m\u00e1me ho st\u00e1le radi a\u00a0chceme tu \u017ei\u0165 a\u00a0chceme tu \u017ei\u0165 \u0161\u0165astn\u00e9 a\u00a0naplnen\u00e9 \u017eivoty.<\/span><\/p>\n<p><span style=\"font-weight: 400\">Na\u0161\u00edm hlavn\u00fdm cie\u013eom je v\u0161ak, aby v\u0161etci na\u0161i div\u00e1ci a\u00a0div\u00e1\u010dky odch\u00e1dzali z\u00a0na\u0161ich predstaven\u00ed \u0161\u0165astn\u00ed\/\u00e9 a\u00a0naplnen\u00ed\/\u00e9 s\u00a0obohatenou du\u0161ou.<\/span><\/p>\n<p>&nbsp;<\/p>\n","protected":false},"excerpt":{"rendered":"<p>Rozhovor s R\u00f3bert Pakanom, zakladate\u013eom divadeln\u00e9ho festivalu Drama Queer a jeho koordin\u00e1torom.<\/p>\n","protected":false},"author":4,"featured_media":935,"comment_status":"closed","ping_status":"open","sticky":false,"template":"","format":"standard","meta":{"footnotes":""},"categories":[256,10],"tags":[],"class_list":["post-933","post","type-post","status-publish","format-standard","has-post-thumbnail","hentry","category-divadlo","category-kultura"],"_links":{"self":[{"href":"https:\/\/duhovyrok.sk\/qys\/wp-json\/wp\/v2\/posts\/933","targetHints":{"allow":["GET"]}}],"collection":[{"href":"https:\/\/duhovyrok.sk\/qys\/wp-json\/wp\/v2\/posts"}],"about":[{"href":"https:\/\/duhovyrok.sk\/qys\/wp-json\/wp\/v2\/types\/post"}],"author":[{"embeddable":true,"href":"https:\/\/duhovyrok.sk\/qys\/wp-json\/wp\/v2\/users\/4"}],"replies":[{"embeddable":true,"href":"https:\/\/duhovyrok.sk\/qys\/wp-json\/wp\/v2\/comments?post=933"}],"version-history":[{"count":1,"href":"https:\/\/duhovyrok.sk\/qys\/wp-json\/wp\/v2\/posts\/933\/revisions"}],"predecessor-version":[{"id":2616,"href":"https:\/\/duhovyrok.sk\/qys\/wp-json\/wp\/v2\/posts\/933\/revisions\/2616"}],"wp:featuredmedia":[{"embeddable":true,"href":"https:\/\/duhovyrok.sk\/qys\/wp-json\/wp\/v2\/media\/935"}],"wp:attachment":[{"href":"https:\/\/duhovyrok.sk\/qys\/wp-json\/wp\/v2\/media?parent=933"}],"wp:term":[{"taxonomy":"category","embeddable":true,"href":"https:\/\/duhovyrok.sk\/qys\/wp-json\/wp\/v2\/categories?post=933"},{"taxonomy":"post_tag","embeddable":true,"href":"https:\/\/duhovyrok.sk\/qys\/wp-json\/wp\/v2\/tags?post=933"}],"curies":[{"name":"wp","href":"https:\/\/api.w.org\/{rel}","templated":true}]}}