{"id":913,"date":"2018-07-17T18:22:04","date_gmt":"2018-07-17T16:22:04","guid":{"rendered":"http:\/\/qys.sk\/?p=913"},"modified":"2021-03-18T09:17:36","modified_gmt":"2021-03-18T08:17:36","slug":"justin-a-damjan-sme-aktivisti-kazdy-den","status":"publish","type":"post","link":"https:\/\/duhovyrok.sk\/qys\/justin-a-damjan-sme-aktivisti-kazdy-den\/","title":{"rendered":"Justin a Damjan: Sme aktivisti. Ka\u017ed\u00fd de\u0148"},"content":{"rendered":"<p><span style=\"font-weight: 400\">Pre Justina z USA a Damjana z Maced\u00f3nska<\/span><i><span style=\"font-weight: 400\">, ktor\u00ed sa ned\u00e1vno zasn\u00fabili, je Slovensko druh\u00fdm domovom.<\/span><\/i><\/p>\n<p><span style=\"font-weight: 400\">S Damjanom a Justinom sa ve\u010der stret\u00e1vame v kaviarni. Daj\u00fa si pusu, usadia sa oproti a zvedavo \u010dakaj\u00fa na ot\u00e1zky. Ani jeden z nich nie je Slov\u00e1k, ale hovoria, \u017ee sa im tu \u017eije dobre.<\/span><\/p>\n<p><span style=\"font-weight: 400\">Damjan m\u00e1 26 rokov a v Bratislave \u017eije u\u017e sedem rokov. Vrav\u00ed, \u017ee je to jeho druh\u00fd domov, ktor\u00fd m\u00e1 rad\u0161ej ako krajinu, z ktorej poch\u00e1dza. V Maced\u00f3nsku ho od mala \u0161ikanovali a ke\u010f mal p\u00e4\u0165 rokov, otec mu prv\u00fd raz vynadal do buzerantov.<\/span><\/p>\n<p><span style=\"font-weight: 400\">\u201eV detstve som si vypestoval obsedantno-kompulz\u00edvnu poruchu. Mal som depresie. Nieko\u013ekokr\u00e1t som sa pok\u00fasil o samovra\u017edu. Nemal som priate\u013eov. Rozhodol som sa \u00faplne zmeni\u0165 svoj \u017eivot. A pri\u0161iel som do Bratislavy,\u201d hovor\u00ed Damjan.<\/span><\/p>\n<p><span style=\"font-weight: 400\">Po viacer\u00fdch vz\u0165ahoch so \u017eenami Damjan v Bratislave prv\u00fd raz pobozkal mu\u017ea. \u201eMal som 21 rokov a vtedy mi do\u0161lo, \u017ee \u00e1no, toto je ono.\u201d<\/span><\/p>\n<p><span style=\"font-weight: 400\">Pred piatimi rokmi sa so Slovenskom za\u010dal zoznamova\u0165 Ameri\u010dan Justin. Poslali ho sem pracovne &#8211; mal \u0161koli\u0165 nov\u00fdch zamestnancov medzin\u00e1rodnej telekomunika\u010dnej firmy AT&amp;T. Mal tu kamar\u00e1ta, ktor\u00fd ho vzal hne\u010f prv\u00fd v\u00edkend von. \u201ePili sme Zlat\u00fd Ba\u017eant, slivovicu a jedli bryndzov\u00e9 halu\u0161ky,\u201d opisuje Justin a nazna\u010d\u00ed, \u017ee toho bolo na za\u010diatok a\u017e-a\u017e.<\/span><\/p>\n<p><span style=\"font-weight: 400\">Slovensko sa mu zap\u00e1\u010dilo. A s n\u00edm aj \u013eudia, kult\u00fara, krajina. \u201eBryndzov\u00e9 halu\u0161ky, lok\u0161a s bryndzou,\u201d menuje svoje ob\u013e\u00faben\u00e9 jedl\u00e1 v sloven\u010dine. Posledn\u00e9 mesiace ale spolu s Damjanom pre\u0161li na veg\u00e1nstvo, tak\u017ee bryndzu u\u017e v chladni\u010dke nemaj\u00fa. Svoje jedl\u00e1 pon\u00fakali dokonca aj na Veg\u00e1nskych hodoch v bratislavskej Starej tr\u017enici. Ich st\u00f4l by ste spoznali pod\u013ea toho, \u017ee pon\u00fakali veg\u00e1nsku d\u00fahov\u00fa tortu.<\/span><\/p>\n<p><span style=\"font-weight: 400\">\u201eAk by to bolo len na mne, asi by som tu zostal cel\u00fd \u017eivot,\u201d hovor\u00ed dnes 39-ro\u010dn\u00fd Justin. Vie si predstavi\u0165, \u017ee by tu zostarol, Slovensku vraj v\u00e1\u017ene konkuruje u\u017e len talianske Tosk\u00e1nsko.<\/span><\/p>\n<p><span style=\"font-weight: 400\">Damjan je spolu s Justinom u\u017e rok a pol. S\u00fa sn\u00fabenci. Viac si na Slovensku s\u013e\u00fabi\u0165 nem\u00f4\u017eu. Hovoria, \u017ee ak by tu mali mo\u017enos\u0165 vzia\u0165 sa, urobili by to. Namiesto toho v\u0161ak musia pl\u00e1nova\u0165 svadbu v Amerike. Po n\u00e1vrate na Slovensko ich v\u0161ak z\u00e1kony bud\u00fa op\u00e4\u0165 vn\u00edma\u0165 ako dvoch cudz\u00edch \u013eud\u00ed.<\/span><\/p>\n<p><span style=\"font-weight: 400\">\u201eNikdy som neveril v man\u017eelstvo a nemyslel som si, \u017ee sa niekedy o\u017een\u00edm,\u201d hovor\u00ed Damjan. Napriek tomu raz ve\u010der pri\u0161iel za Justinom, k\u013eakol si na koleno a sp\u00fdtal sa, \u010di si ho nevezme.<\/span><\/p>\n<p><span style=\"font-weight: 400\">\u201ePri\u0161li sme domov, Justin varil a mrmlal si nie\u010do o tom, ktor\u00e9 korenie e\u0161te prid\u00e1 do jedla. Pozeral som na neho a zrazu som vedel, \u017ee to je t\u00e1 chv\u00ed\u013ea,\u201d hovor\u00ed Damjan.<\/span><\/p>\n<p><span style=\"font-weight: 400\">\u201ePotom mi okolo prsta uviazal nejak\u00fa \u0161n\u00farku, ktor\u00fa odstrihol z nejak\u00e9ho tri\u010dka. A to bol m\u00f4j prste\u0148. Po dvoch d\u0148och mi ale povedal, nech si to d\u00e1m dole, lebo \u017ee je to nehygienick\u00e9,\u201d smeje sa Justin.<\/span><\/p>\n<p><span style=\"font-weight: 400\">\u201eBolo to nepl\u00e1novan\u00e9!\u201d br\u00e1ni sa so smiechom Damjan.<\/span><\/p>\n<p>&nbsp;<\/p>\n<p><b>U\u017e nie si moj\u00edm bratom<\/b><\/p>\n<p><span style=\"font-weight: 400\">By\u0165 gejom v Maced\u00f3nsku nie je \u013eahk\u00e9. A in\u00e9 to nebolo ani v Damjanovom pr\u00edpade. St\u00e1le si myslia, \u017ee za homosexualitu sa treba hanbi\u0165 a skr\u00fdva\u0165 ju.<\/span><\/p>\n<p><span style=\"font-weight: 400\">Prv\u00e1 osoba v rodine, ktorej Damjan povedal, \u017ee je gej, bola jeho mama. \u201eV\u0161etko sa zdalo by\u0165 v poriadku, ale povedala mi, nech to nikomu nehovor\u00edm. B\u00e1la sa o m\u0148a. Myslela si, \u017ee tomu nebud\u00fa rozumie\u0165,\u201d spom\u00edna Damjan. Mamu posl\u00fachol.<\/span><\/p>\n<p><span style=\"font-weight: 400\">Ke\u010f sa v\u0161ak za\u013e\u00fabil do Justina a mama sa ho p\u00fdtala, ako sa m\u00e1, povedal, \u017ee je zamilovan\u00fd a m\u00e1 priate\u013ea. \u201eMysl\u00edm si, \u017ee si to v\u0161etko za\u010dala uvedomova\u0165 a\u017e vtedy. Plakala, \u017ee nikdy nebudem ma\u0165 rodinu, nikdy nebudem ma\u0165 deti. Nech\u00e1pala, pre\u010do by som mal verejne hovori\u0165 o tom, \u017ee som gej.\u201d<\/span><\/p>\n<p><span style=\"font-weight: 400\">V tom \u010dase sa o tom dozvedel aj Damjanov otec a brat. \u201eSna\u017eil som sa s nimi o tom hovori\u0165, racion\u00e1lne diskutova\u0165, vysvet\u013eova\u0165,\u201d hovor\u00ed Damjan. Nepomohlo.<\/span><\/p>\n<p><span style=\"font-weight: 400\">Brat mu povedal, \u017ee u\u017e nie je jeho bratom a otec sa mu dokonca vyhr\u00e1\u017eal, \u017ee ho zabije. \u201eDomov sa m\u00f4\u017eem vr\u00e1ti\u0165, ale nechcem,\u201d hovor\u00ed Damjan.<\/span><\/p>\n<p><span style=\"font-weight: 400\">Toto v\u0161ak nebolo jedin\u00e9 agres\u00edvne vyst\u00fapenie jeho otca. Pod\u013ea Damjanov\u00fdch slov bol v\u017edy n\u00e1siln\u00fd. Nielen vo\u010di de\u0165om, ale aj vo\u010di jeho matke. \u201ePravidelne kon\u010dila v nemocnici,\u201d hovor\u00ed Damjan.<\/span><\/p>\n<p><span style=\"font-weight: 400\">Damjan chcel svoj \u017eivot zmeni\u0165. Pozrie\u0165 sa za hranice, sk\u00fasi\u0165 in\u00fd \u017eivot. V Maced\u00f3nsku \u0161tudoval za zdravotn\u00e9ho brata a ke\u010f sa mu naskytla mo\u017enos\u0165 od\u00eds\u0165, nev\u00e1hal. Na Slovensku chcel \u0161tudova\u0165 medic\u00ednu, ale ako takmer v\u0161etci zahrani\u010dn\u00ed \u0161tudenti, musel tu absolvova\u0165 ro\u010dn\u00fd jazykov\u00fd kurz sloven\u010diny. Po\u010das toho roka sa Damjan rozhodol, \u017ee by ho viac zauj\u00edmali politick\u00e9 vedy. Pr\u00e1ve ich \u0161t\u00fadium dnes dokon\u010duje na Univerzite Komensk\u00e9ho. Popri tom pracuje vo firme Amazon.<\/span><\/p>\n<p>&nbsp;<\/p>\n<p><b>Mama sa za m\u0148a hanbila<\/b><\/p>\n<p><span style=\"font-weight: 400\">Justinovo detstvo nebolo tak\u00e9 n\u00e1siln\u00e9. Ale od idylick\u00e9ho malo predsa \u010faleko. Prv\u00e9ho geja stretol, ke\u010f mal dvan\u00e1s\u0165. A stal sa jeho najlep\u0161\u00edm priate\u013eom.<\/span><\/p>\n<p><span style=\"font-weight: 400\">\u201ePam\u00e4t\u00e1m si, ako sme na \u0161kolskom ihrisku tancovali na r\u00f4zne modern\u00e9 pesni\u010dky. Bolo to v Idahu. \u00c1no, v tom republik\u00e1nskom a konzervat\u00edvnom Idahu,\u201d pokr\u010d\u00ed plecami Justin.<\/span><\/p>\n<p><span style=\"font-weight: 400\">Na Halloween sa viackr\u00e1t prezliekol za diev\u010da. Raz si po\u017ei\u010dal sesternicinu suk\u0148u, inokedy si obliekol mamine \u0161aty. Mama mu raz urobila aj make up. \u201eNeviem, \u010di u\u017e to vtedy vedela. Vyrastala v Los Angeles, tak\u017ee bola pomerne otvoren\u00e1 tak\u00fdmto veciam. A mo\u017eno si myslela, \u017ee ak to rob\u00edm len na Halloween, tak je to v poriadku.\u201d<\/span><\/p>\n<p><span style=\"font-weight: 400\">Na strednej \u0161kole sa Justin rozhodol vzia\u0165 na \u0161kolsk\u00fd ve\u010dierok svojho priate\u013ea. \u201eRodi\u010dom som nepovedal, \u017ee sa to chyst\u00e1m urobi\u0165. Povedal som to len riadite\u013eovi a u\u010dite\u013eom, aby boli pripraven\u00ed,\u201d hovor\u00ed Justin. S priate\u013eom nezostali dlho. Chceli len, aby ich \u013eudia videli spolu a po p\u00e1r pesni\u010dk\u00e1ch odi\u0161li.<\/span><\/p>\n<p><span style=\"font-weight: 400\">\u201eMoja nevlastn\u00e1 mama to vzala ve\u013emi zle. Za\u010dala mi nad\u00e1va\u0165, povedala mi, \u017ee sa za m\u0148a hanb\u00ed,\u201d hovor\u00ed Justin. Nebolo to v\u0161ak prv\u00fd ani posledn\u00fd raz. Justin nevedel predpoveda\u0165 jej reakcie a jeho otec mu neveril, \u017ee ho psychicky t\u00fdra.<\/span><\/p>\n<p><span style=\"font-weight: 400\">Ke\u010f mal Justin 18, pobalil sa a ods\u0165ahoval do Texasu. \u201eBolo to jedin\u00fd raz, ke\u010f som svojho otca videl plaka\u0165,\u201d hovor\u00ed Justin. \u201eOtec \u00faplne ignoroval fakt, \u017ee som gej. Nikdy mi nepovedal, \u017ee je to probl\u00e9m. Jednoducho to ignoroval. Nehovorili sme o tom.\u201d<\/span><\/p>\n<p>&nbsp;<\/p>\n<p><b>Nem\u00e1m probl\u00e9m s tak\u00fdmi ako ste vy <\/b><\/p>\n<p><span style=\"font-weight: 400\">Justin aj Damjan tvrdia, \u017ee sa im v Bratislave \u017eije dobre. \u201eS diskrimin\u00e1ciou sa priamo nestret\u00e1vam. Nestalo sa mi, \u017ee by ku mne niekto pri\u0161iel a za\u010dal mi nad\u00e1va\u0165,\u201d hovor\u00ed Justin.<\/span><\/p>\n<p><span style=\"font-weight: 400\">Damjan ale nemal \u0161\u0165astie na lek\u00e1ra a odkedy mu povedal, \u017ee je gej, ve\u013emi \u0165a\u017eko sa s n\u00edm hovorilo.<\/span><\/p>\n<p><span style=\"font-weight: 400\">\u201eLek\u00e1r si prech\u00e1dzal m\u00f4j chorobopis a ke\u010f\u017ee som \u0161tudoval na zdravotn\u00edckej \u0161kole, vedel som, \u010do potrebuje vedie\u0165. Povedal som mu, \u017ee som homosexu\u00e1l, \u017ee pred pol rokom som bol sexu\u00e1lne akt\u00edvny s r\u00f4znymi partnermi, ale pol roka u\u017e \u017eijem v monogamnom vz\u0165ahu. A \u017ee som bol na screeningu HIV,\u201d hovor\u00ed Damjan.<\/span><\/p>\n<p><span style=\"font-weight: 400\">Damjan mal pocit, \u017ee v tomto momente sa nie\u010do zmenilo. \u201eSp\u00fdtal som sa, \u010di je nejak\u00fd probl\u00e9m. A on povedal: Nie, nie, ja nem\u00e1m probl\u00e9m s tak\u00fdmi, ako ste vy,\u201d opisuje Damjan. Lek\u00e1r mu pri jednej z n\u00e1v\u0161tev dokonca povedal, \u017ee aj pacient pred n\u00edm \u201epatr\u00ed do tej va\u0161ej skupiny\u201d.<\/span><\/p>\n<p><span style=\"font-weight: 400\">\u201eNa za\u010diatku som sa na tom trocha aj smial, ale potom to za\u010dalo by\u0165 hrozn\u00e9. V\u017edy, ke\u010f som mal nejak\u00fd probl\u00e9m, nemal na m\u0148a \u010das, nerv\u00f3zne sa ma p\u00fdtal, \u010do st\u00e1le chcem. Dospelo to a\u017e do toho, \u017ee ke\u010f som ochorel, rad\u0161ej som sa zostal tr\u00e1pi\u0165 doma, ne\u017e by som ho mal op\u00e4\u0165 stretn\u00fa\u0165,\u201d hovor\u00ed Damjan.<\/span><\/p>\n<p><span style=\"font-weight: 400\">Zvl\u00e1\u0161tne sa mu zdalo aj to, \u017ee kedyko\u013evek k nemu pri\u0161iel, lek\u00e1r mu chcel bra\u0165 krv. Teraz ver\u00ed, \u017ee pri v\u00fdbere nov\u00e9ho lek\u00e1ra bude ma\u0165 v\u00e4\u010d\u0161ie \u0161\u0165astie.<\/span><\/p>\n<p>&nbsp;<\/p>\n<p><b>Aktivizmus by nemal by\u0165 o jednom pochode za rok<\/b><\/p>\n<p><span style=\"font-weight: 400\">Damjan ani Justin nie s\u00fa \u010dlenmi \u017eiadnej LGBT organiz\u00e1cie, no napriek tomu sa c\u00edtia by\u0165 aktivistami. \u201eBy\u0165 aktivistom pod\u013ea m\u0148a znamen\u00e1 aj akceptova\u0165 sa a neskr\u00fdva\u0165 sa. Otvorene \u017ei\u0165 svoj \u017eivot. V na\u0161om pr\u00edpade je to o tom, \u017ee sme p\u00e1rom nielen v s\u00fakrom\u00ed, ale aj na verejnosti,\u201d hovor\u00ed Damjan.<\/span><\/p>\n<p><span style=\"font-weight: 400\">Nemaj\u00fa probl\u00e9m da\u0165 si pred \u013eu\u010fmi pusu alebo sa dr\u017ea\u0165 za ruky. Myslia si, \u017ee gejovia a lesby m\u00f4\u017eu pr\u00e1ve tak\u00fdmito mal\u00fdmi gestami meni\u0165 n\u00e1zory \u013eud\u00ed okolo nich.<\/span><\/p>\n<p><span style=\"font-weight: 400\">Obaja sa z\u00fa\u010dastnili aj posledn\u00e9ho D\u00fahov\u00e9ho pochodu. \u201eBolo skvel\u00e9 vidie\u0165 tam tak\u00e9 mno\u017estvo spojencov, rod\u00edn s de\u0165mi, alebo aj veriacich,\u201d hovor\u00ed Damjan. Prekvapilo ho v\u0161ak, \u017ee organiz\u00e1tori aj \u013eudia \u00fa\u010dastn\u00edkov na Facebooku vyz\u00fdvali, aby sa obliekli slu\u0161ne a nikoho nedr\u00e1\u017edili vyz\u00fdvav\u00fdm spr\u00e1van\u00edm.<\/span><\/p>\n<p><span style=\"font-weight: 400\">\u201eAk sa bud\u00fa tepl\u00e9 p\u00e1ry skr\u00fdva\u0165, stan\u00fa sa presne t\u00fdm, \u010d\u00edm od nich druh\u00e1 strana chce, aby boli. Bud\u00fa sa za seba hanbi\u0165, myslie\u0165 si, \u017ee s\u00fa divn\u00ed,\u201d dop\u013a\u0148a ho Justin.<\/span><\/p>\n<p><span style=\"font-weight: 400\">Nep\u00e1\u010di sa mu, \u017ee \u201ecel\u00fd LGBT aktivizmus je dnes na Slovensku len o jednom d\u00fahovom pochode raz za rok\u201d. <\/span><\/p>\n<p><span style=\"font-weight: 400\">\u201eO\u010dak\u00e1val by som viac. Ve\u013ek\u00e9 hnutia zvy\u010dajne za\u010d\u00ednaj\u00fa ako \u010dosi ve\u013emi mal\u00e9. A tak\u00e9to mal\u00e9 skupiny aktivistov mi tu ch\u00fdbaj\u00fa,\u201d hovor\u00ed Justin.<\/span><\/p>\n<p><span style=\"font-weight: 400\">Damjan ale tvrd\u00ed, \u017ee \u013eud\u00ed, ktor\u00ed dnes stoja za LGBT aktivizmom na Slovensku obdivuje. \u201eT\u00ed \u013eudia prakticky na\u0161tartovali LGBT hnutie na Slovensku a bojuj\u00fa doteraz. Objekt\u00edvne je na nich ale vidno, \u017ee s\u00fa unaven\u00ed,\u201d hovor\u00ed Damjan.<\/span><\/p>\n<p><span style=\"font-weight: 400\">Pozn\u00e1 v\u0161ak viacero akt\u00edvnych d\u00fahov\u00fdch t\u00edned\u017eerov a mysl\u00ed si, \u017ee pr\u00e1ve t\u00e1to gener\u00e1cia by mohla zmeni\u0165 vn\u00edmanie gejov a lesieb medzi \u013eu\u010fmi.<\/span><\/p>\n","protected":false},"excerpt":{"rendered":"<p>Pre Justina z USA a Damjana z Maced\u00f3nska, ktor\u00ed sa ned\u00e1vno zasn\u00fabili, je Slovensko druh\u00fdm domovom.<\/p>\n","protected":false},"author":2,"featured_media":914,"comment_status":"closed","ping_status":"open","sticky":false,"template":"","format":"standard","meta":{"footnotes":""},"categories":[3,6,259,13],"tags":[],"class_list":["post-913","post","type-post","status-publish","format-standard","has-post-thumbnail","hentry","category-partnerstva","category-pribehy-lgbti-ludi","category-rozhovory","category-viditelnost"],"_links":{"self":[{"href":"https:\/\/duhovyrok.sk\/qys\/wp-json\/wp\/v2\/posts\/913","targetHints":{"allow":["GET"]}}],"collection":[{"href":"https:\/\/duhovyrok.sk\/qys\/wp-json\/wp\/v2\/posts"}],"about":[{"href":"https:\/\/duhovyrok.sk\/qys\/wp-json\/wp\/v2\/types\/post"}],"author":[{"embeddable":true,"href":"https:\/\/duhovyrok.sk\/qys\/wp-json\/wp\/v2\/users\/2"}],"replies":[{"embeddable":true,"href":"https:\/\/duhovyrok.sk\/qys\/wp-json\/wp\/v2\/comments?post=913"}],"version-history":[{"count":1,"href":"https:\/\/duhovyrok.sk\/qys\/wp-json\/wp\/v2\/posts\/913\/revisions"}],"predecessor-version":[{"id":2618,"href":"https:\/\/duhovyrok.sk\/qys\/wp-json\/wp\/v2\/posts\/913\/revisions\/2618"}],"wp:featuredmedia":[{"embeddable":true,"href":"https:\/\/duhovyrok.sk\/qys\/wp-json\/wp\/v2\/media\/914"}],"wp:attachment":[{"href":"https:\/\/duhovyrok.sk\/qys\/wp-json\/wp\/v2\/media?parent=913"}],"wp:term":[{"taxonomy":"category","embeddable":true,"href":"https:\/\/duhovyrok.sk\/qys\/wp-json\/wp\/v2\/categories?post=913"},{"taxonomy":"post_tag","embeddable":true,"href":"https:\/\/duhovyrok.sk\/qys\/wp-json\/wp\/v2\/tags?post=913"}],"curies":[{"name":"wp","href":"https:\/\/api.w.org\/{rel}","templated":true}]}}