{"id":4978,"date":"2025-12-03T16:15:36","date_gmt":"2025-12-03T15:15:36","guid":{"rendered":"https:\/\/duhovyrok.sk\/qys\/?p=4978"},"modified":"2026-02-11T09:25:07","modified_gmt":"2026-02-11T08:25:07","slug":"nove-cislo-magazinu-qys-je-vonku","status":"publish","type":"post","link":"https:\/\/duhovyrok.sk\/qys\/nove-cislo-magazinu-qys-je-vonku\/","title":{"rendered":"Nov\u00e9 \u010d\u00edslo magaz\u00ednu QYS je vonku!"},"content":{"rendered":"\n<p>V novom vydan\u00ed magaz\u00ednu QYS sa do\u010d\u00edtate o m\u00f3de, spolo\u010densk\u00fdch zmen\u00e1ch a novej kv\u00edr tvorbe. Hlavn\u00e9 motto \u010d\u00edsla znie: Oble\u010den\u00ed v odvahe.<\/p>\n\n\n\n<p>V \u010d\u00edsle n\u00e1jdete:<\/p>\n\n\n\n<ul class=\"wp-block-list\">\n<li>Koment\u00e1r Sabriny Katonoff k situ\u00e1cii okolo zmeny \u00fastavy<\/li>\n\n\n\n<li>Rozhovory s divadeln\u00fdmi re\u017eis\u00e9rmi, ktor\u00fd vyst\u00fapili na tohtoro\u010dnom Drama Queer<\/li>\n\n\n\n<li>\u010cl\u00e1nok o rodovej diskrimin\u00e1cii v m\u00f3de<\/li>\n\n\n\n<li>Nov\u00fd komiks o report\u00e9rke Petre<\/li>\n\n\n\n<li>Koment\u00e1r poukazuj\u00faci na slabiny m\u00fdtu kv\u00edr komunity<\/li>\n\n\n\n<li>Esej o mimozem\u0161\u0165anoch a klaunoch, hranici medzi kost\u00fdmom a rodom<\/li>\n\n\n\n<li>\u010cl\u00e1nok o tom, ako m\u00f4\u017ee by\u0165 aj crossdressing o h\u013eadan\u00ed komfortu<\/li>\n\n\n\n<li>\u00daryvok z rom\u00e1nu po\u013eskej spisovate\u013eky Renaty Lis<\/li>\n\n\n\n<li>\u010cl\u00e1nok o kv\u00edr maskulinat\u00e1ch v slovenskej literat\u00fare<\/li>\n\n\n\n<li>Uk\u00e1\u017eky z tvorby mlad\u00fdch kv\u00edr poetiek<\/li>\n<\/ul>\n\n\n\n<p>A ve\u013ea \u010fal\u0161ieho skvel\u00e9ho \u010d\u00edtania\u2026<\/p>\n\n\n\n<p>Aktu\u00e1lne \u010d\u00edslo alebo ro\u010dn\u00e9 predplatn\u00e9 priamo domov si m\u00f4\u017eete objedna\u0165 na tomto odkaze:&nbsp;<a href=\"https:\/\/l.facebook.com\/l.php?u=https%3A%2F%2Fforms.gle%2FKZx1gLRL1UFdD1sz9%3Ffbclid%3DIwZXh0bgNhZW0CMTAAAR3GeIOMy7IFiE3i4Xxj_kf8CE0W0_8vakxy-fWqPyuz7bKPk_mxrBLnhNk_aem__FCVWuBfjm3xhmU5YuqV4g&amp;h=AT2US1sbt9Z8R6fFBDhrUkR6c06UJaDj6E9elxFw7frQoH24Um1YqS_fYHdOBJVsDim_YB4UYlckzPVtEnwibqv12c4ucvAoKJVFbl5uSJRQ-0iN2omTMNjeHWn60dpELg&amp;__tn__=-UK-R&amp;c[0]=AT1nvjuSuZNNCj6jPKHpi5hgp6f1SMSaqHh60VEez22MWdXWDakRy5kOylQ9A9Q33IXejoSw_1OiIDi9PMExx--uTZFeaCymjqqOe4DanFlbVIGBwKhVF7LIwEPiSpZzpl38ReTcd4byMmg4yVru8PASbpC1ujntzfiP8hrL_xatXnBFEFBQKlcR7kNxRhfqMm3aU1wxjQ\" target=\"_blank\" rel=\"noreferrer noopener\">https:\/\/forms.gle\/KZx1gLRL1UFdD1sz9<\/a><\/p>\n\n\n\n<p>Magaz\u00edn QYS zak\u00fapite aj vo va\u0161ich ob\u013e\u00faben\u00fdch kn\u00edhkupectv\u00e1ch:<\/p>\n\n\n\n<ul class=\"wp-block-list\">\n<li>Martinus na Obchodnej<\/li>\n\n\n\n<li>Brot na Panenskej<\/li>\n\n\n\n<li>Artforum na Kozej<\/li>\n\n\n\n<li>Liter\u00e1rne informa\u010dn\u00e9 centrum \/ Knihy LIC na N\u00e1mest\u00ed SNP<\/li>\n\n\n\n<li>Martinus na autobusovej stanici NIVY<\/li>\n\n\n\n<li>PLATO Ostrava<\/li>\n<\/ul>\n\n\n\n<p>Toto \u010d\u00edslo bolo realizovan\u00e9 s finan\u010dnou podporou&nbsp;<a href=\"https:\/\/www.fpu.sk\/sk\/\">Fondu na podporu umenia<\/a>. Financovan\u00e9 zo zdrojov Eur\u00f3pskej \u00fanie z Programu \u201e<a href=\"https:\/\/commission.europa.eu\/funding-tenders\/find-funding\/eu-funding-programmes\/citizens-equality-rights-and-values-programme_en\">Citizens, Equality, Rights and Values Programme<\/a>\u201c<\/p>\n\n\n\n<p>Na titulke n\u00e1jdete dielo \u0160imona Bakajsu<\/p>\n\n\n\n<p><\/p>\n","protected":false},"excerpt":{"rendered":"<p>V novom vydan\u00ed magaz\u00ednu QYS sa do\u010d\u00edtate o m\u00f3de, spolo\u010densk\u00fdch zmen\u00e1ch a novej kv\u00edr tvorbe. Hlavn\u00e9 motto \u010d\u00edsla znie: Oble\u010den\u00ed v odvahe. V \u010d\u00edsle n\u00e1jdete: A ve\u013ea \u010fal\u0161ieho skvel\u00e9ho \u010d\u00edtania\u2026 Aktu\u00e1lne \u010d\u00edslo alebo ro\u010dn\u00e9 predplatn\u00e9 priamo domov si m\u00f4\u017eete objedna\u0165 na tomto odkaze:&nbsp;https:\/\/forms.gle\/KZx1gLRL1UFdD1sz9 Magaz\u00edn QYS zak\u00fapite aj vo va\u0161ich ob\u013e\u00faben\u00fdch kn\u00edhkupectv\u00e1ch: Toto \u010d\u00edslo bolo realizovan\u00e9 <a href=\"https:\/\/duhovyrok.sk\/qys\/nove-cislo-magazinu-qys-je-vonku\/\" class=\"more-link\">&#8230;<\/a><\/p>\n","protected":false},"author":9,"featured_media":4979,"comment_status":"closed","ping_status":"closed","sticky":false,"template":"","format":"standard","meta":{"footnotes":""},"categories":[1],"tags":[266],"class_list":["post-4978","post","type-post","status-publish","format-standard","has-post-thumbnail","hentry","category-nezaradene","tag-from-qys"],"_links":{"self":[{"href":"https:\/\/duhovyrok.sk\/qys\/wp-json\/wp\/v2\/posts\/4978","targetHints":{"allow":["GET"]}}],"collection":[{"href":"https:\/\/duhovyrok.sk\/qys\/wp-json\/wp\/v2\/posts"}],"about":[{"href":"https:\/\/duhovyrok.sk\/qys\/wp-json\/wp\/v2\/types\/post"}],"author":[{"embeddable":true,"href":"https:\/\/duhovyrok.sk\/qys\/wp-json\/wp\/v2\/users\/9"}],"replies":[{"embeddable":true,"href":"https:\/\/duhovyrok.sk\/qys\/wp-json\/wp\/v2\/comments?post=4978"}],"version-history":[{"count":1,"href":"https:\/\/duhovyrok.sk\/qys\/wp-json\/wp\/v2\/posts\/4978\/revisions"}],"predecessor-version":[{"id":4980,"href":"https:\/\/duhovyrok.sk\/qys\/wp-json\/wp\/v2\/posts\/4978\/revisions\/4980"}],"wp:featuredmedia":[{"embeddable":true,"href":"https:\/\/duhovyrok.sk\/qys\/wp-json\/wp\/v2\/media\/4979"}],"wp:attachment":[{"href":"https:\/\/duhovyrok.sk\/qys\/wp-json\/wp\/v2\/media?parent=4978"}],"wp:term":[{"taxonomy":"category","embeddable":true,"href":"https:\/\/duhovyrok.sk\/qys\/wp-json\/wp\/v2\/categories?post=4978"},{"taxonomy":"post_tag","embeddable":true,"href":"https:\/\/duhovyrok.sk\/qys\/wp-json\/wp\/v2\/tags?post=4978"}],"curies":[{"name":"wp","href":"https:\/\/api.w.org\/{rel}","templated":true}]}}