{"id":4890,"date":"2025-08-21T11:36:30","date_gmt":"2025-08-21T09:36:30","guid":{"rendered":"https:\/\/duhovyrok.sk\/qys\/?p=4890"},"modified":"2025-08-21T11:36:53","modified_gmt":"2025-08-21T09:36:53","slug":"kosicky-pride-sa-uskutocni-bez-statnej-podpory-spoliehame-sa-na-vlastne-zdroje-hovori-furiel","status":"publish","type":"post","link":"https:\/\/duhovyrok.sk\/qys\/kosicky-pride-sa-uskutocni-bez-statnej-podpory-spoliehame-sa-na-vlastne-zdroje-hovori-furiel\/","title":{"rendered":"Ko\u0161ick\u00fd PRIDE sa uskuto\u010dn\u00ed bez \u0161t\u00e1tnej podpory. Spoliehame sa na vlastn\u00e9 zdroje, hovor\u00ed Furiel"},"content":{"rendered":"\n<p><strong>Autor: Sofia Vetterov\u00e1 \/ FOTO: Alex Michel\u010d\u00edk<\/strong><\/p>\n\n\n\n<p><em>Text sme prv\u00fd raz publikovali v \u010d\u00edsle Leto 2025.<\/em><\/p>\n\n\n\n<p>Ob\u010dianske zdru\u017eenie Saplinq, ktor\u00e9 organizuje PRIDE Ko\u0161ice a vedie kampane ako D\u00fahov\u00e1 stu\u017eka \u010di komunitn\u00e9 centrum PRIZMA, pri\u0161lo tento rok o podporu z mnoh\u00fdch verejn\u00fdch zdrojov. Ministerstvo kult\u00fary pod veden\u00edm Martiny \u0160imkovi\u010dovej ich projekt PRIDEme 2025, zameran\u00fd na organizovanie podujat\u00ed, ktor\u00e9 prin\u00e1\u0161aj\u00fa kv\u00edr kult\u00faru aj do men\u0161\u00edch miest, zamietlo.<\/p>\n\n\n\n<p>Rada Fondu na podporu umenia svoje rozhodnutie od\u00f4vodnila \u00fadajnou \u201emor\u00e1lnou deform\u00e1ciou ml\u00e1de\u017ee\u201c. Pod\u013ea riadite\u013ea a zakladate\u013ea zdru\u017eenia R\u00f3berta Furiela nejde o likvida\u010dn\u00fd z\u00e1sah, no situ\u00e1cia sa odrazila na atmosf\u00e9re v t\u00edme. \u201eS kolegami a kolegy\u0148ami&nbsp; za\u017e\u00edvame u\u017e rok a pol r\u00f4zne \u00fatoky. Mo\u017eno je to o\u010dak\u00e1van\u00e9, ale st\u00e1le si to vyber\u00e1 svoju da\u0148 na du\u0161evnej pohode. Pracuje sa n\u00e1m \u010doraz \u0165a\u017e\u0161ie,\u201c hovor\u00ed.<\/p>\n\n\n\n<p>Napriek stopnut\u00fdm dot\u00e1ci\u00e1m Saplinq v pr\u00edprave d\u00fahov\u00e9ho sprievodu v Ko\u0161iciach pokra\u010duje. Pre obmedzen\u00fd rozpo\u010det v\u0161ak museli z\u00fa\u017ei\u0165 program. \u201eSprievod ale bude, aj keby mal by\u0165 len vo svojej p\u00f4vodnej podobe, \u010do znamen\u00e1, \u017ee by sme sa iba pre\u0161li cez mesto. Na minim\u00e1lnu verziu zdroje m\u00e1me,\u201c pokra\u010duje Furiel.&nbsp;<\/p>\n\n\n\n<p>Organiz\u00e1tori pl\u00e1nuj\u00fa diskusie, workshopy a jedno prekvapenie, ktor\u00e9 zverejnia v najbli\u017e\u0161\u00edch t\u00fd\u017ed\u0148och. Na podporu podujatia spustia crowdfundingov\u00fa kampa\u0148 a zapoji\u0165 sa bude mo\u017en\u00e9 aj ako dobrovo\u013en\u00edk v r\u00e1mci mesa\u010dn\u00e9ho vzdel\u00e1vacieho programu pre mlad\u00fdch \u013eud\u00ed vo veku 18 a\u017e 30 rokov.<\/p>\n\n\n\n<p>Zdru\u017eenie financuje podujatie z vlastn\u00fdch \u00faspor a z\u00e1rove\u0148 po\u017eiadalo o podporu mesto Ko\u0161ice, ktor\u00e9 vedie nez\u00e1visl\u00fd prim\u00e1tor Jaroslav Pola\u010dek. V komun\u00e1lnych vo\u013eb\u00e1ch v roku 2022 ho podporilo osem str\u00e1n, okrem str\u00e1n vl\u00e1dnej koal\u00edcie Roberta Fica. \u201eUvid\u00edme, \u010di dostaneme aspo\u0148 symbolick\u00e9 peniaze,\u201c hovor\u00ed Furiel. \u201eT\u00fdch z\u00e1lo\u017en\u00fdch zdrojov nie je ve\u013ea, tie\u017e sa m\u00ed\u0148aj\u00fa pomerne r\u00fdchlo.\u201c<\/p>\n\n\n\n<figure class=\"wp-block-image size-large\"><a href=\"https:\/\/fb.me\/e\/4XJqiVLLA\"><img loading=\"lazy\" decoding=\"async\" width=\"1024\" height=\"577\" src=\"https:\/\/duhovyrok.sk\/qys\/wp-content\/uploads\/sites\/2\/2025\/08\/521593425_1161221749369192_5974847314375189842_n-1024x577.jpg\" alt=\"\" class=\"wp-image-4935\" srcset=\"https:\/\/duhovyrok.sk\/qys\/wp-content\/uploads\/sites\/2\/2025\/08\/521593425_1161221749369192_5974847314375189842_n-1024x577.jpg 1024w, https:\/\/duhovyrok.sk\/qys\/wp-content\/uploads\/sites\/2\/2025\/08\/521593425_1161221749369192_5974847314375189842_n-700x394.jpg 700w, https:\/\/duhovyrok.sk\/qys\/wp-content\/uploads\/sites\/2\/2025\/08\/521593425_1161221749369192_5974847314375189842_n-1536x865.jpg 1536w, https:\/\/duhovyrok.sk\/qys\/wp-content\/uploads\/sites\/2\/2025\/08\/521593425_1161221749369192_5974847314375189842_n.jpg 1640w\" sizes=\"auto, (max-width: 1024px) 100vw, 1024px\" \/><\/a><\/figure>\n\n\n\n<p>Viac o sprievode PRDE Ko\u0161ice 2025 n\u00e1jdete <a href=\"https:\/\/fb.me\/e\/4XJqiVLLA\" data-type=\"link\" data-id=\"https:\/\/fb.me\/e\/4XJqiVLLA\">TU<\/a>.<\/p>\n","protected":false},"excerpt":{"rendered":"<p>Autor: Sofia Vetterov\u00e1 \/ FOTO: Alex Michel\u010d\u00edk Text sme prv\u00fd raz publikovali v \u010d\u00edsle Leto 2025. Ob\u010dianske zdru\u017eenie Saplinq, ktor\u00e9 organizuje PRIDE Ko\u0161ice a vedie kampane ako D\u00fahov\u00e1 stu\u017eka \u010di komunitn\u00e9 centrum PRIZMA, pri\u0161lo tento rok o podporu z mnoh\u00fdch verejn\u00fdch zdrojov. Ministerstvo kult\u00fary pod veden\u00edm Martiny \u0160imkovi\u010dovej ich projekt PRIDEme 2025, zameran\u00fd na organizovanie <a href=\"https:\/\/duhovyrok.sk\/qys\/kosicky-pride-sa-uskutocni-bez-statnej-podpory-spoliehame-sa-na-vlastne-zdroje-hovori-furiel\/\" class=\"more-link\">&#8230;<\/a><\/p>\n","protected":false},"author":21,"featured_media":4934,"comment_status":"closed","ping_status":"closed","sticky":false,"template":"","format":"standard","meta":{"footnotes":""},"categories":[7,10,259],"tags":[266,102,139,140,159,378],"class_list":["post-4890","post","type-post","status-publish","format-standard","has-post-thumbnail","hentry","category-pride","category-kultura","category-rozhovory","tag-from-qys","tag-lgbti","tag-pride","tag-pride-kosice","tag-queer-kultura","tag-robert-furiel"],"_links":{"self":[{"href":"https:\/\/duhovyrok.sk\/qys\/wp-json\/wp\/v2\/posts\/4890","targetHints":{"allow":["GET"]}}],"collection":[{"href":"https:\/\/duhovyrok.sk\/qys\/wp-json\/wp\/v2\/posts"}],"about":[{"href":"https:\/\/duhovyrok.sk\/qys\/wp-json\/wp\/v2\/types\/post"}],"author":[{"embeddable":true,"href":"https:\/\/duhovyrok.sk\/qys\/wp-json\/wp\/v2\/users\/21"}],"replies":[{"embeddable":true,"href":"https:\/\/duhovyrok.sk\/qys\/wp-json\/wp\/v2\/comments?post=4890"}],"version-history":[{"count":3,"href":"https:\/\/duhovyrok.sk\/qys\/wp-json\/wp\/v2\/posts\/4890\/revisions"}],"predecessor-version":[{"id":4936,"href":"https:\/\/duhovyrok.sk\/qys\/wp-json\/wp\/v2\/posts\/4890\/revisions\/4936"}],"wp:featuredmedia":[{"embeddable":true,"href":"https:\/\/duhovyrok.sk\/qys\/wp-json\/wp\/v2\/media\/4934"}],"wp:attachment":[{"href":"https:\/\/duhovyrok.sk\/qys\/wp-json\/wp\/v2\/media?parent=4890"}],"wp:term":[{"taxonomy":"category","embeddable":true,"href":"https:\/\/duhovyrok.sk\/qys\/wp-json\/wp\/v2\/categories?post=4890"},{"taxonomy":"post_tag","embeddable":true,"href":"https:\/\/duhovyrok.sk\/qys\/wp-json\/wp\/v2\/tags?post=4890"}],"curies":[{"name":"wp","href":"https:\/\/api.w.org\/{rel}","templated":true}]}}