{"id":4888,"date":"2025-11-05T10:02:44","date_gmt":"2025-11-05T09:02:44","guid":{"rendered":"https:\/\/duhovyrok.sk\/qys\/?p=4888"},"modified":"2025-12-02T20:28:58","modified_gmt":"2025-12-02T19:28:58","slug":"hana-fabry-v-devatdesiatych-rokoch-nas-spojila-hrozba-dnes-chyba-lider-co-by-zapalil-komunitu","status":"publish","type":"post","link":"https:\/\/duhovyrok.sk\/qys\/hana-fabry-v-devatdesiatych-rokoch-nas-spojila-hrozba-dnes-chyba-lider-co-by-zapalil-komunitu\/","title":{"rendered":"Hana F\u00e1bry: V dev\u00e4\u0165desiatych rokoch n\u00e1s spojila hrozba. Dnes ch\u00fdba l\u00edder, \u010do by zap\u00e1lil komunitu"},"content":{"rendered":"\n<p><strong>Autor: Marek Morav\u010d\u00edk \/ FOTO: Jakub Kov\u00e1\u010d<\/strong><\/p>\n\n\n\n<p><em>Text sme prv\u00fd raz publikovali v \u010d\u00edsle Leto 2025.<\/em><\/p>\n\n\n\n<p>V roku 2015 si myslela, \u017ee spolo\u010dnos\u0165 speje k zhode, \u010do sa t\u00fdka zrovnopr\u00e1vnenia d\u00fahovej men\u0161iny, teraz sa pod\u013ea nej politick\u00e1 situ\u00e1cia na Slovensku vyv\u00edja k hor\u0161iemu. Hana F\u00e1bry sa \u013eudskopr\u00e1vnemu aktivizmu venuje u\u017e takmer tridsa\u0165 rokov, \u010d\u00edm sa rad\u00ed k najdlh\u0161ie p\u00f4sobiacim LGBTI+ aktivistom a aktivistk\u00e1m.<\/p>\n\n\n\n<p>Men\u0161ine pod\u013ea nej ch\u00fdba charizmatick\u00fd a empatick\u00fd l\u00edder alebo l\u00edderka, ktor\u00fd by ju \u201enakopokol\u201c.&nbsp;<\/p>\n\n\n\n<p>\u201eSom otvoren\u00e1 akejko\u013evek forme prezent\u00e1cie, len nech sa deje,\u201c hovor\u00ed pre QYS. \u201eKe\u010f bude korpor\u00e1tna ako ostatn\u00e9 d\u00fahov\u00e9 pochody, nech je, a ke\u010f bude protestn\u00e1 ako pochod v Trnave, tie\u017e nech je. Hlavne aby prib\u00fadali, lebo to je presne to, \u010do potrebujeme. Ke\u010f n\u00e1s nebud\u00fa po\u010du\u0165 a vidie\u0165, povedia si, \u017ee tu nie sme a \u017ee vyhrali, a potom to u\u017e len legislat\u00edvne ukon\u010dia v parlamente.\u201c<\/p>\n\n\n\n<p><strong>\u010co ste po\u010d\u00favali cestou na stretnutie?&nbsp;<\/strong><\/p>\n\n\n\n<p>Toto je pre m\u0148a \u0165a\u017ek\u00e1 ot\u00e1zka.<strong> <\/strong>Hudba bola kedysi pre m\u0148a \u017eivot, m\u00f4j svet. Za\u017eila som dokonca aj walkmany, ke\u010f boli e\u0161te nov\u00e9, a tvrdila som, \u017ee ich vymysleli kv\u00f4li mne, lebo som neust\u00e1le \u017eila s hudbou. Ve\u013emi silne emo\u010dne ju pre\u017e\u00edvam, \u010do som postupne prest\u00e1vala zvl\u00e1da\u0165 popri tom, ako sa mi mrvil m\u00f4j osobn\u00fd aj pracovn\u00fd \u017eivot a prepadala sa do depresi\u00ed a \u00fazkost\u00ed. Teraz \u017eijem v tichu. \u00daplnom. Po\u010d\u00favam ju jedine, ke\u010f chod\u00edm beha\u0165.&nbsp;<\/p>\n\n\n\n<p><strong>Napr\u00edklad?&nbsp;<\/strong><\/p>\n\n\n\n<p>Iba pop\u00edk. Nejak\u00e1 t\u00e1 world music, \u010desk\u00fd intelektu\u00e1lny folk, v\u00e1\u017ena hudba a zo slovenskej muziky som \u0161la maxim\u00e1lne po Modus a potom u\u017e ni\u010d. V z\u00e1sade \u0161lo v\u017edy o \u017eensk\u00e9 spev\u00e1\u010dky, lebo som sa do nich zamilovala, a tak\u00fa Suzi Quatro som po\u010d\u00favala, aj ke\u010f hr\u00e1vala rock, ktor\u00fd v\u00f4bec nemus\u00edm. Za soc\u00edku som si p\u00fa\u0161\u0165ala aj Mercuryho, Queen bola jedin\u00e1 \u010disto mu\u017esk\u00e1 kapela, ktor\u00fa som po\u010d\u00favala.<\/p>\n\n\n\n<p><strong>M\u00e1te nejak\u00fd album alebo konkr\u00e9tnu pesni\u010dku, ktor\u00fa si sp\u00e1jate s coming-outom alebo aktivizmom?<\/strong><\/p>\n\n\n\n<p>Nie. Sk\u00f4r osoby, napr\u00edklad tenistku Martinu Navr\u00e1tilov\u00fa, ktor\u00fa pova\u017eujem za svoju lesbick\u00fa matku a mala som aj \u0161\u0165astie sa s \u0148ou stretn\u00fa\u0165. Stala sa z nej ve\u013ek\u00e1 hviezda a pri\u010dinila sa o rovnak\u00e9 odme\u0148ovanie tenistiek a tenistov aj o roz\u0161irovanie coming-outu v tomto \u0161porte. Teraz v\u0161ak broj\u00ed proti trans \u0161portovcom a \u0161portovkyniam, z \u010doho som hrozne smutn\u00e1, a zar\u00e1\u017ea ma to zvl\u00e1\u0161\u0165 pri jej muskulat\u00fare.&nbsp;<\/p>\n\n\n\n<p><strong>Sledujete nejak\u00fdch s\u00fa\u010dasn\u00fdch kv\u00edr hudobn\u00edkov a hudobn\u00ed\u010dky?&nbsp;<\/strong><\/p>\n\n\n\n<p>Evidujem, ale nepo\u010d\u00favam. Nikdy som cielene ne\u0161la po tom, \u017ee je niekto LGBTI+.&nbsp;<\/p>\n\n\n\n<p><strong>Okrem relaxu m\u00f4\u017ee hudba cez svoju \u013eudskos\u0165 nies\u0165 aj odkaz, ako napr\u00edklad tvorba od Vojtika alebo B-Complex. Vn\u00edmate ju aj ako n\u00e1stroj vzdoru alebo sp\u00e1jania?<\/strong><\/p>\n\n\n\n<p>Ur\u010dite, a nielen v teplej t\u00e9me. Hudba nie je len z\u00e1bava, mala by poskytova\u0165 i pridan\u00fa hodnotu. Mysl\u00edm, \u017ee hudba, ktor\u00e1 nem\u00e1 odkaz alebo nie je z muzikologick\u00e9ho h\u013eadiska v\u00fdnimo\u010dn\u00e1, nem\u00e1 \u0161ancu dlhodobo pre\u017ei\u0165.<\/p>\n\n\n\n<p><strong>Prv\u00fd verejn\u00fd \u00fatok pri\u0161iel od KDH&nbsp;&nbsp;<\/strong><\/p>\n\n\n\n<p><strong>Za\u017eili ste me\u010diarizmus, vl\u00e1du KDH aj Mikul\u00e1\u0161a Dzurindu. V \u010dom je teraj\u0161ia r\u00e9torika \u0161tvrtej vl\u00e1dy Roberta Fica vo\u010di men\u0161ine odli\u0161n\u00e1 od dev\u00e4\u0165desiatych a nult\u00fdch rokov?&nbsp;<\/strong><\/p>\n\n\n\n<p>V z\u00e1sade by som povedala, \u017ee sa nel\u00ed\u0161i, respekt\u00edve sa zhor\u0161uje. Nielen r\u00e9torika, ale aj konkr\u00e9tne \u010diny, lebo jedna vec s\u00fa siln\u00e9 slov\u00e1 a druh\u00e1, ke\u010f sa prech\u00e1dza k \u010dinom. Ja som hovorievala, \u017ee raz pr\u00edde aj in\u0161titucionalizovan\u00e9 n\u00e1silie. \u00daplne prv\u00fdm pr\u00edkladom bola tla\u010dovka ministra spravodlivosti a zakladaj\u00faceho \u010dlena KDH J\u00e1na \u010carnogursk\u00e9ho v roku 2001, ktor\u00fd doslova povedal, \u017ee pok\u00fdm bude ministrom spravodlivosti, dovtedy registrovan\u00e9 partnerstv\u00e1 na Slovensku nebud\u00fa. Pri tak\u00fdchto v\u00fdrokoch plat\u00ed, \u017ee ke\u010f si ich m\u00f4\u017eu dovoli\u0165 t\u00ed hore, m\u00f4\u017eu si to dovoli\u0165 aj t\u00ed dole \u2013 ich reakcie v\u0161ak m\u00f4\u017eu by\u0165 drsnej\u0161ie, n\u00e1silnej\u0161ie a odmietavej\u0161ie.<\/p>\n\n\n\n<p>T\u00e1 veta z verejn\u00e9ho priestoru nezmizla. N\u00e1stupom internetu sa roz\u0161\u00edrila a pridala k z\u00e1pornej energii a doslova o\u010dier\u0148ovaniu. Nesk\u00f4r si politick\u00e1 \u2013 v \u00favodzovk\u00e1ch \u2013 reprezent\u00e1cia uvedomila, \u017ee sa to m\u00f4\u017ee pou\u017e\u00edva\u0165 aj ako z\u00e1stupn\u00e1 t\u00e9ma a z\u00e1rove\u0148 taktika na podchytenie ist\u00e9ho typu voli\u010dstva.<\/p>\n\n\n\n<figure class=\"wp-block-image size-large\"><img loading=\"lazy\" decoding=\"async\" width=\"683\" height=\"1024\" src=\"https:\/\/duhovyrok.sk\/qys\/wp-content\/uploads\/sites\/2\/2025\/08\/5S8A9711_R_zakl._CR2_V_bg_V_FB-683x1024.jpg\" alt=\"\" class=\"wp-image-4932\" srcset=\"https:\/\/duhovyrok.sk\/qys\/wp-content\/uploads\/sites\/2\/2025\/08\/5S8A9711_R_zakl._CR2_V_bg_V_FB-683x1024.jpg 683w, https:\/\/duhovyrok.sk\/qys\/wp-content\/uploads\/sites\/2\/2025\/08\/5S8A9711_R_zakl._CR2_V_bg_V_FB-467x700.jpg 467w, https:\/\/duhovyrok.sk\/qys\/wp-content\/uploads\/sites\/2\/2025\/08\/5S8A9711_R_zakl._CR2_V_bg_V_FB-1024x1536.jpg 1024w, https:\/\/duhovyrok.sk\/qys\/wp-content\/uploads\/sites\/2\/2025\/08\/5S8A9711_R_zakl._CR2_V_bg_V_FB.jpg 1365w\" sizes=\"auto, (max-width: 683px) 100vw, 683px\" \/><\/figure>\n\n\n\n<p><strong>Ako na to reagovala komunita?<\/strong><\/p>\n\n\n\n<p>Najprv reagovala organiz\u00e1cia Ganymedes a potom aj lesbick\u00e1 organiz\u00e1cia, ktor\u00fa som spoluzakladala, Museion. Popritom vznikali po celom Slovensku aj skupinky, z ktor\u00fdch nie v\u0161etky mali pr\u00e1vne formy, a vytv\u00e1ralo sa tak komunitn\u00e9 podhubie. Dovtedy sa komunita h\u013eadala medzi sebou a zrazu sa po Slovensku organizovali podujatia, v\u00edkendovky, spolo\u010dn\u00e9 dovolenky, diskusie, linky pomoci, comingoutov\u00e9 sedenia \u2013 tepl\u00e1 komunita sa za\u010dala cielene a vedome politizova\u0165.&nbsp;&nbsp;<\/p>\n\n\n\n<p>\u010carnogursk\u00fd n\u00e1m vlastne explicitne odk\u00e1zal, \u017ee nejakej skupine neuzn\u00e1 jej \u013eudsk\u00e9 pr\u00e1va. Zahral sa tak na parlament, pri\u010dom bol len ministrom a z\u00e1kony musia prech\u00e1dza\u0165 cez N\u00e1rodn\u00fa radu. Toto bolo brut\u00e1lne cez \u010diaru, bol to pre n\u00e1s \u0161ok. \u013dudia chodili z Ko\u0161\u00edc, Prievidze, Vr\u00e1bel, Banskej Bystrice, zo Zvolena, z Lev\u00edc, len aby sme sa stret\u00e1vali v Bratislave s t\u00fdm, \u017ee sa mus\u00edme spoji\u0165. U\u017e sme sa nemohli len hra\u0165 na diskot\u00e9kach a organizova\u0165 komunitn\u00e9 akcie, toto potrebovalo odozvu, tak sme spravili medi\u00e1lny v\u00fdstup a upozornili na seba.&nbsp;<\/p>\n\n\n\n<p>Takto vznikla Iniciat\u00edva Inakos\u0165. Bola na\u0161ou \u010disto politickou neform\u00e1lnou strechou len pre t\u00e9mu zrovnopr\u00e1vnenia LGBTI+ men\u0161iny so zvy\u0161kom spolo\u010dnosti. Odvtedy sa Inakos\u0165 formalizovala do ob\u010dianskeho zdru\u017eenia, \u010do pova\u017eujem za \u0161kodu, ale nevad\u00ed, to je ka\u017ed\u00e9ho osobn\u00fd n\u00e1zor a poh\u013ead na veci. Plat\u00ed, \u017ee odvtedy sa sna\u017e\u00edme dosta\u0165 k pozit\u00edvnemu v\u00fdsledku, no nakoniec je to sk\u00f4r st\u00e1le hor\u0161ie, ako bolo.&nbsp;<\/p>\n\n\n\n<p><strong>Napriek tomu z v\u00e1s nec\u00edti\u0165 cynizmus. Ako to, \u017ee ste popri tom neznecitlivela?&nbsp;<\/strong><\/p>\n\n\n\n<p>Antidepres\u00edva. <em>(smiech) <\/em>Robila som tieto veci dlho, nechr\u00e1nila sa, neoddychovala a nedost\u00e1vala za to peniaze, aktivizmu som sa venovala popri inom zamestnan\u00ed. Postupne ako hustla atmosf\u00e9ra, som sa dostala do koloto\u010da \u00fazkost\u00ed a depresi\u00ed, a\u017e som z toho v istej chv\u00edli musela vysko\u010di\u0165 a presta\u0165 robi\u0165 \u201eakt\u00edvny\u201c aktivizmus.&nbsp;<\/p>\n\n\n\n<p><strong>\u010co rob\u00edte teraz?<\/strong>&nbsp;<\/p>\n\n\n\n<p>Vol\u00e1m to pas\u00edvny aktivizmus. Pou\u017e\u00edvam na\u0148 Facebook, cez ktor\u00fd m\u00f4\u017eem oslovova\u0165 (najm\u00e4) boomersk\u00fa gener\u00e1ciu, ktor\u00e1 potrebuje e\u0161te st\u00e1le po\u010d\u00fava\u0165 veci, \u017ee aj tepl\u00ed \u013eudia s\u00fa \u013eudia. Stalo sa to mojou mantrou a&nbsp;misiou z\u00e1rove\u0148. Som tam ve\u013emi akt\u00edvna, aby na m\u0148a algoritmus nezabudol. Vyu\u017eila som ho aj v roku 2009, ke\u010f som za Stranu zelen\u00fdch kandidovala do europarlamentu, lebo som nemala peniaze na kampa\u0148. Sk\u00fa\u0161ala som aj nov\u00e9 siete, ale z poh\u013eadu toho, \u010do chcem dosiahnu\u0165, mi Facebook pripadal najefekt\u00edvnej\u0161\u00ed.&nbsp;<\/p>\n\n\n\n<p><strong>Komunita nem\u00e1 l\u00eddra<\/strong><\/p>\n\n\n\n<p><strong>O\u010dak\u00e1va sa, \u017ee tohtoro\u010dn\u00fd Pride v Budape\u0161ti bude \u010deli\u0165 z\u00e1sahom zo strany \u0161t\u00e1tu \u2013 pre politiku premi\u00e9ra Viktora Orb\u00e1na, podobne je na tom aj USA s nen\u00e1vistnou anti-LGBTI+ kampa\u0148ou prezidenta Donalda Trumpa. Na Slovensku sa zas Fico sp\u00e1ja s KDH v snahe pretla\u010di\u0165 do \u00fastavy svoju \u201ehr\u00e1dzu proti progresivizmu\u201c, \u010do sa dotkne hlavne kv\u00edr rod\u00edn a os\u00f4b. Prich\u00e1dza to po rokoch, ke\u010f sa zdalo, \u017ee spolo\u010dnos\u0165 pomaly speje k&nbsp;zhode, \u010do sa t\u00fdka zrovnopr\u00e1v\u0148ovania men\u0161iny, \u010do ste v roku 2015 spom\u00ednali aj vy v rozhovore pre port\u00e1l Lesba.sk. Je komunita pripraven\u00e1 \u010deli\u0165 otvoren\u00e9mu \u00fatlaku?&nbsp;<\/strong><\/p>\n\n\n\n<p>To, \u017ee spejeme k zhode, ma u\u017e pre\u0161lo.<strong>&nbsp;<\/strong><\/p>\n\n\n\n<p>Ot\u00e1zka je, \u010do je otvoren\u00fd \u00fatlak a ak\u00e1 je odpove\u010f na otvoren\u00fd \u00fatlak. Budape\u0161\u0165 to vymyslela tak, \u017ee pride organizuje mesto ako svoj vlastn\u00fd event, aby sa vyhol z\u00e1kazom pol\u00edcie, \u010do m\u00f4\u017ee by\u0165 in\u0161pir\u00e1cia aj pre in\u00e9 krajiny, kde je probl\u00e9m s povo\u013eovan\u00edm pochodov. M\u00f4j n\u00e1zor je tak\u00fd \u2013 a s\u00fa tak\u00ed, \u010do to nemaj\u00fa ve\u013emi radi \u2013, \u017ee ke\u010f ch\u00fdba nejak\u00fd charizmatick\u00fd a ide\u00e1lne e\u0161te aj m\u00fadry a empatick\u00fd l\u00edder alebo l\u00edderka, ktor\u00ed s\u00fa obklopen\u00ed podobne naladen\u00fdmi \u013eu\u010fmi, nie je ve\u013ek\u00e1 \u0161anca na zmeny. Ak sa tak\u00e9 l\u00edderstvo n\u00e1jde a podar\u00ed sa mu nakopn\u00fa\u0165 komunitu, viem si predstavi\u0165, \u017ee bude dostato\u010dne rezistentn\u00e1 a vidite\u013en\u00e1.&nbsp;<\/p>\n\n\n\n<p><strong>V tejto chv\u00edli je na tom ako?<\/strong>&nbsp;<\/p>\n\n\n\n<p>Hoci ve\u013emi nepozn\u00e1m s\u00fa\u010dasn\u00fa kv\u00edr gener\u00e1ciu, \u013eavicov\u00ed aktivisti z trnavsk\u00e9ho vysoko\u0161kolsk\u00e9ho spolku Status Queer s\u00fa mi bl\u00edzki. Ale \u010di dok\u00e1\u017eu zobudi\u0165 a \u201ezastre\u0161i\u0165\u201c cite\u013enej\u0161\u00ed tlak a odpor po Slovensku, si nie som ist\u00e1. Druh\u00e1 vec je, \u017ee v parlamente teraz sedia \u013eudia, ktor\u00fdch sme si vychovali neust\u00e1lym vysvet\u013eovan\u00edm, \u017ee to sami ned\u00e1me a potrebujeme od v\u00e4\u010d\u0161iny podporu. Z\u00e1rove\u0148 je d\u00f4le\u017eit\u00e9, \u017ee maj\u00fa aj odbornos\u0165. Toto sme tu predt\u00fdm nemali. Ak by sa spojili s niek\u00fdm, kto by vykukol z komunity a sna\u017eil sa ju cielene \u0165aha\u0165, tak by tu bola \u0161anca na nejak\u00fa silnej\u0161iu reakciu. Hoci pri fa\u0161isticko-konzervat\u00edvnom a&nbsp;hlup\u00e1cky nacionalistickom nastaven\u00ed na\u0161ich vl\u00e1d a&nbsp;parlamentov je sk\u00f4r na mieste skepsa. Ale z\u00e1rove\u0148 aj na\u010falej nevzd\u00e1va\u0165 tlak na zmeny&#8230;<\/p>\n\n\n\n<p><strong>Niektor\u00e9 slovensk\u00e9 d\u00fahov\u00e9 pochody posledn\u00e9 roky smerovali k oslavovaniu inakosti pod\u013ea vzoru z\u00e1padn\u00fdch kraj\u00edn. Bude sa trend v najbli\u017e\u0161\u00edch rokoch ot\u00e1\u010da\u0165 nasp\u00e4\u0165 k forme protestu?&nbsp;&nbsp;<\/strong><\/p>\n\n\n\n<p>V tomto smere som absol\u00fatne otvoren\u00e1 akejko\u013evek forme prezent\u00e1cie, len nech sa deje. Ke\u010f bude korpor\u00e1tna ako ostatn\u00e9 d\u00fahov\u00e9 pochody, nech je, a ke\u010f bude protestn\u00e1 ako pochod v Trnave, tie\u017e nech je. Hlavne aby prib\u00fadali, lebo to je presne to, \u010do potrebujeme. Ke\u010f n\u00e1s nebud\u00fa po\u010du\u0165 a vidie\u0165, povedia si, \u017ee tu nie sme a \u017ee vyhrali, a potom to u\u017e len legislat\u00edvne ukon\u010dia v parlamente.&nbsp;<\/p>\n\n\n\n<p>Mne sa inak ve\u013emi p\u00e1\u010dia aj tak\u00e9 drobn\u00e9 prejavy ako napr\u00edklad d\u00fahov\u00e9 z\u00e1stavy na protestoch zdru\u017eenia Mier Ukrajine. Ja tam m\u00e1vam svoj\u00edm ve\u013ek\u00fdm d\u00fahov\u00fdm \u0161\u00e1lom. Toto tam v\u0161ak nie je a\u017e tak\u00e9 kontroverzn\u00e9, kamar\u00e1tov, \u010do tam pri\u0161li s palest\u00ednskou z\u00e1stavou, sa sna\u017eili z&nbsp;protestov \u201epriate\u013esky\u201c vytla\u010di\u0165.<\/p>\n\n\n\n<p><strong>Pod\u013ea organiz\u00e1torov nar\u00fa\u0161ali t\u00e9mu ich protestu t\u00fdm, \u017ee porovn\u00e1vali nevyprovokovan\u00fa rusk\u00fa vojensk\u00fa inv\u00e1ziu na Ukrajine s izraelskou odvetnou inv\u00e1ziou do Gazy.&nbsp;<\/strong><\/p>\n\n\n\n<p>Mala by tam via\u0165 z\u00e1stava ka\u017edej krajiny, ktor\u00e1 za\u017e\u00edva \u00fatlak. Tie veci sa nedej\u00fa oddelene, zvl\u00e1\u0161\u0165 v obdob\u00ed internetu. Agresori sa vz\u00e1jomne posil\u0148uj\u00fa a \u010d\u00edm viac je svet prepojen\u00fd, t\u00fdm viac mus\u00edme ukazova\u0165, \u017ee aj my sme prepojen\u00ed v my\u0161lienke, \u017ee si ka\u017ed\u00fd zasl\u00fa\u017ei \u017ei\u0165 bezpe\u010dn\u00fd a ide\u00e1lne aj dobr\u00fd \u017eivot.&nbsp;<\/p>\n\n\n\n<p><strong>\u017di\u0165 v utajen\u00ed vie by\u0165 vzru\u0161uj\u00face, no bez slobody<\/strong><\/p>\n\n\n\n<p><strong>\u010co na\u0161tartovalo prv\u00fd pochod na Slovensku?&nbsp;<\/strong><\/p>\n\n\n\n<p>V dev\u00e4\u0165desiatych rokoch, ke\u010f vznikali prv\u00e9 tepl\u00e9 organiz\u00e1cie, z\u00e1padn\u00e9 organiz\u00e1cie z Holandska a&nbsp;zo \u0160kandin\u00e1vie si brali pod patron\u00e1t novovznikaj\u00face organiz\u00e1cie z b\u00fdval\u00e9ho v\u00fdchodn\u00e9ho bloku. Za socializmu sme nemali sk\u00fasenosti s budovan\u00edm ob\u010dianskej spolo\u010dnosti. Partnersk\u00e9 mimovl\u00e1dky n\u00e1s u\u010dili, ako mimovl\u00e1dny svet funguje, a v roku 1992 tu spravili medzin\u00e1rodn\u00fa konferenciu, ktor\u00fa zastre\u0161ila Medzin\u00e1rodn\u00e1 asoci\u00e1cia lesieb, gejov, bisexu\u00e1lnych a trans \u013eud\u00ed (ILGA). V r\u00e1mci nej sa spravil aj prv\u00fd pochod s transparentmi z YMCA na dne\u0161n\u00e9 N\u00e1mestie slobody, kde sme pod sochou Gottwalda urobili z kahancov trojuholn\u00edk, teda symbol pre gejov v koncentra\u010dn\u00fdch t\u00e1boroch.<\/p>\n\n\n\n<p>Potom sa diali aj \u010fal\u0161ie pochody, napr\u00edklad sme pred Prezidentsk\u00fdm pal\u00e1com neform\u00e1lne oddali dve nevesty a pre\u0161li sme sa s nimi cez mesto. Len to nebolo v takom ve\u013ekom meradle ako ofici\u00e1lny pride, ktor\u00fd sa zorganizoval o \u010dosi nesk\u00f4r.&nbsp;<\/p>\n\n\n\n<p><strong>Keby\u017ee ste v t\u00fdchto \u010dasoch dvadsiatni\u010dka, organizovali by ste znova protesty?<\/strong><\/p>\n\n\n\n<p>To je ve\u013emi \u0165a\u017ek\u00e1 ot\u00e1zka, c\u00edtim dva ve\u013emi protichodn\u00e9 pocity. S t\u00fdmto mozgom by som do toho v minulosti u\u017e ne\u0161la. Lebo tak ako ma hreje pocit, \u017ee som minim\u00e1lne na osobnej \u00farovni pomohla mnoh\u00fdm \u013eu\u010fom aj ich rodin\u00e1m a sn\u00e1\u010f aj spolo\u010dnosti, samej sebe som zmrvila \u017eivot. Za\u010d\u00ednali sme bez pe\u0148az\u00ed, zar\u00e1bali sme, aby sme mohli robi\u0165 nejak\u00fd aktivizmus, a \u0161li sme na \u00fakor svojho zdravia a psychiky. Keby som dnes mala dvadsa\u0165, ur\u010dite by som do toho \u0161la.<\/p>\n\n\n\n<p><strong>Je nie\u010do, \u010do by ste odk\u00e1zali nevyoutovan\u00fdm \u013eu\u010fom v politike a&nbsp;vo verejn\u00fdch funkci\u00e1ch?&nbsp;<\/strong><\/p>\n\n\n\n<p>\u017de ich potrebujeme, a ke\u010f ich potrebujeme my a oni s\u00fa na\u0161ou s\u00fa\u010das\u0165ou, potrebuj\u00fa oni sami seba. To je nie\u010do tak\u00e9 z\u00e1sadn\u00e9, by\u0165 zrazu s\u00e1m sebou, t\u00e1 em\u00f3cia sa ned\u00e1 s ni\u010d\u00edm porovna\u0165.<\/p>\n","protected":false},"excerpt":{"rendered":"<p>Autor: Marek Morav\u010d\u00edk \/ FOTO: Jakub Kov\u00e1\u010d Text sme prv\u00fd raz publikovali v \u010d\u00edsle Leto 2025. V roku 2015 si myslela, \u017ee spolo\u010dnos\u0165 speje k zhode, \u010do sa t\u00fdka zrovnopr\u00e1vnenia d\u00fahovej men\u0161iny, teraz sa pod\u013ea nej politick\u00e1 situ\u00e1cia na Slovensku vyv\u00edja k hor\u0161iemu. Hana F\u00e1bry sa \u013eudskopr\u00e1vnemu aktivizmu venuje u\u017e takmer tridsa\u0165 rokov, \u010d\u00edm sa <a href=\"https:\/\/duhovyrok.sk\/qys\/hana-fabry-v-devatdesiatych-rokoch-nas-spojila-hrozba-dnes-chyba-lider-co-by-zapalil-komunitu\/\" class=\"more-link\">&#8230;<\/a><\/p>\n","protected":false},"author":21,"featured_media":4931,"comment_status":"closed","ping_status":"closed","sticky":false,"template":"","format":"standard","meta":{"footnotes":""},"categories":[6,7,10,259],"tags":[20,380,266,646,139,185,505],"class_list":["post-4888","post","type-post","status-publish","format-standard","has-post-thumbnail","hentry","category-pribehy-lgbti-ludi","category-pride","category-kultura","category-rozhovory","tag-aktivizmus","tag-duhovy-pride-bratislava","tag-from-qys","tag-hana-fabry","tag-pride","tag-rozhovor","tag-spolocnost"],"_links":{"self":[{"href":"https:\/\/duhovyrok.sk\/qys\/wp-json\/wp\/v2\/posts\/4888","targetHints":{"allow":["GET"]}}],"collection":[{"href":"https:\/\/duhovyrok.sk\/qys\/wp-json\/wp\/v2\/posts"}],"about":[{"href":"https:\/\/duhovyrok.sk\/qys\/wp-json\/wp\/v2\/types\/post"}],"author":[{"embeddable":true,"href":"https:\/\/duhovyrok.sk\/qys\/wp-json\/wp\/v2\/users\/21"}],"replies":[{"embeddable":true,"href":"https:\/\/duhovyrok.sk\/qys\/wp-json\/wp\/v2\/comments?post=4888"}],"version-history":[{"count":2,"href":"https:\/\/duhovyrok.sk\/qys\/wp-json\/wp\/v2\/posts\/4888\/revisions"}],"predecessor-version":[{"id":4933,"href":"https:\/\/duhovyrok.sk\/qys\/wp-json\/wp\/v2\/posts\/4888\/revisions\/4933"}],"wp:featuredmedia":[{"embeddable":true,"href":"https:\/\/duhovyrok.sk\/qys\/wp-json\/wp\/v2\/media\/4931"}],"wp:attachment":[{"href":"https:\/\/duhovyrok.sk\/qys\/wp-json\/wp\/v2\/media?parent=4888"}],"wp:term":[{"taxonomy":"category","embeddable":true,"href":"https:\/\/duhovyrok.sk\/qys\/wp-json\/wp\/v2\/categories?post=4888"},{"taxonomy":"post_tag","embeddable":true,"href":"https:\/\/duhovyrok.sk\/qys\/wp-json\/wp\/v2\/tags?post=4888"}],"curies":[{"name":"wp","href":"https:\/\/api.w.org\/{rel}","templated":true}]}}