{"id":4876,"date":"2025-10-16T16:49:54","date_gmt":"2025-10-16T14:49:54","guid":{"rendered":"https:\/\/duhovyrok.sk\/qys\/?p=4876"},"modified":"2025-10-16T17:07:39","modified_gmt":"2025-10-16T15:07:39","slug":"s-nastupom-novej-vlady-rastie-punkova-scena-sara-z-magazinu-shkrabotica-si-vsima-jej-otvorenost","status":"publish","type":"post","link":"https:\/\/duhovyrok.sk\/qys\/s-nastupom-novej-vlady-rastie-punkova-scena-sara-z-magazinu-shkrabotica-si-vsima-jej-otvorenost\/","title":{"rendered":"S n\u00e1stupom novej vl\u00e1dy rastie punkov\u00e1 sc\u00e9na. Sara z magaz\u00ednu Shkrabotica si v\u0161\u00edma jej otvorenos\u0165"},"content":{"rendered":"\n<p><strong>Autor: Marek Hudec<\/strong> \/ <strong>FOTO: Arch\u00edv Sary, Shkrabotica<\/strong><\/p>\n\n\n\n<p><em>Text sme prv\u00fd raz publikovali v \u010d\u00edsle Leto 2025.<\/em><\/p>\n\n\n\n<p>Je be\u017en\u00e9 vybra\u0165 sa v piatok na koncert mlad\u00fdch punkov\u00fdch skup\u00edn a vidie\u0165 na ich p\u00f3diu antifa\u0161istick\u00e9 logo a hesl\u00e1, ba dokonca d\u00fahov\u00fa vlajku. \u010coraz \u010dastej\u0161ie toti\u017e otvorene vystupuj\u00fa proti nezn\u00e1\u0161anlivosti, upozor\u0148uj\u00fa v textoch na kr\u00edzu b\u00fdvania a zmeny kl\u00edmy. Ich pr\u00edbehy dokumentuje transrodov\u00e1 \u017eena Sara vo svojom magaz\u00edne Shkrabotica.&nbsp;<\/p>\n\n\n\n<p>Vydala zatia\u013e vlastn\u00fdm n\u00e1kladom dve \u010d\u00edsla a tretie pr\u00e1ve pripravuje. Pr\u00e1ve undergroundov\u00e1 sc\u00e9na jej poskytuje bezpe\u010die a pocit slobody. \u201eV robote alebo v rodine sa ako \u017eena neprezentujem, lebo sa boj\u00edm, no v klube dok\u00e1\u017eem by\u0165 sama sebou,\u201c vysvet\u013euje.&nbsp;<\/p>\n\n\n\n<p>V magaz\u00edne Shkrabotica si sama p\u00ed\u0161e texty, fot\u00ed portr\u00e9ty hudobn\u00edkov a hudobn\u00ed\u010dok, rob\u00ed dizajn a n\u00e1sledne si \u010d\u00edslo sama chod\u00ed aj vytla\u010di\u0165. \u201eSkoro ni\u010d v \u0148om nie je stiahnut\u00e9 z internetu, pozadia napr\u00edklad vznikli \u00fapravou pokrkvan\u00fdch blo\u010dkov, font som si na\u0161krabala na papier, \u010d\u00edm vznikol aj n\u00e1zov zinu.\u201c&nbsp;<\/p>\n\n\n\n<p>Skhkraboticu si viete objedna\u0165 cez Sarin Instagram alebo ob\u010das priamo na koncertoch v bratislavsk\u00fdch podnikoch. Hoci ho plat\u00ed z vlastn\u00e9ho vrecka, n\u00e1klady sa jej pri prv\u00fdch vydaniach vr\u00e1tili a vedela si zo z\u00e1robku aj nie\u010do odlo\u017ei\u0165.&nbsp;<\/p>\n\n\n\n<h4 class=\"wp-block-heading\"><strong>Chc\u00fa podpori\u0165 kv\u00edr \u013eud\u00ed<\/strong><\/h4>\n\n\n\n<p>\u201eNa strednej \u0161kole som sa od kamar\u00e1tov dopo\u010dula o Koncertoch na Gar\u00e1\u017each. V sedemn\u00e1stich som za\u010dala viac cestova\u0165, hlavne po Slovensku, ke\u010f\u017ee som ako \u0161tudentka mala l\u00edstky na vlak zdarma,\u201d spom\u00edna si na po\u010diatky objavovania undergroundovej sc\u00e9ny.&nbsp;<\/p>\n\n\n\n<p>\u201eT\u00e1 bratislavsk\u00e1 je mimoriadne otvoren\u00e1, \u013eavicovo progres\u00edvna, vystupuje proti fa\u0161izmu, kapely na plag\u00e1toch deklaruj\u00fa, \u017ee netoleruj\u00fa homof\u00f3biu, transf\u00f3biu, rasizmus,\u201c hovor\u00ed Sara. \u201eUndergroundov\u00e9 priestory neb\u00fdvali v\u017edy bezpe\u010dn\u00e9, dnes do nich v\u0161ak n\u00e1ckovia u\u017e nechodia, mo\u017eno v\u00fdnimo\u010dne. Hoci som sa na koncerte alebo na techn\u00e1ch stretla aj s nezn\u00e1\u0161anlivos\u0165ou, v\u017edy sa to r\u00fdchlo porie\u0161ilo.\u201c&nbsp;<\/p>\n\n\n\n<p>Ke\u010f incident nahl\u00e1sila, napr\u00edklad majite\u013eom klubu, r\u00fdchlo ho ods\u00fadili a zakro\u010dili.<\/p>\n\n\n\n<p>V s\u00fa\u010dasnosti vidno, \u017ee rastie popularita slovensk\u00fdch punkov\u00fdch kapiel, kapela Berlin Manson aj projekty Viktor Ori alebo Fvck_Kvlt, ktor\u00e9 poch\u00e1dzaj\u00fa z undergroundovej sc\u00e9ny, m\u00e1vaj\u00fa v letn\u00fdch mesiacoch ve\u013ek\u00e9 turn\u00e9. Mnoh\u00e9 festivaly ich uv\u00e1dzaj\u00fa ako headlinerov a vyhr\u00e1vaj\u00fa ceny za nahnevan\u00fa a \u00faprimn\u00fa hudbu.&nbsp;<\/p>\n\n\n\n<p>Pred p\u00e1r rokmi Berlin Manson \u010delili homof\u00f3bnemu \u00fatoku, ke\u010f po vra\u017ede v Tepl\u00e1rni vyvesila kapela d\u00fahov\u00fa vlajku na koncerte v Skalici. Spev\u00e1kovi zlomili s\u00e1nku, \u010fal\u0161iemu \u010dlenovi vytrhli n\u00e1u\u0161nicu z ucha. Hoci pod\u013ea Sary v skupin\u00e1ch naj\u010dastej\u0161ie vystupuj\u00fa hetero chalani, s\u00fa mlad\u00ed, viac otvoren\u00ed, je be\u017en\u00e9, \u017ee nejak\u00fdch kv\u00edr \u013eud\u00ed poznaj\u00fa a chc\u00fa ich podpori\u0165.<\/p>\n\n\n\n<p>\u201eS kamo\u0161mi sme si v\u0161imli, \u017ee sa punkov\u00e1 sc\u00e9na rozr\u00e1stla po n\u00e1stupe novej vl\u00e1dy, ktor\u00e1 za\u010dala likvidova\u0165 kult\u00faru. Vznikli nov\u00e9 podniky \u017dal\u00e1r ne\u010faleko zast\u00e1vky Pod stanicou a klub Pad\u00e1 Omietka na Vysokej. Hudba pod\u013ea m\u0148a odr\u00e1\u017ea, \u010do sa deje v spolo\u010dnosti. Texty kapiel alebo ich prejavy na koncertoch \u010dasto na situ\u00e1ciu reaguj\u00fa, napr\u00edklad aj na \u00fatoky n\u00e1ckov v bratislavsk\u00fdch uliciach.\u201c&nbsp;&nbsp;<\/p>\n\n\n\n<figure class=\"wp-block-image size-large\"><img loading=\"lazy\" decoding=\"async\" width=\"1024\" height=\"756\" src=\"https:\/\/duhovyrok.sk\/qys\/wp-content\/uploads\/sites\/2\/2025\/08\/000018_2-1024x756.jpg\" alt=\"\" class=\"wp-image-4920\" srcset=\"https:\/\/duhovyrok.sk\/qys\/wp-content\/uploads\/sites\/2\/2025\/08\/000018_2-1024x756.jpg 1024w, https:\/\/duhovyrok.sk\/qys\/wp-content\/uploads\/sites\/2\/2025\/08\/000018_2-700x517.jpg 700w, https:\/\/duhovyrok.sk\/qys\/wp-content\/uploads\/sites\/2\/2025\/08\/000018_2-1536x1134.jpg 1536w, https:\/\/duhovyrok.sk\/qys\/wp-content\/uploads\/sites\/2\/2025\/08\/000018_2.jpg 2038w\" sizes=\"auto, (max-width: 1024px) 100vw, 1024px\" \/><\/figure>\n\n\n\n<h4 class=\"wp-block-heading\"><strong>Sc\u00e9na u\u017e nie je tak\u00e1 rozdroben\u00e1<\/strong><\/h4>\n\n\n\n<p>V Shkrabotice n\u00e1jdete kapelu Blve Velvet in\u0161pirovan\u00fa filmom Davida Lyncha, ktor\u00e1 sa zaober\u00e1 dospievan\u00edm a hudbu vn\u00edma ako ist\u00fd druh o\u010disty, \u010fal\u0161ia skupina Raid Siren sa zas vyslovuje proti vojne a zveruje sa o ob\u013e\u00fabenom alkohole. Kolekt\u00edv Gangstapunk sa zas zaober\u00e1 upcyclingom. Hoci sa v rozhovoroch hudobn\u00edci zaoberaj\u00fa aj v\u00e1\u017enymi t\u00e9mami, ako Sara avizuje v \u00favode zinu, netreba sa bra\u0165 pr\u00edli\u0161 v\u00e1\u017ene.&nbsp;<\/p>\n\n\n\n<p>Medzi jej ob\u013e\u00fabencov patria kapely Kovo\u0161rot a Pipesh, p\u00e1\u010di sa jej, ako sa v ich tvorbe zlievaj\u00fa \u017e\u00e1nre. Punk\u00e1\u010di, na rozdiel od minulosti, dnes chodia na techno diskot\u00e9ky a ob\u010das aj rapuj\u00fa. Sara si spom\u00edna na jeden rozhovor Du\u0161ana Vlka, kde vravel, ako v publiku svojich koncertov vid\u00ed \u013eud\u00ed r\u00f4znych \u0161t\u00fdlov a subkult\u00far. Undegroundov\u00e1 sc\u00e9na u\u017e nie je tak\u00e1 rozdroben\u00e1, \u010dlovek sa cez jednu skupinu skamar\u00e1ti s \u010fal\u0161ou. Ke\u010f sa niekomu zver\u00ed so svojou identitou, predstav\u00ed sa ako Sara, m\u00e1lokedy niekto mihne brvou.&nbsp;<\/p>\n\n\n\n<p>Aj mimo Bratislavy pozn\u00e1 Sara zauj\u00edmav\u00e9 priestory, hoci napr\u00edklad \u017eilinsk\u00fa H\u00e1jov\u0148u \u010doskoro zavr\u00fa pre v\u00fdstavbu developersk\u00e9ho projektu. Je to \u0161koda, vrav\u00ed, vn\u00edmala to ako pekn\u00e9 miesto, kde behali dom\u00e1ce zvieratk\u00e1, varil sa veg\u00e1nsky gul\u00e1\u0161. Chv\u00e1li aj bystrick\u00fd podnik Bosorka. Tretie vydanie zinu bude pripravova\u0165 s kamo\u0161kou Emmou, ktor\u00e1 jej pom\u00f4\u017ee pri prepisovan\u00ed rozhovorov. Zva\u017euj\u00fa, \u017ee ho uved\u00fa na podujat\u00ed v ob\u013e\u00fabenom klube Pad\u00e1 Omietka. Na pr\u00edzem\u00ed by bol koncert a na poschod\u00ed priestor na predaj \u010dasopisu a rozhovory.&nbsp;<\/p>\n\n\n\n<h4 class=\"wp-block-heading\"><strong>Na z\u00e1ver sa Sara podelila e\u0161te so svojimi tipmi na zauj\u00edmav\u00fa hudbu:&nbsp;<\/strong><\/h4>\n\n\n\n<p><strong>Satur99999<\/strong><\/p>\n\n\n\n<p>Ko\u0161ick\u00fd rapov\u00fd projekt s techno beatom. Sara ho ned\u00e1vno videla prv\u00fd raz na\u017eivo, skoro v ka\u017edej pesni\u010dke m\u00e1 nejak\u00fa zauj\u00edmav\u00fa spolupr\u00e1cu s in\u00fdmi hudobn\u00edkmi.<\/p>\n\n\n\n<p><strong>Hever<\/strong><\/p>\n\n\n\n<p>Kapela, ktor\u00e1 s\u00edce \u017eije v Brne, ale poch\u00e1dza z Ko\u0161\u00edc. Fajnov\u00fd punk s dobr\u00fdmi textami.<\/p>\n\n\n\n<p><strong>Cherries &amp; Therapy<\/strong><\/p>\n\n\n\n<p>Shoegazeov\u00e1 kapela, ve\u013emi pr\u00edjemn\u00e1 na posluch, S\u00e1ra si ju \u010dasto zap\u00edna pri zasp\u00e1van\u00ed. Je jej smutno, \u017ee ju nestihla vidie\u0165 na\u017eivo, ned\u00e1vno sa rozpadla.<\/p>\n","protected":false},"excerpt":{"rendered":"<p>Autor: Marek Hudec \/ FOTO: Arch\u00edv Sary, Shkrabotica Text sme prv\u00fd raz publikovali v \u010d\u00edsle Leto 2025. Je be\u017en\u00e9 vybra\u0165 sa v piatok na koncert mlad\u00fdch punkov\u00fdch skup\u00edn a vidie\u0165 na ich p\u00f3diu antifa\u0161istick\u00e9 logo a hesl\u00e1, ba dokonca d\u00fahov\u00fa vlajku. \u010coraz \u010dastej\u0161ie toti\u017e otvorene vystupuj\u00fa proti nezn\u00e1\u0161anlivosti, upozor\u0148uj\u00fa v textoch na kr\u00edzu b\u00fdvania a <a href=\"https:\/\/duhovyrok.sk\/qys\/s-nastupom-novej-vlady-rastie-punkova-scena-sara-z-magazinu-shkrabotica-si-vsima-jej-otvorenost\/\" class=\"more-link\">&#8230;<\/a><\/p>\n","protected":false},"author":10,"featured_media":4919,"comment_status":"closed","ping_status":"closed","sticky":false,"template":"","format":"standard","meta":{"footnotes":""},"categories":[255,10,259],"tags":[266,268,633,185,632],"class_list":["post-4876","post","type-post","status-publish","format-standard","has-post-thumbnail","hentry","category-hudba","category-kultura","category-rozhovory","tag-from-qys","tag-hudba","tag-punkova-scena","tag-rozhovor","tag-shkrabotica"],"_links":{"self":[{"href":"https:\/\/duhovyrok.sk\/qys\/wp-json\/wp\/v2\/posts\/4876","targetHints":{"allow":["GET"]}}],"collection":[{"href":"https:\/\/duhovyrok.sk\/qys\/wp-json\/wp\/v2\/posts"}],"about":[{"href":"https:\/\/duhovyrok.sk\/qys\/wp-json\/wp\/v2\/types\/post"}],"author":[{"embeddable":true,"href":"https:\/\/duhovyrok.sk\/qys\/wp-json\/wp\/v2\/users\/10"}],"replies":[{"embeddable":true,"href":"https:\/\/duhovyrok.sk\/qys\/wp-json\/wp\/v2\/comments?post=4876"}],"version-history":[{"count":3,"href":"https:\/\/duhovyrok.sk\/qys\/wp-json\/wp\/v2\/posts\/4876\/revisions"}],"predecessor-version":[{"id":4970,"href":"https:\/\/duhovyrok.sk\/qys\/wp-json\/wp\/v2\/posts\/4876\/revisions\/4970"}],"wp:featuredmedia":[{"embeddable":true,"href":"https:\/\/duhovyrok.sk\/qys\/wp-json\/wp\/v2\/media\/4919"}],"wp:attachment":[{"href":"https:\/\/duhovyrok.sk\/qys\/wp-json\/wp\/v2\/media?parent=4876"}],"wp:term":[{"taxonomy":"category","embeddable":true,"href":"https:\/\/duhovyrok.sk\/qys\/wp-json\/wp\/v2\/categories?post=4876"},{"taxonomy":"post_tag","embeddable":true,"href":"https:\/\/duhovyrok.sk\/qys\/wp-json\/wp\/v2\/tags?post=4876"}],"curies":[{"name":"wp","href":"https:\/\/api.w.org\/{rel}","templated":true}]}}