{"id":4870,"date":"2025-09-21T14:51:11","date_gmt":"2025-09-21T12:51:11","guid":{"rendered":"https:\/\/duhovyrok.sk\/qys\/?p=4870"},"modified":"2025-09-21T14:51:25","modified_gmt":"2025-09-21T12:51:25","slug":"matej-z-alten-kompoten-nechcem-sa-pasovat-do-ulohy-hrdinu-a-bojovnika-moja-hudba-je-oslobodena-od-politiky","status":"publish","type":"post","link":"https:\/\/duhovyrok.sk\/qys\/matej-z-alten-kompoten-nechcem-sa-pasovat-do-ulohy-hrdinu-a-bojovnika-moja-hudba-je-oslobodena-od-politiky\/","title":{"rendered":"Matej z Alten Kompoten: Nechcem sa pasova\u0165 do \u00falohy hrdinu a bojovn\u00edka, moja hudba je osloboden\u00e1 od politiky"},"content":{"rendered":"\n<p><strong>Autor: Michal Dudo\u0148<\/strong> \/ <strong>FOTO: Jakub kov\u00e1\u010d<\/strong><\/p>\n\n\n\n<p><em>Text sme prv\u00fd raz publikovali v \u010d\u00edsle Leto 2025.<\/em><\/p>\n\n\n\n<p>Hudobn\u00fd projekt Alten Kompoten vznikol z nudy po\u010das letn\u00fdch pr\u00e1zdnin. \u201eSestra si za\u010dala dookola spieva\u0165 ,naroben\u00fd \u010daj\u2018 a \u010fal\u0161ie slov\u00e1. Povedal som jej, \u017ee to, \u010do spieva, nahr\u00e1me,\u201c spom\u00edna Matej Chren, autor a zakladate\u013e kapely, ktor\u00fd mal vtedy \u0161estn\u00e1s\u0165 rokov. Zo z\u00e1bavy vznikol projekt, ktor\u00fd nesk\u00f4r odprezentovalo aj R\u00e1dio_FM. Publikum si z\u00edskal \u00faprimnos\u0165ou a dadaistick\u00fdm humorom.<\/p>\n\n\n\n<p>Dnes, o takmer desa\u0165 rokov nesk\u00f4r, kapela op\u00e4\u0165 o\u017e\u00edva, hoci u\u017e nie v p\u00f4vodnej zostave s mlad\u0161ou sestrou. \u201eChcem, aby \u013eudia odch\u00e1dzali z koncertov pln\u00ed energie, a z\u00e1rove\u0148 ich chcem motivova\u0165 a ukazova\u0165, \u017ee aj tak\u00e9to je umenie a kult\u00fara,\u201c hovor\u00ed Chren, ktor\u00fd pl\u00e1nuje turn\u00e9 po Slovensku.<\/p>\n\n\n\n<p>Rozhovor je nielen o hudbe, ale aj o tom, ako sa d\u00e1 tvori\u0165 bez kalkulu, ako si uchova\u0165 rados\u0165 z n\u00e1padu a \u010do v\u0161etko znamen\u00e1 by\u0165 experiment\u00e1lnou kapelou na malej sc\u00e9ne. \u201eNechcem sa pasova\u0165 do \u00falohy hrdinu a bojovn\u00edka. Alten Kompoten je detsk\u00fd projekt, ktor\u00fd je \u00faplne osloboden\u00fd od vn\u00edmania toho, \u010do sa deje v na\u0161ej politike,\u201c dod\u00e1va.<\/p>\n\n\n\n<p><strong>Svoju experiment\u00e1lnu hudobn\u00fa skupinu ste spolo\u010dne so sestrou Nat\u00e1liou zalo\u017eili za\u010diatkom roka 2015 e\u0161te ako \u0161estn\u00e1s\u0165- a desa\u0165ro\u010dn\u00e9 deti. Piesne ste skladali po\u010das \u0161kolsk\u00fdch pr\u00e1zdnin. \u010co v\u00e1s k tomu viedlo?&nbsp;<\/strong><\/p>\n\n\n\n<p>V podstate to bolo tak\u00e9 oby\u010dajn\u00e9 ako u hocijak\u00fdch in\u00fdch det\u00ed. Chodili sme na pr\u00e1zdniny k babke a sestra si za\u010dala dookola spieva\u0165 \u201enaroben\u00fd \u010daj\u201c a \u010fal\u0161ie slov\u00e1. Povedal som jej, \u017ee to, \u010do spieva, nahr\u00e1me.&nbsp;&nbsp;&nbsp;<\/p>\n\n\n\n<p>U\u017e vtedy som chcel nahr\u00e1va\u0165 zvuk. Mal som ten najjednoduch\u0161\u00ed program na \u00fapravu hudby a&nbsp;toto bola aj dobr\u00e1 z\u00e1mienka nie\u010do nahra\u0165. Sestra si nie\u010do spievala, bola vlastne popudom cel\u00e9ho projektu, a ja som popritom tvoril zvuky, b\u00fachal som napr\u00edklad po stole.&nbsp;<\/p>\n\n\n\n<p>A tak sme vznikli.&nbsp;<\/p>\n\n\n\n<p><strong>Predpokladali ste, \u017ee budete na\u010falej pokra\u010dova\u0165 aj po pr\u00e1zdnin\u00e1ch?&nbsp;<\/strong><\/p>\n\n\n\n<p>Asi nie. My sme nemali ani n\u00e1zov kapely, ten pri\u0161iel a\u017e pri druhom albume. V\u0161etko to bolo v\u00fdsledkom n\u00e1hody, ja som na\u0161e pesni\u010dky nap\u00e1lil na c\u00e9de\u010dko, ktor\u00e9 som dal rodi\u010dom, babke, kamar\u00e1tom. Nemali sme \u017eiadny in\u00fd cie\u013e.&nbsp;<\/p>\n\n\n\n<p><strong>Uva\u017eovali ste nad presahom?<\/strong>&nbsp;<\/p>\n\n\n\n<p>Nikdy som neprem\u00fd\u0161\u013eal nad t\u00fdm, \u010do, pre\u010do a ako rob\u00edm a \u010di by som v&nbsp;tom chcel pokra\u010dova\u0165. Mal som \u0161\u0165astie, \u017ee okolo n\u00e1s bolo ve\u013ea cudz\u00edch vplyvov a dospel\u00e1ci. Trochu sme odpo\u010d\u00favali na\u0161u babku aj mamu, ktor\u00e9 boli v\u00fdre\u010dn\u00e9 a hovorili ve\u013ea vec\u00ed, na ktor\u00fdch sme sa zab\u00e1vali.&nbsp;<\/p>\n\n\n\n<p>Napr\u00edklad babka pri\u0161la pred Vianocami a s\u0165a\u017eovala sa, \u017ee ob\u00fdva\u010dka nie je vyzdoben\u00e1. Vy\u010d\u00edtala, \u017ee mama nezavesila girlandu a nem\u00e1 nikde polo\u017een\u00fa ikebanu. A tak vznikla pesni\u010dka Ikebana Girlanda. Ako deti n\u00e1s bavilo sa zab\u00e1va\u0165 a robi\u0165 si zo v\u0161etk\u00e9ho srandu. \u0160lo to tak prirodzene.&nbsp;<\/p>\n\n\n\n<p><strong>Sna\u017e\u00ed sa simulova\u0165 n\u00e1hodu&nbsp;<\/strong><\/p>\n\n\n\n<p><strong>Va\u0161ou najv\u00e4\u010d\u0161ou prioritou bolo zachyti\u0165 kr\u00e1tkodob\u00e9, prchav\u00e9 momenty radosti a z\u00e1bavy, a nahra\u0165 pesni\u010dky v stave prvotnej euf\u00f3rie z n\u00e1padu, so \u017eiadnymi alebo minim\u00e1lnymi z\u00e1sahmi postprodukcie. I\u0161lo o improviz\u00e1cie vytvoren\u00e9 spojen\u00edm dadaistick\u00fdch textov s nieko\u013ek\u00fdmi vrstvami zvukov\u00fdch kol\u00e1\u017e\u00ed a jednoduch\u00e9ho sprievodu hudobn\u00e9ho n\u00e1stroja. Rozumeli ste vtedy tvorbe tak\u00fdmito slovami?&nbsp;<\/strong><\/p>\n\n\n\n<p>V \u0161estn\u00e1stich som i\u0161iel \u0161tudova\u0165 na stredn\u00fa umeleck\u00fa \u0161kolu, kde sa za\u010dal \u010drta\u0165 aj nejak\u00fd in\u00fd slovn\u00edk. No opis na\u0161ej hudby vznikol a\u017e nesk\u00f4r. Bolo pre n\u00e1s ve\u013emi d\u00f4le\u017eit\u00e9, aby sme toho spravili \u010do najviac, k\u00fdm sa na tom smejeme a k\u00fdm je to \u010derstv\u00e9.&nbsp;<\/p>\n\n\n\n<p><strong>Pre\u010do?<\/strong>&nbsp;<\/p>\n\n\n\n<p>Aby sme zachytili srandu, ktor\u00e1 z tvorby vych\u00e1dzala. Pok\u00fa\u0161al som sa vytvori\u0165 aj nie\u010do viac \u201epesni\u010dkov\u00e9\u201c, no st\u00e1le boli podstatou celej na\u0161ej tvorby sranda a z\u00e1bava. To n\u00e1s so sestrou sp\u00e1jalo. Ak by ne\u0161lo o z\u00e1bavu, tak by sme to asi nerobili. Moja sestra nemala nejak\u00e9 hudobn\u00e9 amb\u00edcie, \u010di\u017ee z\u00e1bavou sa to za\u010d\u00ednalo aj kon\u010dilo.&nbsp;<\/p>\n\n\n\n<p><strong>S druh\u00fdm albumom pri\u0161iel aj n\u00e1zov. Ako vznikol?&nbsp;<\/strong><\/p>\n\n\n\n<p>To som inak e\u0161te nikomu nepovedal. Pam\u00e4t\u00e1m si len, \u017ee som sedel v kuchyni a jedol som m\u00e4so s ry\u017eou a komp\u00f3tom. Tak mi napadlo Alten Kompoten. Alte znamen\u00e1 po nemecky star\u00fd, no mne napadlo, \u017ee Alten m\u00f4\u017ee znie\u0165 ako slovo \u201ealternat\u00edva\u201c.<\/p>\n\n\n\n<p><strong>Pri druhom albume ste sa posunuli von do ul\u00edc: nahr\u00e1vali ste zvuky exteri\u00e9ru, na prech\u00e1dzky ste chodili s diktaf\u00f3nom, v snahe zachyti\u0165 soundtrack k \u017eivotu vo Vr\u00e1b\u013eoch. Op\u00e4\u0165 ste sa trochu posunuli in\u00fdm smerom. St\u00e1le to bolo v r\u00e1mci srandy a \u010fal\u0161ieho leta?&nbsp;<\/strong><\/p>\n\n\n\n<p>M\u00e1lokedy sme \u0161li von s&nbsp;cie\u013eom nahr\u00e1va\u0165 zvuky. Ke\u010f som \u0161iel napr\u00edklad nakupova\u0165, zaznamen\u00e1val som okolit\u00e9 zvuky, a z&nbsp;t\u00fdchto nahr\u00e1vok som tvoril rytmick\u00e9 kompoz\u00edcie.<\/p>\n\n\n\n<p>Po\u010das druh\u00e9ho albumu sme ka\u017ed\u00fd v\u00edkend nie\u010do nahrali. Za polroka to bolo tridsa\u0165 pesni\u010diek, napokon sme na album vyselektovali p\u00e4tn\u00e1s\u0165. Vtedy som si povedal, \u017ee by bolo fajn, ak by sme mali koncept soundtracku k Vr\u00e1b\u013eom, ke\u010f\u017ee sme ve\u013ea nahr\u00e1vali vonku. Mali sme dokonca samostatn\u00e9 skladby len zo zvukov rozhlasu a autobusov.&nbsp;<\/p>\n\n\n\n<p><strong>Rok 2016 sa stal pre kapelu v\u00fdnimo\u010dn\u00fdm: va\u0161a skladba D\u017eovani bola odprezentovan\u00e1 v R\u00e1diu_FM a \u013eudia v\u010faka tomu za\u010dali vyh\u013ead\u00e1va\u0165 va\u0161u hudbu na internete. U\u017e to teda nebola len hudba pre zn\u00e1mych a kamar\u00e1tov. Ako sa to stalo?&nbsp;<\/strong><\/p>\n\n\n\n<p>Moj\u00edm cie\u013eom po \u010dase bolo robi\u0165 pesni\u010dky. No nedarilo sa n\u00e1m vytvori\u0165 ucelen\u00fa formu, sk\u00f4r \u0161lo o min\u00fatov\u00e9 n\u00e1\u010drty, popevky. Potom sme spravili skladbu, ktor\u00e1 sa u\u017e na re\u00e1lnu pesni\u010dku podobala.&nbsp;<\/p>\n\n\n\n<p>Tak som si povedal, \u017ee ju zo srandy prihl\u00e1sim do s\u00fa\u0165a\u017ee Demovnica R\u00e1dia_FM, ktor\u00e1 doteraz vysiela skladby kapiel, ktor\u00e9 nemaj\u00fa ofici\u00e1lne nahr\u00e1vky a nefiguruj\u00fa pod \u017eiadnou nahr\u00e1vacou spolo\u010dnos\u0165ou. Bol som zvedav\u00fd, \u010do s pesni\u010dkou spravia. Myslel som si, \u017ee im pravdepodobne nezapadne medzi ostatn\u00e9, zvy\u010dajne gar\u00e1\u017eov\u00e9 kapely.&nbsp;<\/p>\n\n\n\n<p>No a vy\u0161lo to. V r\u00e1diu boli vyveden\u00ed z miery, najsk\u00f4r nech\u00e1pali, \u010do sa deje. Potom im do\u0161lo, \u017ee pesni\u010dku robili deti a ve\u013emi ich to zaujalo. Moder\u00e1tor r\u00e1dia Martin Sta\u0148o sa okam\u017eite stal na\u0161\u00edm fan\u00fa\u0161ikom.<\/p>\n\n\n\n<figure class=\"wp-block-image size-large\"><img loading=\"lazy\" decoding=\"async\" width=\"683\" height=\"1024\" src=\"https:\/\/duhovyrok.sk\/qys\/wp-content\/uploads\/sites\/2\/2025\/08\/5S8A9599_R_zakl_cr2_fin_V_FB_mensia-683x1024.jpg\" alt=\"\" class=\"wp-image-4908\" srcset=\"https:\/\/duhovyrok.sk\/qys\/wp-content\/uploads\/sites\/2\/2025\/08\/5S8A9599_R_zakl_cr2_fin_V_FB_mensia-683x1024.jpg 683w, https:\/\/duhovyrok.sk\/qys\/wp-content\/uploads\/sites\/2\/2025\/08\/5S8A9599_R_zakl_cr2_fin_V_FB_mensia-467x700.jpg 467w, https:\/\/duhovyrok.sk\/qys\/wp-content\/uploads\/sites\/2\/2025\/08\/5S8A9599_R_zakl_cr2_fin_V_FB_mensia-1024x1536.jpg 1024w, https:\/\/duhovyrok.sk\/qys\/wp-content\/uploads\/sites\/2\/2025\/08\/5S8A9599_R_zakl_cr2_fin_V_FB_mensia-1365x2048.jpg 1365w, https:\/\/duhovyrok.sk\/qys\/wp-content\/uploads\/sites\/2\/2025\/08\/5S8A9599_R_zakl_cr2_fin_V_FB_mensia-scaled.jpg 1707w\" sizes=\"auto, (max-width: 683px) 100vw, 683px\" \/><\/figure>\n\n\n\n<p><strong>Ako ste to potom vn\u00edmali, ke\u010f niekto o v\u00e1s nahral recenziu a analyzoval va\u0161u tvorbu?&nbsp;&nbsp;<\/strong><\/p>\n\n\n\n<p>So sestrou sme to nebrali v\u00e1\u017ene. Ve\u013emi sme sa na recenzii zab\u00e1vali. Skladba dokonca vydr\u017eala v&nbsp;hudobnom rebr\u00ed\u010dku tri t\u00fd\u017edne, v\u010faka hlasovaniu \u013eud\u00ed. No my sme nemali ani str\u00e1nku na Facebooku, nemali sme ako na\u0161u hudbu promova\u0165.&nbsp;<\/p>\n\n\n\n<p>S\u00fa\u010das\u0165ou vysielania Demovnice bol rozhovor s&nbsp;Petrom Hajdinom. Hovoril, \u017ee mal detsk\u00fa kapelu a \u017ee mnoh\u00ed hudobn\u00edci maj\u00fa za sebou tak\u00e9 nie\u010do ako my. No nikde svoju detsk\u00fa tvorbu nezaznamenali, lebo nemali mo\u017enosti. Aj t\u00fdm je na\u0161a tvorba v\u00fdnimo\u010dn\u00e1.<\/p>\n\n\n\n<p><strong>Darilo by sa v\u00e1m rovnako, ak by ste pristupovali k hudbe od za\u010diatku ambici\u00f3zne s cie\u013eom nie\u010do vytvori\u0165 a sta\u0165 sa popul\u00e1rnymi?&nbsp;<\/strong><\/p>\n\n\n\n<p>Pam\u00e4t\u00e1m si, \u017ee ke\u010f sme pesni\u010dku nahr\u00e1vali cez formul\u00e1r do s\u00fa\u0165a\u017ee, chcel som v po\u010d\u00edta\u010di vyplni\u0165 kol\u00f3nku \u017e\u00e1ner. Rozm\u00fd\u0161\u013eal som, \u010do sme, a dal som teda antipop: nie\u010do nepopul\u00e1rne, alebo hudba bez popul\u00e1rnej formy.&nbsp;&nbsp;<\/p>\n\n\n\n<p>Mysl\u00edm si, \u017ee ak by sme pokra\u010dovali a neprestali, boli by sme na rovnakom mieste ako teraz. Chyst\u00e1m \u010fal\u0161ie pesni\u010dky, ktor\u00e9 by som op\u00edsal ako presn\u00fd opak: pro-pop.&nbsp;<\/p>\n\n\n\n<p><strong>Ak\u00e9 to je teraz?<\/strong>&nbsp;<\/p>\n\n\n\n<p>Sna\u017e\u00edm sa simulova\u0165 n\u00e1hodu t\u00fdm, \u017ee zaznamen\u00e1vam v\u0161etko prv\u00e9, \u010do mi napadne. Prv\u00e1 verzia sa zvykne zahodi\u0165, no mne sa osved\u010dilo, \u017ee to, \u010do mi prv\u00e9 pr\u00edde na myse\u013e, je v\u00e4\u010d\u0161inou aj to najprirodzenej\u0161ie, \u010do chce ucho po\u010du\u0165.&nbsp;<\/p>\n\n\n\n<p><strong>Kapelu chce po\u010du\u0165 na rozhran\u00ed v\u0161etk\u00fdch \u017e\u00e1nrov&nbsp;<\/strong><\/p>\n\n\n\n<p><strong>V druhej polovici roka 2016 vznikla v spolupr\u00e1ci s \u010fal\u0161\u00edmi hudobn\u00edkmi aj \u017eiv\u00e1 kapela, ktor\u00e1 predviedla tvorbu na troch \u0161peci\u00e1lnych koncertn\u00fdch vyst\u00fapeniach. Ak\u00fd bol v\u00e1\u0161 prv\u00fd koncert?&nbsp;<\/strong><\/p>\n\n\n\n<p>Po tom, ako n\u00e1s hralo R\u00e1dio_FM, n\u00e1m za\u010dali prich\u00e1dza\u0165 n\u00e1hodn\u00e9 maily od r\u00f4znych organiz\u00e1torov podujat\u00ed aj z Bratislavy. V \u017eivote som dovtedy neopustil Vr\u00e1ble \u2013 okrem toho, \u017ee som chodil na stredn\u00fa \u0161kolu. Ve\u013emi som sa \u017eiv\u00fdch vyst\u00fapen\u00ed b\u00e1l. Nevedel som toti\u017e performova\u0165 vlastn\u00e9 pesni\u010dky.&nbsp;<\/p>\n\n\n\n<p>Ponuky st\u00e1le prich\u00e1dzali a ja som ich odmietal. Potom pri\u0161la pozv\u00e1nky od Ivany Rumanovej, ktor\u00e1 vtedy robila festival Kinobus. Pova\u017eujem ju za krstn\u00fa mamu svojej koncertnej kari\u00e9ry.&nbsp;<\/p>\n\n\n\n<p>Opakovane mi posielala ponuku na vyst\u00fapenie na festivale, ktor\u00fa vylep\u0161ovala. Mal som vtedy kamar\u00e1tov hudobn\u00edkov v \u0160ali. Stretli sme sa a t\u00fd\u017ede\u0148 sme str\u00e1vili v sk\u00fa\u0161obni, ktor\u00e1 s\u00eddlila za mestom uprostred po\u013ea. Presp\u00e1val som tam vo ve\u013emi proviz\u00f3rnych podmienkach. Za t\u00fd\u017ede\u0148 sme v\u0161ak nacvi\u010dili cel\u00fd 40-min\u00fatov\u00fd set.&nbsp;<\/p>\n\n\n\n<p>Bolo to z\u00e1rove\u0148 obdobie, ke\u010f moja sestra u\u017e nechcela tvori\u0165. Ke\u010f sme so sestrou prestali robi\u0165 nahr\u00e1vky, za\u010dal som koncertova\u0165.&nbsp;<\/p>\n\n\n\n<figure class=\"wp-block-image size-large\"><img loading=\"lazy\" decoding=\"async\" width=\"731\" height=\"1024\" src=\"https:\/\/duhovyrok.sk\/qys\/wp-content\/uploads\/sites\/2\/2025\/08\/5S8A9705_zakl._ai_zakl._V_FB-731x1024.jpg\" alt=\"\" class=\"wp-image-4909\" srcset=\"https:\/\/duhovyrok.sk\/qys\/wp-content\/uploads\/sites\/2\/2025\/08\/5S8A9705_zakl._ai_zakl._V_FB-731x1024.jpg 731w, https:\/\/duhovyrok.sk\/qys\/wp-content\/uploads\/sites\/2\/2025\/08\/5S8A9705_zakl._ai_zakl._V_FB-500x700.jpg 500w, https:\/\/duhovyrok.sk\/qys\/wp-content\/uploads\/sites\/2\/2025\/08\/5S8A9705_zakl._ai_zakl._V_FB-1097x1536.jpg 1097w, https:\/\/duhovyrok.sk\/qys\/wp-content\/uploads\/sites\/2\/2025\/08\/5S8A9705_zakl._ai_zakl._V_FB.jpg 1462w\" sizes=\"auto, (max-width: 731px) 100vw, 731px\" \/><\/figure>\n\n\n\n<p><strong>Ak\u00e9 bolo pre v\u00e1s vystupovanie?<\/strong>&nbsp;<\/p>\n\n\n\n<p>Zdalo sa mi to ve\u013emi prirodzen\u00e9, od detstva som bol na p\u00f3diu. Chodil som na divadeln\u00fd kr\u00fa\u017eok a aj na klav\u00edr na ZU\u0160-ku.&nbsp;<\/p>\n\n\n\n<p>Na koncertoch som sa absol\u00fatne vybl\u00e1znil. Triasol som sa, mykal, kri\u010dal, sk\u00e1kal a nemal som \u017eiadnu hanbu \u010di tr\u00e9mu. Ohlasy boli tie\u017e dobr\u00e9, prich\u00e1dzali \u010fal\u0161ie ponuky, no kapela sa ve\u013emi r\u00fdchlo rozpadla.&nbsp;<\/p>\n\n\n\n<p><strong>Po tre\u0165om albume ste vydali kompil\u00e1ciu najlep\u0161ej tvorby Dobre je na svete, ke\u010f je voda tak\u00e1 tekut\u00e1, ktor\u00e1 prv\u00fdkr\u00e1t spr\u00edstup\u0148uje tvorbu kapely na ofici\u00e1lnych streamovac\u00edch platform\u00e1ch. Vtedy ste sa pres\u0165ahovali z Vr\u00e1be\u013e do Bratislavy, kapela zostala na nieko\u013eko rokov neakt\u00edvna. Pre\u010do?&nbsp;<\/strong><\/p>\n\n\n\n<p>Absol\u00fatne som to nevn\u00edmal ako d\u00f4le\u017eit\u00fa vec. Na strednej som \u0161tudoval v\u00fdtvarn\u00e9 umenie a videl som sa ako fotograf. Ke\u010f som bol prijat\u00fd na Vysok\u00fa \u0161kolu v\u00fdtvarn\u00fdch umen\u00ed, utvrdzoval som sa v tom, \u017ee sa budem venova\u0165 fotografii.&nbsp;<\/p>\n\n\n\n<p>Po roku v Bratislave som stretol Erika \u017ddilu. Za\u010dali sme spolu v gar\u00e1\u017ei z dlhej chv\u00edle jamova\u0165. Ke\u010f sa dozvedel o Alten Kompoten, roz\u0161\u00edril povedomie o&nbsp;kapele \u010falej po \u0161kole. St\u00e1le ma tak&nbsp; prenasledovala, aj ke\u010f pre m\u0148a bola vtedy za zenitom. Nec\u00edtil som \u0161peci\u00e1lny pocit hrdosti na svoju hudobn\u00fa tvorbu.&nbsp;<\/p>\n\n\n\n<p><strong>No v roku 2024 sa v\u00e1m podarilo \u00faspe\u0161ne zalo\u017ei\u0165 nov\u00fa kapelu. Vr\u00e1tila sa teda aj hrdos\u0165?&nbsp;<\/strong><\/p>\n\n\n\n<p>Povedal by som, \u017ee ide o kombin\u00e1ciu viacer\u00fdch d\u00f4vodov. Medzi\u010dasom som toti\u017e p\u00f4sobil v in\u00fdch kapel\u00e1ch ako hudobn\u00edk a st\u00e1le som z\u00e1videl spev\u00e1\u010dkam. Bol som toti\u017e za klav\u00edrom s rukami prikovan\u00fdmi k n\u00e1stroju.&nbsp;<\/p>\n\n\n\n<p>V okol\u00ed prib\u00fadali \u013eudia, ktor\u00ed objavili alebo poznali Alten Kompoten. Za\u010dali mi rozpr\u00e1va\u0165, \u017ee tie\u017e mali detsk\u00fa kapelu, no nikde nemaj\u00fa ni\u010d nahran\u00e9, a preto im projekt pripadal super. Niekto \u010fal\u0161\u00ed mi hovoril, \u017ee z toho ide \u00faprimn\u00e1 rados\u0165: \u0161\u0165astn\u00e9, nesp\u00fatan\u00e9 detstvo a neobmedzen\u00e1 kreativita.&nbsp;<\/p>\n\n\n\n<p>Zobral som ako v\u00fdzvu, \u010di by som vedel nie\u010do tak\u00e9 op\u00e4\u0165 spravi\u0165. Tak som si povedal, \u017ee najprv trochu kreat\u00edvnej\u0161ie vzd\u00e1m poctu Alten Kompoten. S&nbsp;kapelou hr\u00e1me vari\u00e1cie na p\u00f4vodn\u00e9 skladby a&nbsp;n\u00e1pady, ktor\u00e9 sa neust\u00e1le vyv\u00edjaj\u00fa. Otv\u00e1ra n\u00e1m to mo\u017enosti dokon\u010dova\u0165 nedokon\u010den\u00e9 skladby aj tvori\u0165 nov\u00e9.<\/p>\n\n\n\n<p><strong>Na koncertoch \u010di udalostiach v\u00e1s opisuj\u00fa ako experiment\u00e1lnu kapelu. \u010co to znamen\u00e1?&nbsp;<\/strong><\/p>\n\n\n\n<p>Ni\u010d, preto to p\u00ed\u0161u. Ja si mysl\u00edm, \u017ee sme tak\u00e1 zmes \u017e\u00e1nrov. O tom je aj t\u00e1 n\u00e1hoda: neviete, \u010do v\u0161etko pr\u00edde. Chcem pesni\u010dku, ktor\u00e1 m\u00e1 rytmus tanga, ktor\u00e1 je elektronick\u00fd pop \u010di \u00fapln\u00e1 alternat\u00edva. Chcem ma\u0165 v\u0161etky rozhrania \u017e\u00e1nrov.&nbsp;<\/p>\n\n\n\n<p><strong>Po t\u00fdch \u00f4smich rokoch vy\u0161la nov\u00e1 nahr\u00e1vka Leto na ruk\u00e1ch, ktor\u00e1 je p\u00f4vodne z roku 2016. Pre\u010do bola nahran\u00e1 a vydan\u00e1 a\u017e teraz?&nbsp;<\/strong><\/p>\n\n\n\n<p>Vtedy som e\u0161te nevedel, ako by som ju nahral a zahral. Mal som toti\u017e o pesni\u010dke ur\u010dit\u00fa predstavu, bral som to ako v\u00fdzvu. Malo \u00eds\u0165 o ak\u00fdsi hybrid star\u0161ej tvorby a regul\u00e1rnej pesni\u010dky. No musela ma\u0165 autentick\u00fd zvuk p\u00f4vodnej nahr\u00e1vky.&nbsp;<\/p>\n\n\n\n<p><strong>Chce \u0161\u00edri\u0165 nesp\u00fatan\u00fa energiu, \u017ee e\u0161te ni\u010d nie je straten\u00e9&nbsp;<\/strong><\/p>\n\n\n\n<p><strong>Ako sa dar\u00ed skupine na slovenskej hudobnej sc\u00e9ne? Je otvoren\u00e1 podobn\u00fdm kapel\u00e1m, ako je Alten Kompoten?&nbsp;<\/strong><\/p>\n\n\n\n<p>Slovensk\u00e1 hudobn\u00e1 sc\u00e9na stoj\u00ed aj pad\u00e1 na tom, \u017ee je mal\u00e1. M\u00e1me mno\u017estvo \u013eud\u00ed, ktor\u00ed s\u00fa schopn\u00ed vytv\u00e1ra\u0165 hudbu a z\u00e1rove\u0148 produkova\u0165 festivaly. No tie mo\u017enosti nie s\u00fa najv\u00e4\u010d\u0161ie. M\u00e1m pocit, \u017ee medi\u00e1lne pokrytie kapiel je ve\u013emi slab\u00e9.&nbsp;<\/p>\n\n\n\n<p>Monopol na ak\u00fako\u013evek alternat\u00edvnu hudbu m\u00e1 R\u00e1dio_FM, inak m\u00e1me internetov\u00fd magaz\u00edn hudba.sk a mo\u017eno zop\u00e1r \u010fal\u0161\u00edch, ktor\u00e9 sa venuj\u00fa hudbe. \u010clovek sa tam v\u0161ak dostane v\u00e4\u010d\u0161inou len cez nejak\u00fd kontakt. Mysl\u00edm, \u017ee v \u010cesku to maj\u00fa hudobn\u00edci s medi\u00e1lnym pokryt\u00edm jednoduch\u0161ie.&nbsp;<\/p>\n\n\n\n<p><strong>D\u00e1 sa by\u0165 hudobn\u00edkom na pln\u00fd \u00fav\u00e4zok?<\/strong>&nbsp;<\/p>\n\n\n\n<p>M\u00e1me kapely, ktor\u00e9 s\u00fa zabehnut\u00e9 u\u017e desa\u0165ro\u010dia. Robi\u0165 hudbu a&nbsp;vystupova\u0165 v\u0161ak nepokryje \u017eivotn\u00e9 n\u00e1klady.<\/p>\n\n\n\n<p>Aj pre m\u0148a je to aktivita pri pr\u00e1ci, ktor\u00fa rob\u00edm na pln\u00fd \u00fav\u00e4zok. Sna\u017e\u00edm sa tvori\u0165 pesni\u010dky aj v pr\u00e1ci na z\u00e1chode. Potrebujem toti\u017e nejak\u00fdm sp\u00f4sobom pre\u017ei\u0165 a chodi\u0165 do pr\u00e1ce. Trochu mi to zaber\u00e1 nielen \u010das, ale hlavne ment\u00e1lny priestor.<\/p>\n\n\n\n<p>Ja pracujem, aby som mohol robi\u0165 veci, ktor\u00e9 ma bavia. Moj\u00edm cie\u013eom je, aby si na seba kapela zarobila. Zatia\u013e m\u00e1m v\u00fddavky, no u\u017e sa to postupne za\u010d\u00edna vraca\u0165.&nbsp;<\/p>\n\n\n\n<p><strong>Kde v\u0161ade ste u\u017e hrali?<\/strong>&nbsp;<\/p>\n\n\n\n<p>V Bratislave skoro v\u0161ade, inak aj v Tren\u010d\u00edne, Trnave. Podarilo sa n\u00e1m hra\u0165 i v&nbsp;\u010cesku. Cie\u013eom je hra\u0165 vo Vr\u00e1b\u013eoch. I\u0161lo by o skuto\u010dn\u00fd n\u00e1vrat. Chyst\u00e1me tie\u017e mal\u00e9 turn\u00e9 po Slovensku, chceme \u00eds\u0165 aj na v\u00fdchod.&nbsp;<\/p>\n\n\n\n<p>Najbli\u017e\u0161ie n\u00e1s \u010dak\u00e1 koncert v Banskej \u0160tiavnici, na \u010do sa ve\u013emi te\u0161\u00edm.&nbsp;<\/p>\n\n\n\n<p><strong>Rovnako ste hrali aj na r\u00f4znych benefi\u010dn\u00fdch koncertoch na podporu kv\u00edr \u013eud\u00ed. \u010co to pre v\u00e1s znamen\u00e1?&nbsp;<\/strong><\/p>\n\n\n\n<p>Sme v\u0161etci na jednej lodi. Vn\u00edmam, \u017ee vznik\u00e1 ve\u013ea nahnevanej muziky, no ja idem opa\u010dn\u00fdm smerom. Chcem, aby \u013eudia odch\u00e1dzali z koncertov pln\u00ed energie, a z\u00e1rove\u0148 ich chcem motivova\u0165 a ukazova\u0165, \u017ee aj tak\u00e9to je umenie a kult\u00fara.&nbsp;<\/p>\n\n\n\n<p>V\u0161etci sa pozn\u00e1me, v\u0161etci sme kamar\u00e1ti a mus\u00edme si pom\u00e1ha\u0165. Aj ke\u010f Slovensko nepraje umeniu a u\u017e v\u00f4bec nie tomu, ktor\u00e9 je kv\u00edr. Neviem, ak\u00fdm sp\u00f4sobom s t\u00fdm bojova\u0165. Nechcem sa pasova\u0165 do \u00falohy hrdinu a bojovn\u00edka. Alten Kompoten je detsk\u00fd projekt, ktor\u00fd je \u00faplne osloboden\u00fd od vn\u00edmania toho, \u010do sa deje v na\u0161ej politike.&nbsp;<\/p>\n\n\n\n<p>Vn\u00edmam vyjadrenia, ktor\u00e9 zaznievaj\u00fa v spolo\u010dnosti, no mojou silou je, \u017ee dok\u00e1\u017eem \u00eds\u0165 vpred. Je jedno, \u010do rozpr\u00e1va ministerka kult\u00fary Martina \u0160imkovi\u010dov\u00e1 a \u010fal\u0161\u00ed politici a politi\u010dky. Na moju tvorbu to nem\u00e1 vplyv.<\/p>\n\n\n\n<p>Na sc\u00e9ne je siln\u00e1 gener\u00e1cia mojich rovesn\u00edkov, ktor\u00ed nahlas kri\u010dia to, \u010do t\u00fa\u017eia v\u0161etci poveda\u0165. Ja chcem predstavova\u0165 nesp\u00fatan\u00fa energiu toho, \u017ee e\u0161te nie je v\u0161etko straten\u00e9.&nbsp;<\/p>\n\n\n\n<p><strong>Ako sa kapela pretransformovala v tvorbe od svojho vzniku?<\/strong>&nbsp;<\/p>\n\n\n\n<p>Pre m\u0148a je najv\u00e4\u010d\u0161\u00ed ot\u00e1znik, ako tvori\u0165. Viem, \u017ee mus\u00edm experimentova\u0165 s&nbsp;moj\u00edm pr\u00edstupom. Faktom je, \u017ee sme na za\u010diatku boli so sestrou doma, kde sme mali rodinu a prostredie, kde tvorba \u0161la sama. Teraz sa u\u010d\u00edm znova otv\u00e1ra\u0165 a vn\u00edma\u0165 v\u0161etko, \u010do sa deje okolo m\u0148a.&nbsp;<\/p>\n\n\n\n<p>Chyt\u00e1m sa pr\u00edle\u017eitost\u00ed robi\u0165 pesni\u010dky o najv\u0161ednej\u0161\u00edch veciach. Ke\u010f to v\u0161ak rob\u00edm s\u00e1m, stane sa, \u017ee sa do cel\u00e9ho procesu poriadne zamot\u00e1m. V kapele potom ve\u013ea improvizujeme. Rob\u00edm si n\u00e1hradn\u00e9 sestry z r\u00f4znych \u013eud\u00ed okolo m\u0148a.&nbsp;<\/p>\n\n\n\n<p><strong>\u010co pre v\u00e1s znamen\u00e1 Alten Kompoten?&nbsp;<\/strong><\/p>\n\n\n\n<p>Platforma na realiz\u00e1ciu najskuto\u010dnej\u0161ej verzie m\u0148a sam\u00e9ho. Je to detstvo, o ktor\u00e9 som nepri\u0161iel. Dr\u017e\u00ed ma nohami na zemi, no z\u00e1rove\u0148 som v\u010faka kapele v oblakoch. Pln\u00edm si utopick\u00fd sen popovej ikony. V\u0161etku energiu si odklad\u00e1m na Alten Kompoten a potom ju rozd\u00e1vam \u013eu\u010fom, ke\u010f si vykri\u010d\u00edm hlasivky.&nbsp;<\/p>\n\n\n\n<p>To, \u017ee kapela existuje, pova\u017eujem za jej najv\u00e4\u010d\u0161\u00ed \u00faspech. Samo osebe je \u0165a\u017ek\u00e9 ma\u0165 pokope skupinu, ktor\u00e1 m\u00e1 zosta\u0165 relevantn\u00e1 a vytv\u00e1ra\u0165 nov\u00e9 veci.<\/p>\n","protected":false},"excerpt":{"rendered":"<p>Autor: Michal Dudo\u0148 \/ FOTO: Jakub kov\u00e1\u010d Text sme prv\u00fd raz publikovali v \u010d\u00edsle Leto 2025. Hudobn\u00fd projekt Alten Kompoten vznikol z nudy po\u010das letn\u00fdch pr\u00e1zdnin. \u201eSestra si za\u010dala dookola spieva\u0165 ,naroben\u00fd \u010daj\u2018 a \u010fal\u0161ie slov\u00e1. Povedal som jej, \u017ee to, \u010do spieva, nahr\u00e1me,\u201c spom\u00edna Matej Chren, autor a zakladate\u013e kapely, ktor\u00fd mal vtedy \u0161estn\u00e1s\u0165 <a href=\"https:\/\/duhovyrok.sk\/qys\/matej-z-alten-kompoten-nechcem-sa-pasovat-do-ulohy-hrdinu-a-bojovnika-moja-hudba-je-oslobodena-od-politiky\/\" class=\"more-link\">&#8230;<\/a><\/p>\n","protected":false},"author":21,"featured_media":4907,"comment_status":"closed","ping_status":"closed","sticky":false,"template":"","format":"standard","meta":{"footnotes":""},"categories":[255,10,259],"tags":[628,268,629,159,185,275],"class_list":["post-4870","post","type-post","status-publish","format-standard","has-post-thumbnail","hentry","category-hudba","category-kultura","category-rozhovory","tag-alten-kompoten","tag-hudba","tag-matej-chren","tag-queer-kultura","tag-rozhovor","tag-spevak"],"_links":{"self":[{"href":"https:\/\/duhovyrok.sk\/qys\/wp-json\/wp\/v2\/posts\/4870","targetHints":{"allow":["GET"]}}],"collection":[{"href":"https:\/\/duhovyrok.sk\/qys\/wp-json\/wp\/v2\/posts"}],"about":[{"href":"https:\/\/duhovyrok.sk\/qys\/wp-json\/wp\/v2\/types\/post"}],"author":[{"embeddable":true,"href":"https:\/\/duhovyrok.sk\/qys\/wp-json\/wp\/v2\/users\/21"}],"replies":[{"embeddable":true,"href":"https:\/\/duhovyrok.sk\/qys\/wp-json\/wp\/v2\/comments?post=4870"}],"version-history":[{"count":2,"href":"https:\/\/duhovyrok.sk\/qys\/wp-json\/wp\/v2\/posts\/4870\/revisions"}],"predecessor-version":[{"id":4910,"href":"https:\/\/duhovyrok.sk\/qys\/wp-json\/wp\/v2\/posts\/4870\/revisions\/4910"}],"wp:featuredmedia":[{"embeddable":true,"href":"https:\/\/duhovyrok.sk\/qys\/wp-json\/wp\/v2\/media\/4907"}],"wp:attachment":[{"href":"https:\/\/duhovyrok.sk\/qys\/wp-json\/wp\/v2\/media?parent=4870"}],"wp:term":[{"taxonomy":"category","embeddable":true,"href":"https:\/\/duhovyrok.sk\/qys\/wp-json\/wp\/v2\/categories?post=4870"},{"taxonomy":"post_tag","embeddable":true,"href":"https:\/\/duhovyrok.sk\/qys\/wp-json\/wp\/v2\/tags?post=4870"}],"curies":[{"name":"wp","href":"https:\/\/api.w.org\/{rel}","templated":true}]}}