{"id":4779,"date":"2025-05-20T14:08:46","date_gmt":"2025-05-20T12:08:46","guid":{"rendered":"https:\/\/duhovyrok.sk\/qys\/?p=4779"},"modified":"2025-08-12T14:41:15","modified_gmt":"2025-08-12T12:41:15","slug":"nove-jarne-cislo-magazinu-qys-je-vonku","status":"publish","type":"post","link":"https:\/\/duhovyrok.sk\/qys\/nove-jarne-cislo-magazinu-qys-je-vonku\/","title":{"rendered":"Nov\u00e9 jarn\u00e9 \u010d\u00edslo magaz\u00ednu QYS je vonku!"},"content":{"rendered":"\n<p>Jar prin\u00e1\u0161a nov\u00e9 vydanie magaz\u00ednu QYS, ktor\u00e9 sa tentoraz vracia do 90. rokov. Hlavn\u00e9 motto \u010d\u00edsla znie: Rovnak\u00e9 boje, len in\u00e9 plag\u00e1ty.<\/p>\n\n\n\n<p>V \u010d\u00edsle n\u00e1jdete:<\/p>\n\n\n\n<ul class=\"wp-block-list\">\n<li>Rozhovor s re\u017eis\u00e9rom prv\u00e9ho slovensk\u00e9ho celove\u010dern\u00e9ho gej filmu<\/li>\n\n\n\n<li>Uk\u00e1\u017eku pripravovan\u00e9ho komiksu Socializmus s teplou tv\u00e1rou<\/li>\n\n\n\n<li>Report\u00e1\u017e o tom, ako t\u00edned\u017eerov zasiahla samovra\u017eda Martina z \u0164ahanoviec<\/li>\n\n\n\n<li>Rozhovory s Jakubom Spev\u00e1kom a Luciou Berdysovou<\/li>\n\n\n\n<li>\u010cl\u00e1nok o spev\u00e1ckych ikon\u00e1ch, ktor\u00fdmi \u017eili dev\u00e4\u0165desiate<\/li>\n\n\n\n<li>\u010cl\u00e1nok o seri\u00e1li Xena, ktor\u00fd spravil revol\u00faciu v zobrazovan\u00ed \u017eensk\u00fdch hrdiniek<\/li>\n\n\n\n<li>v\u00fdber kv\u00edr filmov, ktor\u00e9 definovali 90. roky<\/li>\n\n\n\n<li>Koment\u00e1r Dominky Chrastovej aj matky, ktor\u00e1 si pred tridsiatimi rokmi kl\u00e1dla ot\u00e1zku, \u010di sa e\u0161te bude niekedy smia\u0165<\/li>\n\n\n\n<li>Nov\u00fd komiks o report\u00e9rke Petre<\/li>\n<\/ul>\n\n\n\n<p>A ve\u013ea \u010fal\u0161ieho skvel\u00e9ho \u010d\u00edtania\u2026<\/p>\n\n\n\n<p>Aktu\u00e1lne \u010d\u00edslo alebo ro\u010dn\u00e9 predplatn\u00e9 priamo domov si m\u00f4\u017eete objedna\u0165 na tomto odkaze:&nbsp;<a href=\"https:\/\/l.facebook.com\/l.php?u=https%3A%2F%2Fforms.gle%2FKZx1gLRL1UFdD1sz9%3Ffbclid%3DIwZXh0bgNhZW0CMTAAAR3GeIOMy7IFiE3i4Xxj_kf8CE0W0_8vakxy-fWqPyuz7bKPk_mxrBLnhNk_aem__FCVWuBfjm3xhmU5YuqV4g&amp;h=AT2US1sbt9Z8R6fFBDhrUkR6c06UJaDj6E9elxFw7frQoH24Um1YqS_fYHdOBJVsDim_YB4UYlckzPVtEnwibqv12c4ucvAoKJVFbl5uSJRQ-0iN2omTMNjeHWn60dpELg&amp;__tn__=-UK-R&amp;c[0]=AT1nvjuSuZNNCj6jPKHpi5hgp6f1SMSaqHh60VEez22MWdXWDakRy5kOylQ9A9Q33IXejoSw_1OiIDi9PMExx--uTZFeaCymjqqOe4DanFlbVIGBwKhVF7LIwEPiSpZzpl38ReTcd4byMmg4yVru8PASbpC1ujntzfiP8hrL_xatXnBFEFBQKlcR7kNxRhfqMm3aU1wxjQ\" target=\"_blank\" rel=\"noreferrer noopener\">https:\/\/forms.gle\/KZx1gLRL1UFdD1sz9<\/a><\/p>\n\n\n\n<p>Magaz\u00edn QYS zak\u00fapite aj vo va\u0161ich ob\u013e\u00faben\u00fdch kn\u00edhkupectv\u00e1ch:<\/p>\n\n\n\n<ul class=\"wp-block-list\">\n<li>Martinus na Obchodnej<\/li>\n\n\n\n<li>Brot na Panenskej<\/li>\n\n\n\n<li>Artforum na Kozej<\/li>\n\n\n\n<li>KOMPOT na Panenskej<\/li>\n\n\n\n<li>Liter\u00e1rne informa\u010dn\u00e9 centrum \/ Knihy LIC na N\u00e1mest\u00ed SNP<\/li>\n\n\n\n<li>Martinus na autobusovej stanici NIVY<\/li>\n\n\n\n<li>PLATO Ostrava<\/li>\n<\/ul>\n\n\n\n<p>Toto \u010d\u00edslo bolo realizovan\u00e9 s finan\u010dnou podporou&nbsp;<a href=\"https:\/\/www.fpu.sk\/sk\/\">Fondu na podporu umenia<\/a>. Financovan\u00e9 zo zdrojov Eur\u00f3pskej \u00fanie z Programu \u201e<a href=\"https:\/\/commission.europa.eu\/funding-tenders\/find-funding\/eu-funding-programmes\/citizens-equality-rights-and-values-programme_en\">Citizens, Equality, Rights and Values Programme<\/a>\u201c<\/p>\n\n\n\n<p>Na titulke n\u00e1jdete dielo od Rogue Glass.<\/p>\n","protected":false},"excerpt":{"rendered":"<p>Jar prin\u00e1\u0161a nov\u00e9 vydanie magaz\u00ednu QYS, ktor\u00e9 sa tentoraz vracia do 90. rokov. Hlavn\u00e9 motto \u010d\u00edsla znie: Rovnak\u00e9 boje, len in\u00e9 plag\u00e1ty. V \u010d\u00edsle n\u00e1jdete: A ve\u013ea \u010fal\u0161ieho skvel\u00e9ho \u010d\u00edtania\u2026 Aktu\u00e1lne \u010d\u00edslo alebo ro\u010dn\u00e9 predplatn\u00e9 priamo domov si m\u00f4\u017eete objedna\u0165 na tomto odkaze:&nbsp;https:\/\/forms.gle\/KZx1gLRL1UFdD1sz9 Magaz\u00edn QYS zak\u00fapite aj vo va\u0161ich ob\u013e\u00faben\u00fdch kn\u00edhkupectv\u00e1ch: Toto \u010d\u00edslo bolo realizovan\u00e9 <a href=\"https:\/\/duhovyrok.sk\/qys\/nove-jarne-cislo-magazinu-qys-je-vonku\/\" class=\"more-link\">&#8230;<\/a><\/p>\n","protected":false},"author":9,"featured_media":4783,"comment_status":"closed","ping_status":"closed","sticky":false,"template":"","format":"standard","meta":{"footnotes":""},"categories":[1,6],"tags":[266,617,125,159],"class_list":["post-4779","post","type-post","status-publish","format-standard","has-post-thumbnail","hentry","category-nezaradene","category-pribehy-lgbti-ludi","tag-from-qys","tag-jar25","tag-novevydanie","tag-queer-kultura"],"_links":{"self":[{"href":"https:\/\/duhovyrok.sk\/qys\/wp-json\/wp\/v2\/posts\/4779","targetHints":{"allow":["GET"]}}],"collection":[{"href":"https:\/\/duhovyrok.sk\/qys\/wp-json\/wp\/v2\/posts"}],"about":[{"href":"https:\/\/duhovyrok.sk\/qys\/wp-json\/wp\/v2\/types\/post"}],"author":[{"embeddable":true,"href":"https:\/\/duhovyrok.sk\/qys\/wp-json\/wp\/v2\/users\/9"}],"replies":[{"embeddable":true,"href":"https:\/\/duhovyrok.sk\/qys\/wp-json\/wp\/v2\/comments?post=4779"}],"version-history":[{"count":4,"href":"https:\/\/duhovyrok.sk\/qys\/wp-json\/wp\/v2\/posts\/4779\/revisions"}],"predecessor-version":[{"id":4789,"href":"https:\/\/duhovyrok.sk\/qys\/wp-json\/wp\/v2\/posts\/4779\/revisions\/4789"}],"wp:featuredmedia":[{"embeddable":true,"href":"https:\/\/duhovyrok.sk\/qys\/wp-json\/wp\/v2\/media\/4783"}],"wp:attachment":[{"href":"https:\/\/duhovyrok.sk\/qys\/wp-json\/wp\/v2\/media?parent=4779"}],"wp:term":[{"taxonomy":"category","embeddable":true,"href":"https:\/\/duhovyrok.sk\/qys\/wp-json\/wp\/v2\/categories?post=4779"},{"taxonomy":"post_tag","embeddable":true,"href":"https:\/\/duhovyrok.sk\/qys\/wp-json\/wp\/v2\/tags?post=4779"}],"curies":[{"name":"wp","href":"https:\/\/api.w.org\/{rel}","templated":true}]}}