{"id":4734,"date":"2025-01-06T15:48:02","date_gmt":"2025-01-06T14:48:02","guid":{"rendered":"https:\/\/duhovyrok.sk\/qys\/?p=4734"},"modified":"2025-01-06T15:48:23","modified_gmt":"2025-01-06T14:48:23","slug":"tiktoker-asistencni-civava-hoci-mam-hendikep-moj-proces-tranzicie-bol-bezny","status":"publish","type":"post","link":"https:\/\/duhovyrok.sk\/qys\/tiktoker-asistencni-civava-hoci-mam-hendikep-moj-proces-tranzicie-bol-bezny\/","title":{"rendered":"Tiktoker Asisten\u010dn\u00ed \u010divava: Hoci m\u00e1m hendikep, m\u00f4j proces tranz\u00edcie bol be\u017en\u00fd"},"content":{"rendered":"\n<p><strong>Autor: Matej Uhl\u00e1r<\/strong> \/ <strong>FOTO: Arch\u00edv Asisten\u010dn\u00ed \u010divava<\/strong><\/p>\n\n\n\n<p><em>Text sme prv\u00fd raz publikovali v \u010d\u00edsle Jese\u0148 2024.<\/em><\/p>\n\n\n\n<p><strong>Tiktokera V\u00ed\u0165u ur\u010dite mnoho \u010ditate\u013estva pozn\u00e1 pod prez\u00fdvkou Asisten\u010dn\u00ed \u010divava. Na svojom profile sa sna\u017e\u00ed pouk\u00e1za\u0165 na d\u00f4le\u017eitos\u0165 asisten\u010dn\u00fdch psov pre hendikepovan\u00e9ho \u010dloveka. To je v\u0161ak len mal\u00e1 \u010das\u0165 jeho \u017eivota. M\u00e1lokto vie o jeho pre\u017e\u00edvan\u00ed radost\u00ed \u010di starost\u00ed. In\u00ed, ktor\u00ed aj vedia viac, v\u0161ak rad\u0161ej zatv\u00e1raj\u00fa o\u010di.<\/strong><\/p>\n\n\n\n<p><strong>Prostredn\u00edctvom svojich vide\u00ed p\u00fa\u0161\u0165a\u0161 fan\u00fa\u0161ikov do svojho \u017eivota. Poznaj\u00fa \u0165a cez tvoj hendikep a \u0161tvornoh\u00e9ho asistenta. M\u00e1lokto v\u0161ak vie, \u017ee si transrodov\u00fd mu\u017e\u2026<\/strong><\/p>\n\n\n\n<p>Ke\u010f sa \u010dlovek narod\u00ed s&nbsp;hendikepom, spolo\u010dnos\u0165 ho s\u00edce za\u010dne vn\u00edma\u0165 inak, ale postupom \u010dasu si na\u0148ho zvykne. S\u00edce sa na\u0148ho \u013eudia neprestan\u00fa pozera\u0165 cez prsty (ve\u010f to asi pozn\u00e1\u0161 s\u00e1m), ale aspo\u0148 sa rozhodn\u00fa tv\u00e1ri\u0165, \u017ee s\u00fa ochotn\u00ed ho akceptova\u0165 ako s\u00fa\u010das\u0165 spolo\u010dnosti, aj ke\u010f v\u00e4\u010d\u0161inou len s\u010dasti. Aj predstieran\u00e1 akcept\u00e1cia sa v\u0161ak \u010dasom vytrat\u00ed, ke\u010f sa rozhodnete vybo\u010di\u0165 z normy, do ktorej v\u00e1s automaticky zarad\u00ed va\u0161e okolie nie na z\u00e1klade toho, ak\u00fdm ste \u010dlovekom, ale len na z\u00e1klade v\u00e1\u0161ho hendikepu. Akoby fyzick\u00e9 znev\u00fdhodnenie malo vplyv na to, \u010do \u010dlovek smie, \u010do nesmie, \u010do m\u00f4\u017ee alebo nem\u00f4\u017ee c\u00edti\u0165 \u010di pre\u017e\u00edva\u0165.<\/p>\n\n\n\n<p><strong>M\u00e1\u0161 na mysli svoju tranz\u00edciu?<\/strong><\/p>\n\n\n\n<p>\u00c1no, aj ke\u010f nie \u00faplne. Samozrejme, pre\u0161iel som si obdob\u00edm, ke\u010f sa mi okolie sna\u017eilo vyhovori\u0165 tranz\u00edciu so slovami, \u010di u\u017e toho nem\u00e1m dos\u0165, \u010di nie som u\u017e aj tak dostato\u010dne odli\u0161n\u00fd a \u010di mi to za to stoj\u00ed. Na druhej strane v\u0161ak mus\u00edm poveda\u0165, \u017ee ke\u010f moji pest\u00fanski rodi\u010dia videli, \u017ee som o nej pevne rozhodnut\u00fd a idem si za t\u00fdm, \u010do chcem, podporili ma. Ani z medic\u00ednskeho h\u013eadiska neboli pre m\u00f4j hendikep, detsk\u00fa mozgov\u00fa obrnu, \u017eiadne probl\u00e9my a nemusel som podstupova\u0165 ni\u010d zvl\u00e1\u0161tne, \u0161peci\u00e1lne. M\u00f4j proces tranz\u00edcie bol jednoducho rovnak\u00fd ako u ka\u017ed\u00e9ho, kto urob\u00ed podobn\u00e9 rozhodnutie. Nehovor\u00edm, \u017ee by som sa e\u0161te aj dnes, po \u00f4smich rokoch, \u010do som sa rozhodol pre zmenu pohlavia, nestretol s t\u00fdm, \u017ee by \u013eudia nepochybovali o mojej ment\u00e1lnej sp\u00f4sobilosti vykona\u0165 tak\u00fdto \u017eivotn\u00fd krok. Ale to sa jednoducho \u010dloveku, ktor\u00fd pou\u017e\u00edva invalidn\u00fd voz\u00edk, v&nbsp;na\u0161ej spolo\u010dnosti st\u00e1va. Pre mnoh\u00fdch, napr\u00edklad pre moju biologick\u00fa matku, ktor\u00e1 ma dodnes oslovuje moj\u00edm \u017eensk\u00fdm menom, je to skr\u00e1tka jednoduch\u00e1 z\u00e1mienka, ako ma zosmie\u0161ni\u0165. Mysl\u00edm si, \u017ee na m\u0148a horm\u00f3ny \u00fa\u010dinkuj\u00fa dobre, a ke\u010f chcem, viem skry\u0165 v\u0161etko, \u010do potrebujem. V kone\u010dnom d\u00f4sledku, ak ma e\u0161te dnes na ulici \u013eudia oslovuj\u00fa v \u017eenskom rode, zosmie\u0161\u0148uj\u00fa sa sami. Nemal som pochybnosti o tom, \u017ee chcem by\u0165 transrodov\u00fdm mu\u017eom, no akosi som nechcel patri\u0165 do LGBTQ+ komunity.<\/p>\n\n\n\n<figure class=\"wp-block-image size-large\"><img loading=\"lazy\" decoding=\"async\" width=\"771\" height=\"1024\" src=\"https:\/\/duhovyrok.sk\/qys\/wp-content\/uploads\/sites\/2\/2024\/11\/1000001848-771x1024.jpg\" alt=\"\" class=\"wp-image-4736\" srcset=\"https:\/\/duhovyrok.sk\/qys\/wp-content\/uploads\/sites\/2\/2024\/11\/1000001848-771x1024.jpg 771w, https:\/\/duhovyrok.sk\/qys\/wp-content\/uploads\/sites\/2\/2024\/11\/1000001848-527x700.jpg 527w, https:\/\/duhovyrok.sk\/qys\/wp-content\/uploads\/sites\/2\/2024\/11\/1000001848-1157x1536.jpg 1157w, https:\/\/duhovyrok.sk\/qys\/wp-content\/uploads\/sites\/2\/2024\/11\/1000001848-1542x2048.jpg 1542w, https:\/\/duhovyrok.sk\/qys\/wp-content\/uploads\/sites\/2\/2024\/11\/1000001848-scaled.jpg 1928w\" sizes=\"auto, (max-width: 771px) 100vw, 771px\" \/><\/figure>\n\n\n\n<p><strong>Pre\u010do?<\/strong><\/p>\n\n\n\n<p>Mal som a vlastne st\u00e1le m\u00e1m strach zo samoty. S mojou novou identitou som sa stal aj gejom. Pre mnoh\u00fdch \u013eud\u00ed je \u010dlovek s&nbsp;hendikepom z&nbsp;h\u013eadiska intimity \u2013 no, ako to spr\u00e1vne a slu\u0161ne poveda\u0165 \u2013 proste \u201efuj\u201c. A t\u00fdm, \u017ee som sa stal mu\u017eom bez opera\u010dn\u00fdch z\u00e1krokov, nad ktor\u00fdmi teda neuva\u017eujem, preto\u017ee v \u010cesku je to st\u00e1le ve\u013ek\u00e9 riziko, je mi jasn\u00e9, \u017ee nedok\u00e1\u017eem druhej strane poskytn\u00fa\u0165 to, \u010do chlap od chlapa o\u010dak\u00e1va. A to v nadv\u00e4zovan\u00ed mojich vz\u0165ahov vytv\u00e1ra \u010fal\u0161iu bari\u00e9ru. Aj ke\u010f, paradoxne, zmenou identity sa zo m\u0148a stal otvorenej\u0161\u00ed a spokojnej\u0161\u00ed \u010dlovek, aj ke\u010f nikam nezapad\u00e1m&#8230;<\/p>\n\n\n\n<p><strong>Ako sa to prejavuje?<\/strong><\/p>\n\n\n\n<p>R\u00e1d by som mal okolo seba aj partiu \u013eud\u00ed s hendikepom, no zd\u00e1 sa mi, akoby sme neboli na jednej my\u0161lienkovej vlne a vn\u00edmame \u017eivot \u00faplne rozdielne. Uvedomujem si, \u017ee \u017eivot s ak\u00fdmko\u013evek obmedzen\u00edm je komplikovan\u00fd. Hlavne v&nbsp;krajine, ako je \u010cesko, kde ve\u013ea vec\u00ed nefunguje. Ve\u013ea vec\u00ed, ktor\u00e9 by mali by\u0165 samozrejmos\u0165ou, nie s\u00fa prisp\u00f4soben\u00e9 individu\u00e1lnym potreb\u00e1m, \u010do sp\u00f4sobuje hendikepovan\u00fdm \u013eu\u010fom \u0165a\u017ekosti, ale to predsa nie je skuto\u010dn\u00fd \u017eivot. Ve\u010f ozajstn\u00fd \u017eivot a skuto\u010dn\u00e9 pos\u00favanie hran\u00edc je o individualite. O tom, \u010do \u010dlovek chce, pre\u017e\u00edva, c\u00edti, ak\u00fd m\u00e1 poh\u013ead na svet. Pod\u013ea m\u0148a na seba ve\u013ea hendikepovan\u00fdch \u013eud\u00ed zab\u00fada nahliada\u0165 ako na jedine\u010dn\u00e9 osobnosti s&nbsp;potrebami, s\u00edce \u0161peci\u00e1lnymi, z&nbsp;ktor\u00fdch mnoh\u00e9 vypl\u00fdvaj\u00fa pr\u00e1ve z&nbsp;\u013eudskej prirodzenosti. To sp\u00f4sobuje, \u017ee \u010dasto sk\u013azneme do u\u017e vychoden\u00fdch chodn\u00ed\u010dkov. Potom sa ale nem\u00f4\u017eeme \u010dudova\u0165, \u017ee zvy\u0161ok sveta a&nbsp;mo\u017enosti, ktor\u00e9 pon\u00faka, nie s\u00fa prisp\u00f4soben\u00e9 \u013eu\u010fom s&nbsp;hendikepom. Treba sa na to pozrie\u0165 tak, \u017ee \u010dlovek je s\u00edce tvor ve\u013emi vynaliezav\u00fd, ale z\u00e1rove\u0148 ve\u013emi leniv\u00fd. Preto sa nebude prisp\u00f4sobova\u0165 minorite, navy\u0161e ke\u010f si aj \u010dlovek s postihnut\u00edm povie, \u017ee sa uspokoj\u00ed s&nbsp;t\u00fdm, \u010do sa mu pon\u00faka. Nezab\u00fadajme preto, \u017ee ka\u017ed\u00e1 \u013eudsk\u00e1 bytos\u0165 je jedine\u010dn\u00e1 nie t\u00fdm, ako vyzer\u00e1, ale t\u00fdm, ako sa sama seba vn\u00edma, t\u00fdm, \u010do potrebuje. Toto je to, \u010do dok\u00e1\u017ee pos\u00fava\u0165 hranice a meni\u0165 svet.<\/p>\n\n\n\n<p><strong>Nebol by aj toto d\u00f4vod, aby si sa pok\u00fasil prerozpr\u00e1va\u0165 svoj pr\u00edbeh aj z poh\u013eadu transrodov\u00e9ho mu\u017ea na voz\u00edku?<\/strong><\/p>\n\n\n\n<p>Perspekt\u00edvu by to ur\u010dite malo, sledovanos\u0165 tie\u017e a&nbsp;ohlasy, o t\u00fdch rad\u0161ej poml\u010d\u00edm\u2026 A vlastne to je d\u00f4vod, pre\u010do som sa zatia\u013e pre tento krok neodhodlal. Ako \u010dlovek s hendikepom m\u00e1m toti\u017e pocit, \u017ee cel\u00fd \u017eivot mus\u00edm niekomu nie\u010do dokazova\u0165, obhajova\u0165 svoje kroky a&nbsp;rozhodnutia. A to predsa nie je spr\u00e1vne. Do tranz\u00edcie som \u0161iel, aby som mohol by\u0165 s\u00e1m sebou. Ako som spom\u00ednal, stal sa zo m\u0148a ove\u013ea otvorenej\u0161\u00ed \u010dlovek. Moment\u00e1lne pom\u00e1ham jedn\u00e9mu hendikepovan\u00e9mu kamar\u00e1tovi na jeho ceste za zmenou pohlavia. \u010ci\u017ee ak ma chce niekto spozna\u0165, ur\u010dite m\u00e1 t\u00fa mo\u017enos\u0165. Nebr\u00e1nim sa ani tomu, aby som sa podelil o svoje sk\u00fasenosti, ale prostredn\u00edctvom videa zatia\u013e asi nie.<\/p>\n","protected":false},"excerpt":{"rendered":"<p>Autor: Matej Uhl\u00e1r \/ FOTO: Arch\u00edv Asisten\u010dn\u00ed \u010divava Text sme prv\u00fd raz publikovali v \u010d\u00edsle Jese\u0148 2024. Tiktokera V\u00ed\u0165u ur\u010dite mnoho \u010ditate\u013estva pozn\u00e1 pod prez\u00fdvkou Asisten\u010dn\u00ed \u010divava. Na svojom profile sa sna\u017e\u00ed pouk\u00e1za\u0165 na d\u00f4le\u017eitos\u0165 asisten\u010dn\u00fdch psov pre hendikepovan\u00e9ho \u010dloveka. To je v\u0161ak len mal\u00e1 \u010das\u0165 jeho \u017eivota. M\u00e1lokto vie o jeho pre\u017e\u00edvan\u00ed radost\u00ed \u010di <a href=\"https:\/\/duhovyrok.sk\/qys\/tiktoker-asistencni-civava-hoci-mam-hendikep-moj-proces-tranzicie-bol-bezny\/\" class=\"more-link\">&#8230;<\/a><\/p>\n","protected":false},"author":21,"featured_media":4735,"comment_status":"closed","ping_status":"closed","sticky":false,"template":"","format":"standard","meta":{"footnotes":""},"categories":[259],"tags":[611,266,185,612],"class_list":["post-4734","post","type-post","status-publish","format-standard","has-post-thumbnail","hentry","category-rozhovory","tag-asistencni-civava","tag-from-qys","tag-rozhovor","tag-tiktoker"],"_links":{"self":[{"href":"https:\/\/duhovyrok.sk\/qys\/wp-json\/wp\/v2\/posts\/4734","targetHints":{"allow":["GET"]}}],"collection":[{"href":"https:\/\/duhovyrok.sk\/qys\/wp-json\/wp\/v2\/posts"}],"about":[{"href":"https:\/\/duhovyrok.sk\/qys\/wp-json\/wp\/v2\/types\/post"}],"author":[{"embeddable":true,"href":"https:\/\/duhovyrok.sk\/qys\/wp-json\/wp\/v2\/users\/21"}],"replies":[{"embeddable":true,"href":"https:\/\/duhovyrok.sk\/qys\/wp-json\/wp\/v2\/comments?post=4734"}],"version-history":[{"count":1,"href":"https:\/\/duhovyrok.sk\/qys\/wp-json\/wp\/v2\/posts\/4734\/revisions"}],"predecessor-version":[{"id":4737,"href":"https:\/\/duhovyrok.sk\/qys\/wp-json\/wp\/v2\/posts\/4734\/revisions\/4737"}],"wp:featuredmedia":[{"embeddable":true,"href":"https:\/\/duhovyrok.sk\/qys\/wp-json\/wp\/v2\/media\/4735"}],"wp:attachment":[{"href":"https:\/\/duhovyrok.sk\/qys\/wp-json\/wp\/v2\/media?parent=4734"}],"wp:term":[{"taxonomy":"category","embeddable":true,"href":"https:\/\/duhovyrok.sk\/qys\/wp-json\/wp\/v2\/categories?post=4734"},{"taxonomy":"post_tag","embeddable":true,"href":"https:\/\/duhovyrok.sk\/qys\/wp-json\/wp\/v2\/tags?post=4734"}],"curies":[{"name":"wp","href":"https:\/\/api.w.org\/{rel}","templated":true}]}}