{"id":4692,"date":"2024-11-27T08:59:54","date_gmt":"2024-11-27T07:59:54","guid":{"rendered":"https:\/\/duhovyrok.sk\/qys\/?p=4692"},"modified":"2024-11-27T09:00:35","modified_gmt":"2024-11-27T08:00:35","slug":"kuratorka-vystavy-dancing-in-the-dark-alexandra-tamasova-kvir-ludia-si-zasluzia-slobodu-a-bezpecie","status":"publish","type":"post","link":"https:\/\/duhovyrok.sk\/qys\/kuratorka-vystavy-dancing-in-the-dark-alexandra-tamasova-kvir-ludia-si-zasluzia-slobodu-a-bezpecie\/","title":{"rendered":"Kur\u00e1torka v\u00fdstavy Dancing In The Dark, Alexandra Tam\u00e1sov\u00e1: Kv\u00edr \u013eudia si zasl\u00fa\u017eia slobodu a bezpe\u010die"},"content":{"rendered":"\n<p><strong>Autor: Kristi\u00e1n Lazar\u010d\u00edk \/ FOTO: Jakub Guly\u00e1s, Maro\u0161 Rov\u0148\u00e1k, Em\u00edlia Rigov\u00e1<\/strong><\/p>\n\n\n\n<p><em>Text sme prv\u00fd raz publikovali v \u010d\u00edsle Jese\u0148 2024.<\/em><\/p>\n\n\n\n<p><strong>Dvan\u00e1sty okt\u00f3ber 2022 sa zap\u00edsal do dej\u00edn Slovenska ako tragick\u00fd de\u0148, ke\u010f o&nbsp;\u017eivot pri\u0161li dve nevinn\u00e9 osoby. Teroristick\u00fd \u00fatok pred Tepl\u00e1r\u0148ou, ktor\u00fd sa v&nbsp;tento ve\u010der odohral, nen\u00e1vratne pozna\u010dil mnoh\u00e9 \u010fal\u0161ie \u017eivoty. Ako sa s&nbsp;touto udalos\u0165ou vyrovn\u00e1vaj\u00fa kv\u00edr \u013eudia \u017eij\u00faci v&nbsp;krajine, kde sa st\u00e1vaj\u00fa ter\u010dom \u00fatokov? Zdru\u017eenie Nomantinels pripravilo v\u00fdstavu Dancing In The Dark, po\u010das ktorej od 10. do 27. okt\u00f3bra predstav\u00ed diela trin\u00e1stich umelcov a&nbsp;umelk\u00fd\u0148, ktor\u00ed a ktor\u00e9 sa usiluj\u00fa n\u00e1js\u0165 odpovede na t\u00fato ot\u00e1zku.<\/strong><\/p>\n\n\n\n<p>Umeleckou kur\u00e1torkou v\u00fdstavy je Alexandra Tam\u00e1sov\u00e1, ktor\u00e1 sa dlhodobo zauj\u00edma o&nbsp;hist\u00f3riu, ale i&nbsp;s\u00fa\u010dasn\u00e9 podoby kv\u00edr umenia. \u201ePri v\u00fdstave Dancing In the Dark sa sna\u017e\u00edm n\u00e1js\u0165 balans medzi jej umeleck\u00fdm a aktivistick\u00fdm obsahom. Ide o v\u00fdstavu pripom\u00ednaj\u00facu dva roky od teroristick\u00e9ho \u00fatoku pred Tepl\u00e1r\u0148ou, kde pri\u0161li o \u017eivot Juraj Vankuli\u010d a Mat\u00fa\u0161 Horv\u00e1th a&nbsp;bola zranen\u00e1 Radka Trok\u0161iarov\u00e1. Z\u00e1rove\u0148 ide v&nbsp;podstate o&nbsp;prv\u00fa komplexnej\u0161iu kv\u00edr v\u00fdstavu na Slovensku, kde sa predstavia tak za\u010d\u00ednaj\u00face, ako aj etablovan\u00e9 autorstv\u00e1.\u201c<\/p>\n\n\n\n<p>Sp\u00fdtal som sa Alexandry, ak\u00e9 t\u00e9my bude v\u00fdstava v&nbsp;Pistoriho pal\u00e1ci reflektova\u0165: \u201eDiela bud\u00fa tak\u00e9 rozmanit\u00e9, ak\u00e9 s\u00fa rozmanit\u00e9 zapojen\u00e9 umelkyne a umelci. V\u00e4\u010d\u0161ina z nich bu\u010f priamo reaguje na trag\u00e9diu spred dvoch rokov, alebo sa \u0161ir\u0161ie vyjadruje k situ\u00e1cii a pocitom kv\u00edr \u013eud\u00ed na Slovensku.\u201c Vrav\u00ed, \u017ee v&nbsp;dielach m\u00f4\u017eeme \u010d\u00edta\u0165 kritiku aktu\u00e1lnych spolo\u010densk\u00fdch pomerov, sm\u00fatok, vzdor, odhodlanie, ale aj oslavu kv\u00edr identity. \u201eV\u00e4\u010d\u0161ina vystaven\u00fdch diel vznikla \u0161peci\u00e1lne pre t\u00fato v\u00fdstavu a m\u00f4\u017eem poveda\u0165, \u017ee to bude st\u00e1\u0165 za to.\u201c \u010caka n\u00e1s prehliadka medi\u00e1lne r\u00f4znorod\u00fdch diel \u2013 od klasick\u00fdch malieb na pl\u00e1tne, cez vide\u00e1, fotografiu alebo objekty z&nbsp;r\u00f4znych materi\u00e1lov, ako napr\u00edklad sklo, keramika \u010di textil, a\u017e po performance, ktor\u00e1 bude predstaven\u00e1 na vernis\u00e1\u017ei.&nbsp;<\/p>\n\n\n\n<p>Hoci je zapojen\u00e9 umelectvo rozmanit\u00e9 vekom, umeleck\u00fdm programom aj m\u00e9diami, v&nbsp;ktor\u00fdch sa vyjadruj\u00fa, Alexandra m\u00e1 pocit, \u017ee cel\u00e9 autorstvo sp\u00e1ja vedomie spolo\u010denskej zodpovednosti: \u201eV\u0161etci tvoria umenie, ktor\u00e9 sa vyjadruje k z\u00e1sadn\u00fdm t\u00e9mam (nielen LGBTI+ \u013eud\u00ed) a v s\u00fa\u010dasnej situ\u00e1cii sa chceli do projektu zapoji\u0165 a vyjadri\u0165 tak svoj postoj.\u201c<\/p>\n\n\n\n<p>S&nbsp;Alexandrou Tam\u00e1sovou sme sa rozpr\u00e1vali aj o&nbsp;vo\u013ebe n\u00e1zvu v\u00fdstavy Dancing In The Dark, notoricky zn\u00e1meho slovn\u00e9ho spojenia a&nbsp;z\u00e1rove\u0148 n\u00e1zvu sl\u00e1vnej piesne Brucea Springsteena: \u201eNad n\u00e1zvom sme dlho uva\u017eovali. Chceli sme, aby vyjadroval \u0165a\u017eobu, a\u017e temnotu, ktor\u00e1 dnes, dva roky od \u00fatoku, re\u00e1lne kv\u00edr \u013eud\u00ed obklopuje. Z\u00e1rove\u0148 sme ale nechceli by\u0165 len pesimistick\u00ed, chceli sme, aby v\u00fdstava bola aj povzbuden\u00edm a vyjadren\u00edm sily a n\u00e1deje.\u201c Alexandra objas\u0148uje, \u017ee tanec je v&nbsp;n\u00e1zve myslen\u00ed najm\u00e4 metaforicky, ako prejav radosti zo \u017eivota, ktor\u00fd n\u00e1m nikto nem\u00f4\u017ee zobra\u0165. \u201eTancova\u0165 sa d\u00e1 aj v najv\u00e4\u010d\u0161ej temnote a pr\u00e1ve tanec \u010dasto pom\u00e1ha temnotu prekona\u0165. S t\u00fdm s\u00favis\u00ed aj cit\u00e1t z divadelnej hry <em>Tis\u00edcdev\u00e4\u0165sto<\/em> od Alessandra Baricca: Ke\u010f tancuje\u0161, c\u00edti\u0161 sa ako Boh a nem\u00f4\u017ee\u0161 zomrie\u0165.\u201c Alexandra pripom\u00edna, \u017ee tanec je napokon ve\u013emi d\u00f4le\u017eitou s\u00fa\u010das\u0165ou \u017eivota kv\u00edr komunity. \u201eTepl\u00e9 p\u00e1rty, vogue b\u00e1ly \u010di kabarety s\u00fa miestami, kde sa kv\u00edr \u013eudia stret\u00e1vaj\u00fa a na\u010derp\u00e1vaj\u00fa nov\u00fa silu.\u201c<\/p>\n\n\n\n<figure class=\"wp-block-image size-large\"><img loading=\"lazy\" decoding=\"async\" width=\"1024\" height=\"577\" src=\"https:\/\/duhovyrok.sk\/qys\/wp-content\/uploads\/sites\/2\/2024\/11\/02-velka-1024x577.jpg\" alt=\"\" class=\"wp-image-4693\" srcset=\"https:\/\/duhovyrok.sk\/qys\/wp-content\/uploads\/sites\/2\/2024\/11\/02-velka-1024x577.jpg 1024w, https:\/\/duhovyrok.sk\/qys\/wp-content\/uploads\/sites\/2\/2024\/11\/02-velka-700x394.jpg 700w, https:\/\/duhovyrok.sk\/qys\/wp-content\/uploads\/sites\/2\/2024\/11\/02-velka-1536x865.jpg 1536w, https:\/\/duhovyrok.sk\/qys\/wp-content\/uploads\/sites\/2\/2024\/11\/02-velka.jpg 2048w\" sizes=\"auto, (max-width: 1024px) 100vw, 1024px\" \/><figcaption class=\"wp-element-caption\">Em\u00edlia Rigov\u00e1: Nepriestrelne kv\u00edr (Robert), 2024<\/figcaption><\/figure>\n\n\n\n<p>Jednotliv\u00e9 diela predstaven\u00e9 na v\u00fdstave Dancing In The Dark vz\u00e1jomn\u00fdm prepojen\u00edm a uzatvoren\u00edm do spolo\u010dn\u00fdch priestorov vytvoria jednak kompatibiln\u00fd celok, ale stan\u00fa sa i&nbsp;prehliadkou rozmanit\u00fdch tvoriv\u00fdch rie\u0161en\u00ed. \u201eV\u00fdstava bude ako pr\u00edbeh, ktor\u00fd sa sklad\u00e1 z mnoh\u00fdch \u010dast\u00ed, ale m\u00e1 jasn\u00fa pointu. Kv\u00edr \u013eudia si zasl\u00fa\u017eia existova\u0165 slobodne a v&nbsp;bezpe\u010d\u00ed,\u201c vrav\u00ed kur\u00e1torka Alexandra Tam\u00e1sov\u00e1 na z\u00e1ver n\u00e1\u0161ho rozhovoru.<\/p>\n\n\n\n<figure class=\"wp-block-image size-large\"><img loading=\"lazy\" decoding=\"async\" width=\"818\" height=\"1024\" src=\"https:\/\/duhovyrok.sk\/qys\/wp-content\/uploads\/sites\/2\/2024\/11\/Blood-men-roses-II-818x1024.jpg\" alt=\"\" class=\"wp-image-4694\" srcset=\"https:\/\/duhovyrok.sk\/qys\/wp-content\/uploads\/sites\/2\/2024\/11\/Blood-men-roses-II-818x1024.jpg 818w, https:\/\/duhovyrok.sk\/qys\/wp-content\/uploads\/sites\/2\/2024\/11\/Blood-men-roses-II-559x700.jpg 559w, https:\/\/duhovyrok.sk\/qys\/wp-content\/uploads\/sites\/2\/2024\/11\/Blood-men-roses-II-1227x1536.jpg 1227w, https:\/\/duhovyrok.sk\/qys\/wp-content\/uploads\/sites\/2\/2024\/11\/Blood-men-roses-II-1636x2048.jpg 1636w, https:\/\/duhovyrok.sk\/qys\/wp-content\/uploads\/sites\/2\/2024\/11\/Blood-men-roses-II-scaled.jpg 2045w\" sizes=\"auto, (max-width: 818px) 100vw, 818px\" \/><figcaption class=\"wp-element-caption\">Maro\u0161 Rov\u0148\u00e1k: Blood, men, roses II., 2024. Akryl na pl\u00e1tne, 100 x 80 cm<\/figcaption><\/figure>\n\n\n\n<p><\/p>\n","protected":false},"excerpt":{"rendered":"<p>Autor: Kristi\u00e1n Lazar\u010d\u00edk \/ FOTO: Jakub Guly\u00e1s, Maro\u0161 Rov\u0148\u00e1k, Em\u00edlia Rigov\u00e1 Text sme prv\u00fd raz publikovali v \u010d\u00edsle Jese\u0148 2024. Dvan\u00e1sty okt\u00f3ber 2022 sa zap\u00edsal do dej\u00edn Slovenska ako tragick\u00fd de\u0148, ke\u010f o&nbsp;\u017eivot pri\u0161li dve nevinn\u00e9 osoby. Teroristick\u00fd \u00fatok pred Tepl\u00e1r\u0148ou, ktor\u00fd sa v&nbsp;tento ve\u010der odohral, nen\u00e1vratne pozna\u010dil mnoh\u00e9 \u010fal\u0161ie \u017eivoty. Ako sa s&nbsp;touto udalos\u0165ou <a href=\"https:\/\/duhovyrok.sk\/qys\/kuratorka-vystavy-dancing-in-the-dark-alexandra-tamasova-kvir-ludia-si-zasluzia-slobodu-a-bezpecie\/\" class=\"more-link\">&#8230;<\/a><\/p>\n","protected":false},"author":21,"featured_media":4695,"comment_status":"closed","ping_status":"closed","sticky":false,"template":"","format":"standard","meta":{"footnotes":""},"categories":[10,258],"tags":[602,603,172,215,221],"class_list":["post-4692","post","type-post","status-publish","format-standard","has-post-thumbnail","hentry","category-kultura","category-vizualne-umenie","tag-alexandra-tamasova-2","tag-dancing-in-the-dark","tag-queer-vystava","tag-umenie","tag-vystava"],"_links":{"self":[{"href":"https:\/\/duhovyrok.sk\/qys\/wp-json\/wp\/v2\/posts\/4692","targetHints":{"allow":["GET"]}}],"collection":[{"href":"https:\/\/duhovyrok.sk\/qys\/wp-json\/wp\/v2\/posts"}],"about":[{"href":"https:\/\/duhovyrok.sk\/qys\/wp-json\/wp\/v2\/types\/post"}],"author":[{"embeddable":true,"href":"https:\/\/duhovyrok.sk\/qys\/wp-json\/wp\/v2\/users\/21"}],"replies":[{"embeddable":true,"href":"https:\/\/duhovyrok.sk\/qys\/wp-json\/wp\/v2\/comments?post=4692"}],"version-history":[{"count":1,"href":"https:\/\/duhovyrok.sk\/qys\/wp-json\/wp\/v2\/posts\/4692\/revisions"}],"predecessor-version":[{"id":4696,"href":"https:\/\/duhovyrok.sk\/qys\/wp-json\/wp\/v2\/posts\/4692\/revisions\/4696"}],"wp:featuredmedia":[{"embeddable":true,"href":"https:\/\/duhovyrok.sk\/qys\/wp-json\/wp\/v2\/media\/4695"}],"wp:attachment":[{"href":"https:\/\/duhovyrok.sk\/qys\/wp-json\/wp\/v2\/media?parent=4692"}],"wp:term":[{"taxonomy":"category","embeddable":true,"href":"https:\/\/duhovyrok.sk\/qys\/wp-json\/wp\/v2\/categories?post=4692"},{"taxonomy":"post_tag","embeddable":true,"href":"https:\/\/duhovyrok.sk\/qys\/wp-json\/wp\/v2\/tags?post=4692"}],"curies":[{"name":"wp","href":"https:\/\/api.w.org\/{rel}","templated":true}]}}