{"id":4530,"date":"2024-10-02T13:48:23","date_gmt":"2024-10-02T11:48:23","guid":{"rendered":"https:\/\/duhovyrok.sk\/qys\/?p=4530"},"modified":"2024-10-02T13:48:40","modified_gmt":"2024-10-02T11:48:40","slug":"miss-angelika-vznikla-som-podobne-ako-vela-dobrych-napadov-na-pive","status":"publish","type":"post","link":"https:\/\/duhovyrok.sk\/qys\/miss-angelika-vznikla-som-podobne-ako-vela-dobrych-napadov-na-pive\/","title":{"rendered":"Miss Angelika: Vznikla som, podobne ako ve\u013ea dobr\u00fdch n\u00e1padov, na pive"},"content":{"rendered":"\n<p><strong>Autor: Matej Uhl\u00e1r<\/strong> <strong>\/<\/strong> <strong>FOTO: Arch\u00edv Miss Angelika<\/strong><\/p>\n\n\n\n<p><em>Text sme prv\u00fd raz publikovali v \u010d\u00edsle Leto 2024.<\/em><\/p>\n\n\n\n<p><strong>Miss Angelika je \u010deskoslovensk\u00e1 travesty hviezda, ktor\u00e1 bav\u00ed svoje publikum u\u017e takmer 25 rokov, a&nbsp;z\u00e1rove\u0148 je to alterego Martina Fritscha. Jej \u0161ou m\u00f4\u017eu div\u00e1ci vidie\u0165 nielen u n\u00e1s \u010di v \u010ceskej republike, ale aj v okolit\u00fdch krajin\u00e1ch. Miluje svetl\u00e1 reflektorov, v\u00f4\u0148u l\u00ed\u010didiel, pozornos\u0165 obdivovate\u013eov a potlesk publika. Ale kto je vlastne t\u00e1to energick\u00e1 d\u00e1ma?<\/strong><\/p>\n\n\n\n<p><strong>Spomenul si, \u017ee Angelika je aj n\u00e1strojom na zar\u00e1banie pe\u0148az\u00ed. Ale v \u010dom bol tvoj prv\u00fd popud vytvori\u0165 si tak komplexn\u00fa identitu \u017eeny, ktor\u00fa dokonca oblieka\u0161 do kost\u00fdmov, ktor\u00e9 si navrhne\u0161 s\u00e1m, rob\u00ed\u0161 jej make-up?<\/strong><\/p>\n\n\n\n<p>Na toto by som odpovedal, \u017ee v\u00e4\u010d\u0161ina dobr\u00fdch n\u00e1padov sa zrod\u00ed pri pive. Ich nev\u00fdhodou je v\u0161ak to, \u017ee na druh\u00fd de\u0148 si ich m\u00e1lokto pam\u00e4t\u00e1. Ja som v\u0161ak \u010dlovek, ktor\u00fd si stoj\u00ed za slovom a ktor\u00e9mu by bolo blb\u00e9 nesplni\u0165 st\u00e1vku. A tak nejak sa zrodila Angelika. Ale treba poveda\u0165, \u017ee aj ostatn\u00e9 okolnosti jej priali. S ob\u013eubou zvyknem hovori\u0165, \u017ee vtedy sa podarilo hanbliv\u00e9mu Martinovi, \u010di\u017ee mne, by\u0165 v spr\u00e1vnom \u010dase na spr\u00e1vnom mieste.<\/p>\n\n\n\n<p><strong>Tak\u017ee hviezdna kari\u00e9ra Angeliky \u0161tartovala v\u010faka st\u00e1vke?<\/strong><\/p>\n\n\n\n<p>Presne<strong> <\/strong>tak! V\u00f4bec po prv\u00fdkr\u00e1t si Angelika pozornos\u0165 publika u\u017eila v\u010faka st\u00e1vke. Evidentne medzi \u0148ou a div\u00e1kmi hne\u010f presko\u010dila iskra, a tak mi za\u010dali chodi\u0165 nov\u00e9 a nov\u00e9 ponuky na vyst\u00fapenia. Ke\u010f\u017ee som si uvedomil, \u017ee ma to nesmierne bav\u00ed, nemal som d\u00f4vod nepokra\u010dova\u0165.<\/p>\n\n\n\n<p><strong>Hovor\u00ed\u0161, \u017ee si hanbliv\u00fd Martin? Pred p\u00e1r rokmi som \u0165a videl v rel\u00e1cii <\/strong><strong><em>Bez serv\u00edtky<\/em><\/strong><strong> a dodnes na ten t\u00fd\u017ede\u0148 spom\u00ednam s obrovsk\u00fdm \u00fasmevom.<\/strong><\/p>\n\n\n\n<p>No \u00e1no, na to si ve\u013emi dobre spom\u00ednam aj ja, a nielen kv\u00f4li tomu, \u017ee je to \u010dasto repr\u00edzovan\u00e9. Zi\u0161li sme sa tam, ako to spr\u00e1vne poveda\u0165, tak\u00e1 turbulentn\u00e1 partia. Ono by to v\u0161etko dopadlo inak, dokonca mo\u017eno div\u00e1cky nie a\u017e tak atrakt\u00edvne, ale tvorcovia rel\u00e1cie chceli, aby na piaty de\u0148 pri stole Martina vystriedala Angelika. V\u00fdbu\u0161n\u00e1 energick\u00e1 \u017eensk\u00e1, ktor\u00e1 rada bav\u00ed \u013eud\u00ed naokolo, ale za \u017eiadnu cenu si nenech\u00e1 brnka\u0165 na nervy ani sk\u00e1ka\u0165 po hlave. Za svoju dlhoro\u010dn\u00fa kari\u00e9ru, po\u010das ktorej sa u\u017e stretla s r\u00f4znymi reakciami a asi so v\u0161etk\u00fdmi typmi \u013eud\u00ed, m\u00e1 bohat\u00e9 sk\u00fasenosti, ako uzemni\u0165 toho, kto si to zasl\u00fa\u017ei, a e\u0161te z toho spravi\u0165 \u0161ou.<\/p>\n\n\n\n<p><strong>Je Angelika tvoja maska, v\u010faka ktorej m\u00f4\u017ee\u0161 pre\u017ei\u0165 aj to, \u010do by si mo\u017eno v civilnom \u017eivote za\u017ei\u0165 nemohol?<\/strong><\/p>\n\n\n\n<p>To s\u00fa ve\u013emi zauj\u00edmav\u00e9 ot\u00e1zky, ktor\u00e9 mi e\u0161te nikto nepolo\u017eil, a preto je dos\u0165 mo\u017en\u00e9, \u017ee som sa nikdy nad t\u00fdm takto nezam\u00fd\u0161\u013eal. Ale ke\u010f sa tak teraz po\u010d\u00favam, asi na tom nie\u010do bude. Vlastne pr\u00e1ve preto ostala Angelika existova\u0165 aj po splnen\u00ed st\u00e1vky. Zistil som, \u017ee v\u010faka nej sa dok\u00e1\u017eem odosobni\u0165 od introverta, dok\u00e1\u017eem zab\u00e1va\u0165 \u013eud\u00ed, robi\u0165 rados\u0165 \u2013 a to ma na tejto pr\u00e1ci, na tejto d\u00e1me jednoducho bav\u00ed.<\/p>\n\n\n\n<figure class=\"wp-block-image size-large\"><img loading=\"lazy\" decoding=\"async\" width=\"1024\" height=\"725\" src=\"https:\/\/duhovyrok.sk\/qys\/wp-content\/uploads\/sites\/2\/2024\/06\/FB_IMG_1716308326871-1024x725.jpg\" alt=\"\" class=\"wp-image-4611\" srcset=\"https:\/\/duhovyrok.sk\/qys\/wp-content\/uploads\/sites\/2\/2024\/06\/FB_IMG_1716308326871-1024x725.jpg 1024w, https:\/\/duhovyrok.sk\/qys\/wp-content\/uploads\/sites\/2\/2024\/06\/FB_IMG_1716308326871-700x496.jpg 700w, https:\/\/duhovyrok.sk\/qys\/wp-content\/uploads\/sites\/2\/2024\/06\/FB_IMG_1716308326871.jpg 1080w\" sizes=\"auto, (max-width: 1024px) 100vw, 1024px\" \/><figcaption class=\"wp-element-caption\"> V\u013dAVO Martin Fritsch \u00a9 Arch\u00edv Martina Fritscha, VPRAVO Miss Angelika \u00a9 Arch\u00edv Miss Angeliky<\/figcaption><\/figure>\n\n\n\n<p><strong>Je nie\u010do, \u010do Angelike z\u00e1vid\u00ed\u0161?<\/strong><\/p>\n\n\n\n<p>Ja viem, ja viem, ja viem, \u010do mi Martin z\u00e1vid\u00ed\u2026<\/p>\n\n\n\n<p><strong>Angelika, vitaj! \u010co si teda mysl\u00ed\u0161, \u017ee ti Martin z\u00e1vid\u00ed?<\/strong><\/p>\n\n\n\n<p><strong>Angelika<\/strong>: \u017de som ove\u013ea viac obletovan\u00e1 chlapmi ako on! Ale je to preto, \u017ee som aj ove\u013ea kraj\u0161ia\u2026<\/p>\n\n\n\n<p><strong>Martin<\/strong>: \u2026 a ove\u013ea hubatej\u0161ia! Ale \u00e1no, m\u00e1 pravdu, neraz jej z\u00e1vid\u00edm t\u00fdch pekn\u00fdch chlapov, ktor\u00ed sa okolo nej po vyst\u00fapen\u00ed motaj\u00fa a chc\u00fa sa s \u0148ou odfoti\u0165.<\/p>\n\n\n\n<p><strong>Viem, \u017ee t\u00e1to d\u00e1ma je tv\u00e1rou a podporovate\u013ekou r\u00f4znych charitat\u00edvnych akci\u00ed. Nemrz\u00ed \u0165a preto, \u017ee je omnoho vidite\u013enej\u0161ia ako ty s\u00e1m?<\/strong><\/p>\n\n\n\n<p><strong>Angelika<\/strong>: No, Martin, teraz \u201ek\u00e1pni bo\u017eskou\u201c! A&nbsp;viete, \u017ee e\u0161te pred p\u00e1r rokmi som bola \u013eu\u010fom ove\u013ea viac na o\u010diach, ako je to dnes? No len sa ho pekne sp\u00fdtajte, pre\u010do to u\u017e tak nie je\u2026<\/p>\n\n\n\n<p><strong>Martin<\/strong>: Hlavn\u00fd d\u00f4vod, pre\u010do si teraz menej na o\u010diach, je v tom, \u017ee pred p\u00e1r rokmi si mala 140 k\u00edl a teraz m\u00e1\u0161 95! A u\u017e neru\u0161 n\u00e1\u0161 rozhovor!<\/p>\n\n\n\n<p><strong>Tak ako to teda je?<\/strong><\/p>\n\n\n\n<p>Angelika je ako moja sestra. Asi s\u00e1m dobre vie\u0161, \u017ee s\u00farodenci vedia by\u0165 niekedy poriadne otravn\u00ed. M\u00e1m v\u00fdhodu, \u017ee ju m\u00f4\u017eem zavrie\u0165 do krabice a&nbsp;odd\u00fdchnu\u0165 si. Treba v\u0161ak poveda\u0165, \u017ee je to tak\u00fd m\u00f4j diablik z&nbsp;krabi\u010dky, v\u010faka ktor\u00e9mu viem aj pom\u00e1ha\u0165. Bez jej masky by som to, u\u017e len z povahy introverta, v\u00f4bec nedok\u00e1zal, nedostal by som sa na miesta, nepoznal by som \u013eud\u00ed\u2026 Martin toti\u017eto ani nevie hovori\u0165 pred \u013eu\u010fmi. A&nbsp;predsa s&nbsp;Angelikou m\u00e1 spolo\u010dn\u00e9 srdce a v\u017edy n\u00e1s zahreje, ke\u010f sa nie\u010do dobr\u00e9 podar\u00ed. Mysl\u00edm, \u017ee sa nem\u00fdlim, ke\u010f poviem, \u017ee to je to najpodstatnej\u0161ie.&nbsp;<\/p>\n\n\n\n<p><strong>Ale st\u00e1le mi v\u0155ta hlavou, \u010do presne Angelika myslela t\u00fdm, \u017ee boli \u010dasy, ke\u010f bola vidite\u013en\u00e1 viac.<\/strong><\/p>\n\n\n\n<p>Treba sa na to pozrie\u0165 z poh\u013eadu, \u017ee ten boom, ktor\u00fd bol na Slovensku alebo v \u010ceskej republike okolo roku 2000 v&nbsp;s\u00favislosti s travesty \u0161ou, u\u017e akosi ut\u00edchol. Obdobie pand\u00e9mie tomu, samozrejme, tie\u017e nepomohlo. Ale ur\u010dite je to aj v moje n\u00e1ture, preto\u017ee k&nbsp;svojej \u201esestre\u201c sa st\u00e1le ove\u013ea viac spr\u00e1vam ako k n\u00e1stroju na zar\u00e1banie pe\u0148az\u00ed, \u010do som spom\u00ednal u\u017e na za\u010diatku.<\/p>\n\n\n\n<p><strong>\u010co to znamen\u00e1?<\/strong><\/p>\n\n\n\n<p>Znamen\u00e1 to asi to\u013eko, \u017ee Angelika tu bude u\u017e len p\u00e1r rokov, teda k\u00fdm bude vl\u00e1da\u0165 so mnou sk\u00e1ka\u0165 na p\u00f3diu a bavi\u0165 \u013eud\u00ed, preto\u017ee to ma na tom bav\u00ed najviac. Moment\u00e1lne si u\u017e ve\u013emi vyber\u00e1m vyst\u00fapenia a pracovn\u00e9 pr\u00edle\u017eitosti. S\u00edce ma bav\u00ed vym\u00fd\u0161\u013ea\u0165 si kost\u00fdmy, ktor\u00e9 potom konzultujem s mojou kraj\u010d\u00edrkou, tak\u017ee ve\u013eakr\u00e1t vznikne nie\u010do \u00faplne in\u00e9 ako na za\u010diatku. Ale t\u00e1 premena z mu\u017ea na dokonal\u00fa \u017eenu pre m\u0148a nie je a\u017e tak \u00faplne podstatn\u00e1. Preto v\u017edy hovor\u00edm, \u017ee napasova\u0165 na seba make-up zvl\u00e1dnem s\u00e1m. Teda ak nejde o nejak\u00fa promo akciu alebo promo fotky, vtedy, samozrejme, vyu\u017eijem profesion\u00e1lneho stylistu. Ale ako vrav\u00edm, pre m\u0148a je podstatn\u00e1 z\u00e1bava, ten pocit, ke\u010f s tv\u00e1rou Angeliky dok\u00e1\u017eem dosta\u0165 publikum do varu, do dobrej n\u00e1lady. To je to najviac a nez\u00e1le\u017e\u00ed mi tak \u00faplne na tom, ako vyzer\u00e1m, \u010di je to dokonal\u00e9 alebo nie. Ve\u010f div\u00e1ci, ktor\u00ed pr\u00eddu na moje vyst\u00fapenie, musia vedie\u0165, \u017ee som mu\u017e v maske \u017eeny.<\/p>\n","protected":false},"excerpt":{"rendered":"<p>Autor: Matej Uhl\u00e1r \/ FOTO: Arch\u00edv Miss Angelika Text sme prv\u00fd raz publikovali v \u010d\u00edsle Leto 2024. Miss Angelika je \u010deskoslovensk\u00e1 travesty hviezda, ktor\u00e1 bav\u00ed svoje publikum u\u017e takmer 25 rokov, a&nbsp;z\u00e1rove\u0148 je to alterego Martina Fritscha. Jej \u0161ou m\u00f4\u017eu div\u00e1ci vidie\u0165 nielen u n\u00e1s \u010di v \u010ceskej republike, ale aj v okolit\u00fdch krajin\u00e1ch. Miluje <a href=\"https:\/\/duhovyrok.sk\/qys\/miss-angelika-vznikla-som-podobne-ako-vela-dobrych-napadov-na-pive\/\" class=\"more-link\">&#8230;<\/a><\/p>\n","protected":false},"author":21,"featured_media":4610,"comment_status":"closed","ping_status":"closed","sticky":false,"template":"","format":"standard","meta":{"footnotes":""},"categories":[1],"tags":[43,266,588,548,159],"class_list":["post-4530","post","type-post","status-publish","format-standard","has-post-thumbnail","hentry","category-nezaradene","tag-divadlo","tag-from-qys","tag-miss-angelika","tag-performerka","tag-queer-kultura"],"_links":{"self":[{"href":"https:\/\/duhovyrok.sk\/qys\/wp-json\/wp\/v2\/posts\/4530","targetHints":{"allow":["GET"]}}],"collection":[{"href":"https:\/\/duhovyrok.sk\/qys\/wp-json\/wp\/v2\/posts"}],"about":[{"href":"https:\/\/duhovyrok.sk\/qys\/wp-json\/wp\/v2\/types\/post"}],"author":[{"embeddable":true,"href":"https:\/\/duhovyrok.sk\/qys\/wp-json\/wp\/v2\/users\/21"}],"replies":[{"embeddable":true,"href":"https:\/\/duhovyrok.sk\/qys\/wp-json\/wp\/v2\/comments?post=4530"}],"version-history":[{"count":2,"href":"https:\/\/duhovyrok.sk\/qys\/wp-json\/wp\/v2\/posts\/4530\/revisions"}],"predecessor-version":[{"id":4613,"href":"https:\/\/duhovyrok.sk\/qys\/wp-json\/wp\/v2\/posts\/4530\/revisions\/4613"}],"wp:featuredmedia":[{"embeddable":true,"href":"https:\/\/duhovyrok.sk\/qys\/wp-json\/wp\/v2\/media\/4610"}],"wp:attachment":[{"href":"https:\/\/duhovyrok.sk\/qys\/wp-json\/wp\/v2\/media?parent=4530"}],"wp:term":[{"taxonomy":"category","embeddable":true,"href":"https:\/\/duhovyrok.sk\/qys\/wp-json\/wp\/v2\/categories?post=4530"},{"taxonomy":"post_tag","embeddable":true,"href":"https:\/\/duhovyrok.sk\/qys\/wp-json\/wp\/v2\/tags?post=4530"}],"curies":[{"name":"wp","href":"https:\/\/api.w.org\/{rel}","templated":true}]}}