{"id":4514,"date":"2024-08-28T20:25:17","date_gmt":"2024-08-28T18:25:17","guid":{"rendered":"https:\/\/duhovyrok.sk\/qys\/?p=4514"},"modified":"2024-08-28T20:25:40","modified_gmt":"2024-08-28T18:25:40","slug":"pride-prvy-raz-v-trnave-aj-v-studentskom-meste-najdeme-kvirnegativitu","status":"publish","type":"post","link":"https:\/\/duhovyrok.sk\/qys\/pride-prvy-raz-v-trnave-aj-v-studentskom-meste-najdeme-kvirnegativitu\/","title":{"rendered":"PRIDE prv\u00fd raz v Trnave: Aj v \u0161tudentskom meste n\u00e1jdeme kv\u00edrnegativitu"},"content":{"rendered":"\n<p><strong>Autor: Marek Hudec<\/strong> <strong>\/<\/strong> <strong>FOTO: Status queer<\/strong><\/p>\n\n\n\n<p><em>Text sme prv\u00fd raz publikovali v \u010d\u00edsle Leto 2024.<\/em><\/p>\n\n\n\n<p><strong>Na jednom t\u00edmbildingu si \u010dlenstvo kv\u00edr spolku Status queer povedalo, \u017ee by bolo skvel\u00e9 zorganizova\u0165 PRIDE pochod aj v Trnave. Tento z\u00e1mer si nap\u00edsali do jedn\u00e9ho z projektov a ten bol schv\u00e1len\u00fd. Napl\u00e1novali ho na 29. j\u00fan v kult\u00farnom centre N\u00e1dvorie v centre mesta.<\/strong><\/p>\n\n\n\n<p>Nach\u00e1dza sa bl\u00edzko Bratislavy a jeho obyvate\u013estvo tvor\u00ed ve\u013ea \u0161tudentstva z dvoch ve\u013ek\u00fdch univerz\u00edt. Trnava by s viacer\u00fdmi kult\u00farnymi priestormi uprostred mestsk\u00fdch hradieb mohla p\u00f4sobi\u0165 ako otvoren\u00e9 a prij\u00edmaj\u00face miesto. U\u017e pred dobou tu vznikla tepl\u00e1 p\u00e1rty Queerdom a funguje tu spolok Status queer, ktor\u00fd pre LGBTI+ \u013eud\u00ed organizoval viacer\u00e9 komunitn\u00e9 podujatia a teraz aj prv\u00fd Pride. Situ\u00e1cia v\u0161ak nie je tak\u00e1 ide\u00e1lna, upozor\u0148uje Status queer, napriek prv\u00e9mu dojmu je Trnava st\u00e1le konzervat\u00edvna a m\u00e1lo konfrontovan\u00e1 s t\u00e9mou \u017eivota kv\u00edr \u013eud\u00ed.&nbsp;<\/p>\n\n\n\n<p>V popise podujatia spom\u00edna spolok hlavne potrebu pocitu vz\u00e1jomnosti, vytvorenia bezpe\u010dn\u00e9ho priestoru a d\u00f4razn\u00e9ho aktivizmu: \u201ePRIDE za\u010dal ako vzbura. Proti nielen policajnej brutalite na kv\u00edr \u013eu\u010foch. Chceme pripomen\u00fa\u0165 nielen sebe, ale najm\u00e4 majorite, \u017ee sme predov\u0161etk\u00fdm \u013eudia a po\u017eadujeme re\u0161pekt a pr\u00e1va, ktor\u00e9 n\u00e1m patria \u2013 preto vyjdeme do ul\u00edc.\u201c<\/p>\n\n\n\n<p>\u0160tudentstvo sa pok\u00fasilo najprv vytvori\u0165 kv\u00edr spolok na Trnavskej univerzite. Chceli organizova\u0165 v\u00fdlety a komunitn\u00e9 podujatia, no odpove\u010f od \u0161koly nebola nad\u0161en\u00e1. \u201eProdekanka n\u00e1vrh zamietla, lebo sa jej zdalo, \u017ee budeme diskriminova\u0165 <em>straight<\/em> \u013eud\u00ed, \u010do v\u0161ak nebola pravda, lebo sme deklarovali, \u017ee by v\u00edtan\u00ed boli v\u0161etci. Stretol som sa aj s kv\u00edrnegativitou od vyu\u010duj\u00facich. Jeden pedag\u00f3g soci\u00e1lnej psychol\u00f3gie prirovn\u00e1val vz\u0165ah dvoch mu\u017eov k vz\u0165ahu s Eiffelovkou. Na poradenskej psychol\u00f3gii sme si zas vypo\u010duli, \u017ee transrodovos\u0165 je v\u00fdmyslom z Ameriky,\u201c vrav\u00ed Adam Ol\u0161iak zo Status queer.\u00a0<\/p>\n\n\n\n\n\n<p>Do t\u00edmu sa nesk\u00f4r pridalo Denis Sedl\u00e1k, ktor\u00e9 sa o snahe vytvori\u0165 organiz\u00e1ciu dopo\u010dulo, dalo si Adama do priate\u013eov na soci\u00e1lnej sieti a spolu za\u010dali svoje pl\u00e1ny realizova\u0165. V s\u00fa\u010dasnosti s\u00fa v t\u00edme \u0161iesti. V s\u00fa\u010dasnosti s\u00fa v t\u00edme piati. In\u0161pir\u00e1ciou pre nich bol spolok LIGHT*, ktor\u00fd vznikol na Filozofickej fakulte Univerzity Komensk\u00e9ho v Bratislave a tie\u017e m\u00e1 nehierarchick\u00fa \u0161trukt\u00faru a d\u00f4razn\u00fd aktivistick\u00fd charakter.&nbsp;<\/p>\n\n\n\n<p>Spolok je financovan\u00fd z projektov Eur\u00f3pskej \u00fanie a do jedn\u00e9ho z nich si \u010dlenstvo nap\u00edsalo, \u017ee by zorganizovalo PRIDE. \u201eNa jednom t\u00edmbildingu sme si vraveli, \u017ee by bolo pekn\u00e9 ho prinies\u0165 do Trnavy, t\u00e1 my\u0161lienka toti\u017e dlho visela vo vzduchu. Teraz sme u\u017e projektom viazan\u00ed ho pripravi\u0165 a niet cesty sp\u00e4\u0165,\u201c vysvet\u013euje Adam s men\u0161\u00edm strachom v hlase. S\u00fa \u2013 podobne ako v\u0161etci organiz\u00e1tori podujat\u00ed \u2013 v strese, \u010di to dobre dopadne. Rozpr\u00e1vame sa toti\u017e p\u00e1r t\u00fd\u017ed\u0148ov pred konan\u00edm akcie.<\/p>\n\n\n\n<p>Pride organizuj\u00fa na N\u00e1dvor\u00ed, \u010do je kult\u00farnym priestorom, ktor\u00fd zalo\u017eila rodina Miroslava Trnku, zakladate\u013ea Esetu a kde Status queer s\u00eddli v Kub\u00edku n\u00e1padov.&nbsp; Ke\u010f\u017ee sa bude kona\u0165 na s\u00fakromnom pozemku, komunik\u00e1cia spolku s mestom sa obmedzila na podanie \u017eiadosti o verejn\u00e9 zhroma\u017edenie a kult\u00farne podujatie, ktor\u00e9 boli potvrden\u00e9 bez probl\u00e9mov.&nbsp;<\/p>\n\n\n\n<p>PRIDE m\u00e1 29. j\u00fana v Trnave celodenn\u00fd sprievodn\u00fd program s hudobn\u00fdmi vyst\u00fapeniami, prejavmi osobnost\u00ed a st\u00e1nkami neziskov\u00fdch organiz\u00e1ci\u00ed, napr\u00edklad Domu svetla s bezplatn\u00fdm testovan\u00edm na HIV. Pochod p\u00f4jde okolo Troji\u010dn\u00e9ho n\u00e1mestia sp\u00e4\u0165 na N\u00e1dvorie. Organiza\u010dn\u00fd t\u00edm predpoklad\u00e1, \u017ee by sa akcie mohlo z\u00fa\u010dastni\u0165 p\u00e1r stoviek \u013eud\u00ed a v pr\u00edpade, \u017ee by sa im podarilo oslovi\u0165 aj podporovate\u013estvo z Bratislavy, mohol by ich po\u010det by\u0165 v\u00e4\u010d\u0161\u00ed.<\/p>\n","protected":false},"excerpt":{"rendered":"<p>Autor: Marek Hudec \/ FOTO: Status queer Text sme prv\u00fd raz publikovali v \u010d\u00edsle Leto 2024. Na jednom t\u00edmbildingu si \u010dlenstvo kv\u00edr spolku Status queer povedalo, \u017ee by bolo skvel\u00e9 zorganizova\u0165 PRIDE pochod aj v Trnave. Tento z\u00e1mer si nap\u00edsali do jedn\u00e9ho z projektov a ten bol schv\u00e1len\u00fd. Napl\u00e1novali ho na 29. j\u00fan v kult\u00farnom <a href=\"https:\/\/duhovyrok.sk\/qys\/pride-prvy-raz-v-trnave-aj-v-studentskom-meste-najdeme-kvirnegativitu\/\" class=\"more-link\">&#8230;<\/a><\/p>\n","protected":false},"author":10,"featured_media":4580,"comment_status":"closed","ping_status":"closed","sticky":false,"template":"","format":"standard","meta":{"footnotes":""},"categories":[7,13],"tags":[20,266,139,574,177],"class_list":["post-4514","post","type-post","status-publish","format-standard","has-post-thumbnail","hentry","category-pride","category-viditelnost","tag-aktivizmus","tag-from-qys","tag-pride","tag-pride-trnava","tag-reportaz"],"_links":{"self":[{"href":"https:\/\/duhovyrok.sk\/qys\/wp-json\/wp\/v2\/posts\/4514","targetHints":{"allow":["GET"]}}],"collection":[{"href":"https:\/\/duhovyrok.sk\/qys\/wp-json\/wp\/v2\/posts"}],"about":[{"href":"https:\/\/duhovyrok.sk\/qys\/wp-json\/wp\/v2\/types\/post"}],"author":[{"embeddable":true,"href":"https:\/\/duhovyrok.sk\/qys\/wp-json\/wp\/v2\/users\/10"}],"replies":[{"embeddable":true,"href":"https:\/\/duhovyrok.sk\/qys\/wp-json\/wp\/v2\/comments?post=4514"}],"version-history":[{"count":2,"href":"https:\/\/duhovyrok.sk\/qys\/wp-json\/wp\/v2\/posts\/4514\/revisions"}],"predecessor-version":[{"id":4583,"href":"https:\/\/duhovyrok.sk\/qys\/wp-json\/wp\/v2\/posts\/4514\/revisions\/4583"}],"wp:featuredmedia":[{"embeddable":true,"href":"https:\/\/duhovyrok.sk\/qys\/wp-json\/wp\/v2\/media\/4580"}],"wp:attachment":[{"href":"https:\/\/duhovyrok.sk\/qys\/wp-json\/wp\/v2\/media?parent=4514"}],"wp:term":[{"taxonomy":"category","embeddable":true,"href":"https:\/\/duhovyrok.sk\/qys\/wp-json\/wp\/v2\/categories?post=4514"},{"taxonomy":"post_tag","embeddable":true,"href":"https:\/\/duhovyrok.sk\/qys\/wp-json\/wp\/v2\/tags?post=4514"}],"curies":[{"name":"wp","href":"https:\/\/api.w.org\/{rel}","templated":true}]}}