{"id":4512,"date":"2024-08-10T07:46:02","date_gmt":"2024-08-10T05:46:02","guid":{"rendered":"https:\/\/duhovyrok.sk\/qys\/?p=4512"},"modified":"2024-08-10T07:47:20","modified_gmt":"2024-08-10T05:47:20","slug":"pride-bb-a-ke-duhovy-festival-je-prilezitost-spoznat-a-zazit-sa-z-inych-perspektiv","status":"publish","type":"post","link":"https:\/\/duhovyrok.sk\/qys\/pride-bb-a-ke-duhovy-festival-je-prilezitost-spoznat-a-zazit-sa-z-inych-perspektiv\/","title":{"rendered":"PRIDE BB A\u00a0KE: D\u00fahov\u00fd festival je pr\u00edle\u017eitos\u0165 spozna\u0165 a\u00a0za\u017ei\u0165 sa z\u00a0in\u00fdch perspekt\u00edv"},"content":{"rendered":"\n<p><strong>Autor: Kristi\u00e1n Lazar\u010d\u00edk<\/strong> <strong>\/<\/strong> <strong>FOTO:<\/strong> <strong>Gabriela B\u00edro\u0161ov\u00e1, Patr\u00edcia Markov\u00e1<\/strong><\/p>\n\n\n\n<p><em>Text sme prv\u00fd raz publikovali v \u010d\u00edsle Leto 2024.<\/em><\/p>\n\n\n\n<p>Koordin\u00e1tor a&nbsp;dramaturg PRIDE BB Adam Engler a&nbsp;hlavn\u00e9 koordin\u00e1torstvo PRIDE Ko\u0161ice Vero Mo\u0148ok mi porozpr\u00e1vali, ak\u00e9 cesty ich priviedli do organiza\u010dn\u00fdch t\u00edmov d\u00fahov\u00fdch festivalov v&nbsp;ich krajoch, \u010d\u00edm ich t\u00e1to sk\u00fasenos\u0165 ka\u017edoro\u010dne obohacuje, ale aj v&nbsp;\u010dom pod\u013ea nich tkvie najv\u00e4\u010d\u0161ia d\u00f4le\u017eitos\u0165 organizovania kv\u00edr podujat\u00ed v&nbsp;dne\u0161n\u00fdch \u010dasoch.<\/p>\n\n\n\n<p><strong>PRIDE BB<\/strong><\/p>\n\n\n\n<p>Adam Engler je s\u00fa\u010das\u0165ou organiza\u010dn\u00e9ho t\u00edmu banskobystrick\u00e9ho festivalu PRIDE, kde p\u00f4sob\u00ed ako koordin\u00e1tor a&nbsp;dramaturg. Hoci si festival na\u010falej zachov\u00e1va komorn\u00fa, priate\u013esk\u00fa a&nbsp;otvoren\u00fa atmosf\u00e9ru, \u010di u\u017e po\u010das pl\u00e1novania podujat\u00ed, samotn\u00e9ho pochodu, alebo po\u010das sprievodn\u00fdch akci\u00ed, n\u00e1rast po\u010dtu \u00fa\u010dastn\u00edkov je neprehliadnute\u013en\u00fd.<\/p>\n\n\n\n<p>\u201eO n\u00e1pade privies\u0165 PRIDE aj do Banskej Bystrice sme uva\u017eovali u\u017e v roku 2017, ke\u010f som bol \u0161tudentom bystrickej Akad\u00e9mie umen\u00ed. O rok sa n\u00e1m s pomocou Centra komunitn\u00e9ho organizovania, Z\u00e1hrady CNK a nad\u0161en\u00e9ho dobrovo\u013en\u00edctva podarilo uskuto\u010dni\u0165 prv\u00fd ro\u010dn\u00edk s podtitulom Po\u010fme spolu von.\u201c V&nbsp;tom \u010dase sa k skupine pridali aj mnoh\u00e9 spriaznen\u00e9 organiz\u00e1cie v&nbsp;Banskej Bystrici. \u201eVn\u00edmam ako k\u013e\u00fa\u010dov\u00fa skuto\u010dnos\u0165, aby boli podobn\u00e9 festivaly bli\u017e\u0161ie k \u013eudom, nako\u013eko pozn\u00e1m slovensk\u00fa n\u00e1turu a s\u00e1m som vyrastal v men\u0161om meste, ktor\u00e9 nepon\u00fakalo diverzitu ani kv\u00edr reprezent\u00e1ciu,\u201c hovor\u00ed Adam.&nbsp;<\/p>\n\n\n\n<p>Pova\u017euje za d\u00f4le\u017eit\u00e9, aby podobn\u00e9 repetit\u00edvne a&nbsp;u\u017e tradi\u010dn\u00e9 podujatia existovali v\u0161ade, kde s\u00fa potrebn\u00e9, preto\u017ee vidite\u013enos\u0165 a&nbsp;otvorenos\u0165 je pod\u013ea neho d\u00f4le\u017eit\u00e1 aj v&nbsp;men\u0161\u00edch mest\u00e1ch. \u201eJedno tak\u00e9to podujatie neneguje druh\u00e9, z\u00e1rove\u0148 sa t\u00fdm ukazuje inkl\u00fazia a&nbsp;rozmanitos\u0165 a&nbsp;vz\u00e1jomn\u00e1 podpora, v\u010faka ktorej sme silnej\u0161\u00ed. K\u00fdm e\u0161te m\u00f4\u017eeme protestova\u0165, treba sa ozva\u0165, zorganizova\u0165 a uk\u00e1za\u0165!\u201c<\/p>\n\n\n\n<p>Hlavnou t\u00e9mou v&nbsp;porad\u00ed siedmeho ro\u010dn\u00edka PRIDE Bansk\u00e1 Bystrica bude tento rok soci\u00e1lna starostlivos\u0165 a&nbsp;potreby \u013eud\u00ed naprie\u010d gener\u00e1ciami. Pod\u013ea organiz\u00e1torov podujatia m\u00e1 podtitul \u201eKv\u00edr Zlat\u00fd vek\u201c ironicky reflektova\u0165 aktu\u00e1lnu dobu, v&nbsp;ktorej na jednej strane za\u017e\u00edvame zlat\u00fd vek povedomia o&nbsp;LGBTIQ+ \u013eu\u010foch, na druhej v\u0161ak \u010del\u00edme silnej\u00facemu tlaku,&nbsp;vyhr\u00e1\u017ekam \u010di demag\u00f3gii r\u00e1mcovanej ako LGBTI propaganda zo strany z\u00e1padn\u00fdch mocnost\u00ed.&nbsp;<\/p>\n\n\n\n<figure class=\"wp-block-image size-large\"><img loading=\"lazy\" decoding=\"async\" width=\"1024\" height=\"683\" src=\"https:\/\/duhovyrok.sk\/qys\/wp-content\/uploads\/sites\/2\/2024\/06\/Pride-BB-2023-Foto-Gabriela-Birosova_84_-1024x683.jpg\" alt=\"\" class=\"wp-image-4575\" srcset=\"https:\/\/duhovyrok.sk\/qys\/wp-content\/uploads\/sites\/2\/2024\/06\/Pride-BB-2023-Foto-Gabriela-Birosova_84_-1024x683.jpg 1024w, https:\/\/duhovyrok.sk\/qys\/wp-content\/uploads\/sites\/2\/2024\/06\/Pride-BB-2023-Foto-Gabriela-Birosova_84_-700x467.jpg 700w, https:\/\/duhovyrok.sk\/qys\/wp-content\/uploads\/sites\/2\/2024\/06\/Pride-BB-2023-Foto-Gabriela-Birosova_84_-1536x1024.jpg 1536w, https:\/\/duhovyrok.sk\/qys\/wp-content\/uploads\/sites\/2\/2024\/06\/Pride-BB-2023-Foto-Gabriela-Birosova_84_.jpg 2048w\" sizes=\"auto, (max-width: 1024px) 100vw, 1024px\" \/><figcaption class=\"wp-element-caption\">Minuloro\u010dn\u00fd sprievod mestom po\u010das PRIDE Bansk\u00e1 Bystrica \u00a9 Gabriela B\u00edro\u0161ov\u00e1<\/figcaption><\/figure>\n\n\n\n<p>Podujatie m\u00e1 amb\u00edciu otvori\u0165 t\u00e9my t\u00fdkaj\u00face sa star\u0161\u00edch i mlad\u0161\u00edch ro\u010dn\u00edkov, ale i \u00favahu nad t\u00fdm, ak\u00e9 bud\u00fa na\u0161e bud\u00face potreby. Od kv\u00edr domovov d\u00f4chodcov po st\u00e1le ch\u00fdbaj\u00facu funk\u010dn\u00fa legislat\u00edvu, ekonomick\u00e9 zabezpe\u010denie, zdravotn\u00e9 potreby \u010di schopnos\u0165 pr\u00e1vne si o\u0161etri\u0165 zv\u00e4zky ako vz\u0165ahov\u00e1 men\u0161ina. O potreb\u00e1ch, v\u00fdzvach a pomoci star\u0161\u00edm kv\u00edr \u013eudom pr\u00edde diskutova\u0165 Michaela Irsov\u00e1 z komunitn\u00e9ho centra \u017divot 90 z Prahy. Toto centrum u\u017e vy\u0161e tridsa\u0165 rokov pomocou svojich aktiv\u00edt podporuje kv\u00edr \u013eud\u00ed v d\u00f4chodkovom veku. \u201eUvedomujeme si, \u017ee je to prierezov\u00e1 t\u00e9ma. Raz sa s&nbsp;\u0148ou stretneme v\u0161etci. Potreby, d\u00f4stojn\u00e1 staroba, d\u00f4stojn\u00e1 pr\u00edtomnos\u0165.\u201c Pod\u013ea Adama Englera s\u00fa kv\u00edr \u013eudia pestr\u00ed viac, ne\u017e by v\u00e4\u010d\u0161inov\u00e1 spolo\u010dnos\u0165 chcela vidie\u0165. Nemo\u017eno redukova\u0165 ich pre\u017e\u00edvanie a existenciu len na odli\u0161n\u00fa vz\u0165ahov\u00fa orient\u00e1ciu \u010di rodov\u00fa identitu. \u201eKv\u00edr \u013eudia nie s\u00fa len ml\u00e1de\u017e, s\u00fa to aj seniori a seniorky, s\u00fa to \u013eudia, ktor\u00ed svoj coming out pre\u017e\u00edvali v \u0165a\u017ekej dobe normaliz\u00e1cie, alebo ktor\u00ed ho nikdy neuskuto\u010dnili, preto\u017ee si to v spolo\u010dnosti, v ktorej \u017eij\u00fa, dodnes nem\u00f4\u017eu dovoli\u0165.\u201c<\/p>\n\n\n\n<p>Ak\u00e1 bude na\u0161a kv\u00edr staroba? A ak\u00e9 bud\u00fa na\u0161e potreby? \u017dijeme zlat\u00fd vek? To je hlavn\u00fd r\u00e1mec tohtoro\u010dn\u00e9ho #PRIDE#BB.<\/p>\n\n\n\n<p>Adam pova\u017euje za d\u00f4le\u017eit\u00e9 ka\u017ed\u00e9 osvetov\u00e9 podujatie, ktor\u00e9ho cie\u013eom je upriami\u0165 pozornos\u0165 na aktu\u00e1lny alebo dlhotrvaj\u00faci probl\u00e9m. \u201ePRIDE pochody hrdosti s\u00fa behom na dlh\u00e9 trate, ich v\u00fdznam sa v\u0161ak ned\u00e1 poprie\u0165. Ka\u017ed\u00fd rok tak d\u00e1vame najavo, \u017ee sme tu. Je n\u00e1s vidie\u0165, po\u010du\u0165 a to nielen v tento de\u0148, ale ka\u017ed\u00fd, ke\u010f bojujeme proti hanbe, predsudkom, tlakom spolo\u010dnosti, ch\u00fdbaj\u00facej legislat\u00edve \u010di soci\u00e1lnej infra\u0161trukt\u00fare.\u201c PRIDE festivaly Adam vn\u00edma ako priestor pre vyjadrenie jasn\u00e9ho nie kv\u00edrf\u00f3bii a&nbsp;\u00fatlaku, ale tie\u017e k&nbsp;nabratiu sily aplikova\u0165 tieto hesl\u00e1 do ka\u017edodennej reality.<\/p>\n\n\n\n<p>PRIDE v&nbsp;Banskej Bystrici potrv\u00e1 od 21. do 23. j\u00fana 2024.<\/p>\n\n\n\n<p><strong>PRIDE Ko\u0161ice<\/strong><\/p>\n\n\n\n<p>Vero Mo\u0148ok je hlavn\u00fdm koordin\u00e1torstvom PRIDE Ko\u0161ice. Prezradila mi, \u017ee tento rok sa spolu s organiza\u010dn\u00fdm t\u00edmom prim\u00e1rne odr\u00e1\u017eaj\u00fa od konceptu jedine\u010dnosti ka\u017edej a&nbsp;ka\u017ed\u00e9ho z&nbsp;n\u00e1s a jej oslavy. \u201eIde v podstate o r\u00f4znorodos\u0165 v jedine\u010dnosti a jedine\u010dnos\u0165 v r\u00f4znorodosti. Rady a radi by sme pouk\u00e1zali na t\u00fato vz\u00e1jomnos\u0165 a na to, ako n\u00e1s obohacuje na \u00farovni jednotlivcov, skup\u00edn, komun\u00edt \u010di spolo\u010denstiev.\u201c V&nbsp;r\u00e1mci organiza\u010dn\u00e9ho t\u00edmu sa zam\u00fd\u0161\u013eaj\u00fa nad t\u00fdm, ak\u00e9 predsudky si vplyvom extern\u00e9ho prostredia kv\u00edr \u013eudia prin\u00e1\u0161aj\u00fa do svojich \u017eivotov, ak\u00e9 s\u00fa na\u0161e predstavy a o\u010dak\u00e1vania, ako by mal kto vyzera\u0165, prezentova\u0165 sa \u010di spr\u00e1va\u0165. \u201eZvedomujeme si pr\u00ednos jedine\u010dnosti, moc v schopnosti postavi\u0165 sa za seba, prija\u0165 seba aj in\u00fdch.\u201c<\/p>\n\n\n\n<p>Vero Mo\u0148ok spoluorganizuje PRIDE Ko\u0161ice u\u017e tret\u00ed rok. \u201eDostala som sa k nemu ist\u00fd \u010das po n\u00e1vrate zo zahrani\u010dia, ke\u010f\u017ee som po strednej \u0161kole \u0161tudovala a \u017eila mimo Slovenska. V ur\u010ditom momente som si uvedomila, \u017ee potrebujem a chcem akt\u00edvne prispie\u0165 k zlep\u0161eniu postavenia LGBTI+ \u013eud\u00ed u&nbsp;n\u00e1s. Chcela som pon\u00faknu\u0165 svoje doteraj\u0161ie sk\u00fasenosti, \u010das.\u201c Pr\u00edle\u017eitos\u0165 sa jej naskytla, ke\u010f Saplinq h\u013eadal dobrovo\u013en\u00edctvo do svojho ka\u017edoro\u010dn\u00e9ho programu pre organiza\u010dn\u00fd t\u00edm PRIDE Ko\u0161ice, spom\u00edna Vero, ktor\u00e1 svoju pr\u00e1cu vn\u00edma ako privil\u00e9gium, v\u010faka ktor\u00e9mu sa m\u00f4\u017ee stret\u00e1va\u0165 a&nbsp;rozpr\u00e1va\u0165 s&nbsp;podnetn\u00fdmi \u013eu\u010fmi a&nbsp;vypo\u010du\u0165 si ich in\u0161pirat\u00edvne pr\u00edbehy, z&nbsp;ktor\u00fdch niektor\u00e9 sa stali \u010di dej\u00fa aj v\u010faka PRIDE-u.<\/p>\n\n\n\n<p>Na programe ko\u0161ick\u00e9ho festivalu sa s\u00edce e\u0161te pracuje, no Vero s\u013eubuje, \u017ee n\u00e1v\u0161tevn\u00edctvo sa m\u00f4\u017ee te\u0161i\u0165 na r\u00f4zne workshopy, diskusie, koncerty \u010di performat\u00edvne vyst\u00fapenia. \u201eSna\u017e\u00edme sa prinies\u0165 vyv\u00e1\u017een\u00fd program, kde bude mo\u017enos\u0165 vzdela\u0165 sa, pribl\u00ed\u017ei\u0165 sa nov\u00fdm t\u00e9mam, zabavi\u0165 sa, alebo len tak pobudn\u00fa\u0165 v re\u0161pektuj\u00facom a prij\u00edmaj\u00facom prostred\u00ed a odd\u00fdchnu\u0165 si.&nbsp;<\/p>\n\n\n\n<figure class=\"wp-block-image size-large\"><img loading=\"lazy\" decoding=\"async\" width=\"1024\" height=\"683\" src=\"https:\/\/duhovyrok.sk\/qys\/wp-content\/uploads\/sites\/2\/2024\/06\/PRIDE-KE_Patricia-Markova_-1024x683.jpg\" alt=\"\" class=\"wp-image-4577\" srcset=\"https:\/\/duhovyrok.sk\/qys\/wp-content\/uploads\/sites\/2\/2024\/06\/PRIDE-KE_Patricia-Markova_-1024x683.jpg 1024w, https:\/\/duhovyrok.sk\/qys\/wp-content\/uploads\/sites\/2\/2024\/06\/PRIDE-KE_Patricia-Markova_-700x467.jpg 700w, https:\/\/duhovyrok.sk\/qys\/wp-content\/uploads\/sites\/2\/2024\/06\/PRIDE-KE_Patricia-Markova_-1536x1024.jpg 1536w, https:\/\/duhovyrok.sk\/qys\/wp-content\/uploads\/sites\/2\/2024\/06\/PRIDE-KE_Patricia-Markova_.jpg 2048w\" sizes=\"auto, (max-width: 1024px) 100vw, 1024px\" \/><figcaption class=\"wp-element-caption\">\u00da\u010dastn\u00edctvo PRIDE Ko\u0161ice v Kas\u00e1r\u0148ach Kulturpark \u00a9 Patr\u00edcia Markov\u00e1<\/figcaption><\/figure>\n\n\n\n<p>D\u00f4le\u017eitos\u0165 festivalov PRIDE pod\u013ea Vero tkvie v&nbsp;snahe vytvori\u0165 bezpe\u010dn\u00fd, re\u0161pektuj\u00faci a prij\u00edmaj\u00faci priestor pre v\u0161etko \u00fa\u010dastn\u00edctvo podujatia, ktor\u00e9 ho nav\u0161t\u00edvi, ako aj to, ktor\u00e9 sa na organiz\u00e1cii podie\u013ea a spolupracuje. \u201eIde o vidite\u013enos\u0165 na\u0161ich \u017eivotov, demaskovanie m\u00fdtov o nich, o prin\u00e1\u0161anie na\u0161ich pr\u00edbehov do (nielen) verejn\u00e9ho priestoru, o vyjadrenie postoja, podpory, spolupatri\u010dnosti, o protest proti nerovnosti pr\u00e1v LGBTI+ \u013eud\u00ed, o upozor\u0148ovanie na to, \u010domu denne \u010del\u00edme a ak\u00fd to m\u00e1 dopad.\u201c<\/p>\n\n\n\n<p>Festival sa bude kona\u0165 v Ko\u0161iciach od 17. do 25. augusta 2024, pri\u010dom PRIDE t\u00fd\u017ede\u0148 bude tradi\u010dne s\u00fastreden\u00fd v&nbsp;Taba\u010dke a PRIDE de\u0148, napl\u00e1novan\u00fd na 24.augusta, sa op\u00e4\u0165 uskuto\u010dn\u00ed v Kas\u00e1r\u0148ach Kulturparku.&nbsp;<\/p>\n\n\n\n<p>\u201ePRIDE m\u00e1 pre m\u0148a v\u00fdznam aj v tom, \u017ee pon\u00faka spojenia, uvedomenie si seba, m\u00f4\u017ee by\u0165 pr\u00edle\u017eitos\u0165ou spozna\u0165 a za\u017ei\u0165 sa inak. M\u00f4\u017ee by\u0165 tie\u017e pozv\u00e1nkou k prijatiu seba sam\u00e9ho cez nov\u00fa sk\u00fasenos\u0165, c\u00edti\u0165 sa s\u00fa\u010das\u0165ou, n\u00e1js\u0165 si spriaznen\u00e9 du\u0161e. Je oslavou pestrosti a l\u00e1sky vo v\u0161etk\u00fdch jej form\u00e1ch,\u201c dod\u00e1va Vero Mo\u0148ok na z\u00e1ver.<\/p>\n","protected":false},"excerpt":{"rendered":"<p>Autor: Kristi\u00e1n Lazar\u010d\u00edk \/ FOTO: Gabriela B\u00edro\u0161ov\u00e1, Patr\u00edcia Markov\u00e1 Text sme prv\u00fd raz publikovali v \u010d\u00edsle Leto 2024. Koordin\u00e1tor a&nbsp;dramaturg PRIDE BB Adam Engler a&nbsp;hlavn\u00e9 koordin\u00e1torstvo PRIDE Ko\u0161ice Vero Mo\u0148ok mi porozpr\u00e1vali, ak\u00e9 cesty ich priviedli do organiza\u010dn\u00fdch t\u00edmov d\u00fahov\u00fdch festivalov v&nbsp;ich krajoch, \u010d\u00edm ich t\u00e1to sk\u00fasenos\u0165 ka\u017edoro\u010dne obohacuje, ale aj v&nbsp;\u010dom pod\u013ea nich tkvie <a href=\"https:\/\/duhovyrok.sk\/qys\/pride-bb-a-ke-duhovy-festival-je-prilezitost-spoznat-a-zazit-sa-z-inych-perspektiv\/\" class=\"more-link\">&#8230;<\/a><\/p>\n","protected":false},"author":21,"featured_media":4575,"comment_status":"closed","ping_status":"closed","sticky":false,"template":"","format":"standard","meta":{"footnotes":""},"categories":[7,13],"tags":[266,139,573,140,177],"class_list":["post-4512","post","type-post","status-publish","format-standard","has-post-thumbnail","hentry","category-pride","category-viditelnost","tag-from-qys","tag-pride","tag-pride-banska-bystrica","tag-pride-kosice","tag-reportaz"],"_links":{"self":[{"href":"https:\/\/duhovyrok.sk\/qys\/wp-json\/wp\/v2\/posts\/4512","targetHints":{"allow":["GET"]}}],"collection":[{"href":"https:\/\/duhovyrok.sk\/qys\/wp-json\/wp\/v2\/posts"}],"about":[{"href":"https:\/\/duhovyrok.sk\/qys\/wp-json\/wp\/v2\/types\/post"}],"author":[{"embeddable":true,"href":"https:\/\/duhovyrok.sk\/qys\/wp-json\/wp\/v2\/users\/21"}],"replies":[{"embeddable":true,"href":"https:\/\/duhovyrok.sk\/qys\/wp-json\/wp\/v2\/comments?post=4512"}],"version-history":[{"count":3,"href":"https:\/\/duhovyrok.sk\/qys\/wp-json\/wp\/v2\/posts\/4512\/revisions"}],"predecessor-version":[{"id":4579,"href":"https:\/\/duhovyrok.sk\/qys\/wp-json\/wp\/v2\/posts\/4512\/revisions\/4579"}],"wp:featuredmedia":[{"embeddable":true,"href":"https:\/\/duhovyrok.sk\/qys\/wp-json\/wp\/v2\/media\/4575"}],"wp:attachment":[{"href":"https:\/\/duhovyrok.sk\/qys\/wp-json\/wp\/v2\/media?parent=4512"}],"wp:term":[{"taxonomy":"category","embeddable":true,"href":"https:\/\/duhovyrok.sk\/qys\/wp-json\/wp\/v2\/categories?post=4512"},{"taxonomy":"post_tag","embeddable":true,"href":"https:\/\/duhovyrok.sk\/qys\/wp-json\/wp\/v2\/tags?post=4512"}],"curies":[{"name":"wp","href":"https:\/\/api.w.org\/{rel}","templated":true}]}}