{"id":4501,"date":"2024-08-20T07:16:41","date_gmt":"2024-08-20T05:16:41","guid":{"rendered":"https:\/\/duhovyrok.sk\/qys\/?p=4501"},"modified":"2024-08-20T07:17:08","modified_gmt":"2024-08-20T05:17:08","slug":"dominika-kovacikova-sama-som-neraz-zazila-nasilie-alebo-obtazovanie","status":"publish","type":"post","link":"https:\/\/duhovyrok.sk\/qys\/dominika-kovacikova-sama-som-neraz-zazila-nasilie-alebo-obtazovanie\/","title":{"rendered":"Dominika Kov\u00e1\u010dikov\u00e1: Sama som neraz za\u017eila n\u00e1silie alebo ob\u0165a\u017eovanie\u00a0"},"content":{"rendered":"\n<p><strong>Autor: Andrej Kuruc<\/strong> <strong>\/<\/strong> <strong>FOTO: Arch\u00edv Dominiky Kov\u00e1\u010dikovej<\/strong><\/p>\n\n\n\n<p><em>Text sme prv\u00fd raz publikovali v \u010d\u00edsle Leto 2024.<\/em><\/p>\n\n\n\n<p>Dominika Kov\u00e1\u010dikov\u00e1 je v\u00ed\u0165azkou a dvojn\u00e1sobnou finalistkou s\u00fa\u0165a\u017ee <a href=\"https:\/\/mojakultura.sk\/jaime-valero-o-sutazi-malba-2023-vidim-za-tymito-malbami-silne-vykriky\/\">Ma\u013eba<\/a> roka. Vo svojich ma\u013eb\u00e1ch poukazuje na problematiku n\u00e1silia p\u00e1chan\u00e9ho na \u017een\u00e1ch, na sexu\u00e1lne traumy, ak\u00fdmi s\u00fa zneu\u017e\u00edvanie a ob\u0165a\u017eovanie, ale aj na vn\u00fatorn\u00fa nespokojnos\u0165 so vzh\u013eadom, ktor\u00e1 je u \u013eud\u00ed \u010dastou pr\u00ed\u010dinou por\u00fach pr\u00edjmu potravy, pr\u00edpadne sebapo\u0161kodzovania. Ma\u013euje prednostne mlad\u00e9 \u017eensk\u00e9 hrdinky, ktor\u00e9 potrebuj\u00fa za\u017ei\u0165 pochopenie a prijatie a chc\u00fa niekam patri\u0165 alebo zapadn\u00fa\u0165.&nbsp;<\/p>\n\n\n\n<p><strong>\u010co v\u00e1s in\u0161pirovalo, venova\u0165 sa ma\u013ebe? A kto v\u00e1s in\u0161piroval?&nbsp;<\/strong><\/p>\n\n\n\n<p>U\u017e od mala som h\u013eadala r\u00f4zne sp\u00f4soby sebavyjadrenia a ako som dospievala, za\u010dali sa moje z\u00e1ujmy zu\u017eova\u0165 na film, hudbu a v\u00fdtvarn\u00e9 umenie. Popravde, ma\u013ebe som sa za\u010dala venova\u0165 a\u017e ako adolescentka a zotrvala som pri nej a\u017e do dospelosti. Mojou ve\u013ekou in\u0161pir\u00e1ciou s\u00fa \u017eeny v umeleckom svete a priemysle, ktor\u00e9 to, povedzme si na rovinu, nemaj\u00fa najjednoduch\u0161ie. In\u0161pir\u00e1ciu preto \u010derp\u00e1m od hudobn\u00ed\u010dok, here\u010diek, re\u017eis\u00e9rok a, samozrejme, od v\u00fdtvarn\u00fdch umelk\u00fd\u0148.\u00a0<\/p>\n\n\n\n<figure class=\"wp-block-image size-large\"><img loading=\"lazy\" decoding=\"async\" width=\"1024\" height=\"1024\" src=\"https:\/\/duhovyrok.sk\/qys\/wp-content\/uploads\/sites\/2\/2024\/06\/image00001-1024x1024.jpeg\" alt=\"\" class=\"wp-image-4549\" srcset=\"https:\/\/duhovyrok.sk\/qys\/wp-content\/uploads\/sites\/2\/2024\/06\/image00001-1024x1024.jpeg 1024w, https:\/\/duhovyrok.sk\/qys\/wp-content\/uploads\/sites\/2\/2024\/06\/image00001-700x700.jpeg 700w, https:\/\/duhovyrok.sk\/qys\/wp-content\/uploads\/sites\/2\/2024\/06\/image00001-150x150.jpeg 150w, https:\/\/duhovyrok.sk\/qys\/wp-content\/uploads\/sites\/2\/2024\/06\/image00001-1536x1536.jpeg 1536w, https:\/\/duhovyrok.sk\/qys\/wp-content\/uploads\/sites\/2\/2024\/06\/image00001-2048x2048.jpeg 2048w\" sizes=\"auto, (max-width: 1024px) 100vw, 1024px\" \/><\/figure>\n\n\n\n<p><strong>\u010co je z\u00e1merom va\u0161ich malieb?&nbsp;<\/strong><\/p>\n\n\n\n<p>P\u00e1r \u013eud\u00ed moju tvorbu op\u00edsalo ako provokat\u00edvnu a \u017ee moj\u00edm z\u00e1merom je \u0161okova\u0165 verejnos\u0165, \u010do nie je pravda, aj ke\u010f sa to tak na prv\u00fd poh\u013ead m\u00f4\u017ee javi\u0165. Moj\u00edm cie\u013eom bolo v\u017edy pouk\u00e1za\u0165 na nejak\u00fd probl\u00e9m, \u010do pr\u00e1ve tr\u00e1pi a su\u017euje m\u0148a, moje okolie alebo spolo\u010dnos\u0165. Na druhej strane sa tie\u017e sna\u017e\u00edm vyobrazi\u0165 oslavu \u013eudskosti, na\u0161ich ch\u00fdb, nedostatkov, ale aj sily \u010di priebojnosti.&nbsp;<\/p>\n\n\n\n<p><strong>Poukazujete aj na problematiku n\u00e1silia p\u00e1chan\u00e9ho na \u017een\u00e1ch. \u010co v\u00e1s k tomu viedlo?&nbsp;<\/strong><\/p>\n\n\n\n<p>\u00c1no, t\u00e1to t\u00e9ma sa u m\u0148a \u010dasto objavuje a mysl\u00edm si, \u017ee opr\u00e1vnene. Nielen v na\u0161ej krajine je problematika n\u00e1silia p\u00e1chan\u00e9ho na \u017een\u00e1ch prehliadan\u00e1 a \u010dasto tabuizovan\u00e1. Sama som neraz za\u017eila n\u00e1silie alebo ob\u0165a\u017eovanie, \u010di u\u017e na ulici, na internete, alebo od \u010dloveka, ktor\u00fd mi bol v istom momente \u017eivota bl\u00edzky. Je to naozaj rozsiahle a dovol\u00edm si poveda\u0165, \u017ee to v na\u0161ej spolo\u010dnosti za\u010d\u00edna by\u0165 aj be\u017en\u00e9 a normalizovan\u00e9. Preto som sa rozhodla tejto t\u00e9me tro\u0161ku hlb\u0161ie venova\u0165 a div\u00e1ctvu tento probl\u00e9m pribl\u00ed\u017ei\u0165 pomocou mojich malieb.&nbsp;<\/p>\n\n\n\n<p><strong>Va\u0161e diela s\u00fa drsn\u00e9 a int\u00edmne, \u010do v\u00e1s k tomu viedlo? Ak\u00e9 s\u00fa na to reakcie?<\/strong><\/p>\n\n\n\n<p>Reakcie s\u00fa r\u00f4zne. Niekedy za mnou \u013eudia pr\u00eddu alebo mi nap\u00ed\u0161u, \u017ee sa v obrazoch na\u0161li. \u017de s\u00fa radi, \u017ee sa o tak\u00fdchto veciach hovor\u00ed, \u010dasto sa o tom rozpr\u00e1vame, je to tak\u00e1 terapia \u010di u\u017e pre m\u0148a, alebo pre div\u00e1ka. No, samozrejme, reakcie nie s\u00fa len pozit\u00edvne. Niekedy dok\u00e1\u017eu vzbudi\u0165 aj negat\u00edvnu em\u00f3ciu, \u010do je samozrejme \u00faplne v poriadku. Najm\u00e4 na internete dost\u00e1vam negat\u00edvne koment\u00e1re, \u010dasto od star\u0161\u00edch \u013eud\u00ed a mu\u017eov, no to u\u017e asi bude riziko povolania.\u00a0<\/p>\n\n\n\n<figure class=\"wp-block-image size-large\"><img loading=\"lazy\" decoding=\"async\" width=\"1024\" height=\"1024\" src=\"https:\/\/duhovyrok.sk\/qys\/wp-content\/uploads\/sites\/2\/2024\/06\/image00013_-1024x1024.jpg\" alt=\"\" class=\"wp-image-4550\" srcset=\"https:\/\/duhovyrok.sk\/qys\/wp-content\/uploads\/sites\/2\/2024\/06\/image00013_-1024x1024.jpg 1024w, https:\/\/duhovyrok.sk\/qys\/wp-content\/uploads\/sites\/2\/2024\/06\/image00013_-700x700.jpg 700w, https:\/\/duhovyrok.sk\/qys\/wp-content\/uploads\/sites\/2\/2024\/06\/image00013_-150x150.jpg 150w, https:\/\/duhovyrok.sk\/qys\/wp-content\/uploads\/sites\/2\/2024\/06\/image00013_-1536x1536.jpg 1536w, https:\/\/duhovyrok.sk\/qys\/wp-content\/uploads\/sites\/2\/2024\/06\/image00013_-2046x2048.jpg 2046w, https:\/\/duhovyrok.sk\/qys\/wp-content\/uploads\/sites\/2\/2024\/06\/image00013_.jpg 2048w\" sizes=\"auto, (max-width: 1024px) 100vw, 1024px\" \/><\/figure>\n\n\n\n<p><strong>Pre\u010do je d\u00f4le\u017eit\u00e9 venova\u0165 sa aj tejto t\u00e9me?&nbsp;<\/strong><\/p>\n\n\n\n<p>Mysl\u00edm si, \u017ee ka\u017ed\u00fd, ktor\u00fd to nepova\u017euje za d\u00f4le\u017eit\u00e9, by mal vytiahnu\u0165 hlavu z piesku a rozhliadnu\u0165 sa okolo seba.&nbsp;<\/p>\n\n\n\n<p><strong>Pova\u017eujete aj svoje umenie za queer? Ak \u00e1no, ako by ste to op\u00edsali?&nbsp;<\/strong><\/p>\n\n\n\n<p>Samozrejme. Umenie nem\u00e1 sexualitu \u010di pohlavie. Takisto ako t\u00e9my, ktor\u00fdm sa v mojej tvorbe venujem. N\u00e1silie, poruchy pr\u00edjmu potravy, ale aj z\u00edskanie sp\u00e4\u0165 svojho sebavedomia \u010di prevzatie moci nad svoj\u00edm telom a \u017eivotom. To s\u00fa veci, s ktor\u00fdmi \u013eudia bojuj\u00fa na dennom poriadku, queer, alebo hetero.&nbsp;<\/p>\n\n\n\n<p><strong>Ak\u00fd m\u00e1te vz\u0165ah ku LGBTIQ+ komunite a ku queer umeniu?&nbsp;<\/strong><\/p>\n\n\n\n<p>Ke\u010f\u017ee sa pova\u017eujem za s\u00fa\u010das\u0165 LGBTIQ+ komunity, je a v\u017edy aj bude s\u00fa\u010das\u0165 m\u00f4jho \u017eivota, \u010di u\u017e osobn\u00e9ho, alebo profesijn\u00e9ho.&nbsp;<\/p>\n\n\n\n<p><strong>Ako vn\u00edmate kult\u00faru na Slovensku? A ako vn\u00edmate postavenie queer kult\u00fary v s\u00fa\u010dasnosti?&nbsp;<\/strong><\/p>\n\n\n\n<p>To je ot\u00e1zka, pri ktorej sa v\u017edy tro\u0161ku zamra\u010d\u00edm, ale aj u\u0161krniem. M\u00e1m pocit, \u017ee na\u0161a kult\u00fara je moment\u00e1lne v prek\u00e9rnej situ\u00e1cii, no z\u00e1rove\u0148 vid\u00edm, ko\u013eko umenia a kult\u00fary sme schopn\u00ed vyprodukova\u0165, aj napriek nepriazniv\u00fdm podmienkam. Sme ozaj n\u00e1rod nezlomn\u00fd. (<em>So smiechom<\/em>.)\u00a0<\/p>\n\n\n\n<figure class=\"wp-block-image size-large\"><img loading=\"lazy\" decoding=\"async\" width=\"838\" height=\"1024\" src=\"https:\/\/duhovyrok.sk\/qys\/wp-content\/uploads\/sites\/2\/2024\/06\/image00014-838x1024.jpeg\" alt=\"\" class=\"wp-image-4551\" srcset=\"https:\/\/duhovyrok.sk\/qys\/wp-content\/uploads\/sites\/2\/2024\/06\/image00014-838x1024.jpeg 838w, https:\/\/duhovyrok.sk\/qys\/wp-content\/uploads\/sites\/2\/2024\/06\/image00014-573x700.jpeg 573w, https:\/\/duhovyrok.sk\/qys\/wp-content\/uploads\/sites\/2\/2024\/06\/image00014-1257x1536.jpeg 1257w, https:\/\/duhovyrok.sk\/qys\/wp-content\/uploads\/sites\/2\/2024\/06\/image00014.jpeg 1440w\" sizes=\"auto, (max-width: 838px) 100vw, 838px\" \/><\/figure>\n\n\n\n<p><strong>\u010co pre v\u00e1s znamenalo ocenenie Ma\u013eba roka?&nbsp;<\/strong><\/p>\n\n\n\n<p>Asi mi uk\u00e1zalo, \u017ee stoj\u00ed za to vytrva\u0165 a v\u00fdsledky sa dostavia. Toto ocenenie ma utvrdilo aj v tom, \u017ee aj ke\u010f vy\u010dnievate z radu, alebo ste tro\u0161ku drz\u00e1, tro\u0161ku neohraban\u00e1 a v\u00f4bec nie dokonal\u00e1, dok\u00e1\u017eete si vybojova\u0165 uznanie.&nbsp;<\/p>\n\n\n\n<p><strong>Ak\u00e9 m\u00e1te pl\u00e1ny do bud\u00facnosti?&nbsp;<\/strong><\/p>\n\n\n\n<p>Budem sa na\u010falej venova\u0165 ma\u013ebe. Chcem expandova\u0165 do \u010fal\u0161\u00edch kraj\u00edn, kam sa moja tvorba e\u0161te nedostala. Taktie\u017e nastupujem na doktorandsk\u00e9 \u0161t\u00fadium na Akad\u00e9miu umen\u00ed v Banskej Bystrici. D\u00fafam, \u017ee m\u00f4j v\u00fdskum tam posuniem e\u0161te o krok \u010falej. Pl\u00e1nujem tie\u017e v\u00fdstavy na Slovensku aj v zahrani\u010d\u00ed.<\/p>\n\n\n\n<figure class=\"wp-block-image size-large\"><img loading=\"lazy\" decoding=\"async\" width=\"1024\" height=\"1024\" src=\"https:\/\/duhovyrok.sk\/qys\/wp-content\/uploads\/sites\/2\/2024\/06\/image00004-1024x1024.jpeg\" alt=\"\" class=\"wp-image-4552\" srcset=\"https:\/\/duhovyrok.sk\/qys\/wp-content\/uploads\/sites\/2\/2024\/06\/image00004-1024x1024.jpeg 1024w, https:\/\/duhovyrok.sk\/qys\/wp-content\/uploads\/sites\/2\/2024\/06\/image00004-700x700.jpeg 700w, https:\/\/duhovyrok.sk\/qys\/wp-content\/uploads\/sites\/2\/2024\/06\/image00004-150x150.jpeg 150w, https:\/\/duhovyrok.sk\/qys\/wp-content\/uploads\/sites\/2\/2024\/06\/image00004.jpeg 1440w\" sizes=\"auto, (max-width: 1024px) 100vw, 1024px\" \/><\/figure>\n","protected":false},"excerpt":{"rendered":"<p>Autor: Andrej Kuruc \/ FOTO: Arch\u00edv Dominiky Kov\u00e1\u010dikovej Text sme prv\u00fd raz publikovali v \u010d\u00edsle Leto 2024. Dominika Kov\u00e1\u010dikov\u00e1 je v\u00ed\u0165azkou a dvojn\u00e1sobnou finalistkou s\u00fa\u0165a\u017ee Ma\u013eba roka. Vo svojich ma\u013eb\u00e1ch poukazuje na problematiku n\u00e1silia p\u00e1chan\u00e9ho na \u017een\u00e1ch, na sexu\u00e1lne traumy, ak\u00fdmi s\u00fa zneu\u017e\u00edvanie a ob\u0165a\u017eovanie, ale aj na vn\u00fatorn\u00fa nespokojnos\u0165 so vzh\u013eadom, ktor\u00e1 je u <a href=\"https:\/\/duhovyrok.sk\/qys\/dominika-kovacikova-sama-som-neraz-zazila-nasilie-alebo-obtazovanie\/\" class=\"more-link\">&#8230;<\/a><\/p>\n","protected":false},"author":2,"featured_media":4548,"comment_status":"closed","ping_status":"closed","sticky":false,"template":"","format":"standard","meta":{"footnotes":""},"categories":[259,258],"tags":[565,266,567,432,566,185,419],"class_list":["post-4501","post","type-post","status-publish","format-standard","has-post-thumbnail","hentry","category-rozhovory","category-vizualne-umenie","tag-dominika-kovacikova","tag-from-qys","tag-maliarka","tag-nasilie","tag-nasilie-na-zenach","tag-rozhovor","tag-vizualne-umenie"],"_links":{"self":[{"href":"https:\/\/duhovyrok.sk\/qys\/wp-json\/wp\/v2\/posts\/4501","targetHints":{"allow":["GET"]}}],"collection":[{"href":"https:\/\/duhovyrok.sk\/qys\/wp-json\/wp\/v2\/posts"}],"about":[{"href":"https:\/\/duhovyrok.sk\/qys\/wp-json\/wp\/v2\/types\/post"}],"author":[{"embeddable":true,"href":"https:\/\/duhovyrok.sk\/qys\/wp-json\/wp\/v2\/users\/2"}],"replies":[{"embeddable":true,"href":"https:\/\/duhovyrok.sk\/qys\/wp-json\/wp\/v2\/comments?post=4501"}],"version-history":[{"count":2,"href":"https:\/\/duhovyrok.sk\/qys\/wp-json\/wp\/v2\/posts\/4501\/revisions"}],"predecessor-version":[{"id":4553,"href":"https:\/\/duhovyrok.sk\/qys\/wp-json\/wp\/v2\/posts\/4501\/revisions\/4553"}],"wp:featuredmedia":[{"embeddable":true,"href":"https:\/\/duhovyrok.sk\/qys\/wp-json\/wp\/v2\/media\/4548"}],"wp:attachment":[{"href":"https:\/\/duhovyrok.sk\/qys\/wp-json\/wp\/v2\/media?parent=4501"}],"wp:term":[{"taxonomy":"category","embeddable":true,"href":"https:\/\/duhovyrok.sk\/qys\/wp-json\/wp\/v2\/categories?post=4501"},{"taxonomy":"post_tag","embeddable":true,"href":"https:\/\/duhovyrok.sk\/qys\/wp-json\/wp\/v2\/tags?post=4501"}],"curies":[{"name":"wp","href":"https:\/\/api.w.org\/{rel}","templated":true}]}}