{"id":4134,"date":"2023-07-08T17:22:36","date_gmt":"2023-07-08T15:22:36","guid":{"rendered":"https:\/\/duhovyrok.sk\/qys\/?p=4134"},"modified":"2023-07-11T14:58:23","modified_gmt":"2023-07-11T12:58:23","slug":"alex-z-duhoveho-pride-zelam-si-aby-viac-firiem-pochopilo-ze-to-bez-nich-nezvladneme","status":"publish","type":"post","link":"https:\/\/duhovyrok.sk\/qys\/alex-z-duhoveho-pride-zelam-si-aby-viac-firiem-pochopilo-ze-to-bez-nich-nezvladneme\/","title":{"rendered":"Alex z D\u00fahov\u00e9ho PRIDE: \u017del\u00e1m si, aby viac firiem pochopilo, \u017ee to bez nich nezvl\u00e1dneme"},"content":{"rendered":"\n<p><strong>Autor: Matej Uhl\u00e1r \/ Foto: Jakub Kov\u00e1\u010d<\/strong><\/p>\n\n\n\n<p><em>Text sme prv\u00fd raz publikovali v \u010d\u00edsle Leto 2023.<\/em><\/p>\n\n\n\n<p><strong>Nieko\u013eko rokov sa venuje spolupr\u00e1cam s firmami v t\u00edme D\u00fahov\u00e9ho PRIDE-u Bratislava. Alexandra Miller je mamou a partnerkou, aj preto sa sna\u017e\u00ed pom\u00f4c\u0165 vytvori\u0165 lep\u0161\u00ed svet pre svoju dc\u00e9ru. Zh\u00e1\u0148a\u0165 peniaze pre LGBTI+ organiz\u00e1ciu je v\u0161ak na Slovensku n\u00e1ro\u010dn\u00e9, hoci by sa po teroristickom \u010dine pred Tepl\u00e1r\u0148ou mohol zda\u0165 opak.<\/strong><\/p>\n\n\n\n<p><strong>Ako ste sa dostali k spolupr\u00e1ci s D\u00fahov\u00fdm PRIDE-om Bratislava?<\/strong><\/p>\n\n\n\n<p>V princ\u00edpe ve\u013emi jednoducho. Bola som jeho dlhoro\u010dnou \u00fa\u010dastn\u00ed\u010dkou a podporovate\u013ekou a ke\u010f\u017ee som sa pohybovala v komunite, spoznala som \u201e\u013eud\u00ed, ktor\u00ed poznali \u013eud\u00ed\u201c a za\u010dala som sa zauj\u00edma\u0165 o mo\u017enosti sta\u0165 sa jeho s\u00fa\u010das\u0165ou. U\u017e mi nesta\u010dilo prizera\u0165 sa spopod p\u00f3dia, chcela som by\u0165 akt\u00edvnou, m\u00f4c\u0165 prida\u0165 ruku k dielu. Naj\u013eah\u0161ie sa lamentuje nad spolo\u010denskou situ\u00e1ciou, pokia\u013e \u010dlovek ni\u010d neurob\u00ed pre zmenu k lep\u0161iemu. P\u00fdtala som sa samej seba, ako viem pom\u00f4c\u0165, a ke\u010f\u017ee som sa v\u017edy z h\u013eadiska profesie pohybovala v biznise, bolo to viac-menej jasn\u00e9.<\/p>\n\n\n\n<p><strong>Vn\u00edmate nejak\u00fd rozdiel medzi z\u00edskavan\u00edm sponzoringu pre D\u00fahov\u00fd PRIDE Bratislava a in\u00fdmi akciami?<\/strong><\/p>\n\n\n\n<p>Vzh\u013eadom na to, \u017ee sa venujem fundraisingu iba pre D\u00fahov\u00fd PRIDE Bratislava, neviem to porovna\u0165 s pr\u00e1cou pre in\u00e9 akcie \u010di neziskovky. Fundraising pre D\u00fahov\u00fd PRIDE Bratislava je preva\u017ene o h\u013eadan\u00ed kvalitn\u00fdch partnerov a dod\u00e1vate\u013eov, o budovan\u00ed korektn\u00fdch a trv\u00e1cnych vz\u0165ahov, o networkingu a o komunik\u00e1cii. V krajin\u00e1ch, kde m\u00e1 PRIDE dlh\u0161iu trad\u00edciu a kde prich\u00e1dzaj\u00fa n\u00e1v\u0161tevn\u00edci v desiatkach \u010di dokonca stovk\u00e1ch tis\u00edcov, sa i firmy stavaj\u00fa k spolupr\u00e1ci akt\u00edvnej\u0161ie \u2013 sami vyh\u013ead\u00e1vaj\u00fa sp\u00f4sob, ako sa zapoji\u0165 a podpori\u0165 PRIDE. V pr\u00edpade Slovenska je to st\u00e1le e\u0161te o tom, ako si n\u00e1jdeme na\u0161ich podporovate\u013eov my, hoci sa u\u017e vyskytlo i p\u00e1r \u201elastovi\u010diek\u201c, spolo\u010dnost\u00ed, ktor\u00e9 kontaktovali n\u00e1s z vlastnej iniciat\u00edvy.<\/p>\n\n\n\n<p><strong>Je pre firmy podporovanie D\u00fahov\u00e9ho PRIDE-u Bratislava z\u00e1le\u017eitos\u0165ou sk\u00f4r prest\u00ed\u017ee, alebo to vn\u00edmaj\u00fa sk\u00f4r ako kontroverziu, ktor\u00e1 m\u00f4\u017ee prinies\u0165 ne\u017eelan\u00fa spolo\u010densk\u00fa odozvu?<\/strong><\/p>\n\n\n\n<p>Samozrejme, st\u00e1le sa n\u00e1jdu aj tak\u00e9 firmy, ktor\u00e9 sa ob\u00e1vaj\u00fa straty z\u00e1kazn\u00edkov, ak by sa rozhodli podpori\u0165 PRIDE, alebo inak vysla\u0165 sign\u00e1l solidarity s LGBTI+ komunitou. Z mojej sk\u00fasenosti v\u0161ak ide sk\u00f4r o nepodlo\u017een\u00fd strach z nepoznan\u00e9ho, ne\u017e o re\u00e1lne riziko. Napokon, siln\u00e9 zna\u010dky, ako napr\u00edklad IKEA, Microsoft, Lenovo, Heineken, Absolut, Henkel, Wolt a mnoho in\u00fdch, by mi dali iste za pravdu, \u017ee \u017eiaden masov\u00fd odliv z\u00e1kazn\u00edkov sa nekonal, biznisu sa dar\u00ed a okrem toho vyslali nesmierne d\u00f4le\u017eit\u00fd spolo\u010densk\u00fd odkaz a stali sa in\u0161pir\u00e1ciou i pre in\u00fdch. \u010co m\u0148a osobne mrz\u00ed viac, ne\u017e striktn\u00e9 nie z d\u00f4vodu ob\u00e1v, je t\u00e1 silen\u00e1 neutralita resp. \u201eapolitickos\u0165\u201c. Argumenty tipu: my sa k t\u00e9mam rozde\u013euj\u00facim spolo\u010dnos\u0165 nechceme prid\u00e1va\u0165, my nie sme a nechceme by\u0165 politick\u00ed, my nem\u00e1me ni\u010d proti LGBTI+ \u013eu\u010fom, dokonca patria i medzi na\u0161ich zamestnancov a z\u00e1kazn\u00edkov, ALE&#8230; Toto s\u00fa veci, ktor\u00e9 ma vedia vskutku zarm\u00fati\u0165 a aj nahneva\u0165, re\u0161pektujem v\u0161ak ak\u00e9ko\u013evek stanovisko, ktor\u00e9 dostanem od osloven\u00fdch firiem. Nie je cie\u013eom niekoho citovo vydiera\u0165, vzbudi\u0165 v \u0148om v\u00fd\u010ditky \u010di pocit, \u017ee nie je dobr\u00fd \u010dlovek \u010di zamestn\u00e1vate\u013e, pr\u00e1ve naopak. Moj\u00edm cie\u013eom je predstavi\u0165 partnerom z firemn\u00e9ho prostredia mo\u017enosti, ako sa d\u00e1 uchopi\u0165 podpora t\u00e9my diverzity a re\u0161pektu bez toho, aby i\u0161lo len o tzv. pinkwashing. D\u00f4le\u017eit\u00e9 je, \u010do robia v tejto t\u00e9me po\u010das cel\u00e9ho roka, nielen po\u010das PRIDE mesiaca.<\/p>\n\n\n\n<p><strong>V poslednom obdob\u00ed aj v parlamente zaznievaj\u00fa r\u00f4zne kontroverzn\u00e9 z\u00e1kony oh\u013eadom LGBTI+ komunity, tie\u017e m\u00e1me v \u017eivej pam\u00e4ti teroristick\u00fd \u010din pred Tepl\u00e1r\u0148ou. Ovplyvnilo toto nejak\u00fdm sp\u00f4sobom sponzoring D\u00fahov\u00e9ho PRIDE Bratislava?<\/strong><\/p>\n\n\n\n<p>Ur\u010dite som vn\u00edmala obrovsk\u00fa vlnu solidarity, ktor\u00e1 sa zdvihla po tragickej vra\u017ede na Z\u00e1mockej v okt\u00f3bri 2022. Je skvel\u00e9, \u017ee sa pridali i osobnosti verejn\u00e9ho \u017eivota. Ak je v\u0161ak ot\u00e1zka smerovan\u00e1 na to, \u010di je tento rok fundraising jednoduch\u0161\u00ed, nedovolila by som si to jednozna\u010dne tvrdi\u0165. Najv\u00e4\u010d\u0161\u00ed posun som vn\u00edmala pri crowdfundingovej kampani, taktie\u017e pri darovan\u00ed 2 % alebo 3 % z dan\u00ed. Pri komunik\u00e1cii s partnermi z priv\u00e1tneho sektora sa a\u017e tak ve\u013ea oproti predo\u0161l\u00fdm ro\u010dn\u00edkom nezmenilo. St\u00e1le je to ist\u00e1 forma vz\u00e1jomne v\u00fdhodn\u00e9ho vz\u0165ahu, firmy maj\u00fa mo\u017enos\u0165 pom\u00f4c\u0165 n\u00e1m vytvori\u0165 kvalitn\u00fd festival so siln\u00fdm odkazom, za \u010do im poskytneme vidite\u013enos\u0165 a marketingov\u00e9 plnenie v pr\u00edslu\u0161nej v\u00fd\u0161ke a rozsahu. Ako pre \u010dloveka s biznisov\u00fdm pozad\u00edm je pre m\u0148a d\u00f4le\u017eit\u00e9, aby na\u0161a spolupr\u00e1ca nakoniec bola v\u00ed\u0165azstvom pre obe strany. Vo v\u00e4\u010d\u0161ine pr\u00edpadov nejde o \u010d\u00edry altruizmus, ale o ve\u013emi dobre nastaven\u00fd mix marketingu, hodnotov\u00e9ho ukotvenia danej firmy a mo\u017enost\u00ed budgetu. Pri prostriedkoch z\u00edskan\u00fdch formou darovania percent z dan\u00ed je princ\u00edp celkom in\u00fd, ke\u010f\u017ee na\u0161ich darcov nepozn\u00e1me. Okrem dobr\u00e9ho pocitu si \u017eiadnu in\u00fa protihodnotu neodn\u00e1\u0161aj\u00fa. Ve\u013emi si v\u0161ak v\u00e1\u017eime ka\u017ed\u00fd sp\u00f4sob podpory PRIDE, \u010di ide finan\u010dn\u00e9 prostriedky, produkty, slu\u017eby, medi\u00e1lne spolupr\u00e1ce a podobne.<\/p>\n\n\n\n<p><strong>\u010co by ste si vy, ako \u010dlovek, ktor\u00fd z\u00edskava prostriedky na organiz\u00e1ciu D\u00fahov\u00e9ho PRIDE-u Bratislava, najviac priali?<\/strong><\/p>\n\n\n\n<p>Najviac by som si priala, aby moja poz\u00edcia nebola potrebn\u00e1, pr\u00edpadne aby bola len administrat\u00edvna. To je v\u0161ak v s\u00fa\u010dasnosti ve\u013emi sci-fi predstava. Z re\u00e1lnej\u0161\u00edch prian\u00ed by som spomenula asi to, aby st\u00e1le viac firiem a organiz\u00e1ci\u00ed porozumelo, \u017ee bez nich to nezvl\u00e1dneme. Princ\u00edp neziskov\u00fdch organiz\u00e1ci\u00ed, najm\u00e4 t\u00fdch \u013eudskopr\u00e1vnych spo\u010d\u00edva v suplovan\u00ed \u0161t\u00e1tu v t\u00e9mach a oblastiach, kde sa ne\u010din\u00ed spravodlivosti zados\u0165. Stoja a padaj\u00fa na sile, presved\u010den\u00ed a chuti nieko\u013ek\u00fdch nad\u0161encov meni\u0165 spolo\u010dnos\u0165 a venova\u0165 tomu nem\u00e1lo energie a vo\u013en\u00e9ho \u010dasu. Za 30 rokov sa pre LGBTI+ men\u0161inu na Slovensku nezmenilo v\u00f4bec ni\u010d a ak, tak k hor\u0161iemu. Je \u00faplne legit\u00edmne a pochopite\u013en\u00e9, \u017ee tento boj proti vetern\u00fdm mlynom ustoj\u00ed dlhodobo len m\u00e1lokto. \u010clovek sa ve\u013emi \u013eahko vy\u010derp\u00e1, vyhor\u00ed, m\u00f4\u017ee strati\u0165 n\u00e1dej v to, \u010do ho p\u00f4vodne k aktivizmu priviedlo. Preto na\u0161\u00edm najcennej\u0161\u00edm akt\u00edvom s\u00fa pr\u00e1ve \u013eudia v t\u00edme, star\u00ed, nov\u00ed \u010di st\u00e1li. Bez partnerov a podporovate\u013eov by v\u0161ak v\u0161etky na\u0161e iniciat\u00edvy a snahy boli len zbo\u017en\u00fdm prian\u00edm.<\/p>\n\n\n\n<p><strong>Ak\u00fdm sp\u00f4sobom m\u00f4\u017eu jednotlivci a firmy podpori\u0165 D\u00fahov\u00fd PRIDE Bratislava?<\/strong><\/p>\n\n\n\n<p>Sp\u00f4sobov je nieko\u013eko, napr\u00edklad priamo na na\u0161ej webovej str\u00e1nke je mo\u017enos\u0165 vybra\u0165 si jednorazov\u00fd \u010di opakovan\u00fd pr\u00edspevok vo volite\u013enej hodnote. \u010eal\u0161\u00edm sp\u00f4sobom je spom\u00ednan\u00e9 venovanie percent z dan\u00ed z pr\u00edjmu, alebo podpora prostredn\u00edctvom kampane D\u00fahov\u00e1 stu\u017eka. Pre firmy a organiz\u00e1cie je najlep\u0161ie vyu\u017ei\u0165 e-mailov\u00fd kontakt info@duhovypride.sk, pr\u00edpadne sa spoji\u0165 priamo so mnou: <a href=\"mailto:alexandra.miller@duhovypride.sk\">alexandra.miller@duhovypride.sk<\/a>.<\/p>\n\n\n\n<p><strong>N\u00e1jdu sa aj tak\u00e9 spolo\u010dnosti, ktor\u00e9 napr\u00edklad D\u00fahov\u00fd PRIDE Bratislava podporuj\u00fa dlhodobo, no nechc\u00fa by\u0165 v tejto s\u00favislosti zvidite\u013enen\u00e9?<\/strong><\/p>\n\n\n\n<p>V minulosti som sa stretla s t\u00fdm, \u017ee niektor\u00fdm firm\u00e1m viac vyhovoval sp\u00f4sob podpory napr\u00edklad cestou Nad\u00e1cie Pontis, ktor\u00e1 n\u00e1sledne na z\u00e1klade pos\u00fadenia krit\u00e9ri\u00ed podan\u00fdch \u017eiadost\u00ed prerozdelila r\u00f4zne sumy r\u00f4znym neziskovk\u00e1m. Takto dok\u00e1zali nepriamo podpori\u0165 D\u00fahov\u00fd PRIDE Bratislava, pokia\u013e to nechceli \u010di nevedeli urobi\u0165 inak. Nev\u00fdhodou bolo, \u017ee nedok\u00e1zali ovplyvni\u0165 v\u00fd\u0161ku pr\u00edspevku pre jednotliv\u00e9 organiz\u00e1cie. Ako v\u00fdhodu pravdepodobne vn\u00edmali, \u017ee ich meno \u010di brand explicitne nesvieti na zozname na\u0161ich podporovate\u013eov. Re\u0161pektujem ak\u00fdko\u013evek sp\u00f4sob, ktor\u00fd si na\u0161i partneri \u010di donori zvolia. Neposudzujem ho, aj ke\u010f rada idem do diskusie o mo\u017en\u00fdch in\u00fdch form\u00e1ch. E\u0161te sa mi v\u0161ak nestalo, \u017ee by n\u00e1s niekto podporil a \u017eiadal by si zosta\u0165 v anonymite.<\/p>\n\n\n\n<p><strong>\u010co v\u00e1s PRIDE nau\u010dil a ako v\u00e1s ovplyvnil? \u010co ste sa z\u00e1rove\u0148 museli nau\u010di\u0165 pri fundraisingu pre D\u00fahov\u00fd PRIDE Bratislava? Je t\u00e1to pr\u00e1ca nie\u010d\u00edm \u0161pecifick\u00e1?<\/strong><\/p>\n\n\n\n<p>V prvom rade by som to nenazvala pr\u00e1cou v be\u017enom zmysle slova, ke\u010f\u017ee v mojom pr\u00edpade ide sk\u00f4r o nadob\u00fadanie sk\u00fasenost\u00ed v \u2013 mne doned\u00e1vna nezn\u00e1mych \u2013 vod\u00e1ch neziskovej organiz\u00e1cie. Bola som nau\u010den\u00e1 existova\u0165 v zmysle predo\u0161l\u00fdch sk\u00fasenost\u00ed z prostredia korpor\u00e1tu, \u010do mi ur\u010dite pom\u00e1halo a pom\u00e1ha. Musela som sa v\u0161ak prisp\u00f4sobi\u0165 celkom nov\u00fdm podmienkam, pracova\u0165 s ve\u013eakr\u00e1t naivn\u00fdmi predstavami o tom, ako by \u010do malo fungova\u0165 a namiesto toho h\u013eada\u0165 sp\u00f4soby, ak\u00fdmi by to fungova\u0165 mohlo. Je ve\u013ek\u00fd rozdiel p\u00f4sobi\u0165 v oblasti retailu, kam \u013eudia chodia \u010dasto, radi a celkom dobrovo\u013ene tam nech\u00e1vaj\u00fa zna\u010dn\u00e9 obnosy pe\u0148az\u00ed v\u00fdmenou za konkr\u00e9tny tovar, ktor\u00fd prin\u00e1\u0161a nejak\u00fa jasn\u00fa protihodnotu. No a potom je tu fundraising v mimovl\u00e1dke, ktor\u00fd popiera v\u0161etky pou\u010dky a klasick\u00e9 mechanizmy fungovania \u201eobchodn\u00fdch rokovan\u00ed\u201c. M\u00e1 vlastn\u00e9 pravidl\u00e1 a nikdy ni\u010d nie je ist\u00e9, a\u017e k\u00fdm to je ist\u00e9. Pre va\u0161ich partnerov nikdy nie ste prvou vo\u013ebou, ale mo\u017enos\u0165ou: \u201eAk zv\u00fd\u0161i.\u201c Za ve\u013ek\u00fd \u00faspech pova\u017eujem, ke\u010f firmy pl\u00e1nuj\u00fa rozpo\u010dty s perspekt\u00edvou spolupr\u00e1ce s nami.<\/p>\n\n\n\n<p><strong>\u010co v\u00e1s t\u00e1to \u201epr\u00e1ca\u201c nau\u010dila?<\/strong><\/p>\n\n\n\n<p>Musela som sa nau\u010di\u0165 rozlo\u017ei\u0165 si sily, ne\u013epie\u0165 na instantn\u00fdch v\u00fdsledkoch a nestr\u00e1ca\u0165 n\u00e1dej v dobro. Prv\u00e9 dva roky m\u00f4jho p\u00f4sobenia v PRIDE t\u00edme boli pr\u00e1ve tie \u201ekoronov\u00e9\u201c online PRIDE, \u010d\u00edm som naozaj trpela. Bola to ve\u013ek\u00e1 sk\u00fa\u0161ka odolnosti, psychiky a vytrvalosti, ke\u010f\u017ee zados\u0165u\u010dinenie v podobe ul\u00edc zaplnen\u00fdch d\u00fahov\u00fdmi vlajkami a tis\u00edckami \u013eud\u00ed sa nedostavilo. Nakr\u00facali sme online PRIDE a predstavovali si, ak\u00e9 by to asi bolo, ak by sme boli offline. Bolo to tak\u00e9 trpko-sladk\u00e9, no som nesmierne rada, \u017ee som vtedy vydr\u017eala, a ro\u010dn\u00edk 2022 mi dal v\u0161etko to, \u010do mi predt\u00fdm tak ch\u00fdbalo. Nepatr\u00edm k najtrpezlivej\u0161\u00edm \u013eu\u010fom, preto to pova\u017eujem za ve\u013emi cenn\u00fa sk\u00fasenos\u0165. Bolo a je mi c\u0165ou by\u0165 s\u00fa\u010das\u0165ou nie\u010doho nato\u013eko d\u00f4le\u017eit\u00e9ho a potrebn\u00e9ho. Ke\u010f\u017ee som okrem in\u00e9ho aj mamou a partnerkou, c\u00edtim sa povinn\u00e1 prispie\u0165 k zmene a spoluvytv\u00e1raniu takej krajiny, v ktorej sa bude na\u0161ej dc\u00e9re dobre \u017ei\u0165. Predsa ak sa ma jedn\u00e9ho d\u0148a sp\u00fdta: \u201eA \u010do si vtedy preto urobila ty?\u201c \u2013 budem jej m\u00f4c\u0165 odpoveda\u0165 bez nutnosti smutne sklopi\u0165 zrak. To ma celkom nab\u00edja, hoci je \u010dasto \u0165a\u017ek\u00e9 vidie\u0165 svetlo na konci tunela. Chcela by som, aby ka\u017ed\u00fd mohol \u017ei\u0165 na Slovensku otvorene a bez ob\u00e1v o svoju bezpe\u010dnos\u0165 \u010di \u017eivot. Aby si p\u00e1ry a rodiny, bez oh\u013eadu na ich zlo\u017eenie, boli rovn\u00e9 v pr\u00e1vach. Po takej realite t\u00fa\u017eim a nevedno, \u010di ju sama za\u017eijem, ale pokia\u013e tu som, neviem inak.<strong><\/strong><\/p>\n","protected":false},"excerpt":{"rendered":"<p>Autor: Matej Uhl\u00e1r \/ Foto: Jakub Kov\u00e1\u010d Text sme prv\u00fd raz publikovali v \u010d\u00edsle Leto 2023. Nieko\u013eko rokov sa venuje spolupr\u00e1cam s firmami v t\u00edme D\u00fahov\u00e9ho PRIDE-u Bratislava. Alexandra Miller je mamou a partnerkou, aj preto sa sna\u017e\u00ed pom\u00f4c\u0165 vytvori\u0165 lep\u0161\u00ed svet pre svoju dc\u00e9ru. Zh\u00e1\u0148a\u0165 peniaze pre LGBTI+ organiz\u00e1ciu je v\u0161ak na Slovensku n\u00e1ro\u010dn\u00e9, <a href=\"https:\/\/duhovyrok.sk\/qys\/alex-z-duhoveho-pride-zelam-si-aby-viac-firiem-pochopilo-ze-to-bez-nich-nezvladneme\/\" class=\"more-link\">&#8230;<\/a><\/p>\n","protected":false},"author":21,"featured_media":4135,"comment_status":"closed","ping_status":"closed","sticky":false,"template":"","format":"standard","meta":{"footnotes":""},"categories":[4,6,259],"tags":[20,380,266,482,102,139,142,185],"class_list":["post-4134","post","type-post","status-publish","format-standard","has-post-thumbnail","hentry","category-praca","category-pribehy-lgbti-ludi","category-rozhovory","tag-aktivizmus","tag-duhovy-pride-bratislava","tag-from-qys","tag-kvir","tag-lgbti","tag-pride","tag-queer","tag-rozhovor"],"_links":{"self":[{"href":"https:\/\/duhovyrok.sk\/qys\/wp-json\/wp\/v2\/posts\/4134","targetHints":{"allow":["GET"]}}],"collection":[{"href":"https:\/\/duhovyrok.sk\/qys\/wp-json\/wp\/v2\/posts"}],"about":[{"href":"https:\/\/duhovyrok.sk\/qys\/wp-json\/wp\/v2\/types\/post"}],"author":[{"embeddable":true,"href":"https:\/\/duhovyrok.sk\/qys\/wp-json\/wp\/v2\/users\/21"}],"replies":[{"embeddable":true,"href":"https:\/\/duhovyrok.sk\/qys\/wp-json\/wp\/v2\/comments?post=4134"}],"version-history":[{"count":1,"href":"https:\/\/duhovyrok.sk\/qys\/wp-json\/wp\/v2\/posts\/4134\/revisions"}],"predecessor-version":[{"id":4136,"href":"https:\/\/duhovyrok.sk\/qys\/wp-json\/wp\/v2\/posts\/4134\/revisions\/4136"}],"wp:featuredmedia":[{"embeddable":true,"href":"https:\/\/duhovyrok.sk\/qys\/wp-json\/wp\/v2\/media\/4135"}],"wp:attachment":[{"href":"https:\/\/duhovyrok.sk\/qys\/wp-json\/wp\/v2\/media?parent=4134"}],"wp:term":[{"taxonomy":"category","embeddable":true,"href":"https:\/\/duhovyrok.sk\/qys\/wp-json\/wp\/v2\/categories?post=4134"},{"taxonomy":"post_tag","embeddable":true,"href":"https:\/\/duhovyrok.sk\/qys\/wp-json\/wp\/v2\/tags?post=4134"}],"curies":[{"name":"wp","href":"https:\/\/api.w.org\/{rel}","templated":true}]}}