{"id":4007,"date":"2023-03-26T10:47:29","date_gmt":"2023-03-26T08:47:29","guid":{"rendered":"https:\/\/duhovyrok.sk\/qys\/?p=4007"},"modified":"2023-04-08T13:46:18","modified_gmt":"2023-04-08T11:46:18","slug":"reziserka-sluzky-s-napadom-na-lesbicky-vztah-prisiel-milan-lasica","status":"publish","type":"post","link":"https:\/\/duhovyrok.sk\/qys\/reziserka-sluzky-s-napadom-na-lesbicky-vztah-prisiel-milan-lasica\/","title":{"rendered":"Re\u017eis\u00e9rka Sl\u00fa\u017eky: S n\u00e1padom na lesbick\u00fd vz\u0165ah pri\u0161iel Milan Lasica"},"content":{"rendered":"\n<p><strong>Autor: Jaro Hochel<\/strong> \/ <strong>FOTO: Igor Stan\u010d\u00edk<\/strong><\/p>\n\n\n\n<blockquote class=\"wp-block-quote is-layout-flow wp-block-quote-is-layout-flow\">\n<p><em>Text sme prv\u00fd raz publikovali v \u010d\u00edsle Jar 2023.<\/em><\/p>\n<\/blockquote>\n\n\n\n<p>Druh\u00e9ho febru\u00e1ra vst\u00fapil do na\u0161ej kinodistrib\u00facie film re\u017eis\u00e9rky (a spoluscen\u00e1ristky) Mariany \u010cengel Sol\u010danskej <em>Sl\u00fa\u017eka<\/em>, nato\u010den\u00fd pod\u013ea rovnomenn\u00e9ho rom\u00e1nu Hany Lasicovej (ktor\u00e1 je druhou autorkou scen\u00e1ra) z&nbsp;roku 2013. Re\u017eis\u00e9rka debutovala v&nbsp;roku 2010 sn\u00edmkou <em>Legenda o&nbsp;lietaj\u00facom Cypri\u00e1novi <\/em>a&nbsp;odvtedy m\u00e1 na konte sedem \u010fal\u0161\u00edch filmov v&nbsp;pestrom \u017e\u00e1nrovom zlo\u017een\u00ed od rozpr\u00e1vok (<em>L\u00e1ska na vl\u00e1sku<\/em>, <em>Zakliata jasky\u0148a<\/em>) a\u017e po div\u00e1cky mimoriadne \u00faspe\u0161n\u00e9 politick\u00e9 trilery (<em>\u00danos<\/em>, <em>Svi\u0148a<\/em>). Svoje pr\u00edbehy, \u010dasto in\u0161pirovan\u00e9 \u017eivotom autentick\u00fdch historick\u00fdch osobnost\u00ed, sprac\u00fava aj liter\u00e1rne, \u010di u\u017e ako alternat\u00edvu k&nbsp;filmov\u00e9mu rozpr\u00e1vaniu, alebo \u00faplne svojbytne (<em>J\u00e1no\u0161\u00edk<\/em>, <em>Proces s m\u0155tvym<\/em>). <em>Sl\u00fa\u017eka<\/em>, ktorej dej sa odohr\u00e1va na sklonku existencie rak\u00fasko-uhorskej monarchie, je prv\u00fdm slovensk\u00fdm filmom (nato\u010den\u00fdm v&nbsp;koprodukcii s&nbsp;\u010ceskom) s&nbsp;mot\u00edvom \u013e\u00fabostn\u00e9ho vz\u0165ahu medzi dvomi \u017eenami. Ale nielen preto si zasl\u00fa\u017ei pozornos\u0165. O&nbsp;samotnom filme a&nbsp;o&nbsp;v\u0161eli\u010dom, \u010do s&nbsp;n\u00edm s\u00favis\u00ed, sme sa s&nbsp;Marianou porozpr\u00e1vali.<\/p>\n\n\n\n<p><strong>Za ak\u00fdch okolnost\u00ed si sa po prv\u00fd raz stretla s&nbsp;knihou Hany Lasicovej?<\/strong><\/p>\n\n\n\n<p>Bola som tehotn\u00e1 a&nbsp;za\u0161la som do kn\u00edhkupectva, aby som sa z\u00e1sobila na \u0161estonedelie. Myslela som si, \u017ee po p\u00f4rode budem tak\u00e1 vy\u010derpan\u00e1, \u017ee ni\u010d in\u00e9 ako \u013eahk\u00fa \u010derven\u00fa kni\u017enicu nezvl\u00e1dnem. Ale <em>Sl\u00fa\u017eka<\/em> nebola hl\u00fapy pl\u00e1\u017eov\u00fd rom\u00e1n, hoci vy\u0161la vo vydavate\u013estve, ktor\u00e9 sa presne na tak\u00fa literat\u00faru orientovalo. Dojalo ma to pocitov\u00e9 rozpr\u00e1vanie bez dejov\u00fdch zvratov, ktor\u00e9 plynulo ako slu\u017eba hlavnej postavy Anky: mimovo\u013ene, so v\u0161ednou samozrejmos\u0165ou. Identifikovala som sa s&nbsp;protagonistkou a za\u010dala som vidie\u0165 filmov\u00e9 obrazy. Ke\u010f som knihu do\u010d\u00edtala, uvedomila som si viacero aspektov jej t\u00e9my. Po prv\u00e9, \u017ee ma skuto\u010dne zauj\u00edma a&nbsp;bav\u00ed uva\u017eova\u0165 o&nbsp;dejin\u00e1ch t\u00fdmto sp\u00f4sobom. Po druh\u00e9, rozpr\u00e1vanie bolo situovan\u00e9 viac-menej do jednej lok\u00e1cie, \u010do predstavuje produk\u010dn\u00fa v\u00fdhodu, \u010di\u017ee realizovate\u013enos\u0165 aj s&nbsp;obmedzen\u00fdm rozpo\u010dtom. A&nbsp;po tretie, i\u0161lo o stredoeur\u00f3psky koncept, \u010di\u017ee o&nbsp;t\u00e9mu s&nbsp;koproduk\u010dn\u00fdm potenci\u00e1lom.<\/p>\n\n\n\n<p><strong>Poznala si sa s&nbsp;Hanou u\u017e predt\u00fdm? A&nbsp;pre\u010do trvala cesta od n\u00e1padu prenies\u0165 pr\u00edbeh <em>Sl\u00fa\u017eky<\/em> na filmov\u00e9 pl\u00e1tno k&nbsp;hotov\u00e9mu filmu takmer desa\u0165 rokov?<\/strong><\/p>\n\n\n\n<p>Hanu som poznala iba z&nbsp;bulv\u00e1ru, trochu som sa n\u00e1\u0161ho prv\u00e9ho stretnutia b\u00e1la. Mohla sa z&nbsp;nej vyk\u013eu\u0165 aj \u010dudn\u00e1 osoba, ale bolo to presne naopak. Dnes sme skvel\u00e9 kamar\u00e1tky, aspo\u0148 ona pre m\u0148a ur\u010dite. Prv\u00fd draft som nechala na \u0148u, potom sme si scen\u00e1r nejak\u00fd \u010das vymie\u0148ali, a ke\u010f bolo treba za\u010da\u0165 premie\u0148a\u0165 literat\u00faru na obrazy v&nbsp;konkr\u00e9tnom priestore a&nbsp;p\u00edsa\u0165 dial\u00f3gy pre \u017eiv\u00fdch hercov, u\u017e som s&nbsp;t\u00fdm zostala sama, za \u010do som Hane v\u010fa\u010dn\u00e1. Som autorsk\u00fd typ re\u017eis\u00e9rky a,&nbsp;bohu\u017eia\u013e, nem\u00e1m schopnos\u0165 nakr\u00faca\u0165, \u010do nap\u00edsal niekto in\u00fd. Na za\u010diatku sme oslovili na spolupr\u00e1cu producenta Patrika Pa\u0161\u0161a. V&nbsp;tom \u010dase u&nbsp;neho pracovala \u0161tudentka produkcie Radka a&nbsp;t\u00e1 si vzala <em>Sl\u00fa\u017eku<\/em> za svoju. Ke\u010f do\u0161tudovala a&nbsp;chcela sa produk\u010dne osamostatni\u0165, poprosili sme p\u00e1na Pa\u0161\u0161a, aby <em>Sl\u00fa\u017eku<\/em> nechal od\u00eds\u0165 spolu s&nbsp;Radkou. V\u00fdsledn\u00fd film je teda producentsk\u00fdm debutom v&nbsp;pravom v\u00fdzname toho slova. To z\u00e1rove\u0148 vysvet\u013euje, pre\u010do trvalo tak dlho <em>Sl\u00fa\u017eku<\/em> vyfinancova\u0165.<\/p>\n\n\n\n<figure class=\"wp-block-image size-large\"><img loading=\"lazy\" decoding=\"async\" width=\"1024\" height=\"683\" src=\"https:\/\/duhovyrok.sk\/qys\/wp-content\/uploads\/sites\/2\/2023\/03\/3A-Milenky-vo-filme-1024x683.jpg\" alt=\"\" class=\"wp-image-4009\" srcset=\"https:\/\/duhovyrok.sk\/qys\/wp-content\/uploads\/sites\/2\/2023\/03\/3A-Milenky-vo-filme-1024x683.jpg 1024w, https:\/\/duhovyrok.sk\/qys\/wp-content\/uploads\/sites\/2\/2023\/03\/3A-Milenky-vo-filme-700x467.jpg 700w, https:\/\/duhovyrok.sk\/qys\/wp-content\/uploads\/sites\/2\/2023\/03\/3A-Milenky-vo-filme-1536x1024.jpg 1536w, https:\/\/duhovyrok.sk\/qys\/wp-content\/uploads\/sites\/2\/2023\/03\/3A-Milenky-vo-filme.jpg 2048w\" sizes=\"auto, (max-width: 1024px) 100vw, 1024px\" \/><figcaption class=\"wp-element-caption\">Dvojicu mlad\u00fdch mileniek, sl\u00fa\u017eku a&nbsp;pansk\u00fa dc\u00e9ru, stv\u00e1rnili vo filme <em>Sl\u00fa\u017eka<\/em> Dana Droppov\u00e1 a&nbsp;Radka Caldov\u00e1 (na sn\u00edmke so Zuzanou Maur\u00e9ry). Sn\u00edmka Igor Stan\u010d\u00edk.<\/figcaption><\/figure>\n\n\n\n<p><strong>V&nbsp;knihe sa sl\u00fa\u017eka Anka zamiluje do pansk\u00e9ho synka, ktor\u00fd sa s&nbsp;\u0148ou zahr\u00e1va, vo filme nadvia\u017ee \u013e\u00fabostn\u00fd vz\u0165ah s&nbsp;dc\u00e9rou rodiny, v&nbsp;ktorej sl\u00fa\u017ei. Ako do\u0161lo k&nbsp;tomuto posunu?<\/strong><\/p>\n\n\n\n<p>Ke\u010f sme mali nap\u00edsan\u00fa synopsu, poprosila som Hanu, aby ju dala pre\u010d\u00edta\u0165 svojmu otcovi. To,<\/p>\n\n\n\n<p>aby sme zmenili pohlavie osoby, s&nbsp;ktorou Anka nadvia\u017ee vz\u0165ah, bol n\u00e1vrh Milana Lasicu. Obe sme pochopili, \u017ee od tej chv\u00edle m\u00e1me v&nbsp;ruk\u00e1ch nie\u010do, \u010do bude ma\u0165 aj celospolo\u010densk\u00fd presah. P\u00e1n Lasica bol g\u00e9nius a&nbsp;ja mu za jeho n\u00e1pad nikdy nebudem m\u00f4c\u0165 dostato\u010dne po\u010fakova\u0165.<\/p>\n\n\n\n<p><strong>Nemala si teda s jeho n\u00e1vrhom v&nbsp;prvej chv\u00edli probl\u00e9m? A&nbsp;ako nie celkom be\u017en\u00e9 erotick\u00e9 sc\u00e9ny zobrali here\u010dky?<\/strong><\/p>\n\n\n\n<p>Ja m\u00e1m striktn\u00fa katol\u00edcku v\u00fdchovu tak ako mili\u00f3ny Slov\u00e1kov, ale nie som pobo\u017en\u00e1. Moja viera sa transformovala na vyslovene osobn\u00fd vz\u0165ah ku kres\u0165anstvu, predstavuje moje najint\u00edmnej\u0161ie s\u00fakromie, do ktor\u00e9ho nikoho nevp\u00fa\u0161\u0165am a&nbsp;cirkev ako in\u0161tit\u00faciu u\u017e v\u00f4bec nie. Nechala som Danu Droppov\u00fa, predstavite\u013eku Anky, aby mala posledn\u00e9 slovo pri v\u00fdbere here\u010dky, ktor\u00e1 mala hra\u0165 jej partnerku, aby si vo\u0148ali, aby sa na seba te\u0161ili. Skamar\u00e1tili sa, chodievali spolu do sauny, zverovali si tajomstv\u00e1, boli si naozaj bl\u00edzke. Potom sa na tie sc\u00e9ny vyslovene te\u0161ili, na rozdiel od heterosexu\u00e1lnych. Dokonca ani ja som kone\u010dne nebola nap\u00e4t\u00e1, ako pri sexu\u00e1lnych sc\u00e9nach b\u00fdvam.<\/p>\n\n\n\n<figure class=\"wp-block-image size-large\"><img loading=\"lazy\" decoding=\"async\" width=\"1024\" height=\"683\" src=\"https:\/\/duhovyrok.sk\/qys\/wp-content\/uploads\/sites\/2\/2023\/03\/2-MCS-vo-filme-1024x683.jpg\" alt=\"\" class=\"wp-image-4010\" srcset=\"https:\/\/duhovyrok.sk\/qys\/wp-content\/uploads\/sites\/2\/2023\/03\/2-MCS-vo-filme-1024x683.jpg 1024w, https:\/\/duhovyrok.sk\/qys\/wp-content\/uploads\/sites\/2\/2023\/03\/2-MCS-vo-filme-700x467.jpg 700w, https:\/\/duhovyrok.sk\/qys\/wp-content\/uploads\/sites\/2\/2023\/03\/2-MCS-vo-filme-1536x1024.jpg 1536w, https:\/\/duhovyrok.sk\/qys\/wp-content\/uploads\/sites\/2\/2023\/03\/2-MCS-vo-filme.jpg 2047w\" sizes=\"auto, (max-width: 1024px) 100vw, 1024px\" \/><figcaption class=\"wp-element-caption\">Mariana \u010cengel Sol\u010dansk\u00e1 si vo svojom filme <em>Sl\u00fa\u017eka<\/em> aj zahrala, a&nbsp;to matku hlavnej hrdinky (na sn\u00edmke s&nbsp;Markom Igondom). Sn\u00edmka Igor Stan\u010d\u00edk.<\/figcaption><\/figure>\n\n\n\n<p><strong>Pam\u00e4t\u00e1me si hysterick\u00fa reakciu pomocn\u00e9ho biskupa Jozefa Ha\u013eka na partnersk\u00fd bozk dvoch \u017eien v&nbsp;seri\u00e1li RTVS <em>Priznanie<\/em>. Neob\u00e1vala si sa nie\u010doho podobn\u00e9ho?<\/strong><\/p>\n\n\n\n<p>Bolo a&nbsp;je mi to \u00faplne ukradnut\u00e9. Biskup si mo\u017eno nev\u0161imol, \u017ee aj on sa rozhodol pre \u017eivot mimo r\u00e1mca, ak\u00fd odpor\u00fa\u010da v\u0161etk\u00fdm ostatn\u00fdm. \u017dije mimo tradi\u010dne ch\u00e1panej rodiny, nem\u00e1 absol\u00fatne \u017eiadnu zodpovednos\u0165 za v\u00fd\u017eivu, v\u00fdchovu, vzdelanie a&nbsp;\u017eivot vlastn\u00fdch det\u00ed ani ekonomick\u00fa zodpovednos\u0165 za rodinu, nem\u00e1 obavy o&nbsp;strechu nad hlavou, spl\u00e1canie hypot\u00e9ky a&nbsp;platenie energi\u00ed, nemus\u00ed \u010deli\u0165 daniam, zdravotn\u00fdm a&nbsp;soci\u00e1lnym odvodom. V\u00f4bec ma nezauj\u00edma, \u010do on pova\u017euje za hriech. Jeden m\u00f4j kamar\u00e1t mi v&nbsp;podobn\u00fdch situ\u00e1ci\u00e1ch pripom\u00edna, \u017ee \u010dloveka definuj\u00fa nielen jeho priatelia, ale aj t\u00ed, ktor\u00ed ho nen\u00e1vidia. Ak nie\u010do kritizuje \u010dlovek ako Ha\u013eko, m\u00f4\u017eeme to ch\u00e1pa\u0165 ako znamenie kvality.<\/p>\n\n\n\n<p><strong>Ale <em>Sl\u00fa\u017eka<\/em> asi v&nbsp;prime time na Jednotke nep\u00f4jde. Nepo\u017eadovali v&nbsp;RTVS nejak\u00e9 \u00fapravy, vystrihnutie niektor\u00fdch sc\u00e9n?<\/strong><\/p>\n\n\n\n<p>RTVS je na\u0161\u00edm koproduk\u010dn\u00fdm partnerom, ale vst\u00fapila do koprodukcie ve\u013emi malou sumou \u2013 pokia\u013e viem, nie s\u00fa to ani tri percent\u00e1 z&nbsp;celkov\u00e9ho rozpo\u010dtu \u2013, tak\u017ee od n\u00e1s, pochopite\u013ene, nemohla o\u010dak\u00e1va\u0165 z\u00e1sahy do v\u00fdsledn\u00e9ho tvaru. Ale RTVS sa k&nbsp;<em>Sl\u00fa\u017eke<\/em> stavia ve\u013emi dobre, dramaturgia aj&nbsp;vedenie ch\u00e1pu, \u017ee vznikol v\u00fdnimo\u010dn\u00fd a&nbsp;kr\u00e1sny film. Je na ich rozhodnut\u00ed, kedy ho zaradia do vysielania, ale na kontrolnej projekcii sa naozaj hovorilo o&nbsp;prime time.<\/p>\n\n\n\n<p><strong>Vr\u00e1\u0165me sa k\u00fasok do minulosti. V&nbsp;tvojom liter\u00e1rnom aj filmovom debute <em>Legenda o&nbsp;lietaj\u00facom Cypri\u00e1novi <\/em>z&nbsp;roku 2010 sa vyskytuje epiz\u00f3dna postava maliara (vo filme v&nbsp;podan\u00ed Kamila Mikul\u010d\u00edka), ktor\u00fd je evidentne \u2013 povedan\u00e9 dne\u0161nou terminol\u00f3giou \u2013 gej, hoci to nikde nie je priamo pomenovan\u00e9. Ako ti to pri\u0161lo na um?<\/strong><\/p>\n\n\n\n<p>Nedel\u00edm \u013eud\u00ed pod\u013ea ich sexu\u00e1lnej orient\u00e1cie. Zauj\u00edma ma, kto je ak\u00fd \u010dlovek, \u010do do filmu prin\u00e1\u0161a, a&nbsp;potom mu vym\u00fd\u0161\u013eam \u201e\u017eivotopis\u201c. Hoci je ot\u00e1zka, \u010di ho v\u00f4bec vym\u00fd\u0161\u013eam ja. M\u00e1m toti\u017e podozrenie, \u017ee dobre nap\u00edsan\u00e1 postava si p\u00ed\u0161e \u017eivotopis sama, niekedy si dokonca mysl\u00edm, \u017ee si aj sama utv\u00e1ra mizansc\u00e9nu a&nbsp;dial\u00f3gy. By\u0165 umelcom bolo v\u017edy v\u00fdnimo\u010dn\u00fdm osudom, tak je to aj dnes. Od prad\u00e1vnych d\u00f4b sa mu\u017ei aj \u017eeny rozhodovali pre \u017eivot v&nbsp;komunit\u00e1ch tvoren\u00fdch rovnak\u00fdm pohlav\u00edm a&nbsp;motiv\u00e1cie mohli by\u0165 r\u00f4zne. Netvrd\u00edm, \u017ee mn\u00edsi vz\u00e1jomne praktizovali sex, ak fyzick\u00e9 naplnenie vz\u0165ahu vn\u00fatorne vyhodnotili ako hriech, ale u\u017e rozhodnutie \u017ei\u0165 v&nbsp;tak\u00fdchto v\u00fdlu\u010dn\u00fdch komunit\u00e1ch je ist\u00fdm sebavyjadren\u00edm.<\/p>\n\n\n\n<figure class=\"wp-block-image size-large\"><img loading=\"lazy\" decoding=\"async\" width=\"1024\" height=\"683\" src=\"https:\/\/duhovyrok.sk\/qys\/wp-content\/uploads\/sites\/2\/2023\/03\/1C-MCS_-1-1024x683.jpg\" alt=\"\" class=\"wp-image-4011\" srcset=\"https:\/\/duhovyrok.sk\/qys\/wp-content\/uploads\/sites\/2\/2023\/03\/1C-MCS_-1-1024x683.jpg 1024w, https:\/\/duhovyrok.sk\/qys\/wp-content\/uploads\/sites\/2\/2023\/03\/1C-MCS_-1-700x467.jpg 700w, https:\/\/duhovyrok.sk\/qys\/wp-content\/uploads\/sites\/2\/2023\/03\/1C-MCS_-1-1536x1024.jpg 1536w, https:\/\/duhovyrok.sk\/qys\/wp-content\/uploads\/sites\/2\/2023\/03\/1C-MCS_-1-2048x1365.jpg 2048w\" sizes=\"auto, (max-width: 1024px) 100vw, 1024px\" \/><figcaption class=\"wp-element-caption\">Re\u017eis\u00e9rka Mariana \u010cengel Sol\u010dansk\u00e1. Sn\u00edmka Igor Stan\u010d\u00edk.<\/figcaption><\/figure>\n\n\n\n<p><strong>V&nbsp;rom\u00e1ne <em>J\u00e1no\u0161\u00edk<\/em> z&nbsp;roku 2019 si pou\u017eila zauj\u00edmav\u00fd mot\u00edv: Juraj J\u00e1no\u0161\u00edk tu je ako die\u0165a obe\u0165ou pedofiln\u00e9ho far\u00e1ra Vrt\u00edka a&nbsp;zavra\u017edenie k\u0148aza pomstou za toto utrpenie. M\u00e1 t\u00e1to hypot\u00e9za nejak\u00fd re\u00e1lny podklad?<\/strong><\/p>\n\n\n\n<p>Re\u00e1lny je incident, pri ktorom bol far\u00e1r Vrt\u00edk smrte\u013ene zranen\u00fd. Ostatn\u00e9 je fikcia \u2013 m\u00e1m na mysli charakter vz\u0165ahu Vrt\u00edka a&nbsp;J\u00e1no\u0161\u00edka. Ale to, \u017ee sa aj v minulosti diali sexu\u00e1lne \u00fatoky k\u0148azov vo\u010di de\u0165om, nie je fikcia ani n\u00e1hodou.<\/p>\n\n\n\n<p><strong>A&nbsp;op\u00e4\u0165 k&nbsp;s\u00fa\u010dasnosti nielen filmovej. Ako vn\u00edma\u0161&nbsp;LGBTI+ \u013eud\u00ed a&nbsp;ich postavenie na Slovensku a&nbsp;vyjadrenia politikov k&nbsp;tejto t\u00e9me?<\/strong><\/p>\n\n\n\n<p>Pripad\u00e1 mi trochu nef\u00e9r, \u017ee by som sa mala vyjadrova\u0165 k&nbsp;postaveniu LGBTI+ \u013eud\u00ed v&nbsp;spolo\u010dnosti, preto\u017ee to, ak\u00e9 ne\u013eahk\u00e9 to maj\u00fa, si m\u00f4\u017eem iba predstavova\u0165. Nem\u00e1m pr\u00e1vo privlast\u0148ova\u0165 si ich otrasn\u00e9 sk\u00fasenosti z neprijatia. By\u0165 LGBTI+ je v&nbsp;na\u0161ej spolo\u010dnosti ur\u010dite ne\u013eahk\u00e9 a&nbsp;v\u0161etky tie \u00fatoky musia neuverite\u013ene zra\u0148ova\u0165. V\u0161etky tie Z\u00e1borsk\u00e9, Matovi\u010dovia, biskupi a&nbsp;neonacisti svojimi ur\u00e1\u017ekami vy\u017eivuj\u00fa zm\u00e4tok a strach majority z&nbsp;inakosti; podozrievam ich, \u017ee v&nbsp;skuto\u010dnosti chc\u00fa hlavne provokova\u0165. Ale medzi provokovan\u00edm a&nbsp;vykoris\u0165ovan\u00edm je iba ve\u013emi tenk\u00e1 hranica. Pr\u00e1ve preto sa nec\u00edtim \u00faplne komfortne, ke\u010f m\u00e9di\u00e1 propaguj\u00fa <em>Sl\u00fa\u017eku<\/em> ako \u201eprv\u00fd lesbick\u00fd film\u201c. Homosexualita nem\u00e1 by\u0165 prostriedkom na reklamu.<\/p>\n\n\n\n<p><strong>\u010co hovor\u00ed\u0161 na postoj cirkvi k&nbsp;LGBTI+ \u013eu\u010fom?<\/strong><\/p>\n\n\n\n<p>T\u00fato ot\u00e1zku si v&nbsp;strednej Eur\u00f3pe kladieme asi iba my a&nbsp;Poliaci. Iba tu je cirkev in\u0161tit\u00faciou, na ktorej n\u00e1zor sme zvedav\u00ed. Ale ja som hlavne zvedav\u00e1, kedy kone\u010dne nastane odluka cirkvi od \u0161t\u00e1tu, kedy za\u010dne cirkev pod\u00e1va\u0165 da\u0148ov\u00e9 priznania, plati\u0165 dane z nehnute\u013enost\u00ed, kedy za\u010dne financova\u0165 svoje organiz\u00e1cie sama a&nbsp;transparentne.<\/p>\n\n\n\n<p><strong>Zmenil sa tvoj poh\u013ead na LGBTI+ \u013eud\u00ed po tragickej udalosti pred Tepl\u00e1r\u0148ou na Z\u00e1mockej ulici v&nbsp;Bratislave?<\/strong><\/p>\n\n\n\n<p>Trag\u00e9dia na Z\u00e1mockej je na\u0161ou vlastnou trag\u00e9diou. Pre m\u0148a to bola aj smutn\u00e1 pr\u00edle\u017eitos\u0165 vysvetli\u0165 dc\u00e9re, kam a\u017e m\u00f4\u017ee z\u00e1js\u0165 pravicov\u00e1 radikaliz\u00e1cia, nen\u00e1vis\u0165 vo\u010di \u013eu\u010fom, ktor\u00ed miluj\u00fa a&nbsp;\u017eij\u00fa inak. \u201ePr\u00edle\u017eitos\u0165\u201c je zl\u00e9 slovo. Bodaj by sme ju nikdy nemali. Bodaj by sme o&nbsp;t\u00fdch veciach dok\u00e1zali rozpr\u00e1va\u0165 aj bez toho, aby zostala na chodn\u00edku krv nevinn\u00fdch.<\/p>\n","protected":false},"excerpt":{"rendered":"<p>Autor: Jaro Hochel \/ FOTO: Igor Stan\u010d\u00edk Text sme prv\u00fd raz publikovali v \u010d\u00edsle Jar 2023. Druh\u00e9ho febru\u00e1ra vst\u00fapil do na\u0161ej kinodistrib\u00facie film re\u017eis\u00e9rky (a spoluscen\u00e1ristky) Mariany \u010cengel Sol\u010danskej Sl\u00fa\u017eka, nato\u010den\u00fd pod\u013ea rovnomenn\u00e9ho rom\u00e1nu Hany Lasicovej (ktor\u00e1 je druhou autorkou scen\u00e1ra) z&nbsp;roku 2013. Re\u017eis\u00e9rka debutovala v&nbsp;roku 2010 sn\u00edmkou Legenda o&nbsp;lietaj\u00facom Cypri\u00e1novi a&nbsp;odvtedy m\u00e1 na konte <a href=\"https:\/\/duhovyrok.sk\/qys\/reziserka-sluzky-s-napadom-na-lesbicky-vztah-prisiel-milan-lasica\/\" class=\"more-link\">&#8230;<\/a><\/p>\n","protected":false},"author":21,"featured_media":4008,"comment_status":"closed","ping_status":"closed","sticky":false,"template":"","format":"standard","meta":{"footnotes":""},"categories":[254,10,259],"tags":[266,472,480,146,163,185,481,471],"class_list":["post-4007","post","type-post","status-publish","format-standard","has-post-thumbnail","hentry","category-film","category-kultura","category-rozhovory","tag-from-qys","tag-historicka-drama","tag-mariana-cengel-solcanska","tag-queer-film","tag-queer-pribehy-a-tv","tag-rozhovor","tag-scenaristka","tag-sluzka"],"_links":{"self":[{"href":"https:\/\/duhovyrok.sk\/qys\/wp-json\/wp\/v2\/posts\/4007","targetHints":{"allow":["GET"]}}],"collection":[{"href":"https:\/\/duhovyrok.sk\/qys\/wp-json\/wp\/v2\/posts"}],"about":[{"href":"https:\/\/duhovyrok.sk\/qys\/wp-json\/wp\/v2\/types\/post"}],"author":[{"embeddable":true,"href":"https:\/\/duhovyrok.sk\/qys\/wp-json\/wp\/v2\/users\/21"}],"replies":[{"embeddable":true,"href":"https:\/\/duhovyrok.sk\/qys\/wp-json\/wp\/v2\/comments?post=4007"}],"version-history":[{"count":3,"href":"https:\/\/duhovyrok.sk\/qys\/wp-json\/wp\/v2\/posts\/4007\/revisions"}],"predecessor-version":[{"id":4075,"href":"https:\/\/duhovyrok.sk\/qys\/wp-json\/wp\/v2\/posts\/4007\/revisions\/4075"}],"wp:featuredmedia":[{"embeddable":true,"href":"https:\/\/duhovyrok.sk\/qys\/wp-json\/wp\/v2\/media\/4008"}],"wp:attachment":[{"href":"https:\/\/duhovyrok.sk\/qys\/wp-json\/wp\/v2\/media?parent=4007"}],"wp:term":[{"taxonomy":"category","embeddable":true,"href":"https:\/\/duhovyrok.sk\/qys\/wp-json\/wp\/v2\/categories?post=4007"},{"taxonomy":"post_tag","embeddable":true,"href":"https:\/\/duhovyrok.sk\/qys\/wp-json\/wp\/v2\/tags?post=4007"}],"curies":[{"name":"wp","href":"https:\/\/api.w.org\/{rel}","templated":true}]}}