{"id":3948,"date":"2023-01-02T15:06:57","date_gmt":"2023-01-02T14:06:57","guid":{"rendered":"https:\/\/duhovyrok.sk\/qys\/?p=3948"},"modified":"2023-01-02T15:08:01","modified_gmt":"2023-01-02T14:08:01","slug":"nove-zimne-vydanie-magazinu-qys-je-tu","status":"publish","type":"post","link":"https:\/\/duhovyrok.sk\/qys\/nove-zimne-vydanie-magazinu-qys-je-tu\/","title":{"rendered":"Nov\u00e9 zimn\u00e9 vydanie magaz\u00ednu QYS je tu!"},"content":{"rendered":"\n<p>Do chladn\u00fdch dn\u00ed sme pripravili nov\u00e9 zimn\u00e9 vydanie magaz\u00ednu QYS! <\/p>\n\n\n\n<p>N\u00e1jdete v \u0148om:<\/p>\n\n\n\n<p>&#8211;&nbsp;Roman Samotn\u00fd: Kde h\u013eada\u0165 silu, ke\u010f na n\u00e1s \u00fato\u010dia?&nbsp;<\/p>\n\n\n\n<p>&#8211; Tipy, ako zv\u00fd\u0161i\u0165 na verejnosti svoju bezpe\u010dnos\u0165<\/p>\n\n\n\n<p>&#8211; Rozhovor s moder\u00e1torom Ras\u0165om Illievom o verejnom coming-oute a s autorstvom nebin\u00e1rnej pr\u00edru\u010dky<\/p>\n\n\n\n<p>&#8211; Rozhovor s mlad\u00fdm autorom Jakubom Spev\u00e1kom o jeho debute Po funuse<\/p>\n\n\n\n<p>&#8211; Kr\u00e1tky exkurz do boja za pr\u00e1v transrodov\u00fdch \u013eud\u00ed na Slovensku<\/p>\n\n\n\n<p>&#8211; Rozdiel medzi rodovou identitou a gramatick\u00fdm rodom<\/p>\n\n\n\n<p>&#8211; Vy\u0161la kniha o \u017eivote queer \u013eud\u00ed za socializmu<\/p>\n\n\n\n<p>&#8211; Ak\u00e9 boli najlep\u0161ie queer seri\u00e1ly roka?<\/p>\n\n\n\n<p>&#8211; A ve\u013ea \u010fal\u0161ieho skvel\u00e9ho \u010d\u00edtania&#8230;<\/p>\n\n\n\n<p>Aktu\u00e1lne vydanie alebo ro\u010dn\u00e9 predplatn\u00e9 si m\u00f4\u017eete objedna\u0165 priamo domov na adrese:&nbsp;<a rel=\"noreferrer noopener\" href=\"mailto:info@nomantinels.sk\" target=\"_blank\">info@nomantinels.sk<\/a><\/p>\n\n\n\n<p>Magaz\u00edn QYS zak\u00fapite aj vo va\u0161ich ob\u013e\u00faben\u00fdch kn\u00edhkupectv\u00e1ch:<\/p>\n\n\n\n<ul class=\"wp-block-list\"><li>Martinus na Obchodnej<\/li><li>Martinus na autobusovej stanici NIVY<\/li><li>Brot na Panenskej<\/li><li>Artfor\u00fam na Kozej<\/li><li>Kompot na Panenskej<\/li><li>Knihy LIC na n\u00e1mest\u00ed SNP<\/li><li>Plato Ostrava&nbsp;<\/li><\/ul>\n\n\n\n<p>&nbsp;Tituln\u00e1 fotografia: Jakub Kov\u00e1\u010d x Lili Dubsk\u00e1&nbsp;<\/p>\n\n\n\n<p>Toto \u010d\u00edslo podporil&nbsp;<a rel=\"noreferrer noopener\" href=\"https:\/\/www.fpu.sk\/sk\/\" target=\"_blank\">Fond na podporu umenia<\/a>&nbsp;a <a rel=\"noreferrer noopener\" href=\"https:\/\/www.culture.gov.sk\/\" target=\"_blank\">Ministerstvo kult\u00fary&nbsp;Slovenskej republiky<\/a><\/p>\n","protected":false},"excerpt":{"rendered":"<p>Do chladn\u00fdch dn\u00ed sme pripravili nov\u00e9 zimn\u00e9 vydanie magaz\u00ednu QYS! N\u00e1jdete v \u0148om: &#8211;&nbsp;Roman Samotn\u00fd: Kde h\u013eada\u0165 silu, ke\u010f na n\u00e1s \u00fato\u010dia?&nbsp; &#8211; Tipy, ako zv\u00fd\u0161i\u0165 na verejnosti svoju bezpe\u010dnos\u0165 &#8211; Rozhovor s moder\u00e1torom Ras\u0165om Illievom o verejnom coming-oute a s autorstvom nebin\u00e1rnej pr\u00edru\u010dky &#8211; Rozhovor s mlad\u00fdm autorom Jakubom Spev\u00e1kom o jeho debute Po <a href=\"https:\/\/duhovyrok.sk\/qys\/nove-zimne-vydanie-magazinu-qys-je-tu\/\" class=\"more-link\">&#8230;<\/a><\/p>\n","protected":false},"author":9,"featured_media":3949,"comment_status":"closed","ping_status":"closed","sticky":false,"template":"","format":"standard","meta":{"footnotes":""},"categories":[1],"tags":[266,122,123,174,470],"class_list":["post-3948","post","type-post","status-publish","format-standard","has-post-thumbnail","hentry","category-nezaradene","tag-from-qys","tag-nomantinels-divadlo","tag-nove-cislo","tag-qys-zima","tag-zima"],"_links":{"self":[{"href":"https:\/\/duhovyrok.sk\/qys\/wp-json\/wp\/v2\/posts\/3948","targetHints":{"allow":["GET"]}}],"collection":[{"href":"https:\/\/duhovyrok.sk\/qys\/wp-json\/wp\/v2\/posts"}],"about":[{"href":"https:\/\/duhovyrok.sk\/qys\/wp-json\/wp\/v2\/types\/post"}],"author":[{"embeddable":true,"href":"https:\/\/duhovyrok.sk\/qys\/wp-json\/wp\/v2\/users\/9"}],"replies":[{"embeddable":true,"href":"https:\/\/duhovyrok.sk\/qys\/wp-json\/wp\/v2\/comments?post=3948"}],"version-history":[{"count":4,"href":"https:\/\/duhovyrok.sk\/qys\/wp-json\/wp\/v2\/posts\/3948\/revisions"}],"predecessor-version":[{"id":3956,"href":"https:\/\/duhovyrok.sk\/qys\/wp-json\/wp\/v2\/posts\/3948\/revisions\/3956"}],"wp:featuredmedia":[{"embeddable":true,"href":"https:\/\/duhovyrok.sk\/qys\/wp-json\/wp\/v2\/media\/3949"}],"wp:attachment":[{"href":"https:\/\/duhovyrok.sk\/qys\/wp-json\/wp\/v2\/media?parent=3948"}],"wp:term":[{"taxonomy":"category","embeddable":true,"href":"https:\/\/duhovyrok.sk\/qys\/wp-json\/wp\/v2\/categories?post=3948"},{"taxonomy":"post_tag","embeddable":true,"href":"https:\/\/duhovyrok.sk\/qys\/wp-json\/wp\/v2\/tags?post=3948"}],"curies":[{"name":"wp","href":"https:\/\/api.w.org\/{rel}","templated":true}]}}