{"id":3894,"date":"2023-02-26T13:47:56","date_gmt":"2023-02-26T12:47:56","guid":{"rendered":"https:\/\/duhovyrok.sk\/qys\/?p=3894"},"modified":"2023-02-26T13:48:20","modified_gmt":"2023-02-26T12:48:20","slug":"jakub-spevak-zdielat-smutok-nas-posunie-vpred","status":"publish","type":"post","link":"https:\/\/duhovyrok.sk\/qys\/jakub-spevak-zdielat-smutok-nas-posunie-vpred\/","title":{"rendered":"Jakub Spev\u00e1k: Zdie\u013ea\u0165 sm\u00fatok n\u00e1s posunie vpred"},"content":{"rendered":"\n<p><strong>Autor: Kristi\u00e1n Lazar\u010d\u00edk<\/strong> \/ <strong>FOTO: Jakub Kov\u00e1\u010d<\/strong><\/p>\n\n\n\n<blockquote class=\"wp-block-quote is-layout-flow wp-block-quote-is-layout-flow\">\n<p><em>Text sme prv\u00fd raz publikovali v \u010d\u00edsle Zima 2022.<\/em><\/p>\n<\/blockquote>\n\n\n\n<p>Jakub Spev\u00e1k vy\u0161tudoval filmov\u00fa scen\u00e1ristiku a&nbsp;dramaturgiu na Vysokej \u0161kole m\u00fazick\u00fdch umen\u00ed v&nbsp;Bratislave. Najsk\u00f4r z\u00edskal ocenenia vo viacer\u00fdch liter\u00e1rnych s\u00fa\u0165a\u017eiach, medzi nimi napr\u00edklad Poviedka \u010di Medziriadky. Nesk\u00f4r vo vydavate\u013estve Kolomana Kert\u00e9sza Bagalu, KK BAGALA, ktor\u00e9 s\u00fa\u0165a\u017e Poviedka ka\u017edoro\u010dne usporad\u00fava u\u017e takmer tridsa\u0165 rokov, vydal svoju debutov\u00fa novelu <em>Po funuse<\/em>.<\/p>\n\n\n\n<p>Spev\u00e1k vo svojej novele reflektuje ve\u010dn\u00fa t\u00e9mu smrti, konkr\u00e9tne smrti bl\u00edzkeho \u010dloveka v&nbsp;jednej slovenskej rodine. Ide o&nbsp;pomerne odv\u00e1\u017enu tematick\u00fa vo\u013ebu, najm\u00e4 \u010do sa debutu t\u00fdka, no Jakub sa s&nbsp;\u0148ou popasoval stato\u010dne. \u201eSmr\u0165 je koniec koncov v\u0161ade,\u201c vrav\u00ed Jakub. \u201eV telev\u00edzii, v novin\u00e1ch, na soci\u00e1lnych sie\u0165ach. Ka\u017ed\u00fd de\u0148 po\u010d\u00favame o smrti. Ve\u010f \u017eijeme na plan\u00e9te, ktor\u00e1 kv\u00f4li n\u00e1m zomiera!\u201c Pr\u00e1ve kv\u00f4li tomu si Jakub mysl\u00ed, \u017ee nie ani tak samotn\u00e1 smr\u0165, ako sk\u00f4r rozpr\u00e1vanie sa o&nbsp;smrti je tabuizovan\u00e9. \u201eZatv\u00e1rame sa do seba ako aj postavy v mojej knihe, nerozpr\u00e1vame sa o tom, \u010do n\u00e1s tr\u00e1pi, a traumy sa v n\u00e1s naba\u013euj\u00fa, a\u017e jedn\u00e9ho d\u0148a vybuchn\u00fa alebo ich prenesieme na niekoho druh\u00e9ho. Cykl\u00edme sa. Pritom pr\u00e1ve v zdie\u013ean\u00ed (nielen) sm\u00fatku m\u00f4\u017eeme n\u00e1js\u0165 potrebn\u00fd posun.\u201c<\/p>\n\n\n\n<p>Vetn\u00e1 skladba cel\u00e9ho textu novely je ohlodan\u00e1 na kos\u0165, z&nbsp;\u010doho plynie \u0161tylistick\u00e1 strohos\u0165 a&nbsp;v\u0161adepr\u00edtomn\u00fd chlad. Jakubovo p\u00edsanie je takmer a\u017e filmov\u00e9, pon\u00faka ve\u013ek\u00fa mieru obrazotvornosti, no na rozdiel od audiovizu\u00e1lneho m\u00e9dia prenik\u00e1 do vn\u00fatorn\u00e9ho pre\u017e\u00edvania protagonistov ove\u013ea priamej\u0161ie a s&nbsp;v\u00e4\u010d\u0161ou \u013eahkos\u0165ou, takmer ako britva. Vytiahnite ju a&nbsp;rana za\u010dne krv\u00e1ca\u0165. Postavy Spev\u00e1kovej novely v\u0161ak britvu nech\u00e1vaj\u00fa bezpe\u010dne zabodnut\u00fa vo svojom vn\u00fatri. \u017diadna krv, iba ove\u013ea v\u00e4\u010d\u0161ie zranenia a&nbsp;boles\u0165.<\/p>\n\n\n\n<p>Zauj\u00edmalo ma, \u010di si pod\u013ea Jakuba m\u00f4\u017eeme dovoli\u0165 by\u0165 zranite\u013en\u00fdmi a&nbsp;ako ve\u013emi je to pre n\u00e1s, a&nbsp;teda i&nbsp;pre na\u0161u spolo\u010dnos\u0165 d\u00f4le\u017eit\u00e9: \u201ePod\u013ea m\u0148a je to jedna z m\u00e1la vec\u00ed, ktor\u00e9 n\u00e1m pom\u00f4\u017eu posun\u00fa\u0165 sa \u010falej a zmeni\u0165 spolo\u010dnos\u0165, v ktorej \u017eijeme. Je na\u010dase, aby neoblomnos\u0165 a silu vystriedala zranite\u013enos\u0165 a krehkos\u0165, lebo siln\u00fdmi sa st\u00e1vame pr\u00e1ve vtedy, ke\u010f sme si vedom\u00ed na\u0161ich limitov. Ke\u010f vieme, \u017ee sami si u\u017e nesta\u010d\u00edme a potrebujeme pomoc druh\u00fdch. Potrebujeme sa navz\u00e1jom,\u201c vrav\u00ed Jakub, pod\u013ea ktor\u00e9ho je pr\u00e1ve slovo komunita v tomto momente k\u013e\u00fa\u010dov\u00e9. \u201ePr\u00e1ve individualizmus a&nbsp;ignor\u00e1cia zranite\u013enosti n\u00e1s dostali do stavu, ke\u010f sa dennodenne stret\u00e1vame s teroristick\u00fdmi \u00fatokmi a mnoh\u00fdmi in\u00fdmi prejavmi nen\u00e1visti. \u00c1no, dovo\u013eme si by\u0165 zranite\u013en\u00fdmi, ale v prvom rade vytv\u00e1rajme priestory, syst\u00e9my, na\u0161e vlastn\u00e9 ut\u00f3pie, kde to bude mo\u017en\u00e9. Kde sa budeme c\u00edti\u0165 bezpe\u010dne.\u201c<\/p>\n\n\n\n<p>Nie je to \u00famrtie bl\u00edzkeho \u010dloveka, ktor\u00e9 v&nbsp;Spev\u00e1kovej novele rozvracia rodinu. T\u00e1 je o\u010dividne rozvr\u00e1ten\u00e1 u\u017e ove\u013ea dlh\u0161\u00ed \u010das. Jej \u010dlenovia sa zameriavaj\u00fa do seba, do svojho vn\u00fatra, ktor\u00e9 je u&nbsp;ka\u017ed\u00e9ho z&nbsp;nich ist\u00fdm sp\u00f4sobom rozbo\u013eaven\u00e9. No ani boles\u0165 nie je t\u00fdm hlavn\u00fdm rozvraca\u010dom. T\u00fdm je pr\u00e1ve absencia komunik\u00e1cie, neschopnos\u0165 o&nbsp;svojich tr\u00e1peniach rozpr\u00e1va\u0165, a&nbsp;to z&nbsp;r\u00f4znych pr\u00ed\u010din. \u010ci u\u017e je to zatrpknutos\u0165 vo\u010di ostatn\u00fdm \u010dlenom rodiny, tajomstv\u00e1, ktor\u00e9 by nemali by\u0165 vyrieknut\u00e9 nahlas, \u00faprimn\u00e9 em\u00f3cie, ktor\u00e9 by nemali by\u0165 prejaven\u00e9, alebo hanba a&nbsp;strach z&nbsp;nepochopenia.<\/p>\n\n\n\n<p>Ich postoje s\u00fa, samozrejme, opodstatnen\u00e9. Nach\u00e1dzame sa toti\u017e v rodine, kde st\u00e1le silno rezonuje rodov\u00e1 stereotypiz\u00e1cia. Hoci t\u00e1 je pre \u010ditate\u013eov \u00faplne o\u010dividnou, pre mnoh\u00e9 z&nbsp;post\u00e1v novely zost\u00e1va st\u00e1le iba nepov\u0161imnuto, a\u017e&nbsp;podprahovo votkanou do h\u013abky ich osobnost\u00ed. \u201ePoch\u00e1dzam z prostredia, v ktorom hraj\u00fa ve\u013ek\u00fa rolu n\u00e1bo\u017eenstvo a&nbsp;trad\u00edcie,\u201c zd\u00f4veruje sa Jakub. \u201eOd mali\u010dka som chodil do kostola a z\u00fa\u010dast\u0148oval sa biblick\u00fdch olympi\u00e1d. Takisto som skoro cel\u00fd m\u00f4j doteraj\u0161\u00ed \u017eivot tancoval vo folkl\u00f3rnom s\u00fabore. V obidvoch pr\u00edpadoch ide o svety, ktor\u00e9 s\u00fa ve\u013emi bin\u00e1rne a uv\u00e4z\u0148uj\u00fa \u013eudsk\u00fa prirodzenos\u0165. Ve\u013ea vec\u00ed sa preto teraz mus\u00edm odu\u010di\u0165, aby som mohol by\u0165 s\u00e1m sebou.\u201c Jakub vn\u00edma, \u017ee m\u00e1 na sebe nieko\u013eko n\u00e1nosov, ktor\u00e9 sa mu zo seba darilo postupne zhadzova\u0165 pr\u00e1ve po\u010das kabaretn\u00fdch predstaven\u00ed v&nbsp;Tepl\u00e1rni, ktor\u00fdch sa akt\u00edvne z\u00fa\u010dast\u0148oval. \u201eV napojen\u00ed na moju v\u00fdchovu a korene by som mohol hovori\u0165 o po\u017eehnan\u00ed. A pr\u00e1ve o tom to teraz pre m\u0148a je, o nach\u00e1dzan\u00ed si nov\u00e9ho \u00fato\u010diska. Preto je nesmierne bolestiv\u00e9, ke\u010f niekto na tak\u00e9to miesto nemilosrdne za\u00fato\u010d\u00ed.\u201c<\/p>\n\n\n\n<p>Nad rodinou v novele <em>Po funuse<\/em> sa po cel\u00fd \u010das vzn\u00e1\u0161a duch m\u0155tveho. Nevie, k\u00fdm je, \u010do tam v\u00f4bec rob\u00ed, tu\u0161\u00ed iba to, \u017ee k&nbsp;n\u00edm jednoducho patr\u00ed. Po smrti bl\u00edzkeho \u010dloveka maj\u00fa jeho pozostal\u00ed \u010dasto tendenciu zva\u017eova\u0165, \u010do mohli e\u0161te zmeni\u0165, k\u00fdm sa dalo. Zhodnocuj\u00fa svoje predo\u0161l\u00e9 spr\u00e1vanie vo\u010di u\u017e m\u0155tvemu, s\u00fa presved\u010den\u00ed, \u017ee pokia\u013e by smr\u0165 predpokladali, spr\u00e1vali by sa inak, lep\u0161ie. Spev\u00e1k v\u0161ak prin\u00e1\u0161a poh\u013ead do reality, v&nbsp;ktorej ukazuje tvrd\u00fa pravdu, hoci nemus\u00ed by\u0165 univerz\u00e1lnou. Pomocou poh\u013eadov do minulosti cez jednotliv\u00e9 postavy vytv\u00e1ra obraz rodiny, ktor\u00e1 sa u\u017e ur\u010dit\u00fd \u010das na smr\u0165 svojho bl\u00edzkeho, \u0165a\u017eko chor\u00e9ho \u010dloveka pripravuje. Ich vz\u0165ahy sa ale ani pod vplyvom o\u010dak\u00e1vanej smrti nezlep\u0161uj\u00fa. Pr\u00e1ve naopak.<\/p>\n\n\n\n<p>Jakub vrav\u00ed, \u017ee to, ak\u00fdm sp\u00f4sobom ho teroristick\u00fd \u00fatok zasiahol, sa ned\u00e1 celkom presne op\u00edsa\u0165. Dialo, ale i&nbsp;deje sa mu to toti\u017e na r\u00f4znych \u00farovniach, ktor\u00e9 st\u00e1le e\u0161te len objavuje. Vrav\u00ed, \u017ee opatrn\u00fd bol u\u017e aj predt\u00fdm, no po \u00fatoku sa to zintenz\u00edvnilo. Je ove\u013ea obozretnej\u0161\u00ed, d\u00e1va si v\u00e4\u010d\u0161\u00ed pozor na seba, ale i&nbsp;na svojich bl\u00edzkych. \u201eViac prem\u00fd\u0161\u013eam nad t\u00fdm, \u010do si oble\u010diem, ako sa nama\u013eujem, do ak\u00e9ho podniku sa p\u00f4jdem ve\u010der s kamar\u00e1tmi zab\u00e1va\u0165, ak\u00fa cestu zvol\u00edm, ke\u010f p\u00f4jdem v noci domov. Viac pozorujem \u013eud\u00ed vo verejn\u00fdch priestoroch a zva\u017eujem, \u010di sa na m\u0148a n\u00e1hodou niekto nesna\u017e\u00ed za\u00fato\u010di\u0165. To nap\u00e4tie vo vzduchu je obrovsk\u00e9.\u201c Jakub tie\u017e spom\u00edna na nepr\u00edjemn\u00fa udalos\u0165, ke\u010f sa s&nbsp;priate\u013eom vracal ve\u010der z&nbsp;divadla a&nbsp;nezn\u00e1my mu\u017e na nich zakri\u010dal <em>b*zeranti<\/em>, a to sa ani nedr\u017eali za ruky. Na druhej strane v\u0161ak v&nbsp;sebe vn\u00edma aj ur\u010dit\u00fa mobiliz\u00e1ciu, vn\u00fatorn\u00fa pripravenos\u0165 br\u00e1ni\u0165 sa a&nbsp;bojova\u0165 za svoju existenciu. \u201eNechcem sa obmedzova\u0165. St\u00e1lo ma to ve\u013ea s\u00edl, k\u00fdm som sa dostal tam, kde moment\u00e1lne som.\u201c<\/p>\n\n\n\n<p>Postavy Spev\u00e1kovej knihy akoby trpeli antonioniovskou chorobou citov. Za\u017e\u00edvaj\u00fa pocity odcudzenia \u010di hodnotov\u00e9 kr\u00edzy, ktor\u00e9 k\u013a\u017eu a\u017e k&nbsp;absol\u00fatnej dekadencii. Paradoxne, pr\u00e1ve na tomto mor\u00e1lnom dne, na ktorom sa zrazu ocitn\u00fa, nasleduj\u00fac svoje t\u00fa\u017eby, sa akoby kone\u010dne objav\u00ed z\u00e1blesk istej autenticity. T\u00fa vy\u017earuj\u00fa nielen k&nbsp;sebe sam\u00fdm, ale i&nbsp;jeden k druh\u00e9mu. No iba na mal\u00fd moment, ne\u017e sa do ich vn\u00fatra op\u00e4\u0165 vkradne strach.<\/p>\n\n\n\n<p>Jakub po udalostiach zo Z\u00e1mockej ulice v&nbsp;komunite poci\u0165uje sk\u00f4r zomknutie, ne\u017e ohradenie. Spolupatri\u010dnos\u0165 medzi LGBTI+ \u013eu\u010fmi c\u00edtil u\u017e predt\u00fdm, no teraz sa zv\u00fdraznila. \u201eMy fungujeme na akejsi spolo\u010dnej vlne, vieme o sebe veci bez toho, aby sme sa poznali, preto\u017ee sa n\u00e1m dej\u00fa v\u0161etk\u00fdm, len v odli\u0161n\u00fdch odtie\u0148och a intenci\u00e1ch. Ve\u013eakr\u00e1t sta\u010d\u00ed poh\u013ead do o\u010d\u00ed alebo stisk a my vieme, viac n\u00e1m netreba.\u201c<\/p>\n\n\n\n<figure class=\"wp-block-image size-large\"><img loading=\"lazy\" decoding=\"async\" width=\"600\" height=\"600\" src=\"https:\/\/duhovyrok.sk\/qys\/wp-content\/uploads\/sites\/2\/2022\/12\/Spevak-3D-.jpg\" alt=\"\" class=\"wp-image-3939\" srcset=\"https:\/\/duhovyrok.sk\/qys\/wp-content\/uploads\/sites\/2\/2022\/12\/Spevak-3D-.jpg 600w, https:\/\/duhovyrok.sk\/qys\/wp-content\/uploads\/sites\/2\/2022\/12\/Spevak-3D--150x150.jpg 150w\" sizes=\"auto, (max-width: 600px) 100vw, 600px\" \/><\/figure>\n\n\n\n<p>\u010co sa t\u00fdka nadviazania rozhovoru s ostatn\u00fdmi, teda s v\u00e4\u010d\u0161inovou spolo\u010dnos\u0165ou, m\u00e1 Jakub pocit, \u017ee sa queer \u013eudia o&nbsp;rozhovor sna\u017eia u\u017e neskuto\u010dne dlh\u00fd \u010das. Vn\u00edma, \u017ee to pre n\u00e1s napriek tomu dok\u00e1\u017ee by\u0165 necitliv\u00e9, zra\u0148uj\u00face a ur\u00e1\u017eliv\u00e9, no predsa podstupujeme to riziko, aby sa z nadviazania rozhovoru stal re\u00e1lny dial\u00f3g. \u201eSom u\u017e pravdupovediac unaven\u00fd z tohto narat\u00edvu. Teraz s\u00fa na rade t\u00ed <em>ostatn\u00ed<\/em>. Lopta je na ich strane.\u201c<\/p>\n\n\n\n<p>Jakub vn\u00edma, \u017ee politika priamo zasahuje do na\u0161ich \u017eivotov. Obmedzuje na\u0161e tel\u00e1, limituje n\u00e1s v tom, koho milujeme, stanovuje n\u00e1m, \u010do znamen\u00e1 rodina, l\u00e1ska, ale aj na\u0161a vlastn\u00e1 identita. \u201eTo v\u0161etko s\u00fa ve\u013emi int\u00edmne t\u00e9my. Preto nerozumiem, ke\u010f \u013eudia hovoria veci typu: <em>nerozpr\u00e1vajme sa o politike, lebo sa poh\u00e1dame <\/em>alebo<em> pre\u010do do v\u0161etk\u00e9ho \u0165ah\u00e1\u0161 politiku, ve\u010f sa \u0165a to net\u00fdka<\/em>. Ale ako sa d\u00e1 by\u0165 nepolitick\u00fd, ke\u010f n\u00e1m ide o \u017eivot? Roz\u010du\u013euje ma, ke\u010f po\u010dujem podobn\u00e9 n\u00e1zory. Pripad\u00e1 mi to zbabel\u00e9. Ja by som napr\u00edklad nevedel chodi\u0165 s osobou, ktor\u00e1 volila Z\u00e1borsk\u00fa alebo zdie\u013ea na svojich soci\u00e1lnych sie\u0165ach Matovi\u010dove statusy.\u201c<\/p>\n\n\n\n<p>Na ot\u00e1zku, ak\u00e9 zmeny by museli v&nbsp;spolo\u010dnosti nasta\u0165, aby sa na Slovensku zlep\u0161ila situ\u00e1cia LGBTI+ \u013eud\u00ed, Jakub odpoved\u00e1 jednozna\u010dne: \u201eRadik\u00e1lne. Na Slovensku sme ve\u013emi pozadu, \u010do sa t\u00fdka pr\u00e1v pre queer komunitu. Ani neviem, kde za\u010da\u0165. Najlep\u0161ie to zhrnula iniciat\u00edva Ide n\u00e1m o \u017eivot, ktor\u00e1 vo v\u00fdzve vl\u00e1de a parlamentu sp\u00edsala konkr\u00e9tne kroky na pr\u00e1vne zlep\u0161enie situ\u00e1cie LGBTI+ \u013eud\u00ed na Slovensku.\u201c<\/p>\n\n\n\n<p>Pod\u013ea Jakuba je u\u017e len to, \u017ee zost\u00e1vame \u017ei\u0165 v&nbsp;krajine, ktor\u00e1 ignoruje existenciu queer \u013eud\u00ed, ur\u010dit\u00fdm prejavom rezistencie. \u201eKa\u017ed\u00fd jeden de\u0148 pre\u017e\u00edvame na\u0161e mal\u00e9 boje, ktor\u00fa s\u00fa ve\u013emi d\u00f4le\u017eit\u00e9. No aby sa zlep\u0161ila celkov\u00e1 situ\u00e1cia, zmeny musia pr\u00eds\u0165 od politick\u00fdch reprezentantov. A musia pr\u00eds\u0165 hne\u010f, lebo u\u017e v\u010dera bolo neskoro.\u201c<\/p>\n\n\n\n<p>Jakub vo svojej debutovej novele vytv\u00e1ra svet, ktor\u00e9ho obrazy balansuj\u00fa na ve\u013emi tenkej hranici ban\u00e1lnosti a&nbsp;absurdity. Dost\u00e1va sa do vn\u00fatra postavy, ktor\u00e1 op\u00e4tovne pre\u017e\u00edva minul\u00e9 udalosti a&nbsp;n\u00e1sledne za seba, bez ak\u00e9hoko\u013evek vysvetlenia, hod\u00ed tanier po tom, ako zje jedlo a&nbsp;serv\u00edtkou si pretrie \u00fasta. \u017diadna z&nbsp;post\u00e1v nezareaguje.<\/p>\n\n\n\n<p>Dr\u00e1sav\u00fdm sp\u00f4sobom opisuje zomieranie psa, ktor\u00e9 pozoruje in\u00e1 z&nbsp;post\u00e1v, e\u0161te die\u0165a. Za\u017e\u00edva prvotn\u00fd kontakt so smr\u0165ou, c\u00edti vinu a&nbsp;po prv\u00fdkr\u00e1t si za\u010d\u00edna uvedomova\u0165 existenci\u00e1lnu fat\u00e1lnos\u0165 \u017eivota aj jeho konca.<\/p>\n\n\n\n<p>Poeticky a s&nbsp;jemn\u00fdm z\u00e1bleskom tepla a&nbsp;nostalgie vykres\u013euje zomieraj\u00faceho otca, kor\u010du\u013euj\u00faceho sa na zamrznutom zasne\u017eenom jazere. Obraz pripom\u00edna n\u00e1dych a&nbsp;kon\u010d\u00ed v\u00fddychom, po ktorom u\u017e nenasleduje v\u00f4bec ni\u010d.<\/p>\n\n\n\n<p>Umenie je pre Jakuba d\u00f4le\u017eit\u00e9 pr\u00e1ve kv\u00f4li jeho r\u00f4znorodosti t\u00e9m, \u017e\u00e1nrov a autorsk\u00fdch pr\u00edstupov. \u201eViem sa stoto\u017eni\u0165 s tane\u010dnou performanciou o h\u013eadan\u00ed identity, ale aj s divadlom, ktor\u00e9 spracov\u00e1va t\u00e9mu starnutia alebo ekonomickej nestability.\u201c Prizn\u00e1va v\u0161ak, \u017ee posledn\u00fa dobu vyh\u013ead\u00e1va pr\u00e1ve umenie, ktor\u00e9 sa zaober\u00e1 queer t\u00e9mami. Vrav\u00ed, \u017ee to nie je \u010disto len osobn\u00fd d\u00f4vod, s\u00favisiaci s b\u00e1dan\u00edm po jeho vlastnej rodovej identite. V&nbsp;queer umen\u00ed Jakub nach\u00e1dza nie\u010do ve\u013emi aktu\u00e1lne a&nbsp;p\u00e1l\u010div\u00e9, \u010do pod\u013ea jeho slov dr\u017e\u00ed prst na tebe doby. Mysl\u00ed si, \u017ee v s\u00fa\u010dasnosti prin\u00e1\u0161a queer do umenia svie\u017ee poh\u013eady, ktor\u00e9 maj\u00fa ve\u013emi potrebn\u00fd revolu\u010dn\u00fd podt\u00f3n. \u017del\u00e1 si preto, aby aj na Slovensku bolo viac tak\u00fdchto hlasov, preto\u017ee pod\u013ea neho maj\u00fa v sebe potenci\u00e1l nie\u010do zmeni\u0165 a pon\u00faknu\u0165 alternat\u00edvu. Najv\u00fdraznej\u0161ie diela v&nbsp;slovenskom kontexte Jakub Spev\u00e1k vn\u00edma vo vizu\u00e1lnom umen\u00ed a&nbsp;hudbe. Menej u\u017e vo filme, literat\u00fare alebo divadle.<\/p>\n\n\n\n<p>\u201eV prvom rade si treba uvedomi\u0165, \u017ee queer umenie je pre v\u0161etk\u00fdch, nie je ur\u010den\u00e9 exkluz\u00edvne pre LGBTI+ \u013eud\u00ed,\u201c hovor\u00ed Jakub. \u201e\u00c1no, zobrazuje \u017eivoty queer protagonistov a protagonistiek, ale v kone\u010dnom d\u00f4sledku ide o umenie, ktor\u00e9 zobrazuje ove\u013ea univerz\u00e1lnej\u0161ie t\u00e9my.\u201c \u010co je v\u0161ak pod\u013ea Jakuba d\u00f4le\u017eit\u00e9, je reprezent\u00e1cia. Pod\u013ea jeho slov je pre n\u00e1s, queer \u013eud\u00ed, ktor\u00ed sa cel\u00fd \u017eivot pozer\u00e1me na filmy s heterosexu\u00e1lnymi cisrodov\u00fdmi postavami, nesmierne oslobodzuj\u00face vidie\u0165 na pl\u00e1tne niekoho, ako sme my. Niekoho, kto pre\u017e\u00edva podobn\u00e9 veci. \u201eC\u00edtime sa by\u0165 potom viden\u00ed a validn\u00ed. Pre \u013eud\u00ed, ktor\u00ed s\u00fa mimo komunity, ide zas o opa\u010dn\u00fd efekt. Umenie im vie uk\u00e1za\u0165, \u017ee queer \u013eudia existuj\u00fa a maj\u00fa \u010dasto rovnak\u00e9 sny a t\u00fa\u017eby ako oni. Len postavenie v spolo\u010dnosti nemaj\u00fa rovnak\u00e9. A to je d\u00f4le\u017eit\u00e9, aby videli, lebo nie v\u017edy si to aj uvedomuj\u00fa,\u201c hovor\u00ed Jakub.<\/p>\n\n\n\n<p>Jakub Spev\u00e1k vo svojej debutovej knihe <em>Po funuse<\/em> do istej miery vych\u00e1dza aj zo svojich vlastn\u00fdch a&nbsp;za\u017eit\u00fdch sk\u00fasenost\u00ed. V&nbsp;z\u00e1vere rozhovoru som sa ho preto sp\u00fdtal, ak\u00fd to bol pre neho pocit, ke\u010f bola kniha dokon\u010den\u00e1 a&nbsp;objavila sa na pultoch kn\u00edhkupectiev, a&nbsp;ako ju prijal jeho najbli\u017e\u0161\u00ed okruh \u013eud\u00ed.<\/p>\n\n\n\n<p>Pre Jakuba bolo najintenz\u00edvnej\u0161\u00edm momentom, ke\u010f mu pri\u0161la kniha zalomen\u00e1 aj s n\u00e1vrhom vizu\u00e1lu. \u201eZrazu bolo v\u0161etko to sna\u017eenie zhmotnen\u00e9 v podobe, ktor\u00e1 bola viac-menej fin\u00e1lna, a to ma odzbrojilo. Vidie\u0165, ako nie\u010do tak bytostne int\u00edmne a zvn\u00fatornen\u00e9 nabralo na kont\u00farach a zrazu sa to nach\u00e1dza fyzicky predo mnou, je pekn\u00fd, ale v nie\u010dom aj trochu stra\u0161ideln\u00fd pocit.\u201c<\/p>\n\n\n\n<p>Vrav\u00ed, \u017ee jeho najbli\u017e\u0161\u00ed prijali knihu ve\u013emi dobre. Udalosti, ktor\u00e9 v&nbsp;nej opisuje, pre\u017e\u00edvali spolu a&nbsp;mysl\u00ed si, \u017ee \u010d\u00edtanie bolo pre viacer\u00fdch \u010dlenov jeho rodiny katarzn\u00e9. \u201eSamozrejme, boli oh\u013eadom knihy aj dr\u00e1my a negat\u00edvne reakcie z okolia, ale to k tomu patr\u00ed. Te\u0161\u00ed ma, \u017ee kniha vie niekoho aj roz\u010d\u00fali\u0165,\u201c dod\u00e1va v&nbsp;z\u00e1vere Jakub.<strong><\/strong><\/p>\n","protected":false},"excerpt":{"rendered":"<p>Autor: Kristi\u00e1n Lazar\u010d\u00edk \/ FOTO: Jakub Kov\u00e1\u010d Text sme prv\u00fd raz publikovali v \u010d\u00edsle Zima 2022. Jakub Spev\u00e1k vy\u0161tudoval filmov\u00fa scen\u00e1ristiku a&nbsp;dramaturgiu na Vysokej \u0161kole m\u00fazick\u00fdch umen\u00ed v&nbsp;Bratislave. Najsk\u00f4r z\u00edskal ocenenia vo viacer\u00fdch liter\u00e1rnych s\u00fa\u0165a\u017eiach, medzi nimi napr\u00edklad Poviedka \u010di Medziriadky. Nesk\u00f4r vo vydavate\u013estve Kolomana Kert\u00e9sza Bagalu, KK BAGALA, ktor\u00e9 s\u00fa\u0165a\u017e Poviedka ka\u017edoro\u010dne usporad\u00fava u\u017e <a href=\"https:\/\/duhovyrok.sk\/qys\/jakub-spevak-zdielat-smutok-nas-posunie-vpred\/\" class=\"more-link\">&#8230;<\/a><\/p>\n","protected":false},"author":21,"featured_media":3937,"comment_status":"closed","ping_status":"closed","sticky":false,"template":"","format":"standard","meta":{"footnotes":""},"categories":[257,10,259],"tags":[266,466,467,153,160],"class_list":["post-3894","post","type-post","status-publish","format-standard","has-post-thumbnail","hentry","category-literatura","category-kultura","category-rozhovory","tag-from-qys","tag-jakub-spevak","tag-po-funuse","tag-queer-kniha","tag-queer-literatura"],"_links":{"self":[{"href":"https:\/\/duhovyrok.sk\/qys\/wp-json\/wp\/v2\/posts\/3894","targetHints":{"allow":["GET"]}}],"collection":[{"href":"https:\/\/duhovyrok.sk\/qys\/wp-json\/wp\/v2\/posts"}],"about":[{"href":"https:\/\/duhovyrok.sk\/qys\/wp-json\/wp\/v2\/types\/post"}],"author":[{"embeddable":true,"href":"https:\/\/duhovyrok.sk\/qys\/wp-json\/wp\/v2\/users\/21"}],"replies":[{"embeddable":true,"href":"https:\/\/duhovyrok.sk\/qys\/wp-json\/wp\/v2\/comments?post=3894"}],"version-history":[{"count":3,"href":"https:\/\/duhovyrok.sk\/qys\/wp-json\/wp\/v2\/posts\/3894\/revisions"}],"predecessor-version":[{"id":3999,"href":"https:\/\/duhovyrok.sk\/qys\/wp-json\/wp\/v2\/posts\/3894\/revisions\/3999"}],"wp:featuredmedia":[{"embeddable":true,"href":"https:\/\/duhovyrok.sk\/qys\/wp-json\/wp\/v2\/media\/3937"}],"wp:attachment":[{"href":"https:\/\/duhovyrok.sk\/qys\/wp-json\/wp\/v2\/media?parent=3894"}],"wp:term":[{"taxonomy":"category","embeddable":true,"href":"https:\/\/duhovyrok.sk\/qys\/wp-json\/wp\/v2\/categories?post=3894"},{"taxonomy":"post_tag","embeddable":true,"href":"https:\/\/duhovyrok.sk\/qys\/wp-json\/wp\/v2\/tags?post=3894"}],"curies":[{"name":"wp","href":"https:\/\/api.w.org\/{rel}","templated":true}]}}