{"id":3888,"date":"2023-02-22T15:29:55","date_gmt":"2023-02-22T14:29:55","guid":{"rendered":"https:\/\/duhovyrok.sk\/qys\/?p=3888"},"modified":"2023-02-22T15:30:40","modified_gmt":"2023-02-22T14:30:40","slug":"tvorcovia-casopisu-qys-v-teplarni-sa-kazdy-clovek-dockal-potlesku","status":"publish","type":"post","link":"https:\/\/duhovyrok.sk\/qys\/tvorcovia-casopisu-qys-v-teplarni-sa-kazdy-clovek-dockal-potlesku\/","title":{"rendered":"Tvorcovia \u010dasopisu QYS: V Tepl\u00e1rni sa ka\u017ed\u00fd \u010dlovek do\u010dkal potlesku"},"content":{"rendered":"\n<p><strong>Autor: Kristi\u00e1n Lazar\u010d\u00edk<\/strong> \/ <strong>FOTO: Jakub Kov\u00e1\u010d<\/strong><\/p>\n\n\n\n<blockquote class=\"wp-block-quote is-layout-flow wp-block-quote-is-layout-flow\">\n<p><em>Text sme prv\u00fd raz publikovali v \u010d\u00edsle Zima 2022.<\/em><\/p>\n<\/blockquote>\n\n\n\n<p>V&nbsp;\u010dase, ke\u010f tento \u010dl\u00e1nok p\u00ed\u0161em, od teroristick\u00e9ho \u00fatoku pri Tepl\u00e1rni na Z\u00e1mockej ulici ubehli u\u017e takmer dva mesiace. \u010ci ide o&nbsp;kr\u00e1tky, alebo dlh\u00fd \u010das, je relat\u00edvne a z\u00e1le\u017e\u00ed to predov\u0161etk\u00fdm od moment\u00e1lneho du\u0161evn\u00e9ho rozpolo\u017eenia, v&nbsp;akom sa pre\u017e\u00edvaj\u00faci \u010dlovek pr\u00e1ve nach\u00e1dza. Jednozna\u010dn\u00fd je v\u0161ak fakt, \u017ee pod \u0165archou trag\u00e9die sa spolo\u010dnos\u0165 zachvela. T\u00e9mou tohtoro\u010dn\u00e9ho zimn\u00e9ho \u010d\u00edsla <em>Magaz\u00ednu QYS<\/em> je n\u00e1silie a&nbsp;malo by reflektova\u0165 pre\u017e\u00edvanie queer \u013eud\u00ed po terore. Pr\u00e1ve preto som sa rozhodol oslovi\u0165 \u0161\u00e9fredaktora <em>Magaz\u00ednu QYS<\/em> Andreja Kuruca a&nbsp;ved\u00faceho v\u00fdroby magaz\u00ednu Mareka Hudeca a&nbsp;spravi\u0165 s&nbsp;nimi rozhovor. Obaja sa LGBTI+ \u013eu\u010fom dlhodobo venuj\u00fa a s\u00fa s&nbsp;nimi v&nbsp;\u00fazkom kontakte. Okrem vyd\u00e1vania \u010dasopisu sa tie\u017e s\u00fastredia okolo nez\u00e1visl\u00e9ho a&nbsp;jedin\u00e9ho LGBTI+ divadla na Slovensku Nomantinels, ktor\u00e9ho je Andrej Kuruc aj riadite\u013eom. Ned\u00e1vno, po\u010das festivalu Drama Queer, dokonca premi\u00e9rovali nov\u00fa inscen\u00e1ciu s&nbsp;n\u00e1zvom <em>Pand\u00e9mia+<\/em>, ktorej s\u00fa obaja autormi. Okrem toho sa tie\u017e venuj\u00fa organiz\u00e1cii festivalov, moderuj\u00fa workshopy \u010di diskusie, ktor\u00fdch cie\u013eom je \u0161\u00edrenie humanistick\u00fdch my\u0161lienok, ochrana \u013eudsk\u00fdch pr\u00e1v, podpora odstra\u0148ovania prejavov diskrimin\u00e1cie v&nbsp;spolo\u010dnosti, podpora rodovej rovnosti a&nbsp;snaha o&nbsp;rozvoj ob\u010dianskej spolo\u010dnosti.<\/p>\n\n\n\n<p>Pre Mareka Hudeca bol teror, ktor\u00fd sa v osudov\u00fd ve\u010der udial, ve\u013ek\u00fdm \u0161okom. \u201eV prvom momente ma zaplavila \u00fazkos\u0165 a&nbsp;na ni\u010d som sa nevedel s\u00fastredi\u0165 a\u017e do okamihu, k\u00fdm vraha nena\u0161li. Nevedel som ani spa\u0165. Ist\u00e1 \u00fazkos\u0165 vo mne pretrv\u00e1va aj na\u010falej,\u201c prizn\u00e1va Marek. \u201eDlhodobo bojujem s \u00fazkostnou poruchou, s&nbsp;tou sa mi to v tomto obdob\u00ed trochu zhor\u0161ilo.\u201c Z\u00e1rove\u0148 vrav\u00ed, \u017ee mu jeho aktivita po\u010das organizovania prv\u00fdch dvoch protestov proti nen\u00e1visti, ale aj celkov\u00e1 \u010dinorodos\u0165 pom\u00e1hali \u00fazkos\u0165 preb\u00edja\u0165. Nevie sa v\u0161ak ubr\u00e1ni\u0165 pocitu zdv\u00edhaj\u00faceho sa pesimizmu zo sklamania z&nbsp;toho, ako spolo\u010dnos\u0165 moment\u00e1lne na situ\u00e1ciu zareagovala. Reakcia politikov bola pod\u013ea Marekovho n\u00e1zoru ve\u013emi vla\u017en\u00e1 a&nbsp;nedostato\u010dn\u00e1.<\/p>\n\n\n\n<p>Andrej Kuruc p\u00f4sob\u00ed ako psychol\u00f3g v&nbsp;inPoradni, ktor\u00fa zalo\u017eilo ob\u010dianske zdru\u017eenie Iniciat\u00edva inakos\u0165 pre poskytovanie psychologick\u00e9ho poradenstva LGBTI+ \u013eu\u010fom. \u201eDenne rie\u0161im s&nbsp;klientmi a&nbsp;klientkami t\u00fato situ\u00e1ciu, ktor\u00e1 v&nbsp;nich zanechala traumatick\u00e9 stopy,\u201c hovor\u00ed Andrej. \u201eSamozrejme, s\u00e1m sa s&nbsp;t\u00fdm mus\u00edm nejak\u00fdm sp\u00f4sobom vyrovna\u0165. Je pre m\u0148a ve\u013emi \u0165a\u017ek\u00e9 zvl\u00e1da\u0165 to, ke\u010f vid\u00edm, \u017ee namiesto toho, aby spolo\u010dnos\u0165 urobila oto\u010dku a&nbsp;za\u010dala sa s&nbsp;re\u0161pektom venova\u0165 LGBTI+ \u013eu\u010fom, deje sa \u00faplne nie\u010do opa\u010dn\u00e9 \u2013 neochota prija\u0165 opatrenia, homonegativita a&nbsp;transnegativita zo strany vl\u00e1dnych politikov, ale aj zo strany be\u017en\u00fdch \u013eud\u00ed. \u010eal\u0161ie nepriame incidenty, ktor\u00e9 sa dej\u00fa na verejnosti u\u017e pomaly na dennom poriadku.\u201c Andrej prizn\u00e1va, \u017ee sa na Slovensku nec\u00edti dobre. Rovnako je to aj v&nbsp;pr\u00edpade Bratislavy, hoci vo\u013eby na prim\u00e1tora mesta op\u00e4\u0165 vyhral Mat\u00fa\u0161 Vallo. \u201eMus\u00edm poveda\u0165, \u017ee doteraz jeho vedenie urobilo pram\u00e1lo pre LGBTI+ komunitu v&nbsp;Bratislave.\u201c<\/p>\n\n\n\n<figure class=\"wp-block-image size-large\"><img loading=\"lazy\" decoding=\"async\" width=\"683\" height=\"1024\" src=\"https:\/\/duhovyrok.sk\/qys\/wp-content\/uploads\/sites\/2\/2022\/12\/5S8A5504_R_b_z_F_V_FB-683x1024.jpg\" alt=\"\" class=\"wp-image-3924\" srcset=\"https:\/\/duhovyrok.sk\/qys\/wp-content\/uploads\/sites\/2\/2022\/12\/5S8A5504_R_b_z_F_V_FB-683x1024.jpg 683w, https:\/\/duhovyrok.sk\/qys\/wp-content\/uploads\/sites\/2\/2022\/12\/5S8A5504_R_b_z_F_V_FB-467x700.jpg 467w, https:\/\/duhovyrok.sk\/qys\/wp-content\/uploads\/sites\/2\/2022\/12\/5S8A5504_R_b_z_F_V_FB-1024x1536.jpg 1024w, https:\/\/duhovyrok.sk\/qys\/wp-content\/uploads\/sites\/2\/2022\/12\/5S8A5504_R_b_z_F_V_FB.jpg 1365w\" sizes=\"auto, (max-width: 683px) 100vw, 683px\" \/><figcaption class=\"wp-element-caption\">Andrej Kuruc, \u0161\u00e9fredaktor magaz\u00ednu QYS <\/figcaption><\/figure>\n\n\n\n<p>Na ot\u00e1zku, \u010di by sa po terore sp\u00f4sobenom mlad\u00fdm zradikalizovan\u00fdm \u010dlovekom mali queer \u013eudia viac ohradi\u0165, alebo sa na\u010falej pok\u00fa\u0161a\u0165 o&nbsp;nadviazanie rozhovoru s&nbsp;ostatn\u00fdmi, Marek Hudec odpoved\u00e1: \u201eNie som si ist\u00fd, \u017ee \u010di jedna alebo druh\u00e1 cesta je spr\u00e1vna. Queer aktivizmus bol na Slovensku sk\u00fa\u0161an\u00fd u\u017e r\u00f4znymi sp\u00f4sobmi, radik\u00e1lnej\u0161\u00edmi aj viac diplomatick\u00fdmi. Ani raz sa vlastne ve\u013emi ni\u010d nezmenilo. Je pod\u013ea m\u0148a d\u00f4le\u017eit\u00e9 hlasno upozor\u0148ova\u0165 na probl\u00e9my, poukazova\u0165 na ne a&nbsp;nenecha\u0165 sa zatla\u010di\u0165, ale na druhej strane je d\u00f4le\u017eit\u00e9 aj vedie\u0165 nadv\u00e4zova\u0165 rozhovor s&nbsp;t\u00fdmi, ktor\u00fd po\u010d\u00fava\u0165 chc\u00fa.\u201c<\/p>\n\n\n\n<p>Andrej upozor\u0148uje na to, \u017ee by sa mal z&nbsp;tejto trag\u00e9die ka\u017ed\u00fd pou\u010di\u0165 a&nbsp;vyvodi\u0165 d\u00f4sledky vo vz\u0165ahu k&nbsp;sebe, ale aj k&nbsp;spolo\u010dnosti, no predov\u0161etk\u00fdm vo vz\u0165ahu k&nbsp;LGBTI+ \u013eu\u010fom. Vn\u00edma, \u017ee v&nbsp;politickej reprezent\u00e1cii sa inak ne\u017e rozhovorom opatrenia presadi\u0165 ani nebud\u00fa da\u0165. Mysl\u00ed si v\u0161ak, \u017ee treba da\u0165 jednozna\u010dne najavo, \u017ee to, \u010do sa deje, nie je v&nbsp;poriadku. Deje sa to napr\u00edklad prostredn\u00edctvom spomienkov\u00fdch pochodov, ktor\u00e9 pripom\u00ednaj\u00fa tieto udalosti, alebo v&nbsp;r\u00e1mci v\u00fdzvy Ide n\u00e1m o&nbsp;\u017eivot, kde sa sformulovali po\u017eiadavky LGBTI+ komunity. \u201eUr\u010dite sa treba vedie\u0165 ohradi\u0165. Samozrejme, najlep\u0161ie, ak by to bol koordinovan\u00fd rozhovor, preto\u017ee nejak\u00e9 dramatick\u00e9 protesty, ktor\u00e9 by \u00fato\u010dili na t\u00fa druh\u00fa stranu, bud\u00fa zase vn\u00edman\u00e9 kontraprodukt\u00edvne. Hoci si ve\u013emi dobre uvedomujem hnev a&nbsp;frustr\u00e1ciu LGBTI+ komunity, a&nbsp;\u00faplne rozumiem, ak k&nbsp;tak\u00fdmto v\u00fdkrikom d\u00f4jde,\u201c vrav\u00ed Andrej.<\/p>\n\n\n\n<p>Marek si nemysl\u00ed, \u017ee by politick\u00e9 n\u00e1zory mali by\u0165 nevyhnutne s\u00fa\u010das\u0165ou identity \u010dloveka, no nemysl\u00ed si ani, \u017ee sa tieto dve sf\u00e9ry \u00faplne obch\u00e1dzaj\u00fa. \u201eZa m\u0148a je identita \u010dloveka nie\u010d\u00edm nemenn\u00fdm, nie\u010d\u00edm, s&nbsp;\u010d\u00edm sa dlhodobo stoto\u017e\u0148ujem. Politika alebo teda pr\u00edklon k nejakej politickej ideol\u00f3gii \u010di my\u0161lienkam sa m\u00f4\u017ee meni\u0165 na z\u00e1klade kontextu. Identita je napr\u00edklad to, \u010di som queer, alebo teda v mojom pr\u00edpade \u010diasto\u010dne Ma\u010far. Politika je zasa to, \u010di sa mi v s\u00fa\u010dasnosti zdaj\u00fa vhodn\u00e9 rie\u0161enia na probl\u00e9my sk\u00f4r \u013eavicov\u00e9 alebo pravicov\u00e9.\u201c<\/p>\n\n\n\n<p>Trochu in\u00fd poh\u013ead na t\u00e9mu prin\u00e1\u0161a Andrej: \u201ePolitick\u00e9 presved\u010denie \u010dasto b\u00fdva s\u00fa\u010das\u0165ou identity. Je napr\u00edklad predpoklad, \u017ee queer \u013eudia bud\u00fa viac inklinova\u0165 k&nbsp;liber\u00e1lnym politick\u00fdm n\u00e1zorom, vzh\u013eadom na&nbsp;to, \u017ee liber\u00e1lne strany LGBTI+ \u013eud\u00ed podporuj\u00fa a pl\u00e1nuj\u00fa prija\u0165 ist\u00e9 opatrenia. A zase \u013eudia, ktor\u00ed s\u00fa viac namieren\u00ed proti LGBTI+ \u013eu\u010fom, bud\u00fa v politick\u00fdch n\u00e1zoroch viac inklinova\u0165 ku konzervat\u00edvnym, extr\u00e9mistick\u00fdm a\u017e fa\u0161istick\u00fdm pr\u00fadom v na\u0161ej politike.\u201c<\/p>\n\n\n\n<p>Zmien, ktor\u00e9 by mali nasta\u0165 v&nbsp;slovenskej spolo\u010dnosti, aby sa situ\u00e1cia LGBTI+ \u013eud\u00ed zlep\u0161ila, je pod\u013ea Mareka aj Andreja ne\u00farekom. \u201eTie z\u00e1kladn\u00e9 boli definovan\u00e9 iniciat\u00edvou Ide n\u00e1m o&nbsp;\u017eivot,\u201c pripom\u00edna Marek. Ide napr\u00edklad o&nbsp;postihovanie nen\u00e1vistn\u00fdch prejavov, zrovnopr\u00e1vnenie rovnakopohlavn\u00fdch p\u00e1rov, zjednodu\u0161enie priebehu tranz\u00edcie transrodov\u00fdch \u013eud\u00ed a&nbsp;celkov\u00e1 snaha o&nbsp;lep\u0161ie pochopenie r\u00f4znych rodov\u00fdch ident\u00edt \u010di sexu\u00e1lnych orient\u00e1ci\u00ed. Andrej tie\u017e hovor\u00ed o&nbsp;obrovsk\u00fdch nedostatkoch v&nbsp;oblasti vzdel\u00e1vania: \u201eInform\u00e1cie o&nbsp;LGBTI+ \u013eu\u010foch, sexu\u00e1lnej orient\u00e1cii \u010di o&nbsp;rodovej identite na \u0161kol\u00e1ch pre mlad\u00fdch \u013eud\u00ed ch\u00fdbaj\u00fa. S\u00fa ignorovan\u00e9, tabuizovan\u00e9 alebo sa o&nbsp;nich hovor\u00ed vo ve\u013emi negat\u00edvnom svetle. Vypl\u00fdva to aj z&nbsp;na\u0161ich prieskumov.\u201c Z\u00e1rove\u0148 vn\u00edma potrebu rie\u0161i\u0165 situ\u00e1ciu transrodov\u00fdch \u013eud\u00ed, ktor\u00ed nemaj\u00fa odborn\u00e9 usmernenie, na z\u00e1klade ktor\u00e9ho by sa realizovala medic\u00ednska tranz\u00edcia. \u201eDoteraz nie je schv\u00e1len\u00e9 vplyvom ultrakonzervat\u00edvnych kruhov vl\u00e1dnej strany. Nie je postaran\u00e9 o&nbsp;mlad\u00fdch transrodov\u00fdch \u013eud\u00ed pod osemn\u00e1s\u0165 rokov. Ch\u00fdba tu zdravotn\u00e1 starostlivos\u0165 a mo\u017enos\u0165 za\u010da\u0165 t\u00fato tranz\u00edciu. To m\u00e1 nesmierne vplyvy na ich psychick\u00e9 zdravie, dokonca katastrof\u00e1lne. Tu u\u017e ide o \u017eivoty a o&nbsp;mu\u010denie transrodov\u00fdch \u013eud\u00ed, a to u\u017e je naozaj zl\u00e9.\u201c<\/p>\n\n\n\n<p>Pod\u013ea Mareka je to, \u010di spolu LGBTI+ \u013eudia v\u00f4bec dr\u017eia ako komunita, zlo\u017eit\u00e1 t\u00e9ma. \u201eSlovo komunita samo o&nbsp;sebe evokuje, \u017ee ide o&nbsp;mal\u00fa skupinu \u013eud\u00ed. V&nbsp;skuto\u010dnosti ide sk\u00f4r o&nbsp;to, \u017ee je to regul\u00e1rna men\u0161ina, ktor\u00e1 je rozdelen\u00e1 v&nbsp;r\u00f4znych kontextoch, mest\u00e1ch, rie\u0161i r\u00f4zne probl\u00e9my a&nbsp;m\u00f4\u017ee ma\u0165 r\u00f4zne postoje, \u010di u\u017e politick\u00e9, alebo aj dokonca k&nbsp;zrovnopr\u00e1vneniu queer \u013eud\u00ed.\u201c Na protestoch po vra\u017ed\u00e1ch v&nbsp;Tepl\u00e1rni vn\u00edmal, \u017ee ve\u013ek\u00e1 \u010das\u0165 komunity spolu naozaj dr\u017e\u00ed. Je pod\u013ea neho ve\u013emi dobr\u00e9, \u017ee sa mnoh\u00ed v&nbsp;tomto obdob\u00ed rozhodli pre coming out, aby sme uk\u00e1zali, \u017ee je n\u00e1s viac a&nbsp;\u017ee to nie je abstraktn\u00e1 hrozba, ktor\u00e1 sa t\u00fdka iba malej skupiny \u013eud\u00ed.<\/p>\n\n\n\n<figure class=\"wp-block-gallery has-nested-images columns-default is-cropped wp-block-gallery-1 is-layout-flex wp-block-gallery-is-layout-flex\">\n<figure class=\"wp-block-image size-large\"><img loading=\"lazy\" decoding=\"async\" width=\"1024\" height=\"683\" data-id=\"3925\" src=\"https:\/\/duhovyrok.sk\/qys\/wp-content\/uploads\/sites\/2\/2022\/12\/5S8A0422_predR_l_fin_CR_V_FB-1024x683.jpg\" alt=\"\" class=\"wp-image-3925\" srcset=\"https:\/\/duhovyrok.sk\/qys\/wp-content\/uploads\/sites\/2\/2022\/12\/5S8A0422_predR_l_fin_CR_V_FB-1024x683.jpg 1024w, https:\/\/duhovyrok.sk\/qys\/wp-content\/uploads\/sites\/2\/2022\/12\/5S8A0422_predR_l_fin_CR_V_FB-700x467.jpg 700w, https:\/\/duhovyrok.sk\/qys\/wp-content\/uploads\/sites\/2\/2022\/12\/5S8A0422_predR_l_fin_CR_V_FB-1536x1024.jpg 1536w, https:\/\/duhovyrok.sk\/qys\/wp-content\/uploads\/sites\/2\/2022\/12\/5S8A0422_predR_l_fin_CR_V_FB.jpg 2048w\" sizes=\"auto, (max-width: 1024px) 100vw, 1024px\" \/><\/figure>\n<figcaption class=\"blocks-gallery-caption wp-element-caption\">Marek Hudec, ved\u00faci vydania magaz\u00ednu QYS<\/figcaption><\/figure>\n\n\n\n<p>Andrej si zase nemysl\u00ed, \u017ee by spolu queer \u013eudia museli dr\u017ea\u0165. Nie je to nevyhnutn\u00e9 na to, aby im boli uznan\u00e9 pr\u00e1va a&nbsp;aby sa o&nbsp;nich \u0161t\u00e1t staral rovnako ako o&nbsp;ostatn\u00fdch ob\u010danov a&nbsp;ob\u010dianky. \u201eNa druhej strane, \u010do sa t\u00fdka presadzovan\u00ed pr\u00e1v a&nbsp;opatren\u00ed, je lep\u0161ie, ke\u010f spolu ako komunita tiahneme za jeden povraz. Povedzme si otvorene, vo ve\u013ek\u00fdch po\u010dtoch je sila.\u201c Z\u00e1rove\u0148 ale vn\u00edma, \u017ee pre mnoh\u00fdch \u013eud\u00ed m\u00f4\u017ee by\u0165 v&nbsp;moment\u00e1lnej situ\u00e1cii ve\u013emi \u0165a\u017ek\u00e9 prihl\u00e1si\u0165 sa k&nbsp;aktivistick\u00fdm kruhom, ktor\u00e9 sa t\u00fdmito vecami zaoberaj\u00fa, a&nbsp;v&nbsp;r\u00e1mci svojich bezpe\u010dnostn\u00fdch strat\u00e9gi\u00ed sa im sna\u017eia sk\u00f4r vyhn\u00fa\u0165, alebo ich dokonca odmietaj\u00fa.<\/p>\n\n\n\n<p>Andrej zo svojej poz\u00edcie psychol\u00f3ga v&nbsp;inPoradni vid\u00ed narastaj\u00face \u0165a\u017ekosti klientov a upozor\u0148uje na ve\u013emi zl\u00fd vplyv na psychick\u00e9 zdravie mnoh\u00fdch LGBTI+ \u013eud\u00ed. \u201eMnoh\u00ed v&nbsp;s\u00fa\u010dasnosti ani nedok\u00e1\u017eu \u00eds\u0165 v&nbsp;pohode von. Sp\u00f4sobuje im to \u00fazkosti, depresie alebo soci\u00e1lnu f\u00f3biu. Mnoh\u00ed \u013eudia, s&nbsp;ktor\u00fdmi sa rozpr\u00e1vam, sa tu nec\u00edtia dobre. Chc\u00fa od\u00eds\u0165 z&nbsp;tejto krajiny, pl\u00e1nuj\u00fa to vo ve\u013emi skorej dobe. Je smutn\u00e9, \u017ee \u0161t\u00e1t si to neuvedomuje, nechce to vidie\u0165 a&nbsp;jednoducho t\u00fdchto \u013eud\u00ed nech\u00e1 od\u00eds\u0165, lebo ich asi pova\u017euje za menejcenn\u00fdch.\u201c<\/p>\n\n\n\n<p>Marek zasa na komunitn\u00fdch stretnutiach spozoroval v\u00e4\u010d\u0161iu ochotu \u013eud\u00ed sa stret\u00e1va\u0165 a&nbsp;by\u0165 spolu ako komunita. \u201eVe\u013ek\u00fd \u00faspech mal kurz sebaobrany, ktor\u00fd sme ned\u00e1vno organizovali. Takisto, ke\u010f sme robili kr\u00e1tko po vra\u017ed\u00e1ch speed dating, na akcii zaznelo, \u017ee \u013eudia sa chc\u00fa zoznamova\u0165 s viacer\u00fdmi \u013eu\u010fmi z komunity a by\u0165 s nimi v&nbsp;spojen\u00ed. Je teda ve\u013emi dobr\u00e1 spr\u00e1va, \u017ee nie\u010do tak\u00e9 hrozn\u00e9, ako tie vra\u017edy, mohlo ma\u0165 aj nejak\u00fd pozit\u00edvny \u00fa\u010dinok.\u201c<\/p>\n\n\n\n<p>Marek si mysl\u00ed, \u017ee by sa umenie nemalo deli\u0165 na queer a&nbsp;ne-queer, preto\u017ee umenie odjak\u017eiva reflektuje r\u00f4zne \u017eivotn\u00e9 sk\u00fasenosti. \u201eT\u00fdm je vlastne zauj\u00edmav\u00e9. M\u00f4\u017eeme si otvori\u0165 knihu a prevteli\u0165 sa do hlavy niekoho \u00faplne in\u00e9ho, pre\u017ei\u0165 \u017eivot v \u00faplne od\u013eahlej krajine alebo podmienkach. Pr\u00e1ve preto je skvel\u00e9, \u017ee vych\u00e1dza ve\u013ea umenia, ktor\u00e9 reflektuje aj \u017eivot queer \u013eud\u00ed. Jednak je to dobr\u00e9 pre LGBTI \u013eud\u00ed, hlavne mlad\u00fdch, ktor\u00ed sa tak vedia s niek\u00fdm stoto\u017eni\u0165 a n\u00e1js\u0165 si aj nejak\u00fa pozit\u00edvnu reprezent\u00e1ciu v&nbsp;umen\u00ed.\u201c Z\u00e1rove\u0148 tak\u00e9to umenie pova\u017euje za d\u00f4le\u017eit\u00e9 aj pre \u013eud\u00ed, ktor\u00ed s&nbsp;queer \u013eu\u010fmi sk\u00fasenos\u0165 nemaj\u00fa, a&nbsp;teda nie v\u017edy vedia pochopi\u0165 ich probl\u00e9my a pre\u017e\u00edvanie. Vn\u00edma, \u017ee umenie im tak pom\u00e1ha sa s&nbsp;t\u00fdm lep\u0161ie stoto\u017eni\u0165.<\/p>\n\n\n\n<p>\u010co sa t\u00fdka divadla, pre Andreja bolo v&nbsp;prvom rade potrebn\u00e9 dosta\u0165 queer t\u00e9my do umenia a zobrazi\u0165 tak \u017eivoty LGBTI+ \u013eud\u00ed. Chcel sa pri tom prim\u00e1rne zamera\u0165 na \u013eud\u00ed z&nbsp;komunity, aby si u\u017e kone\u010dne mohli pozrie\u0165 aj diela, ktor\u00e9 nie s\u00fa len heteronormat\u00edvne, a&nbsp;aby sa v&nbsp;nich mohli n\u00e1js\u0165. \u201ePridanou hodnotou je, ak m\u00e1 dielo nejak\u00fd presah a ak oslov\u00ed aj \u0161ir\u0161iu verejnos\u0165, \u010do sa v&nbsp;niektor\u00fdch pr\u00edpadoch aj deje. Mnoh\u00e9 na\u0161e aktivity s\u00fa ur\u010den\u00e9 aj pre \u0161ir\u0161iu verejnos\u0165.\u201c<\/p>\n\n\n\n<p>Marek a&nbsp;Andrej si na z\u00e1ver rozhovoru zaspom\u00ednali na kabaretn\u00e9 predstavenia, ktor\u00e9 Tepl\u00e1re\u0148 pravidelne usporad\u00favala. Andrej v&nbsp;tomto priestore vn\u00edmal uvo\u013enenos\u0165, pri ktorej si ka\u017ed\u00fd \u010dlovek mohol dovoli\u0165 by\u0165 s\u00e1m sebou, dokonca mo\u017eno po prv\u00fdkr\u00e1t. \u201ePod\u013ea m\u0148a je to fenomen\u00e1lny sp\u00f4sob, ako LGBTI+ \u013eudia m\u00f4\u017eu vyjadri\u0165 svoju identitu, orient\u00e1ciu a&nbsp;to, \u010do naozaj c\u00edtia. Ver\u00edm, \u017ee to bude pokra\u010dova\u0165,\u201c vyjadril svoju n\u00e1dej Andrej.<\/p>\n\n\n\n<p>Marek sa kabaretov v&nbsp;Tepl\u00e1rni z\u00fa\u010dast\u0148oval pravidelne. Vrav\u00ed, \u017ee to bol pre neho v\u017edy skvel\u00fd a&nbsp;ve\u013emi osobit\u00fd z\u00e1\u017eitok. \u201eTen priestor je s\u00e1m osebe ve\u013emi \u0161pecifick\u00fd. V\u0161etky \u00fa\u010dinkuj\u00face a&nbsp;\u00fa\u010dinkuj\u00faci \u010dakali na svoje vyst\u00fapenia na malom balk\u00f3niku nad barom. Pred bar sa postavilo mal\u00e9 p\u00f3dium. V\u017edy sme tam hore, spolu sa tla\u010diac, \u010dakali na ten moment, ke\u010f u\u017e z\u00eddeme dole,\u201c spom\u00edna so smiechom Marek. Hovor\u00ed, \u017ee mu priestor Tepl\u00e1rne pon\u00fakal okrem autorsk\u00e9ho \u010d\u00edtania pr\u00edle\u017eitos\u0165 vysk\u00fa\u0161a\u0165 si aj r\u00f4zne in\u00e9 formy vyst\u00fapen\u00ed \u2013 tie jeho posledn\u00e9 boli napr\u00edklad u\u017e viac standupov\u00e9. \u201ePublikum bolo v\u017edy ve\u013emi prajn\u00e9. Nech si u\u017e \u010dlovek pripravil hoci\u010do, vedel, \u017ee tu sa v\u017edy do\u010dk\u00e1 potlesku,\u201c dod\u00e1va Marek na z\u00e1ver.<strong><\/strong><\/p>\n","protected":false},"excerpt":{"rendered":"<p>Autor: Kristi\u00e1n Lazar\u010d\u00edk \/ FOTO: Jakub Kov\u00e1\u010d Text sme prv\u00fd raz publikovali v \u010d\u00edsle Zima 2022. V&nbsp;\u010dase, ke\u010f tento \u010dl\u00e1nok p\u00ed\u0161em, od teroristick\u00e9ho \u00fatoku pri Tepl\u00e1rni na Z\u00e1mockej ulici ubehli u\u017e takmer dva mesiace. \u010ci ide o&nbsp;kr\u00e1tky, alebo dlh\u00fd \u010das, je relat\u00edvne a z\u00e1le\u017e\u00ed to predov\u0161etk\u00fdm od moment\u00e1lneho du\u0161evn\u00e9ho rozpolo\u017eenia, v&nbsp;akom sa pre\u017e\u00edvaj\u00faci \u010dlovek pr\u00e1ve <a href=\"https:\/\/duhovyrok.sk\/qys\/tvorcovia-casopisu-qys-v-teplarni-sa-kazdy-clovek-dockal-potlesku\/\" class=\"more-link\">&#8230;<\/a><\/p>\n","protected":false},"author":21,"featured_media":3922,"comment_status":"closed","ping_status":"closed","sticky":false,"template":"","format":"standard","meta":{"footnotes":""},"categories":[260,259,13],"tags":[458,266,110,112,446,205,457,443],"class_list":["post-3888","post","type-post","status-publish","format-standard","has-post-thumbnail","hentry","category-reportaze","category-rozhovory","category-viditelnost","tag-andrej-kuruc","tag-from-qys","tag-magazin-qys","tag-marek-hudec","tag-matus-a-juraj","tag-teplaren","tag-tvorcovia","tag-utok-na-zamockej"],"_links":{"self":[{"href":"https:\/\/duhovyrok.sk\/qys\/wp-json\/wp\/v2\/posts\/3888","targetHints":{"allow":["GET"]}}],"collection":[{"href":"https:\/\/duhovyrok.sk\/qys\/wp-json\/wp\/v2\/posts"}],"about":[{"href":"https:\/\/duhovyrok.sk\/qys\/wp-json\/wp\/v2\/types\/post"}],"author":[{"embeddable":true,"href":"https:\/\/duhovyrok.sk\/qys\/wp-json\/wp\/v2\/users\/21"}],"replies":[{"embeddable":true,"href":"https:\/\/duhovyrok.sk\/qys\/wp-json\/wp\/v2\/comments?post=3888"}],"version-history":[{"count":3,"href":"https:\/\/duhovyrok.sk\/qys\/wp-json\/wp\/v2\/posts\/3888\/revisions"}],"predecessor-version":[{"id":3995,"href":"https:\/\/duhovyrok.sk\/qys\/wp-json\/wp\/v2\/posts\/3888\/revisions\/3995"}],"wp:featuredmedia":[{"embeddable":true,"href":"https:\/\/duhovyrok.sk\/qys\/wp-json\/wp\/v2\/media\/3922"}],"wp:attachment":[{"href":"https:\/\/duhovyrok.sk\/qys\/wp-json\/wp\/v2\/media?parent=3888"}],"wp:term":[{"taxonomy":"category","embeddable":true,"href":"https:\/\/duhovyrok.sk\/qys\/wp-json\/wp\/v2\/categories?post=3888"},{"taxonomy":"post_tag","embeddable":true,"href":"https:\/\/duhovyrok.sk\/qys\/wp-json\/wp\/v2\/tags?post=3888"}],"curies":[{"name":"wp","href":"https:\/\/api.w.org\/{rel}","templated":true}]}}