{"id":3884,"date":"2023-02-01T16:46:38","date_gmt":"2023-02-01T15:46:38","guid":{"rendered":"https:\/\/duhovyrok.sk\/qys\/?p=3884"},"modified":"2023-02-01T16:47:15","modified_gmt":"2023-02-01T15:47:15","slug":"kratky-exkurz-do-boja-za-prava-transrodovych-ludi-na-slovensku","status":"publish","type":"post","link":"https:\/\/duhovyrok.sk\/qys\/kratky-exkurz-do-boja-za-prava-transrodovych-ludi-na-slovensku\/","title":{"rendered":"Kr\u00e1tky exkurz do boja za pr\u00e1va transrodov\u00fdch \u013eud\u00ed na Slovensku"},"content":{"rendered":"\n<p><strong>Autorstvo: Tony Thimble<\/strong> \/ <strong>FOTO: D\u00fahov\u00fd PRIDE 2013 a D\u00fahov\u00fd PRIDE 2019 \/ Jakub Kov\u00e1\u010d<\/strong><\/p>\n\n\n\n<p><strong>Tranz\u00edcia je zmena rodu, v\u00fdzoru spojen\u00e1 s lek\u00e1rskymi z\u00e1krokmi, z ktor\u00fdch nie v\u0161etky by mali by\u0165 povinn\u00e9. Po 40 rokoch \u010dakania a asi 10 rokoch aktivizmu bolo aktualizovan\u00e9 usmernenie, ako m\u00e1 leg\u00e1lna tranz\u00edcia prebieha\u0165. Ako sme sa sem dostali?<\/strong><\/p>\n\n\n\n<blockquote class=\"wp-block-quote is-layout-flow wp-block-quote-is-layout-flow\">\n<p><em>Text sme prv\u00fd raz publikovali v \u010d\u00edsle Zima 2022.<\/em><\/p>\n<\/blockquote>\n\n\n\n<p>Je ve\u013ea mo\u017enost\u00ed, ako sa pozrie\u0165 na transaktivizmus v na\u0161ej krajine. M\u00f4\u017eeme sa zamera\u0165 na hist\u00f3riu \u010di \u00faspechy, alebo na \u013eud\u00ed, ktor\u00ed sp\u00f4sobili prv\u00e9 vlny. M\u00f4\u017eeme za\u010da\u0165 defin\u00edciou a znova objavi\u0165 metaforick\u00e9 koleso. Prv\u00fa verziu tohto \u010dl\u00e1nku som po\u0148alo ako vysvetlenie a&nbsp;obhajobu, pre\u010do transaktivizmus na Slovensku existuje v tej forme, akej existuje, a ak\u00fd v\u00fdznam m\u00e1 dokument usmer\u0148uj\u00faci \u201ezmenu pohlavia\u201c. V snahe poda\u0165 fakty a cez ne pouk\u00e1za\u0165 na absurdnosti, s ktor\u00fdmi sa transrodov\u00ed \u013eudia stret\u00e1vaj\u00fa be\u017ene, sa vytratila \u013eudskos\u0165 za t\u00fdmto pr\u00edbehom.<\/p>\n\n\n\n<p>A pritom je v\u00fdvoj pr\u00e1v na Slovensku tak preh\u013eadne spojen\u00fd iba s nieko\u013ek\u00fdmi menami.<\/p>\n\n\n\n<p>Romina Koll\u00e1rik (ona\/jej)<\/p>\n\n\n\n<p>Christi\u00e1n Havl\u00ed\u010dek (on\/jeho)<\/p>\n\n\n\n<p>Zara Kromkov\u00e1 (ona\/jej)<\/p>\n\n\n\n<p>Cesta aktivizmu za trans pr\u00e1va bola ne\u013eahk\u00e1 a za\u010d\u00edna pribli\u017ene v roku 2010, ke\u010f Christ\u00e1n Havl\u00ed\u010dek a Romina Koll\u00e1rik zalo\u017eili ob\u010dianske zdru\u017eenie TransF\u00fazia. Zara Kromkov\u00e1 sa k nim pridala v roku 2015. D\u00fahov\u00fd PRIDE v roku 2013 bol \u0161peci\u00e1lne venovan\u00fd pr\u00e1vam \u013eud\u00ed pri tranz\u00edcii a s t\u00fdm spojenou zdravotnou starostlivos\u0165ou.<\/p>\n\n\n\n<p>Aktivizmus na Slovensku sa niesol v duchu protestov a ostrej kritiky zo strany transrodov\u00fdch \u013eud\u00ed. Eur\u00f3psky dohovor o \u013eudsk\u00fdch pr\u00e1vach s\u00fahlas\u00ed s aktivistami, \u017ee n\u00faten\u00e9 kastr\u00e1cie nie s\u00fa spr\u00e1vnym krokom vopred, ale a\u017e ke\u010f sa na\u0161iel klient, ktor\u00fd sa ozval ombudsmanke za verejn\u00fa ochranu pr\u00e1v s podnetom, \u017ee n\u00faten\u00e9 kastr\u00e1cie s\u00fa protiz\u00e1konn\u00e9, veci sa mohli posun\u00fa\u0165 \u010falej. Dan\u00e9ho klienta zastupovali queer poradne Prizma a in:Porad\u0148a. V\u00fdsledok bol, \u017ee n\u00faten\u00e9 kastra\u010dn\u00e9 z\u00e1kroky s\u00fa naozaj neplatn\u00e9, neleg\u00e1lne a proti\u00fastavn\u00e9, ke\u010f\u017ee neexistoval v slovenskej legislat\u00edve z\u00e1kon, o ktor\u00fd by sa mohli lek\u00e1ri oprie\u0165. Parlament vtedy t\u00fato spr\u00e1vu od ombudsmanky pre verejn\u00e9 pr\u00e1va nevzal na vedomie.<\/p>\n\n\n\n<p>Ako teda vyzerala legislat\u00edva oh\u013eadne \u201ezmeny pohlavia\u201c? Text, ktor\u00fd a\u017e doteraz rie\u0161il, ako m\u00e1 prebieha\u0165 tranz\u00edcia, je z roku 1981 a vol\u00e1 sa Lie\u010debn\u00e9 z\u00e1kroky u intersexu\u00e1lov, transsexu\u00e1lov, sexu\u00e1lnych deviantov a postup pri vyd\u00e1van\u00ed posudku pre z\u00e1pis v matrike u transsexu\u00e1lnych os\u00f4b. Tento text, dlh\u00fd asi stranu, nie je z\u00e1kon, nebol upraven\u00fd a definit\u00edvne neodr\u00e1\u017ea aktu\u00e1lne poznatky oh\u013eadne problematiky tranz\u00edcie. Ani nehovorme o tom, \u017ee Slovensk\u00e1 republika vznikla 1. 1. 1993, a teda je mlad\u0161ia ako tento text.<\/p>\n\n\n\n<p>Na\u0161a krajina nem\u00e1 v&nbsp;legislat\u00edve, ako m\u00e1 prebieha\u0165 tranz\u00edcia, ani neodzrkad\u013euje rozdiely medzi spolo\u010denskou, medic\u00ednskou a pr\u00e1vnou tranz\u00edciou. Nie ka\u017ed\u00fd trans \u010dlovek chce to ist\u00e9, nie ka\u017ed\u00fd m\u00f4\u017ee absolvova\u0165 tie ist\u00e9 z\u00e1kroky a rozhodne nechce ka\u017ed\u00fd to ist\u00e9 od tranz\u00edcie, lek\u00e1rov \u010di \u0161t\u00e1tu.<\/p>\n\n\n\n<p>Transaktivizmus si je vedom\u00fd t\u00fdchto rozdielov a chce presadi\u0165 nejak\u00fd r\u00e1mec a \u0161tandardy. Jednak je t\u00fdm kryt\u00e9 klientstvo, ale aj zdravotn\u00fd person\u00e1l a zdravotn\u00e1 starostlivos\u0165 potom nemus\u00ed fungova\u0165 na princ\u00edpe \u201ejedna babka mi povedala\u201c.<\/p>\n\n\n\n<p>Diskusia o transrodov\u00fdch \u013eu\u010foch by mala v\u017edy prebieha\u0165 aj za pr\u00edtomnosti transrodov\u00fdch \u013eud\u00ed a nie pod\u013ea princ\u00edpu o n\u00e1s \u2013 bez n\u00e1s. Podarilo sa to v hlavnej miere t\u00fdm, \u017ee transaktivizmus, hlavne TransF\u00fazia, na Slovensku pribli\u017ene v roku 2018 zmenil pr\u00edstup z ostrej kritiky a sk\u00f4r sa sna\u017eil nadviaza\u0165 kontakty s poskytovate\u013emi zdravotnej starostlivosti a rozv\u00edja\u0165 dial\u00f3g a pochopenie medzi pacientmi, pacientkami a lek\u00e1rmi, lek\u00e1rkami. Na webe TransF\u00fazie je doteraz uverejnen\u00e1 \u017eiados\u0165 o spolupr\u00e1cu.<\/p>\n\n\n\n<figure class=\"wp-block-image size-large\"><img loading=\"lazy\" decoding=\"async\" width=\"972\" height=\"972\" src=\"https:\/\/duhovyrok.sk\/qys\/wp-content\/uploads\/sites\/2\/2022\/12\/trans-aktivizmus1.jpg\" alt=\"\" class=\"wp-image-3915\" srcset=\"https:\/\/duhovyrok.sk\/qys\/wp-content\/uploads\/sites\/2\/2022\/12\/trans-aktivizmus1.jpg 972w, https:\/\/duhovyrok.sk\/qys\/wp-content\/uploads\/sites\/2\/2022\/12\/trans-aktivizmus1-700x700.jpg 700w, https:\/\/duhovyrok.sk\/qys\/wp-content\/uploads\/sites\/2\/2022\/12\/trans-aktivizmus1-150x150.jpg 150w\" sizes=\"auto, (max-width: 972px) 100vw, 972px\" \/><\/figure>\n\n\n\n<p>Ministerstvo zdravotn\u00edctva SR iniciovalo pracovn\u00fa skupinu z viacer\u00fdch oblast\u00ed. Vypracoval sa dokument s n\u00e1zvom Odborn\u00e9 usmernenie Ministerstva zdravotn\u00edctva Slovenskej republiky na zjednotenie medic\u00ednskych postupov pri vyd\u00e1van\u00ed lek\u00e1rskeho posudku pri zmene pohlavia. Koordin\u00e1torkou tejto skupiny bola MUDr. Barbora Va\u0161e\u010dkov\u00e1, PhD., a spolupracovali v nej napr\u00edklad aj psychiater-sexuol\u00f3g MUDr. Michal Patar\u00e1k, PhD., a transrodov\u00fd mu\u017e Mgr. Christi\u00e1n Havl\u00ed\u010dek z in:Poradne.&nbsp;<\/p>\n\n\n\n<p>Tento dokument vypracovali lek\u00e1ri a lek\u00e1rky z viacer\u00fdch odborov a jeho jadro vzniklo na Vedecko-pracovnej sch\u00f4dza Sexuologickej sekcie SPsS SLS na Psychiatrickej klinike SZU v Bratislave d\u0148a 14. 6. 2019. Dokument n\u00e1sledne z\u00edskal podporu V\u00fdboru Slovenskej psychiatrickej spolo\u010dnosti, ktor\u00e1 na Slovensku zdru\u017euje odborn\u00edkov z oblasti psychiatrie.<\/p>\n\n\n\n<p>T\u00fdm, \u017ee dokument vypracovali MUDr-e hlavy, laick\u00e1 verejnos\u0165 m\u00f4\u017ee d\u00f4verova\u0165 odbornosti a dokument sa vyhne kritike \u201eslnie\u010dkarstva\u201c a pritiahnutosti za vlasy. Na druhej strane t\u00fdm, \u017ee boli zast\u00fapen\u00ed aj transrodov\u00ed \u013eudia, nemus\u00ed sa komunita ob\u00e1va\u0165, \u017ee dokument nezoh\u013eadn\u00ed pre\u017eit\u00fa realitu dom\u00e1hania sa zdravotnej starostlivosti. Z\u00e1rove\u0148 si Slovensko spln\u00ed \u010das\u0165 z\u00e1v\u00e4zkov z dokumentu o&nbsp;tom, ako bude chr\u00e1ni\u0165 \u013eudsk\u00e9 pr\u00e1va z roku 2014 (ke\u010f avizovali \u00fapravy do roku 2020). V roku 2015 V\u00fdbor OSN vyzval Slovensko na zru\u0161enie povinn\u00fdch kastr\u00e1ci\u00ed pre zmenu dokladov. WHO ozna\u010duje n\u00faten\u00e9 kastr\u00e1cie za mu\u010denie, Romina Koll\u00e1rik ich vo svojom blogu prirovnala ku stredovek\u00fdm praktik\u00e1m e\u0161te v roku 2016. D\u0148a 31. 3. 2021 nap\u00edsali Otvoren\u00fd list z\u00e1stupcom Ministerstva zdravotn\u00edctva Slovenskej republiky vo veci poskytovania zdravotnej starostlivosti transrodov\u00fdm osob\u00e1m odborn\u00edci poskytuj\u00faci zdravotn\u00fa starostlivos\u0165 pri tranz\u00edcii. Op\u00edsali, ako im z reakcie\/ignor\u00e1cie vtedaj\u0161ieho ministra Mareka Kraj\u010d\u00edho pripad\u00e1, \u017ee ministerstvo vid\u00ed tento probl\u00e9m ako politick\u00fd a nie medic\u00ednsky.<\/p>\n\n\n\n<figure class=\"wp-block-image size-large\"><img loading=\"lazy\" decoding=\"async\" width=\"1024\" height=\"682\" src=\"https:\/\/duhovyrok.sk\/qys\/wp-content\/uploads\/sites\/2\/2022\/12\/trans-aktivizmus2-1024x682.png\" alt=\"\" class=\"wp-image-3916\" srcset=\"https:\/\/duhovyrok.sk\/qys\/wp-content\/uploads\/sites\/2\/2022\/12\/trans-aktivizmus2-1024x682.png 1024w, https:\/\/duhovyrok.sk\/qys\/wp-content\/uploads\/sites\/2\/2022\/12\/trans-aktivizmus2-700x466.png 700w, https:\/\/duhovyrok.sk\/qys\/wp-content\/uploads\/sites\/2\/2022\/12\/trans-aktivizmus2.png 1070w\" sizes=\"auto, (max-width: 1024px) 100vw, 1024px\" \/><\/figure>\n\n\n\n<p><br><a href=\"http:\/\/www.psychiatry.sk\/cms\/File\/2021\/otvoreny%20list_MZ_31_3_2021.pdf\">Citujem<\/a>: \u201eAko odborn\u00edci v t\u00e9me du\u0161evn\u00e9ho zdravia nerie\u0161ime ideologick\u00e9 a politick\u00e9 t\u00e9my, ale v\u00fdlu\u010dne zdravotn\u00edcke postupy. Ch\u00fdbaj\u00face z\u00e1v\u00e4zn\u00e9 medic\u00ednske postupy za\u010d\u00ednaj\u00fa ohrozova\u0165 nielen du\u0161evn\u00e9 zdravie pacientov, ale ohrozuj\u00fa i nap\u013a\u0148anie zahrani\u010dn\u00fdch z\u00e1v\u00e4zkov Slovenskej republiky, najnov\u0161ie op\u00e4tovne rie\u0161en\u00e9 Radou Eur\u00f3py pri monitoringu Slovenskej republiky v roku 2019.\u201c<\/p>\n\n\n\n<p>Nov\u00fd dokument usmer\u0148uje, \u017ee na pr\u00e1vnu tranz\u00edciu treba bra\u0165 horm\u00f3ny aspo\u0148 jeden rok a \u017ei\u0165 ako \u017eelan\u00e9 pohlavie; v\u00fdnimku v\u0161ak maj\u00fa osoby, ktor\u00e9 zo zdravotn\u00fdch d\u00f4vodov horm\u00f3ny bra\u0165 nem\u00f4\u017eu. Usmernenie teda re\u0161pektuje pr\u00e1vo \u010dloveka slobodne sa rozhodn\u00fa\u0165 o svojom tele a zoh\u013ead\u0148uje, \u017ee tranz\u00edcia znamen\u00e1 pre ka\u017ed\u00e9ho nie\u010do in\u00e9. M\u00e1 to len jeden h\u00e1\u010dik.<\/p>\n\n\n\n<p>Minul\u00e1 vl\u00e1da tento text neprijala. Nov\u00e1 vl\u00e1da mala na ruk\u00e1ch koronakr\u00edzu, a teda a\u017e v marci 2022 bol tento kr\u00e1tky dokument prijat\u00fd. Vst\u00fapil do platnosti v apr\u00edli, len na to, aby pani Z\u00e1borsk\u00e1 z O\u013daNo rozm\u00fatila vody a po\u017eiadala o okam\u017eit\u00e9 stiahnutie, \u010do sa jej 18. m\u00e1ja tak trocha aj podarilo. Z\u00e1borsk\u00e1 chcela do z\u00e1kona o rodnom \u010d\u00edsle ukotvi\u0165 kastr\u00e1ciu ako podmienku a napadla usmernenie, lebo to sa odvol\u00e1va na neexistuj\u00faci lek\u00e1rsky \u0161tandard pri tranz\u00edcii. Tieto \u0161tandardy sa maj\u00fa \u010do najsk\u00f4r vypracova\u0165. Usmernenie sa, pod\u013ea pr\u00eds\u013eubov, meni\u0165 nem\u00e1, hoci je teraz pozastaven\u00e9. Pr\u00eds\u013eub na hotov\u00e9 \u0161tandardy bol do leta. U\u017e je december a napriek glob\u00e1lnemu otep\u013eovaniu nepova\u017eujem koniec roka za \u201eleto\u201c.<\/p>\n\n\n\n<p>V novembri zaznamenala trans komunita jedno mal\u00e9 v\u00ed\u0165azstvo \u2013 Najvy\u0161\u0161\u00ed spr\u00e1vny s\u00fad sa postavil na stranu transrodovej \u017eeny, ktor\u00e1 podala e\u0161te v roku 2019 spr\u00e1vnu \u017ealobu, lebo si zvolensk\u00e1 matrika od nej p\u00fdtala potvrdenie o ukon\u010den\u00ed zmeny pohlavia chirurgick\u00fdm z\u00e1krokom na zmenu rodn\u00e9ho listu, hoci nem\u00e1me pr\u00e1vne stanoven\u00e9, ak\u00fdmi dokladmi sa stanovuje \u201ezmena pohlavia\u201c. NSS SR sa odvol\u00e1va aj na rozhodovaciu prax Eur\u00f3pskeho s\u00fadu pre \u013eudsk\u00e9 pr\u00e1va v&nbsp;tak\u00fdchto alebo obdobn\u00fdch veciach.<\/p>\n\n\n\n<p>Pre denn\u00edk <em>Pravda<\/em> uviedol hovorca NSS SR Michal Hajtol: \u201eV&nbsp;\u010fal\u0161om konan\u00ed bude preto \u00falohou krajsk\u00e9ho s\u00fadu op\u00e4tovne d\u00f4sledne pos\u00fadi\u0165 a riadne od\u00f4vodni\u0165 predmetn\u00fa pr\u00e1vnu ot\u00e1zku, a to s&nbsp;prihliadnut\u00edm na to, \u017ee v\u0161eobecne z\u00e1v\u00e4zn\u00e1 pr\u00e1vna \u00faprava SR v&nbsp;\u017eiadnom ustanoven\u00ed explicitne neur\u010duje, \u017ee pre verejnomocensk\u00fa akcept\u00e1ciu zmeny pohlavia je potrebn\u00e1 realiz\u00e1cia chirurgick\u00e9ho z\u00e1kroku (kastr\u00e1cia), a neobsahuje ani podrobn\u00fa \u00fapravu, t\u00fdkaj\u00facu sa lek\u00e1rskeho potvrdenia, na z\u00e1klade ktor\u00e9ho sa tak\u00e1to zmena pohlavia m\u00e1 v&nbsp;evidencii realizova\u0165.\u201c<\/p>\n\n\n\n<p>Kv\u00f4li verejnej a neodbornej diskusii, ktor\u00fa rozbehli \u201eregres\u00edvni\u201c politici a politi\u010dky, matriky odmietaj\u00fa vystavi\u0165 nov\u00e9 rodn\u00e9 \u010d\u00edsla a listy \u013eu\u010fom, ktor\u00ed pr\u00eddu so spr\u00e1vnym nov\u00fdm vyhl\u00e1sen\u00edm, aj \u013eu\u010fom, ktor\u00ed maj\u00fa v\u0161etko spr\u00e1vne pod\u013ea star\u00fdch zvykov, a vyhov\u00e1raj\u00fa sa na sporn\u00e9 usmernenie vo vestn\u00edku z apr\u00edla 2022. Matrik\u00e1m sa pritom ni\u010d nezmenilo. Pod\u013ea Z\u00e1kona NR SR o rodnom \u010d\u00edsle 301\/1995 \u00a7 8 odsek (2) Ministerstvo vykon\u00e1 na po\u017eiadanie zmenu rodn\u00e9ho \u010d\u00edsla, b) na z\u00e1klade lek\u00e1rskeho posudku o zmene pohlavia osoby. Transaktivizmu cel\u00e9 tie roky i\u0161lo o&nbsp;defin\u00edciu, ako m\u00e1 vyzera\u0165 spom\u00ednan\u00fd lek\u00e1rsky posudok.<\/p>\n\n\n\n<p>\u201eVeda a vedeck\u00e9 poznatky sa nere\u0161pektuj\u00fa v spolo\u010dnosti, ale re\u0161pektuj\u00fa sa ideologick\u00e9 predstavy niektor\u00fdch skup\u00edn obyvate\u013estva a d\u00e1vaj\u00fa sa nad \u013eudsk\u00e9 pr\u00e1va a nad vedeck\u00e9 poznanie,\u201c pod\u013ea slov Zary Kromkovej z Prizmy \u201eregres\u00edvni\u201c politici a politi\u010dky prezentovali toto odborn\u00e9 usmernenie ako liberaliz\u00e1ciu tranz\u00edcie, hoci tento proces ost\u00e1va st\u00e1le ve\u013emi pr\u00edsny.&nbsp;<\/p>\n\n\n\n<p>Zhr\u0148me si ten \u013eudsk\u00fd aspekt za lek\u00e1rskym usmernen\u00edm: Romina venovala desa\u0165 rokov svojho \u017eivota, aby verejne vystupovala a vysvet\u013eovala pre m\u00e9di\u00e1, \u010do to vlastne transrodov\u00ed \u013eudia s\u00fa. Spolupracovala aj na r\u00f4znych umeleck\u00fdch dielach s trans tematikou. Po\u010das toho sa tr\u00e1pila s \u00fatokmi, vyhr\u00e1\u017ekami a vyhoren\u00edm. Christi\u00e1n budoval kontakty s lek\u00e1rmi a pomohol vytvori\u0165 smernicu oh\u013eadne lek\u00e1rskej starostlivosti pri tranz\u00edcii, ktor\u00e1 je po rokoch \u010dakania platn\u00e1, ale iba tak tro\u0161ku. Zara pom\u00e1ha na v\u00fdchode Slovenska de\u0165om a dospel\u00fdm s tranz\u00edciou a&nbsp;keby sa mala ako teleportova\u0165 do Bratislavy, pom\u00e1ha aj tam. Christi\u00e1n a Romina sa pre osobn\u00e9 d\u00f4vody stiahli z verejn\u00e9ho \u017eivota. V\u00fdtvarn\u00e1 umelky\u0148a Sophie Labelle po\u010das autorskej besedy o svojich trans komiksoch op\u00edsala, \u017ee priemerne vydr\u017e\u00ed \u010dlovek v queer aktivizme 5 rokov. D\u00e1vala typy, ako si str\u00e1\u017ei\u0165 s\u00fakromie a&nbsp;necha\u0165 si nar\u00e1s\u0165 hro\u0161iu ko\u017eu, aby v\u00e1s neboleli slov\u00e1 a \u00fatoky od transf\u00f3bov. Zara sa zatia\u013e dr\u017e\u00ed. Zatia\u013e.<br><\/p>\n","protected":false},"excerpt":{"rendered":"<p>Autorstvo: Tony Thimble \/ FOTO: D\u00fahov\u00fd PRIDE 2013 a D\u00fahov\u00fd PRIDE 2019 \/ Jakub Kov\u00e1\u010d Tranz\u00edcia je zmena rodu, v\u00fdzoru spojen\u00e1 s lek\u00e1rskymi z\u00e1krokmi, z ktor\u00fdch nie v\u0161etky by mali by\u0165 povinn\u00e9. Po 40 rokoch \u010dakania a asi 10 rokoch aktivizmu bolo aktualizovan\u00e9 usmernenie, ako m\u00e1 leg\u00e1lna tranz\u00edcia prebieha\u0165. Ako sme sa sem dostali? Text <a href=\"https:\/\/duhovyrok.sk\/qys\/kratky-exkurz-do-boja-za-prava-transrodovych-ludi-na-slovensku\/\" class=\"more-link\">&#8230;<\/a><\/p>\n","protected":false},"author":21,"featured_media":3916,"comment_status":"closed","ping_status":"closed","sticky":false,"template":"","format":"standard","meta":{"footnotes":""},"categories":[9,10,260,13],"tags":[20,266,67,149,408,453,379,212,213],"class_list":["post-3884","post","type-post","status-publish","format-standard","has-post-thumbnail","hentry","category-queer-historia","category-kultura","category-reportaze","category-viditelnost","tag-aktivizmus","tag-from-qys","tag-historia","tag-queer-historia","tag-slovensko","tag-transkativizmus","tag-transrodovi-ludia","tag-transrodovost","tag-tranzicia"],"_links":{"self":[{"href":"https:\/\/duhovyrok.sk\/qys\/wp-json\/wp\/v2\/posts\/3884","targetHints":{"allow":["GET"]}}],"collection":[{"href":"https:\/\/duhovyrok.sk\/qys\/wp-json\/wp\/v2\/posts"}],"about":[{"href":"https:\/\/duhovyrok.sk\/qys\/wp-json\/wp\/v2\/types\/post"}],"author":[{"embeddable":true,"href":"https:\/\/duhovyrok.sk\/qys\/wp-json\/wp\/v2\/users\/21"}],"replies":[{"embeddable":true,"href":"https:\/\/duhovyrok.sk\/qys\/wp-json\/wp\/v2\/comments?post=3884"}],"version-history":[{"count":3,"href":"https:\/\/duhovyrok.sk\/qys\/wp-json\/wp\/v2\/posts\/3884\/revisions"}],"predecessor-version":[{"id":3970,"href":"https:\/\/duhovyrok.sk\/qys\/wp-json\/wp\/v2\/posts\/3884\/revisions\/3970"}],"wp:featuredmedia":[{"embeddable":true,"href":"https:\/\/duhovyrok.sk\/qys\/wp-json\/wp\/v2\/media\/3916"}],"wp:attachment":[{"href":"https:\/\/duhovyrok.sk\/qys\/wp-json\/wp\/v2\/media?parent=3884"}],"wp:term":[{"taxonomy":"category","embeddable":true,"href":"https:\/\/duhovyrok.sk\/qys\/wp-json\/wp\/v2\/categories?post=3884"},{"taxonomy":"post_tag","embeddable":true,"href":"https:\/\/duhovyrok.sk\/qys\/wp-json\/wp\/v2\/tags?post=3884"}],"curies":[{"name":"wp","href":"https:\/\/api.w.org\/{rel}","templated":true}]}}