{"id":3842,"date":"2022-11-30T16:51:16","date_gmt":"2022-11-30T15:51:16","guid":{"rendered":"https:\/\/duhovyrok.sk\/qys\/?p=3842"},"modified":"2022-11-30T16:51:32","modified_gmt":"2022-11-30T15:51:32","slug":"moderator-rasto-iliev-verejny-coming-out-bolo-to-najmenej-co-som-mohol-urobit","status":"publish","type":"post","link":"https:\/\/duhovyrok.sk\/qys\/moderator-rasto-iliev-verejny-coming-out-bolo-to-najmenej-co-som-mohol-urobit\/","title":{"rendered":"Moder\u00e1tor Ras\u0165o Iliev: Verejn\u00fd coming out bolo to najmenej, \u010do som mohol urobi\u0165"},"content":{"rendered":"\n<p><strong>Autor: Marek Hudec<\/strong> \/ <strong>FOTO: Marko Erd pre SME<\/strong><\/p>\n\n\n\n<p><strong>Vra\u017edy v Tepl\u00e1rni hlboko zasiahli cel\u00fa komunitu. Mnoh\u00fdch in\u0161piroval ku coming outu, jedn\u00fdm z nich bol aj moder\u00e1tor Ras\u0165o Iliev. V minulosti p\u00f4sobil aj na R\u00e1diu Slovensku, v region\u00e1lnej TV Bratislava a dnes v telev\u00edzii TA3. Podobne ako jeho kolega Richard D\u00edrer, v diskusnej rel\u00e1cii V politike konfrontoval nieko\u013ek\u00fdch politikov a politi\u010dku po\u010das diskusie, ktor\u00e1 mala by\u0165 p\u00f4vodne o n\u00e1vrhu o partnerskom spolu\u017eit\u00ed. O tom, \u017ee je gej, za\u010dal hovori\u0165 hne\u010f na za\u010diatku rel\u00e1cie.<\/strong><\/p>\n\n\n\n<p><strong>Ako si pre\u017e\u00edval prv\u00e9 spr\u00e1vy o \u00fatoku pred Tepl\u00e1r\u0148ou?&nbsp;<\/strong><\/p>\n\n\n\n<p>To bol veru jeden z t\u00fdch okamihov, na ktor\u00e9 \u010dlovek nezabudne. K stre\u013ebe do\u0161lo v stredu ve\u010der, mal som pr\u00e1ve pred rel\u00e1ciou V politike, ktor\u00fa vysielame na TA3 ka\u017ed\u00fa nede\u013eu. Oby\u010dajne tak skoro e\u0161te netu\u0161\u00edm, s k\u00fdm budem o \u010dom debatova\u0165, preto\u017ee \u017eijeme turbulentn\u00e9 \u010dasy a dej\u00fa sa veci. A&nbsp;navy\u0161e, stran\u00edcke centr\u00e1ly sa nevedia vmesti\u0165 do ko\u017ee. Preto dola\u010fujeme detaily p\u00e1r hod\u00edn pred \u010dervenou. Ten t\u00fd\u017ede\u0148 bol v\u0161ak in\u00fd. Na poslancov \u010dakal vtedy n\u00e1vrh o partnerskom spolu\u017eit\u00ed, dohodnut\u00ed boli u\u017e aj hostia, fini\u0161oval som so scen\u00e1rom a potom to pri\u0161lo. Prv\u00e9 spr\u00e1vy zo Z\u00e1mockej, i ke\u010f boli chaotick\u00e9, ma tot\u00e1lne odzbrojili a nedok\u00e1zal som sa na ni\u010d s\u00fastredi\u0165. Ten ohavn\u00fd \u010din ma usved\u010dil v tom, \u017ee bude nosnou t\u00e9mou rel\u00e1cie.&nbsp;<\/p>\n\n\n\n<p><strong>C\u00edtil si v&nbsp;ten ve\u010der strach?<\/strong><\/p>\n\n\n\n<p>Kamo\u0161 mi do neskorej noci priebe\u017ene posielal aktu\u00e1lne inform\u00e1cie, a ke\u010f u\u017e bolo jasn\u00e9, \u017ee \u0161ialenec vra\u017edil ideologicky a zastrelil Juraja a Mat\u00fa\u0161a, do\u013eahol na m\u0148a stra\u0161n\u00fd pocit \u00fazkosti a strachu, \u00e1no. Poriadne som nespal.<\/p>\n\n\n\n<p><strong>Kedy si sa potom rozhodol, \u017ee chce\u0161 kona\u0165 a urobi\u0165 verejn\u00fd coming out? Uva\u017eoval si nad in\u00fdmi sp\u00f4sobmi, ako podpori\u0165 queer \u013eud\u00ed na Slovensku po tom, \u010do sa stalo?<\/strong><\/p>\n\n\n\n<p>Nevedel som, ako to uchopi\u0165, bolo mi v\u0161ak jasn\u00e9, \u017ee chcem o t\u00e9me v nede\u013eu hovori\u0165. Hne\u010f na druh\u00fd de\u0148 po vra\u017ede som moderoval Spr\u00e1vy, vysielali sme na\u017eivo tla\u010dov\u00fa besedu Iniciat\u00edvy Inakos\u0165 a ke\u010f Roman so zlomen\u00fdm hlasom povedal, \u017ee nem\u00f4\u017eeme ml\u010da\u0165, lebo zlo sa rozp\u00edna, vtedy som to pochopil, \u017ee mus\u00edm nie\u010do urobi\u0165. Navy\u0161e de\u0148 predt\u00fdm bol svetov\u00fd de\u0148 coming outu. Nedalo sa inak, urobil by som to op\u00e4\u0165 a verejn\u00fd coming out bol to najmenej, \u010do som pre n\u00e1s mohol urobi\u0165. Spustilo to lav\u00ednu reakci\u00ed. Nie v\u0161etci pochopili, o \u010do mi i\u0161lo, ale v\u00e4\u010d\u0161ina \u00e1no. Utvrdzuj\u00fa ma v tom, \u017ee to bolo spr\u00e1vne rozhodnutie. Ako som povedal na okt\u00f3brovom podujat\u00ed Ide n\u00e1m o \u017eivot, \u013eudia mi odvtedy poslali to\u013eko l\u00e1sky, \u017ee z nej budem \u010derpa\u0165 minim\u00e1lne do 14. febru\u00e1ra.<\/p>\n\n\n\n<p><strong>Ktor\u00e1 z reakci\u00ed \u0165a zasiahla najviac?<\/strong><\/p>\n\n\n\n<p>Odvtedy u\u017e pre\u0161iel mesiac a \u013eudia mi st\u00e1le p\u00ed\u0161u, ako ve\u013emi ich to nakoplo a motivovalo. Niektor\u00ed hne\u010f po skon\u010den\u00ed rel\u00e1cie be\u017eali za rodi\u010dmi a vyoutovali sa, no nie je to super? Aj kv\u00f4li nim to st\u00e1lo za to. Som na v\u00e1s v\u0161etk\u00fdch extr\u00e9mne hrd\u00fd, ka\u017ed\u00fd jeden z nich je hrdina. Je neuverite\u013en\u00e9, \u017ee sa v\u00f4bec mus\u00edme vyoutov\u00e1va\u0165 sa a \u017ei\u0165 v strachu pred t\u00fdm, \u010do povie rodina, kamo\u0161i a \u0161\u00e9f, ale to je realita a e\u0161te asi dlho bude. \u017dijeme v spolo\u010dnosti, kde je 59 % \u013eud\u00ed presved\u010den\u00fdch o tom, \u017ee si nezasl\u00fa\u017eime ma\u0165 rovnak\u00e9 pr\u00e1va ako oni. Pre\u010do? Ako by som ubl\u00ed\u017eil p\u00e1novi Ondrejovi z Lietavskej L\u00fa\u010dky, keby som si mohol vzia\u0165 svojho partnera? Ako by sa zhor\u0161il \u017eivot pani Helene v Humennom, keby som sa dozvedel o jeho zdravotnom stave? Nijak. Bodka. Ale ke\u010f je spolo\u010dnos\u0165 roky systematicky mas\u00edrovan\u00e1 t\u00fdm, \u017ee sme mon\u0161tr\u00e1, ktor\u00e9 nepatria na ulicu, ale do \u00fastavu, ako tvrdia niektor\u00ed politici a extr\u00e9misti, tak sa im niet \u010do \u010dudova\u0165. Zmena komunik\u00e1cie mus\u00ed pr\u00eds\u0165 predov\u0161etk\u00fdm zhora. Pokrytcov v\u0161ak n\u00e1jdeme aj v cirkvi. Na jednej strane z\u00e1du\u0161n\u00e1 om\u0161a za Juraja a&nbsp;Mat\u00fa\u0161a, a hne\u010f na to obe\u017en\u00edk, ktor\u00fd spochyb\u0148uje ich nevinnos\u0165? Nonsens. Niektor\u00ed k\u0148azi mi anonymne nap\u00edsali, \u017ee s arcibiskupom Oroschom nes\u00fahlasia. Fajn, tak to teraz povedzte nahlas. Boja sa. Na Slovensku sa ku katol\u00edckej cirkvi hl\u00e1sia viac ako 3 mili\u00f3ny \u013eud\u00ed. \u010co si maj\u00fa o n\u00e1s myslie\u0165, ke\u010f im niektor\u00ed k\u0148azi, ako Jaroslav Kl\u00ed\u010d, mas\u00edruj\u00fa mozgy v zmysle, \u017ee LGBTI+ \u013eudia by nemali ma\u0165 pr\u00e1va, preto\u017ee to je proti bo\u017eiemu poriadku? Povedal to po\u010das om\u0161e v obci Hertn\u00edk na v\u00fdchode Slovenska len 4 dni po vra\u017ede na Z\u00e1mockej. Tak\u00e9to vyjadrenia treba verejne ods\u00fadi\u0165. Tak\u00edto \u013eudia nemaj\u00fa pr\u00e1vo k\u00e1za\u0165 o mor\u00e1lke, rad\u0161ej nech sa pozr\u00fa do vlastn\u00fdch radov.<\/p>\n\n\n\n<figure class=\"wp-block-image size-large\"><img loading=\"lazy\" decoding=\"async\" width=\"825\" height=\"1024\" src=\"https:\/\/duhovyrok.sk\/qys\/wp-content\/uploads\/sites\/2\/2022\/11\/Rasto-Iliev-1-825x1024.jpg\" alt=\"\" class=\"wp-image-3844\" srcset=\"https:\/\/duhovyrok.sk\/qys\/wp-content\/uploads\/sites\/2\/2022\/11\/Rasto-Iliev-1-825x1024.jpg 825w, https:\/\/duhovyrok.sk\/qys\/wp-content\/uploads\/sites\/2\/2022\/11\/Rasto-Iliev-1-564x700.jpg 564w, https:\/\/duhovyrok.sk\/qys\/wp-content\/uploads\/sites\/2\/2022\/11\/Rasto-Iliev-1.jpg 1079w\" sizes=\"auto, (max-width: 825px) 100vw, 825px\" \/><\/figure>\n\n\n\n<p><strong>Vyoutoval si sa pred nieko\u013ek\u00fdmi rokmi. Mal si aj nejak\u00e9 negat\u00edvnej\u0161ie reakcie,<\/strong> <strong>pr\u00edpadne za\u017eil si \u0165a\u017e\u0161ie situ\u00e1cie, nepr\u00edjemn\u00e9 ot\u00e1zky?<\/strong><\/p>\n\n\n\n<p>Svoje prv\u00e9 l\u00e1sky som za\u017eil e\u0161te s diev\u010datami. Hviezdi\u010dky nad hlavami, dr\u017eanie sa za ruky, b\u00fa\u0161enie srdca, nespavos\u0165, h\u00e1dzanie sa o zem, ke\u010f nemohla by\u0165 o hodinu dlh\u0161ie vonku, lebo u\u017e je tma, vodop\u00e1dy s\u013az pri rozchodoch a tak \u010falej. A\u017e na strednej som definit\u00edvne pochopil, \u017ee som gej a \u017ee rodi\u010dia u\u0161etria na svadbe. Ale tie\u017e nie hne\u010f. Hlava mi uletela do kozmu asi a\u017e v tre\u0165om ro\u010dn\u00edku. Vtedy za\u010dal nosi\u0165 slim d\u017e\u00ednsy! Vie\u0161 si to predstavi\u0165?! Ur\u010dite to robil naschv\u00e1l! \ud83d\ude42 Poznali sme sa u\u017e tri roky, no a\u017e vtedy za\u010dal nosi\u0165 tie d\u017e\u00ednsy. Bolo to stra\u0161ne divn\u00e9, lebo mi p\u00edsal zvl\u00e1\u0161tne esemesky o tom, \u017ee ma \u013e\u00fabi, ale na druh\u00fd de\u0148 sa v \u0161kole tv\u00e1ril, akoby ich poslal omylom. Bolo to ve\u013emi siln\u00e9 a bolestiv\u00e9 obdobie. Prerevan\u00e9 noci a \u00favahy o zoskoku z mosta. Nikdy takto neuva\u017euj! Rad\u0161ej sa opi a cho\u010f spa\u0165! Som v\u0161ak za t\u00fa sk\u00fasenos\u0165 v\u010fa\u010dn\u00fd. Posilnila ma. Najjednoduch\u0161ie je podda\u0165 sa tomu, prepadn\u00fa\u0165 a depkova\u0165. Jasn\u00e9, \u017ee som \u010dakal, \u017ee sa zjav\u00ed vo dver\u00e1ch a unesie ma aspo\u0148 na koniec dediny, kde budeme spolu \u017ei\u0165 minim\u00e1lne 7 rokov, ale \u017eivot nie je Netflix. Ka\u017ed\u00e9 sklamanie \u0165a mus\u00ed nakopn\u00fa\u0165 a posilni\u0165!<\/p>\n\n\n\n<p><strong>Vyrastal si v N\u00e1mestove, Orava je ove\u013ea konzervat\u00edvnej\u0161ia oproti zvy\u0161ku Slovenska.<\/strong> <strong>Kedy si si za\u010dal uvedomova\u0165, \u017ee si in\u00fd, a \u010do ti pomohlo t\u00fato my\u0161lienku prija\u0165? Mal si kamar\u00e1tov, alebo ti pomohla kult\u00fara?<\/strong><\/p>\n\n\n\n<p>To bolo e\u0161te v \u010dase, ke\u010f v okt\u00f3bri za\u010dalo sne\u017ei\u0165 a prestalo v marci. Orava je n\u00e1dhern\u00fd kus zeme, \u017eij\u00fa tam moji rodi\u010dia a brat s rodinou a sna\u017e\u00edm sa za nimi jazdi\u0165 \u010do naj\u010dastej\u0161ie, aj tak je to m\u00e1lo a mus\u00edm na tom zamaka\u0165! Inakos\u0165 aj tam u\u017e \u013eudia vn\u00edmaj\u00fa inak, ako ke\u010f som vyrastal. Ale \u00e1no, st\u00e1le maj\u00fa rezervy. Je to aj preto, lebo nemaj\u00fa potuchy, kto v\u0161etko je medzi nimi LGBTI+. Ke\u010f zistia, \u017ee aj sused, predava\u010dka v drog\u00e9rii \u010di u\u010dite\u013e v \u0161kole, precitn\u00fa a mo\u017eno si aj bud\u00fa spytova\u0165 svedomie, \u010do urobili zle, \u017ee si to nev\u0161imli, a ako m\u00f4\u017eu by\u0165 n\u00e1pomocn\u00ed. Prv\u00e1 sa o mne dozvedela kamo\u0161ka na strednej. T\u00e1 m\u00e1 dr\u017eala nad vodou pri ka\u017edej brosky\u0148ovej vodke, doteraz nerozumiem tejto preferencii. E\u0161te\u017ee sa chute menia. Potom mamina, to bolo n\u00e1ro\u010dnej\u0161ie, lebo si myslela, \u017ee si to nam\u00fd\u0161\u013eam a chcem sa len podoba\u0165 na jej brata, ktor\u00fd je gej a v tom \u010dase bol ve\u013emi \u00faspe\u0161n\u00fd. Mala o m\u0148a strach, \u017ee sa mi preto v \u017eivote nebude dari\u0165, brala to ako prek\u00e1\u017eku \u2013 a aha!<\/p>\n\n\n\n<p><strong>Tvoj str\u00fdko je teda gej. Rozpr\u00e1vali ste sa o tom, ako sa \u017eilo jemu? Aj on je z Oravy?<\/strong><\/p>\n\n\n\n<p>K\u00fasok ved\u013ea, z Kys\u00fac. On vyrastal v e\u0161te konzervat\u00edvnej\u0161om prostred\u00ed, preto u\u017e v 15 rokoch odi\u0161iel \u0161tudova\u0165 do Ko\u0161\u00edc. Kr\u00e1tko potom stretol svoju \u017eivotn\u00fa l\u00e1sku, usadil sa v Hamburgu, nesk\u00f4r v Prahe, precestoval cel\u00fd svet, pre\u017eil n\u00e1dhern\u00fd \u017eivot. V\u010faka nemu sme ve\u013ea za\u017eili a cestovali aj my, rodi\u010dia zrazu videli, \u017ee aj gej m\u00f4\u017ee by\u0165 v \u017eivote \u00faspe\u0161n\u00fd a dok\u00e1\u017ee \u017ei\u0165 norm\u00e1lny \u017eivot, hoci napr\u00edklad on sa nikdy nevyoutoval, ani pred rodi\u010dmi. T\u00e1to t\u00e9ma bola v\u017edy tabu. Via\u017ee sa k tomu v\u0161ak celkom mil\u00fd pr\u00edbeh. Ke\u010f sa str\u00fdko s partnerom pres\u0165ahovali do Prahy, pozval na n\u00e1v\u0161tevu svojich rodi\u010dov a ke\u010f im ukazoval nov\u00fd dom, vo\u0161li aj do sp\u00e1lne. Dedo sa ho p\u00fdtal: A ty sp\u00ed\u0161 kde? No tu, odvetil mu str\u00fdko. Tu? Ty sp\u00ed\u0161 so svoj\u00edm \u0161\u00e9fom? A bolo vyma\u013eovan\u00e9, z\u00e1rove\u0148 sa u\u017e k tejto t\u00e9me nikdy nevr\u00e1tili. Som jeho vern\u00e1 k\u00f3pia, akur\u00e1t mlad\u0161ia o 20 rokov. Ke\u010f sme sa kone\u010dne stretli po 2 covidov\u00fdch rokoch, pokra\u010dovali sme tam, kde sme skon\u010dili. Ak som teraz ja pre niekoho hrdina, tak pre m\u0148a je hrdina on a je neskonal\u00e9 \u0161\u0165astie ma\u0165 v rodine tak\u00fato oporu.<\/p>\n\n\n\n<p><strong>Ako si spom\u00edna\u0161 na pres\u0165ahovanie do Bratislavy a na tepl\u00e9 podniky z toho obdobia?<\/strong> <strong>Chodil si do \u00c1\u010dka, B\u00e9\u010dka, Mal\u00e9ho \u00c1\u010dka?<\/strong><\/p>\n\n\n\n<p>Bolo to v roku 2005. To u\u017e je d\u00e1vno, nie? Trvalo mi, k\u00fdm som sa rozhliadol. Bolo to skvel\u00e9 obdobie, in\u00e9 ako dnes, bez aplik\u00e1ci\u00ed. \u013dudia sa norm\u00e1lne stret\u00e1vali a rozpr\u00e1vali. Ke\u010f si chcel \u00eds\u0165 na rande, nedalo sa inak, ako nabra\u0165 odvahu a oslovi\u0165 t\u00fdpka na ulici, v kaviarni alebo na diskot\u00e9ke. Prv\u00fd podnik, kam som nesmelo vkro\u010dil, boli Anjeli (U Anjelov na Laurinskej). Kultov\u00fd kaviar\u0148o-bar so stovkami anjelov po sten\u00e1ch, kam chodili umelci, herci, politici a my. Bol tak\u00fdm predskokanom Tepl\u00e1rne. \u017diadne orgie ani drogy, p\u00e1n Orosch, len oby\u010dajn\u00e1 l\u00e1ska a porozumenie. Tak\u00e9 miesto v Bratislave po tej trag\u00e9dii ch\u00fdba a hoci Tepl\u00e1re\u0148 m\u00f4\u017ee by\u0165 dnes ak\u00e9ko\u013evek miesto, hocikde na Slovensku, je d\u00f4le\u017eit\u00e9 ma\u0165 tak\u00e9 mal\u00e9 \u00fato\u010disko len a len pre n\u00e1s. Pre m\u0148a tak\u00e9 bolo aj mal\u00e9 B\u00e9\u010dko, ke\u010f zatvorili Anjelov. Presne som vedel, koho tam stretnem bez toho, aby sme sa vopred dohodli. Kde inde by si si pokecal so Zuzkou Fialovou, ako na bare?<\/p>\n","protected":false},"excerpt":{"rendered":"<p>Autor: Marek Hudec \/ FOTO: Marko Erd pre SME Vra\u017edy v Tepl\u00e1rni hlboko zasiahli cel\u00fa komunitu. Mnoh\u00fdch in\u0161piroval ku coming outu, jedn\u00fdm z nich bol aj moder\u00e1tor Ras\u0165o Iliev. V minulosti p\u00f4sobil aj na R\u00e1diu Slovensku, v region\u00e1lnej TV Bratislava a dnes v telev\u00edzii TA3. Podobne ako jeho kolega Richard D\u00edrer, v diskusnej rel\u00e1cii V <a href=\"https:\/\/duhovyrok.sk\/qys\/moderator-rasto-iliev-verejny-coming-out-bolo-to-najmenej-co-som-mohol-urobit\/\" class=\"more-link\">&#8230;<\/a><\/p>\n","protected":false},"author":10,"featured_media":3843,"comment_status":"closed","ping_status":"closed","sticky":false,"template":"","format":"standard","meta":{"footnotes":""},"categories":[2,259],"tags":[37,266,434,435,185],"class_list":["post-3842","post","type-post","status-publish","format-standard","has-post-thumbnail","hentry","category-comingout","category-rozhovory","tag-coming-out","tag-from-qys","tag-moderator","tag-rasto-iliev","tag-rozhovor"],"_links":{"self":[{"href":"https:\/\/duhovyrok.sk\/qys\/wp-json\/wp\/v2\/posts\/3842","targetHints":{"allow":["GET"]}}],"collection":[{"href":"https:\/\/duhovyrok.sk\/qys\/wp-json\/wp\/v2\/posts"}],"about":[{"href":"https:\/\/duhovyrok.sk\/qys\/wp-json\/wp\/v2\/types\/post"}],"author":[{"embeddable":true,"href":"https:\/\/duhovyrok.sk\/qys\/wp-json\/wp\/v2\/users\/10"}],"replies":[{"embeddable":true,"href":"https:\/\/duhovyrok.sk\/qys\/wp-json\/wp\/v2\/comments?post=3842"}],"version-history":[{"count":2,"href":"https:\/\/duhovyrok.sk\/qys\/wp-json\/wp\/v2\/posts\/3842\/revisions"}],"predecessor-version":[{"id":3846,"href":"https:\/\/duhovyrok.sk\/qys\/wp-json\/wp\/v2\/posts\/3842\/revisions\/3846"}],"wp:featuredmedia":[{"embeddable":true,"href":"https:\/\/duhovyrok.sk\/qys\/wp-json\/wp\/v2\/media\/3843"}],"wp:attachment":[{"href":"https:\/\/duhovyrok.sk\/qys\/wp-json\/wp\/v2\/media?parent=3842"}],"wp:term":[{"taxonomy":"category","embeddable":true,"href":"https:\/\/duhovyrok.sk\/qys\/wp-json\/wp\/v2\/categories?post=3842"},{"taxonomy":"post_tag","embeddable":true,"href":"https:\/\/duhovyrok.sk\/qys\/wp-json\/wp\/v2\/tags?post=3842"}],"curies":[{"name":"wp","href":"https:\/\/api.w.org\/{rel}","templated":true}]}}