{"id":3840,"date":"2022-12-09T13:42:51","date_gmt":"2022-12-09T12:42:51","guid":{"rendered":"https:\/\/duhovyrok.sk\/qys\/?p=3840"},"modified":"2022-12-09T13:43:06","modified_gmt":"2022-12-09T12:43:06","slug":"k-homofobnemu-utoku-policia-najprv-pristupovala-vlazne-pripad-sa-po-roku-uzavrel","status":"publish","type":"post","link":"https:\/\/duhovyrok.sk\/qys\/k-homofobnemu-utoku-policia-najprv-pristupovala-vlazne-pripad-sa-po-roku-uzavrel\/","title":{"rendered":"K homof\u00f3bnemu \u00fatoku pol\u00edcia najprv pristupovala vla\u017ene. Pr\u00edpad sa po roku uzavrel"},"content":{"rendered":"\n<p><strong>Autor textu: Marek Hudec \/ Ilustr\u00e1cia: Vikt\u00f3ria Szab\u00f3ov\u00e1<\/strong><\/p>\n\n\n\n<p><strong>N\u00e1siln\u00e9 spr\u00e1vanie vo\u010di queer \u013eu\u010fom nebolo ojedinel\u00e9 ani pred vra\u017edami pred Tepl\u00e1r\u0148ou.<\/strong><\/p>\n\n\n\n<p>Vra\u017edy pred Tepl\u00e1r\u0148ou boli pre LGBTI+ \u013eud\u00ed na Slovensku ve\u013ek\u00fdm \u0161okom, no Bratislava u\u017e dlh\u0161ie pre nich nebola bezpe\u010dn\u00fdm miestom. N\u00e1silie sa ne\u010faleko Z\u00e1mockej odohralo aj rok predt\u00fdm, 17. m\u00e1ja, v parku na Svoradovej ulici. Partia stredo\u0161kol\u00e1kov tam vtedy napadla piatich kamar\u00e1tov gejov.&nbsp;<\/p>\n\n\n\n<p>Pr\u00edpad sa na jese\u0148 2022 podarilo uzavrie\u0165, no a\u017e s ve\u013ek\u00fdm odstupom. \u201eSedeli sme, dali sme si cigu a rozpr\u00e1vali sa. Zrazu sa pri parku za\u010dalo potulova\u0165 zop\u00e1r \u010fal\u0161\u00edch chalanov, st\u00e1le sa k n\u00e1m kukali, mysleli sme si, \u017ee nie\u010do h\u013eadaj\u00fa,\u201c vrav\u00ed o udalosti Jakub. Men\u00e1 obet\u00ed sme kv\u00f4li obave o ich bezpe\u010dnos\u0165 zmenili. Na homof\u00f3bny \u00fatok pred rokom upozornil aj port\u00e1l Queerslovakia.<\/p>\n\n\n\n<h5 class=\"wp-block-heading\"><strong>Zo \u0161tyroch kamier nefungovala ani jedna<\/strong><\/h5>\n\n\n\n<p>\u201eJeden z nich k n\u00e1m potom prist\u00fapil a sp\u00fdtal sa kamar\u00e1ta, \u010di je antif\u00e1k. \u00dato\u010dn\u00edk mal slovanistick\u00fa mikinu aj \u0161iltovku. Povedal som mu, \u017ee ani neviem, \u010do to znamen\u00e1, no a potom si v\u0161imol, \u017ee kamo\u0161 bol v\u00fdstrednej\u0161ie oble\u010den\u00fd a mal nalakovan\u00e9 nechty.\u201c<\/p>\n\n\n\n<p>Agresor sa toho chytil a nieko\u013ekokr\u00e1t sa sp\u00fdtal: Si buzna, si tepl\u00fd? Dvakr\u00e1t ho odignorovali, no na tret\u00ed raz vytiahol teleskopick\u00fa ty\u010d a za\u010dal \u0148ou ml\u00e1ti\u0165 obe\u0165, mlad\u00edka, ktor\u00e9ho budeme vola\u0165 Peter.<\/p>\n\n\n\n<p>K agresorovi sa zrazu pridali jeho kamar\u00e1ti. Cel\u00e1 udalos\u0165 mohla pod\u013ea Jakuba trva\u0165 tri a\u017e \u0161tyri min\u00faty, lebo Peter zbadal \u00fanikov\u00fa trasu medzi \u00fato\u010dn\u00edkmi a rozbehol sa dole ulicou, k autobusovej zast\u00e1vke. S\u00edce sa za n\u00edm agresori pustili, no Jozefovi sa podarilo skry\u0165 v ne\u010falekom podniku.<\/p>\n\n\n\n<p>Ke\u010f kamar\u00e1ti zavolali pol\u00edciu, chv\u00ed\u013eu sa ni\u010d nedialo. T\u00e1 pri\u0161la asi po 40 min\u00fatach, v aute u\u017e mala zatknut\u00e9ho jedn\u00e9ho z partie \u00fato\u010dn\u00edkov. Ne\u010faleko parku s\u00edce boli nain\u0161talovan\u00e9 \u0161tyri kamery, no vraj ani jedna z nich po\u010das \u00fatoku nefungovala.<\/p>\n\n\n\n<figure class=\"wp-block-image size-large\"><img loading=\"lazy\" decoding=\"async\" width=\"724\" height=\"1024\" src=\"https:\/\/duhovyrok.sk\/qys\/wp-content\/uploads\/sites\/2\/2022\/12\/nasilie-na-svoradovej-724x1024.jpg\" alt=\"\" class=\"wp-image-3851\" srcset=\"https:\/\/duhovyrok.sk\/qys\/wp-content\/uploads\/sites\/2\/2022\/12\/nasilie-na-svoradovej-724x1024.jpg 724w, https:\/\/duhovyrok.sk\/qys\/wp-content\/uploads\/sites\/2\/2022\/12\/nasilie-na-svoradovej-495x700.jpg 495w, https:\/\/duhovyrok.sk\/qys\/wp-content\/uploads\/sites\/2\/2022\/12\/nasilie-na-svoradovej-1086x1536.jpg 1086w, https:\/\/duhovyrok.sk\/qys\/wp-content\/uploads\/sites\/2\/2022\/12\/nasilie-na-svoradovej-1448x2048.jpg 1448w, https:\/\/duhovyrok.sk\/qys\/wp-content\/uploads\/sites\/2\/2022\/12\/nasilie-na-svoradovej-scaled.jpg 1810w\" sizes=\"auto, (max-width: 724px) 100vw, 724px\" \/><\/figure>\n\n\n\n<h5 class=\"wp-block-heading\"><strong>P\u00e1chate\u013e sa k \u00fatoku priznal<\/strong><\/h5>\n\n\n\n<p>Pr\u00edpad sa navy\u0161e vy\u0161etroval len ve\u013emi pomaly. Obete prizn\u00e1vaj\u00fa, \u017ee trestn\u00e9 ozn\u00e1menie podali trochu neskoro, a\u017e na jese\u0148. Chlapcov k tomu motivoval pr\u00e1ve Roman Samotn\u00fd, ktor\u00fd sa o \u00fatoku dozvedel.&nbsp;<\/p>\n\n\n\n<p>Jakuba ako svedka \u00fatoku napr\u00edklad na vypo\u010dutie na N\u00e1rodnej krimin\u00e1lnej agent\u00fare (NAKA) zavolali a\u017e na jar. Rozhovor hodnot\u00ed pozit\u00edvne, dostal term\u00edn, v\u0161etko prebehlo na\u010das, aj policajti sa vraj spr\u00e1vali pr\u00edjemne. Uk\u00e1zali mu fotky p\u00e1chate\u013eov, ktor\u00fdch Jakub idenitifikoval.&nbsp;<\/p>\n\n\n\n<p>Na NAKA vypovedal aj Peter, ktor\u00e9mu \u00fato\u010dn\u00edci sp\u00f4sobili mnoho zranen\u00ed: \u201eZavolali si ma na NAKA, kde v\u0161ak zistili, \u017ee pr\u00edpad vy\u0161etruje pol\u00edcia na Sasinkovej, tak som musel \u00eds\u0165 najprv tam vypoveda\u0165. Na Sasinkovej som najsk\u00f4r \u010dakal na vy\u0161etrovate\u013ea, ktor\u00fd nebol ve\u013emi pr\u00edvetiv\u00fd, ale prekusol som to. Potom pr\u00edpad prebrala NAKA, kde boli vy\u0161etrovatelia ve\u013emi mil\u00ed a dohodli sme sa na \u010fal\u0161om v\u00fdsluchu o dva t\u00fd\u017edne, kde mi uk\u00e1\u017eu aj fotky.\u201c<\/p>\n\n\n\n<p>Na v\u00fdsluch sa v\u0161ak vr\u00e1til a\u017e o dva mesiace. \u201eMali asi ve\u013ea pr\u00e1ce. Uk\u00e1zali mi fotky \u00fato\u010dn\u00edkov, ale po takom dlhom \u010dase som si nebol ist\u00fd. Vtedy som mal posledn\u00fd kontakt s vy\u0161etrovate\u013eom a teraz v okt\u00f3bri mi len nap\u00edsali, \u017ee na\u0161li p\u00e1chate\u013ea a ku v\u0161etk\u00e9mu sa priznal. A ak si chcem n\u00e1rokova\u0165 nejak\u00fa n\u00e1hradu, m\u00e1m sa ozva\u0165. Zatia\u013e som to v\u0161ak neurobil, lebo neviem, \u010do m\u00e1m o\u010dak\u00e1va\u0165.\u201c<\/p>\n\n\n\n<h5 class=\"wp-block-heading\"><strong>Hoci n\u00e1m ukazuj\u00fa podporu, asi sa ni\u010d nezmen\u00ed<\/strong><\/h5>\n\n\n\n<p>Peter sa v Bratislave nec\u00edti bezpe\u010dne, bol toti\u017e napadnut\u00fd aj rok predt\u00fdm, nezn\u00e1mymi p\u00e1chate\u013emi: \u201eI\u0161iel som po ulici za bieleho d\u0148a, mal som sl\u00fachadl\u00e1 a dvaja chalani si p\u00fdtali odo m\u0148a cigaretu. Ja som neodpovedal, tak ma zozadu napadli a zhodili na zem, kde som si rozbil hlavu. P\u00e1chatelia u\u0161li. Ja som ich nevidel, ke\u010f\u017ee \u0161li za mnou, preto som pol\u00edciu nekontaktoval. Mal som p\u00e1r \u0161tichov nad obo\u010d\u00edm.\u201c<\/p>\n\n\n\n<p>D\u00e1 sa predpoklada\u0165, \u017ee homof\u00f3bnych \u00fatokov je na Slovensku ove\u013ea viac. Obete sa m\u00f4\u017eu b\u00e1\u0165 zd\u013ahav\u00e9ho vy\u0161etrovania, predsudkov, toho, \u017ee sa nedo\u010dkaj\u00fa spravodlivosti. Aj po vra\u017ed\u00e1ch v Tepl\u00e1rni pokra\u010dovali \u00fatoky na queer \u013eud\u00ed, konkr\u00e9tne v Nitre a v re\u0161taur\u00e1cii Kolkovna v River Parku.&nbsp;<\/p>\n\n\n\n<p>Policajn\u00fd prezident \u0160tefan Hamran sa sna\u017eil komunitu upokoji\u0165, v rozhovore v Tepl\u00e1rni pre <em>Denn\u00edk N<\/em> povedal: \u201ePevne d\u00fafam, \u017ee minim\u00e1lne dne\u0161n\u00e1 debata presved\u010d\u00ed \u013eud\u00ed z tejto komunity, \u017ee je tu vedenie na policajnom prez\u00eddiu, ktor\u00e9 je tolerantn\u00e9. D\u00fafam, \u017ee budeme vysiela\u0165 podobn\u00fd sign\u00e1l aj na ni\u017e\u0161ie stupne riadenia\u201e.\u201c Nesk\u00f4r dodal: \u201eAk niekto z LGBTI+ komunity nahl\u00e1si podobn\u00fd \u00fatok a policajti nebud\u00fa kona\u0165, m\u00f4\u017ee nap\u00edsa\u0165 na policajn\u00e9 prez\u00eddium. Nariadime kontrolu a vyvod\u00edme ve\u013emi tvrd\u00fa zodpovednos\u0165.\u201c<\/p>\n\n\n\n<p>Peter po vra\u017ed\u00e1ch uva\u017euje, \u017ee z mesta od\u00edde, hoci v \u0148om \u017eije 14 rokov. \u201eNec\u00edtim sa tu bezpe\u010dne, aj ke\u010f n\u00e1m ve\u013ea \u013eud\u00ed ukazuje podporu. Mysl\u00edm si v\u0161ak, \u017ee u n\u00e1s sa tak skoro ni\u010d nezmen\u00ed.\u201c<\/p>\n","protected":false},"excerpt":{"rendered":"<p>Autor textu: Marek Hudec \/ Ilustr\u00e1cia: Vikt\u00f3ria Szab\u00f3ov\u00e1 N\u00e1siln\u00e9 spr\u00e1vanie vo\u010di queer \u013eu\u010fom nebolo ojedinel\u00e9 ani pred vra\u017edami pred Tepl\u00e1r\u0148ou. Vra\u017edy pred Tepl\u00e1r\u0148ou boli pre LGBTI+ \u013eud\u00ed na Slovensku ve\u013ek\u00fdm \u0161okom, no Bratislava u\u017e dlh\u0161ie pre nich nebola bezpe\u010dn\u00fdm miestom. N\u00e1silie sa ne\u010faleko Z\u00e1mockej odohralo aj rok predt\u00fdm, 17. m\u00e1ja, v parku na Svoradovej ulici. <a href=\"https:\/\/duhovyrok.sk\/qys\/k-homofobnemu-utoku-policia-najprv-pristupovala-vlazne-pripad-sa-po-roku-uzavrel\/\" class=\"more-link\">&#8230;<\/a><\/p>\n","protected":false},"author":10,"featured_media":3848,"comment_status":"closed","ping_status":"closed","sticky":false,"template":"","format":"standard","meta":{"footnotes":""},"categories":[260],"tags":[266,432,142,433],"class_list":["post-3840","post","type-post","status-publish","format-standard","has-post-thumbnail","hentry","category-reportaze","tag-from-qys","tag-nasilie","tag-queer","tag-spravanie"],"_links":{"self":[{"href":"https:\/\/duhovyrok.sk\/qys\/wp-json\/wp\/v2\/posts\/3840","targetHints":{"allow":["GET"]}}],"collection":[{"href":"https:\/\/duhovyrok.sk\/qys\/wp-json\/wp\/v2\/posts"}],"about":[{"href":"https:\/\/duhovyrok.sk\/qys\/wp-json\/wp\/v2\/types\/post"}],"author":[{"embeddable":true,"href":"https:\/\/duhovyrok.sk\/qys\/wp-json\/wp\/v2\/users\/10"}],"replies":[{"embeddable":true,"href":"https:\/\/duhovyrok.sk\/qys\/wp-json\/wp\/v2\/comments?post=3840"}],"version-history":[{"count":3,"href":"https:\/\/duhovyrok.sk\/qys\/wp-json\/wp\/v2\/posts\/3840\/revisions"}],"predecessor-version":[{"id":3852,"href":"https:\/\/duhovyrok.sk\/qys\/wp-json\/wp\/v2\/posts\/3840\/revisions\/3852"}],"wp:featuredmedia":[{"embeddable":true,"href":"https:\/\/duhovyrok.sk\/qys\/wp-json\/wp\/v2\/media\/3848"}],"wp:attachment":[{"href":"https:\/\/duhovyrok.sk\/qys\/wp-json\/wp\/v2\/media?parent=3840"}],"wp:term":[{"taxonomy":"category","embeddable":true,"href":"https:\/\/duhovyrok.sk\/qys\/wp-json\/wp\/v2\/categories?post=3840"},{"taxonomy":"post_tag","embeddable":true,"href":"https:\/\/duhovyrok.sk\/qys\/wp-json\/wp\/v2\/tags?post=3840"}],"curies":[{"name":"wp","href":"https:\/\/api.w.org\/{rel}","templated":true}]}}