{"id":3748,"date":"2022-11-30T15:52:58","date_gmt":"2022-11-30T14:52:58","guid":{"rendered":"https:\/\/duhovyrok.sk\/qys\/?p=3748"},"modified":"2022-11-30T15:53:15","modified_gmt":"2022-11-30T14:53:15","slug":"pavlina-fichta-cierna-aktivizmus-sa-stal-sucastou-mojej-zivotnej-cesty","status":"publish","type":"post","link":"https:\/\/duhovyrok.sk\/qys\/pavlina-fichta-cierna-aktivizmus-sa-stal-sucastou-mojej-zivotnej-cesty\/","title":{"rendered":"Pavl\u00edna Fichta \u010cierna: Aktivizmus sa stal s\u00fa\u010das\u0165ou mojej \u017eivotnej cesty"},"content":{"rendered":"\n<p><strong>Autorka: Krist\u00edna Gyur\u00edkov\u00e1<\/strong> \/ <strong>FOTO: Jakub Kov\u00e1\u010d a arch\u00edv Pavl\u00edny Fichta \u010ciernej<\/strong><\/p>\n\n\n\n<blockquote class=\"wp-block-quote is-layout-flow wp-block-quote-is-layout-flow\"><p><em>\u010cl\u00e1nok vy\u0161iel v jesennom \u010d\u00edsle \u010dasopisu QYS e\u0161te pred tragick\u00fdmi udalos\u0165ami pred barom Tepl\u00e1re\u0148.<\/em><\/p><\/blockquote>\n\n\n\n<p>Umelky\u0148a Pavl\u00edna Fichta \u010cierna sa vo svojej tvorbe \u010dasto venuje \u201emedziostrovanom\u201c \u2013 \u013eu\u010fom, ktor\u00ed \u017eij\u00fa na perif\u00e9rii, v&nbsp;izol\u00e1cii, s\u00fa nie\u010d\u00edm in\u00ed. Z\u00e1rove\u0148 je matkou transrodov\u00e9ho die\u0165a\u0165a a&nbsp;aktivistkou, ktor\u00e1 sa verejne anga\u017euje v&nbsp;boji za pr\u00e1va transrodov\u00fdch \u013eud\u00ed. T\u00e1to sk\u00fasenos\u0165 ovplyvnila nielen jej umeleck\u00fa tvorbu, ale aj poh\u013ead na spolo\u010dnos\u0165.<\/p>\n\n\n\n<p><strong>Pravidelne sa pozer\u00e1me na to, ako politici prich\u00e1dzaj\u00fa s n\u00e1vrhmi z\u00e1konov namieren\u00fdmi proti LGBTI+ \u013eudom. Ako to vn\u00edmate vy ako matka transrodov\u00e9ho die\u0165a\u0165a?<\/strong><\/p>\n\n\n\n<p>U\u017e odkedy sa touto t\u00e9mou zaober\u00e1m, vn\u00edmam to v&nbsp;na\u0161ej spolo\u010dnosti ako smutn\u00fa, krut\u00fa pretrv\u00e1vaj\u00facu realitu, ktor\u00e1 mnoh\u00fdm \u013eu\u010fom prin\u00e1\u0161a rozli\u010dn\u00e9 formy nespravodlivosti a psychickej aj fyzickej z\u00e1\u0165a\u017ee, ktor\u00e1 siaha od neistoty a\u017e po ve\u013ek\u00e9 utrpenie.<\/p>\n\n\n\n<p>Ke\u010f som spolu s&nbsp;moj\u00edm die\u0165a\u0165om vstupovala do t\u00e9my, mala som obrovsk\u00fd strach o&nbsp;jeho bud\u00facnos\u0165. Postupom \u010dasu sa ale moje em\u00f3cie ve\u013ek\u00e9ho strachu mamy o svoje die\u0165a menili, transformovali sa postupne do pocitov bezmocnosti, sklamania a&nbsp;hnevu nad t\u00fdm, ako je nastaven\u00fd syst\u00e9m na\u0161ej spolo\u010dnosti. Samozrejme, paralelne som sa sna\u017eila spozna\u0165 viac to, ako na\u0161a spolo\u010dnos\u0165 funguje, kde s\u00fa pr\u00ed\u010diny toho nepochopenia, netolerancie, a&nbsp;chcela som s&nbsp;t\u00fdm nie\u010do urobi\u0165. Za\u010dala som sa anga\u017eova\u0165, ke\u010f e\u0161te moje die\u0165a nebolo \u00faplne vyoutovan\u00e9. Postupom \u010dasu som sa v\u0161ak viac emancipovala a&nbsp;paralelne aj m\u00f4j syn, a&nbsp;dnes u\u017e m\u00f4\u017eem poveda\u0165, \u017ee i&nbsp;cel\u00e1 na\u0161a rodina.<\/p>\n\n\n\n<figure class=\"wp-block-image size-large\"><img loading=\"lazy\" decoding=\"async\" width=\"1024\" height=\"766\" src=\"https:\/\/duhovyrok.sk\/qys\/wp-content\/uploads\/sites\/2\/2022\/11\/5S8A1202_predR_hm_2_po_fin_CR_hotovo_update_V_oprava_FB-1024x766.jpg\" alt=\"\" class=\"wp-image-3836\" srcset=\"https:\/\/duhovyrok.sk\/qys\/wp-content\/uploads\/sites\/2\/2022\/11\/5S8A1202_predR_hm_2_po_fin_CR_hotovo_update_V_oprava_FB-1024x766.jpg 1024w, https:\/\/duhovyrok.sk\/qys\/wp-content\/uploads\/sites\/2\/2022\/11\/5S8A1202_predR_hm_2_po_fin_CR_hotovo_update_V_oprava_FB-700x523.jpg 700w, https:\/\/duhovyrok.sk\/qys\/wp-content\/uploads\/sites\/2\/2022\/11\/5S8A1202_predR_hm_2_po_fin_CR_hotovo_update_V_oprava_FB-1536x1148.jpg 1536w, https:\/\/duhovyrok.sk\/qys\/wp-content\/uploads\/sites\/2\/2022\/11\/5S8A1202_predR_hm_2_po_fin_CR_hotovo_update_V_oprava_FB.jpg 2048w\" sizes=\"auto, (max-width: 1024px) 100vw, 1024px\" \/><figcaption><strong><em>Pavl\u00edna Fichta \u010cierna (1967)<\/em><\/strong><br>Je vizu\u00e1lna umelky\u0148a, re\u017eis\u00e9rka, kur\u00e1torka, vysoko\u0161kolsk\u00e1 pedagogi\u010dka a&nbsp;aktivistka. Vy\u0161tudovala V\u0160VU v&nbsp;Bratislave a doktorandsk\u00e9 \u0161t\u00fadium na Katedre interm\u00e9di\u00ed a&nbsp;digit\u00e1lnych m\u00e9di\u00ed FVU Akad\u00e9mie umen\u00ed v&nbsp;Banskej Bystrici. Dlhodobo sa vo svojej tvorbe zameriava na soci\u00e1lne a&nbsp;politick\u00e9 t\u00e9my. V s\u00fa\u010dasnosti je ved\u00facou ateli\u00e9ru Koncept \u2013 objekt \u2013 instalace na Katedre interm\u00e9di\u00ed Fakulty umen\u00ed Ostravskej univerzity a&nbsp;vyu\u010duje na Pedagogickej fakulte KU v Ru\u017eomberku. Je laure\u00e1tkou Ceny Osk\u00e1ra \u010cepana (2002) a&nbsp;\u010fal\u0161\u00edch ocenen\u00ed, jej diela sa nach\u00e1dzaj\u00fa v&nbsp;zbierkach v\u00fdznamn\u00fdch in\u0161tit\u00faci\u00ed doma a&nbsp;v&nbsp;zahrani\u010d\u00ed. Ako matka transrodov\u00e9ho die\u0165a\u0165a sa verejne zasadzuje za pr\u00e1va transrodov\u00fdch \u013eud\u00ed.&nbsp;<\/figcaption><\/figure>\n\n\n\n<p>&nbsp;<strong>Ako to vn\u00edmate v&nbsp;\u0161ir\u0161om kontexte?&nbsp;<\/strong><\/p>\n\n\n\n<p>Je jedna vec, ako to vn\u00edma rodi\u010d, ktor\u00fd m\u00e1 ve\u013ek\u00e9 obavy o svoje die\u0165a v takomto type spolo\u010dnosti. \u010eal\u0161ou rovinou v\u0161ak je, ako to vn\u00edmam ako priate\u013eka a zn\u00e1ma \u013eud\u00ed, ktor\u00fdch sa to t\u00fdka. \u010casto ma to nap\u013a\u0148a ve\u013ek\u00fdmi em\u00f3ciami. Tie em\u00f3cie s\u00fa r\u00f4zne \u2013 \u010di u\u017e obdivujem, ako vlastn\u00fa situ\u00e1ciu zvl\u00e1daj\u00fa, alebo s&nbsp;nimi s\u00facit\u00edm, ak sa nach\u00e1dzaj\u00fa v podmienkach, ktor\u00e9 nem\u00f4\u017eu, nevedia, alebo nie s\u00fa schopn\u00ed rie\u0161i\u0165 tak, aby boli v harm\u00f3nii, aby boli v rovnov\u00e1he. Pr\u00ed\u010dinami b\u00fdva aj strach o t\u00fdch druh\u00fdch. Boja sa, aby im neu\u0161kodili, preto\u017ee transrodov\u00e1 identita z\u00e1rove\u0148 prin\u00e1\u0161a, bohu\u017eia\u013e, \u0165a\u017ekosti a&nbsp;utrpenie nielen im sam\u00fdm, ale kv\u00f4li tomu, ako je nastaven\u00e1 majorita, \u010dasto aj ich bl\u00edzkym.&nbsp;<\/p>\n\n\n\n<p>Dlhodobo sa rozli\u010dn\u00fdm sp\u00f4sobom anga\u017eujem v&nbsp;soci\u00e1lnej oblasti, predov\u0161etk\u00fdm prostredn\u00edctvom mojej tvorby. V&nbsp;s\u00fa\u010dasnosti, s&nbsp;nadobudnut\u00fdmi sk\u00fasenos\u0165ami, uva\u017eujem nad t\u00fdm, ak\u00fdm sp\u00f4sobom sa m\u00e1me v&nbsp;dne\u0161nej dobe vyjadrova\u0165 o&nbsp;\u013eudsk\u00fdch pr\u00e1vach. Vieme, \u017ee nesta\u010d\u00ed neust\u00e1le opakova\u0165, \u017ee to nie je v poriadku a&nbsp;\u017ee sa u&nbsp;n\u00e1s \u013eudsk\u00e9 pr\u00e1va poru\u0161uj\u00fa. A \u017ee s\u00fa potrebn\u00e9 aj in\u00e9 praktiky, in\u00e9 n\u00e1stroje, in\u00e9 kroky, ako \u013eu\u010fom t\u00e9mu pribl\u00ed\u017ei\u0165, aby ju nepokladali za nejak\u00e9ho stra\u0161iaka, ale aby pochopili nevyhnutnos\u0165 \u00faprav, o ktor\u00e9 bojuj\u00fa nez\u00e1visl\u00e9 organiz\u00e1cie venuj\u00face sa LGBTI+ t\u00e9mam, a samozrejme aj mnoh\u00e9 odborn\u00ed\u010dky a odborn\u00edci.<\/p>\n\n\n\n<p><strong>\u010co by sme na Slovensku potrebovali na to, aby sa situ\u00e1cia pre LGBTI+ \u013eud\u00ed zlep\u0161ila?<\/strong><\/p>\n\n\n\n<p>Mysl\u00edm, \u017ee ka\u017ed\u00fd z n\u00e1s niekedy zat\u00fa\u017ei ma\u0165 moc. No a m\u0148a tieto my\u0161lienky pochytili pr\u00e1ve v tejto s\u00favislosti \u2013 chcela by som ma\u0165 moc dosiahnu\u0165, aby bolo dodr\u017eiavanie \u013eudsk\u00fdch pr\u00e1v nielen ukotven\u00e9 v \u00dastave, ale aby sa aj v\u0161etky usmernenia a legislat\u00edva upravili pod\u013ea potrieb a \u0161tandardov. Mysl\u00edm, \u017ee odborn\u00edkov a odborn\u00ed\u010dky v oblasti pr\u00e1va, medic\u00edny, soci\u00e1lnej pr\u00e1ce aj \u010fal\u0161\u00edch potrebn\u00fdch profesi\u00ed u\u017e na to m\u00e1me, ale \u010do n\u00e1m na Slovensku ch\u00fdba, je kultivovan\u00e1 politika. Samozrejme, cel\u00e1 spolo\u010dnos\u0165 je reprezentovan\u00e1 t\u00fdm, ako eticky vystupuj\u00fa jej \u010deln\u00ed predstavitelia. A asi tu nemus\u00edm zd\u00f4raz\u0148ova\u0165, \u017ee m\u00e1me prezidentku, ktor\u00fa n\u00e1m z\u00e1vid\u00ed cel\u00fd svet, ale z\u010faleka to nem\u00f4\u017ee vyv\u00e1\u017ei\u0165 to, \u010do za\u017e\u00edvame v s\u00favislosti s&nbsp;vyjadreniami a&nbsp;n\u00e1vrhmi z\u00e1konov niektor\u00fdmi z\u00e1stupcami, ktor\u00ed s\u00fa v parlamente. Potrebujeme z\u00e1konodarcov, ktor\u00ed LGBTI+ \u013eu\u010fom naozaj daruj\u00fa d\u00f4stojn\u00e9 podmienky \u017eivota \u2013 tak\u00e9, ktor\u00e9 bud\u00fa v&nbsp;s\u00falade s&nbsp;odbornos\u0165ou a&nbsp;s\u00fa\u010dasn\u00fdm vedeck\u00fdm poznan\u00edm.&nbsp;<\/p>\n\n\n\n<p><strong>Ste s\u00fa\u010das\u0165ou Zdru\u017eenia rodi\u010dov a priate\u013eov LGBTI+ \u013eud\u00ed, ktor\u00e9 minul\u00fd rok z\u00edskalo aj Cenu Inakosti. Ak\u00fdmi aktivitami bojuje Zdru\u017eenie za ich pr\u00e1va?<\/strong><\/p>\n\n\n\n<p>Do Zdru\u017eenia rodi\u010dov a priate\u013eov LGBTI+ \u013eud\u00ed som bola prizvan\u00e1 do role superv\u00edzorky, ale ve\u013emi r\u00fdchlo som sa stala pevnou s\u00fa\u010das\u0165ou z\u00e1kladu Zdru\u017eenia. Zocelilo n\u00e1s najm\u00e4 obdobie, ke\u010f boli pod\u00e1van\u00e9 tie nehor\u00e1zne n\u00e1vrhy z\u00e1konov z&nbsp;dielne neofa\u0161istov, namieren\u00e9 proti LGBTI+ \u013eu\u010fom na jar minul\u00e9ho roka. Nap\u00edsali sme otvoren\u00fd list ur\u010den\u00fd poslancom str\u00e1n O\u013dANO a&nbsp;Sme rodina, ktor\u00fd podporilo takmer 10&nbsp;000 \u013eud\u00ed. Boli sme v&nbsp;\u0161oku, ak\u00e9 n\u00e1vrhy boli podan\u00e9, a&nbsp;\u010fal\u0161\u00edm obrovsk\u00fdm sklaman\u00edm bola ich vtedaj\u0161ia podpora uveden\u00fdmi politick\u00fdmi stranami.&nbsp;<\/p>\n\n\n\n<p>\u010co sa t\u00fdka \u010dinnosti Zdru\u017eenia, m\u00e1 dve z\u00e1kladn\u00e9 roviny. Jedna je orientovan\u00e1 smerom dovn\u00fatra, kde podporujeme rodi\u010dov a ich deti, a jedna smerom navonok, kde sa sna\u017e\u00edme ve\u013emi akt\u00edvne z\u00fa\u010dast\u0148ova\u0165 rozli\u010dn\u00fdch spolo\u010densk\u00fdch udalost\u00ed, zap\u00e1jame sa do prideov, diskusi\u00ed, organizujeme v\u00edkendov\u00e9 stretnutia a podobne. Spolupracujeme aj na dlhodobej\u0161\u00edch projektoch a&nbsp;kampaniach, ktor\u00e9 sa zameriavaj\u00fa na scitlivovanie spolo\u010dnosti alebo zvy\u0161ovanie povedomia o&nbsp;LGBTI+ \u013eu\u010foch a&nbsp;ich bl\u00edzkych.&nbsp;<\/p>\n\n\n\n<p>Z\u00e1rove\u0148 sa vzdel\u00e1vame na r\u00f4znych \u0161koleniach a workshopoch. Uvedomujeme si, \u017ee k&nbsp;tomu, aby sme vedeli dobre argumentova\u0165 a boli si ist\u00e9 a ist\u00ed t\u00fdm, \u010do povieme \u2013 ke\u010f\u017ee niektor\u00ed\/\u00e9 z&nbsp;n\u00e1s boli s&nbsp;identitou die\u0165a\u0165a konfrontovan\u00ed\/\u00e9 a\u017e v strednom alebo neskor\u0161om veku \u2013, naozaj sa potrebujeme podozveda\u0165 mnoh\u00e9 s\u00favislosti nielen kv\u00f4li samotnej t\u00e9me LGBTI+, ale aj z&nbsp;\u010fal\u0161\u00edch oblast\u00ed, ktor\u00e9 podporuj\u00fa na\u0161u t\u00edmov\u00fa pr\u00e1cu a&nbsp;na\u0161e strat\u00e9gie.&nbsp;<\/p>\n\n\n\n<p><strong>\u010co rob\u00edte pre to, aby sa situ\u00e1cia zlep\u0161ila, vy osobne?<\/strong><\/p>\n\n\n\n<p>Moj\u00edm hlavn\u00fdm cie\u013eom je zmena legislat\u00edvy, a teda chcela by som aspo\u0148 mal\u00fdm dielom prispie\u0165 ku v\u0161etk\u00e9mu, \u010do na\u0161u legislat\u00edvu ovplyvn\u00ed, to poklad\u00e1m za z\u00e1klad. Druh\u00e1 vec je scitlivovanie spolo\u010dnosti, ktor\u00e9 s&nbsp;t\u00fdm je, samozrejme, prepojen\u00e9. Ak bude spolo\u010dnos\u0165 otvorenej\u0161ia, a&nbsp;potvrdia to prieskumy \u010di \u0161tatistiky, rovnako aj politici bud\u00fa pozit\u00edvnej\u0161ie naklonen\u00ed k zmene. Nemysl\u00edm t\u00fdm samozrejme t\u00fdch a&nbsp;tie, ktor\u00e9 za LGBTI+ \u013eud\u00ed bojuj\u00fa u\u017e dnes. Odkazujem na t\u00fdch, ktor\u00ed \u010dasto z&nbsp;poz\u00edcie moci zneu\u017e\u00edvaj\u00fa nielen t\u00e9mu LGBTI+ \u013eud\u00ed, ale i&nbsp;niektor\u00e9 \u010fal\u0161ie, ako je napr\u00edklad t\u00e9ma interrupci\u00ed.<\/p>\n\n\n\n<p>M\u00e1m za sebou ve\u013ea aktiv\u00edt, niektor\u00e9 s\u00favisia so Zdru\u017een\u00edm rodi\u010dov a priate\u013eov LGBTI+ \u013eud\u00ed, \u010fal\u0161ie s\u00fa nez\u00e1visl\u00e9. V\u00e1\u017eim si spolupr\u00e1cu s&nbsp;InPorad\u0148ou v&nbsp;Bratislave a&nbsp;Prizmou v&nbsp;Ko\u0161iciach. V\u00e1\u017eim si dosah medializovan\u00fdch rozhovorov, napr\u00edklad s&nbsp;Riou Gehrerovou v&nbsp;<em>Denn\u00edku N<\/em> alebo s&nbsp;Michaelou \u017durekovou v&nbsp;denn\u00edku <em>SME<\/em>. Oce\u0148ujem mo\u017enos\u0165 particip\u00e1cie v&nbsp;diskusi\u00e1ch, do ktor\u00fdch som bola prizvan\u00e1, napr\u00edklad v&nbsp;spolupr\u00e1ci s&nbsp;Amnesty International Slovensko alebo naposledy <em>Pride Talk: Slovensko<\/em> na Prague Pride v&nbsp;auguste, \u010di diskusia <em>Po\u010d\u00favam \u0164a<\/em> v&nbsp;r\u00e1mci IDAHOBIT v&nbsp;j\u00fani v&nbsp;Banskej Bystrici pod z\u00e1\u0161titou zdru\u017eenia Presahy z Modry. Koncom minul\u00e9ho roka som v r\u00e1mci m\u00f4jho diskusn\u00e9ho form\u00e1tu \u010cierne na bielom zaradila diskusiu s psychologi\u010dkou Vierou Hincovou. Spomeniem aj spolupr\u00e1cu pri publik\u00e1cii J\u00e1na Marko\u0161a <em>Medzi dobrom a zlom<\/em>, kde s\u00edce bola rola m\u0148a a m\u00f4jho syna mal\u00e1, ale ve\u013emi si to obaja v\u00e1\u017eime. Okrem toho sa ob\u010das na m\u0148a obr\u00e1tia rodi\u010dia transrodov\u00fdch det\u00ed, zdie\u013eame osobn\u00fa sk\u00fasenos\u0165 a&nbsp;pr\u00edpadne im d\u00e1m nejak\u00e9 inform\u00e1cie, ktor\u00fdmi disponujem, alebo ich prepoj\u00edm s&nbsp;odborn\u00fdmi pracoviskami. Vzi\u0161li z&nbsp;toho aj priate\u013estv\u00e1.<\/p>\n\n\n\n<p>Minul\u00fd t\u00fd\u017ede\u0148 som bola akt\u00edvnou \u00fa\u010dastn\u00ed\u010dkou na konferencii Interdisciplin\u00e1rne aspekty postavenia transrodov\u00fdch \u013eud\u00ed v spolo\u010dnosti, ktor\u00fa organizovala Pr\u00e1vnick\u00e1 fakulta Univerzity Komensk\u00e9ho v&nbsp;Bratislave, s&nbsp;pr\u00edspevkom pod n\u00e1zvom <em>Aktu\u00e1lna situ\u00e1cia transrodov\u00fdch \u013eud\u00ed na Slovensku: fakty a d\u00f4sledky s\u00fa\u010dasn\u00fdch pr\u00e1vnych \u00faprav<\/em>. Osobn\u00e1 \u00fa\u010das\u0165 bola pre m\u0148a ve\u013emi u\u017eito\u010dn\u00e1, preto\u017ee v&nbsp;\u010fal\u0161\u00edch pr\u00edspevkoch odzneli mnoh\u00e9 zauj\u00edmav\u00e9 s\u00favislosti a&nbsp;pre m\u0148a i nov\u00e9 fakty. V z\u00e1vere n\u00e1m odovzdali list s publika\u010dnou \u010dinnos\u0165ou kolekt\u00edvu, ktor\u00fd pripravoval t\u00fato konferenciu, a s pote\u0161en\u00edm som sa dozvedela, \u017ee v&nbsp;r\u00e1mci ich projektu VEGA u\u017e boli vydan\u00e9 r\u00f4zne publik\u00e1cie, \u010dl\u00e1nky a zborn\u00edky, ktor\u00e9 sa venuj\u00fa transrodovosti, zameran\u00e9 na rodov\u00fa dysf\u00f3riu, odborn\u00e9 usmernenia, fakty spojen\u00e9 so zmenou mena a priezviska, respekt\u00edve anal\u00fdzy t\u00fdchto slovensk\u00fdch pr\u00e1vnych \u00faprav. Ve\u013emi ma tie\u017e pote\u0161ilo, \u017ee pod hlavi\u010dkou V\u00fdskumn\u00e9ho \u00fastavu detskej psychol\u00f3gie a patopsychol\u00f3gie bol vydan\u00fd 33. odborn\u00fd postup \u2013 <em>Deti a mlad\u00ed \u013eudia s transrodovou identitou a rodovo rozmanit\u00ed v eduka\u010dnom aj poradenskom procese<\/em>, ku ktor\u00e9ho vzniku sme minidielikom prispeli ako konzultanti i&nbsp;ja a&nbsp;m\u00f4j syn Johann, a ktor\u00fd bude sl\u00fa\u017ei\u0165 poradensko-psychologick\u00fdm centr\u00e1m po celom Slovensku.<\/p>\n\n\n\n<p><strong>M\u00e1te pocit, \u017ee sa spolo\u010dnos\u0165 nejako posunula vo svojich postojoch k&nbsp;tejto t\u00e9me, odkedy ste sa za\u010dali venova\u0165 aktivizmu?&nbsp;<\/strong><\/p>\n\n\n\n<p>Viem, \u017ee aj v\u010faka tak\u00fdm rodi\u010dom pionierom a&nbsp;pionierkam ako som ja, sa za\u010dala t\u00e1to t\u00e9ma viac medializova\u0165, \u010do je ve\u013emi d\u00f4le\u017eit\u00e9. Sp\u00e4tn\u00e1 v\u00e4zba od \u013eud\u00ed, ktor\u00fdch som stret\u00e1vala, bola ve\u013emi pozit\u00edvna. Samozrejme, s\u00fa \u013eudia, ktor\u00ed problematiku poznaj\u00fa, a&nbsp;potom s\u00fa \u013eudia, ktor\u00ed o&nbsp;nej v\u00f4bec nevedeli a&nbsp;bolo pre nich z\u00e1sadn\u00e9 dozvedie\u0165 sa viac.&nbsp;<\/p>\n\n\n\n<p>Som si vedom\u00e1 toho, \u017ee spolo\u010dnos\u0165 je naozaj polarizovan\u00e1, m\u0148a samej sa to dotklo, ke\u010f som dostala nejak\u00e9 nepr\u00edjemn\u00e9 odkazy cez Facebook. Neviem poveda\u0165, nako\u013eko sa spolo\u010dnos\u0165 zmenila, ale to, ak\u00fa m\u00e1me prezidentku a ak\u00e9 hodnoty presadzuje, je v&nbsp;tomto obdob\u00ed ve\u013ekou oporou. No a&nbsp;obrovskou oporou s\u00fa samozrejme viacer\u00e9 mimovl\u00e1dne organiz\u00e1cie a&nbsp;ver\u00edm, \u017ee mlad\u00ed \u013eudia sa s&nbsp;nimi dok\u00e1\u017eu nejako spoji\u0165.<\/p>\n\n\n\n<p>Niektor\u00ed \u013eudia na soci\u00e1lnych sie\u0165ach do toho ob\u010das zab\u0155dnu a&nbsp;robia si \u017earty, \u017ee otvoria mraziak a&nbsp;vypadne odtia\u013e LGBTI+ \u010dlovek, \u017ee zov\u0161adia\u013e na nich vyskakuje len t\u00e1to t\u00e9ma, ale to nie je pravda, akur\u00e1t sa len teraz za\u010dala viac objavova\u0165, tak ako sa objavuj\u00fa aj \u010fal\u0161ie. A&nbsp;ke\u010f\u017ee tu naozaj \u013eudsk\u00e9 pr\u00e1va nie s\u00fa dodr\u017eiavan\u00e9, aj ke\u010f by na z\u00e1klade \u00dastavy mali by\u0165, vyu\u017e\u00edvam r\u00f4zne sp\u00f4soby, ako o&nbsp;tom informova\u0165 a \u0161\u00edri\u0165 povedomie. Sp\u00f4sob, ak\u00fdm to rob\u00edme my v&nbsp;ZRP alebo podobn\u00ed aktivisti a&nbsp;aktivistky ako ja, sa mi zd\u00e1 ako ten najmiernej\u0161\u00ed. A&nbsp;je to ve\u013emi potrebn\u00e9.<\/p>\n\n\n\n<p><strong>\u010co by sme mohli e\u0161te robi\u0165, aby sa zv\u00fd\u0161ilo povedomie o&nbsp;t\u00fdchto t\u00e9mach?&nbsp;<\/strong><\/p>\n\n\n\n<p>Poklad\u00e1m za ve\u013emi d\u00f4le\u017eit\u00fa vec, aby sa zmenil n\u00e1\u0161 syst\u00e9m vzdel\u00e1vania. Ruka v&nbsp;ruke so zmenou legislat\u00edvy by mala \u00eds\u0165 aj \u00faprava \u0161kolsk\u00fdch osnov. V&nbsp;primeranej miere a&nbsp;podobe by sa inform\u00e1cie o rozmanitosti \u013eudsk\u00fdch ident\u00edt u\u017e odmali\u010dka mali vn\u00e1\u0161a\u0165 do \u017eivota, tak ako to vid\u00edme v&nbsp;z\u00e1padnej spolo\u010dnosti. V&nbsp;niektor\u00fdch krajin\u00e1ch sa nad t\u00fdm u\u017e v\u00f4bec nepozastavuj\u00fa.&nbsp;<\/p>\n\n\n\n<p>Vieme, \u017ee sa to d\u00e1 ve\u013emi peknou, nen\u00e1silnou formou rie\u0161i\u0165. U\u017e aj u&nbsp;n\u00e1s vy\u0161li viacer\u00e9 kni\u017eky pre deti, ktor\u00e9 nejak\u00fdm sp\u00f4sobom scitlivuj\u00fa, a m\u00f4\u017eeme ich de\u0165om \u010d\u00edta\u0165 u\u017e odmali\u010dka, aby nemali tak\u00e9 stereotypn\u00e9 poh\u013eady na \u013eud\u00ed a&nbsp;na ich identitu. Ja to tro\u0161i\u010dku sledujem, je v\u0161ak celkom in\u00e9 t\u00fa kni\u017eku \u010d\u00edta\u0165 de\u0165om u n\u00e1s a&nbsp;celkom in\u00e9 niekde v&nbsp;D\u00e1nsku alebo v&nbsp;Holandsku. Tam s\u00fa tieto ot\u00e1zky u\u017e vnesen\u00e9 do&nbsp;spolo\u010dnosti, spolo\u010dnos\u0165 je ove\u013ea inkluz\u00edvnej\u0161ia, a nie je to nie\u010do, \u010do \u013eud\u00ed rozde\u013euje.<\/p>\n\n\n\n<p><strong>Va\u0161e die\u0165a je u\u017e dospel\u00e9, pre\u010do ste e\u0161te st\u00e1le zotrvali pri aktivizme?<\/strong><\/p>\n\n\n\n<p>Ja som vlastne nepl\u00e1novala d\u00e1va\u0165 si pr\u00e1cu navy\u0161e okrem mojej profesie a&nbsp;pedagogickej pr\u00e1ce, \u010do m\u00e1m prepojen\u00e9, preto\u017ee p\u00f4sob\u00edm v&nbsp;prostred\u00ed umeleck\u00fdch vysok\u00fdch \u0161k\u00f4l. Ale pr\u00e1ve preto, \u017ee som sa postupne za\u010dala stret\u00e1va\u0165 aj s&nbsp;\u010fal\u0161\u00edmi rodi\u010dmi a&nbsp;ich de\u0165mi, a&nbsp;z\u00e1rove\u0148 vedomie, \u017ee perspekt\u00edva dosiahnu\u0165 vyrovnan\u00fd stav je e\u0161te st\u00e1le vzdialen\u00e1, som e\u0161te st\u00e1le na ceste. Netvrd\u00edm, \u017ee t\u00e1 cesta bude pokra\u010dova\u0165 a\u017e do konca m\u00f4jho \u017eivota, ale mo\u017eno to tak bude.<\/p>\n\n\n\n<p>Aj m\u00f4j syn mi niekedy povie, \u017ee nech to u\u017e nech\u00e1m, ke\u010f\u017ee ma to nielen\u017ee st\u00e1lo dos\u0165 ve\u013ea \u010dasu a&nbsp;energie, ale ob\u010das dobrovo\u013en\u00e1 pr\u00e1ca prin\u00e1\u0161a i vyp\u00e4tie a&nbsp;sklamania, a&nbsp;je na \u00fakor in\u00fdch vec\u00ed, ktor\u00e9 by mi priniesli napr\u00edklad profesijn\u00fd rozvoj. Ale ja som jednoducho nemala in\u00fa vo\u013ebu, poci\u0165ovala som to tak, \u017ee toto je teraz d\u00f4le\u017eit\u00e9. Som si vedom\u00e1, \u017ee \u010dlovek m\u00e1 r\u00f4zne \u017eivotn\u00e9 roly a&nbsp;r\u00f4zne \u017eivotn\u00e9 cesty, a&nbsp;pochopila som, \u017ee toto je s\u00fa\u010das\u0165ou tej mojej.&nbsp;<\/p>\n\n\n\n<p><strong>Ovplyvnila t\u00e9ma transrodovosti a&nbsp;va\u0161e sk\u00fasenosti ako matky transrodov\u00e9ho die\u0165a\u0165a nejak\u00fdm smerom va\u0161u tvorbu?<\/strong><\/p>\n\n\n\n<p>Jednozna\u010dne \u00e1no. Orientovala som sa u\u017e dlho aj na odvr\u00e1ten\u00e9 str\u00e1nky \u017eivota, tie druh\u00e9 brehy, v\u0161\u00edmala som si tak\u00fdch t\u00fdch \u201emedziostrovanov\u201c \u2013 \u013eud\u00ed, ktor\u00ed s\u00fa v&nbsp;nejakej izol\u00e1cii, alebo ich nie\u010do su\u017euje. Postupne som sa dost\u00e1vala a\u017e k&nbsp;otvorene politick\u00fdm obsahom, napr\u00edklad ke\u010f u n\u00e1s v&nbsp;roku 2015 \u2013 2016 vrcholila ute\u010deneck\u00e1 kr\u00edza. V centre mojej pozornosti boli \u010dasto \u013eudia z&nbsp;perif\u00e9rie, \u013eudia, ktor\u00ed trpeli, alebo sa st\u00e1vali takzvan\u00fdm \u013eudsk\u00fdm odpadom, ako o&nbsp;tom p\u00ed\u0161e Zygmunt Bauman. Pred p\u00e1r d\u0148ami skon\u010dila v\u00fdstava v&nbsp;ko\u0161ickej Taba\u010dke, kde som rozvinula audio koncept v&nbsp;s\u00favislosti s&nbsp;ukrajinsk\u00fdm konfliktom a&nbsp;rodinou, ktor\u00e1 utiekla z&nbsp;Doneckej oblasti a&nbsp;ktor\u00e1 u&nbsp;n\u00e1s nieko\u013eko mesiacov b\u00fdvala.&nbsp;<\/p>\n\n\n\n<p>A&nbsp;ke\u010f som pre\u017e\u00edvala vlastn\u00fd pr\u00edbeh s&nbsp;moj\u00edm transrodov\u00fdm die\u0165a\u0165om, chcela som z\u00e1rove\u0148 nie\u010do spravi\u0165, potrebovala som aj in\u00e9 vyjadrenie. Som umelky\u0148a a moj\u00edm jazykom je predov\u0161etk\u00fdm medi\u00e1lna tvorba. Najsk\u00f4r som realizovala video <em>Transfok\u00e1cia po zatienen\u00ed<\/em>, z\u00e1rove\u0148 to bola pocta Romine Koll\u00e1rik, ktor\u00e1 synovi na za\u010diatku tranz\u00edcie ve\u013emi pomohla. Nesk\u00f4r ma oslovili kur\u00e1torky Lenka Kukurov\u00e1 a&nbsp;Zuzana \u0160tefkov\u00e1 a pripravovala som projekt s&nbsp;n\u00e1zvom <em>Za trest <\/em>pre gal\u00e9riu Artwall. Realizovala som ho zhodou okolnost\u00ed aj spolu so synom, hoci p\u00f4vodne to tak nemalo by\u0165, ale pri\u0161lo obdobie korony a&nbsp;boli sme so synom viac spolu doma. Nakoniec to teda prer\u00e1stlo do zauj\u00edmavej, jedine\u010dnej spolupr\u00e1ce, ktor\u00e1 bola ve\u013emi hodnotn\u00e1 pre m\u0148a aj pre syna. Vyplynula z&nbsp;toho nielen s\u00e9ria fotografi\u00ed, ale aj mno\u017estvo diskusi\u00ed a&nbsp;na konci v\u00fdstavy sme verejne vyhl\u00e1sili v&nbsp;online priestore tie\u017e manifest nazvan\u00fd \u201eMatky transrodov\u00fdch det\u00ed, spojte sa!\u201c, ktor\u00e9ho s\u00fa\u010das\u0165ou bola diskusia.<\/p>\n\n\n\n<p><strong>Pre\u010do len matky a&nbsp;nie aj otcovia?<\/strong><\/p>\n\n\n\n<p>O&nbsp;rie\u0161enie situ\u00e1cie a podporu svojho die\u0165a\u0165a sa pod\u013ea sk\u00fasenost\u00ed soci\u00e1lnych pracovn\u00edkov sna\u017eia najm\u00e4 mamy. M\u00e1m sk\u00fasenos\u0165 aj s&nbsp;ve\u013emi akt\u00edvnymi otcami, ale napr\u00edklad aj drviv\u00e1 v\u00e4\u010d\u0161ina akt\u00edvnych rodi\u010dov v&nbsp;na\u0161om Zdru\u017een\u00ed s\u00fa matky.&nbsp;<\/p>\n\n\n\n<p><strong>Ch\u00e1pem. Ak\u00e9 \u010fal\u0161ie projekty ste na t\u00fato t\u00e9mu realizovali?&nbsp;<\/strong><\/p>\n\n\n\n<p>Relat\u00edvne ned\u00e1vno som pracovala na projekte<em> Chris alebo stred sveta\/Pravda pod\u013ea vc\u00edtenia<\/em>. \u00dastrednou postavou je Christi\u00e1n Havl\u00ed\u010dek, d\u00f4le\u017eit\u00e1 postava trans aktivizmu v na\u0161om priestore, samozrejme spolu s \u010fal\u0161\u00edmi, ako je Zara Kromkov\u00e1. V projekte participuj\u00fa aj mlad\u00ed \u013eudia z komunity, ktor\u00e1 sa okolo Chrisa zdru\u017euje. Jedn\u00fdm z p\u00f4vodn\u00fdch cie\u013eov v \u0161trukt\u00fare diela bolo stretnutie s otcom transrodov\u00e9ho die\u0165a\u0165a, ktor\u00fd bol z\u00e1rove\u0148 predsedom podobnej rodi\u010dovskej organiz\u00e1cie v D\u00e1nsku, akou je na\u0161e Zdru\u017eenie. Vyh\u013ead\u00e1vala som toti\u017e nez\u00e1visl\u00e9 organiz\u00e1cie, ktor\u00e9 sa venuj\u00fa transrodov\u00fdm mlad\u00fdm \u013eu\u010fom, z vytipovan\u00fdch eur\u00f3pskych kraj\u00edn. Vy\u0161la mi tak\u00e1 mozaika \u013eud\u00ed, ktor\u00ed dlhodobo pom\u00e1haj\u00fa, za ktor\u00fdmi som cestovala. Pri cest\u00e1ch a nat\u00e1\u010dan\u00ed mi pom\u00e1hal aj m\u00f4j syn. Mala som \u0161\u0165astie, \u017ee sa n\u00e1hodou v D\u00e1nsku konal World Pride, a mohli sme sa stretn\u00fa\u0165 s v\u00fdznamn\u00fdmi osobnos\u0165ami a nato\u010di\u0165 s nimi rozhovory, ako Tamara Adrien z Venezuely, Sarah McBride z USA, Emilia Wi\u015bniewska z Polska alebo Eva Fels z Rak\u00faska. Aj samotn\u00fd Johann realizoval niektor\u00e9 takto zameran\u00e9 diela, asi najviac vidite\u013en\u00e9 bolo predstavenie <em>F64.2<\/em>. Je to performancia, ktor\u00fa vytvoril s mlad\u00fdmi trans \u013eu\u010fmi, a jeho re\u017eijn\u00e1 spolupr\u00e1ca a predstavenie boli nominovan\u00e9 na Cenu inakosti.<\/p>\n\n\n\n<figure class=\"wp-block-image size-large\"><img loading=\"lazy\" decoding=\"async\" width=\"683\" height=\"1024\" src=\"https:\/\/duhovyrok.sk\/qys\/wp-content\/uploads\/sites\/2\/2022\/11\/7P2A9010_-683x1024.jpg\" alt=\"\" class=\"wp-image-3813\" srcset=\"https:\/\/duhovyrok.sk\/qys\/wp-content\/uploads\/sites\/2\/2022\/11\/7P2A9010_-683x1024.jpg 683w, https:\/\/duhovyrok.sk\/qys\/wp-content\/uploads\/sites\/2\/2022\/11\/7P2A9010_-467x700.jpg 467w, https:\/\/duhovyrok.sk\/qys\/wp-content\/uploads\/sites\/2\/2022\/11\/7P2A9010_-1024x1536.jpg 1024w, https:\/\/duhovyrok.sk\/qys\/wp-content\/uploads\/sites\/2\/2022\/11\/7P2A9010_-1365x2048.jpg 1365w, https:\/\/duhovyrok.sk\/qys\/wp-content\/uploads\/sites\/2\/2022\/11\/7P2A9010_-scaled.jpg 1707w\" sizes=\"auto, (max-width: 683px) 100vw, 683px\" \/><figcaption>Pavl\u00edna Fichta \u010cierna, spolupr\u00e1ca Claude Joahn \u010cierny ZA TREST, 2020 N\u00e1b\u0159e\u017e\u00ed kpt. Jaro\u0161e a Edvarda Bene\u0161e, Praha:  Mari\u00e1n Mi\u010dka<\/figcaption><\/figure>\n\n\n\n<p><strong>Ak\u00e9 m\u00e1te odozvy na tak\u00e9to umenie?&nbsp;<\/strong><\/p>\n\n\n\n<p>Ve\u013emi pozit\u00edvne. Zauj\u00edmaj\u00fa sa o\u0148 aj&nbsp;niektor\u00ed odborn\u00edci \u010di odborn\u00ed\u010dky z&nbsp;in\u00fdch discipl\u00edn, aby to premietli do svojich prezent\u00e1ci\u00ed \u010di v\u00fdu\u010dby. Ve\u013emi ma pote\u0161ilo, \u017ee napr\u00edklad dielo <em>Transfok\u00e1cia po zatienen\u00ed<\/em> bolo pred \u010dasom zaraden\u00e9 na East Silver Market MFDF v&nbsp;Jihlave, a&nbsp;nesk\u00f4r ho organiz\u00e1tori posunuli na festival do \u0160vaj\u010diarska. Projekt <em>Za trest<\/em> z&nbsp;pra\u017eskej Artwall, pre ktor\u00fa bol vytvoren\u00fd, pokra\u010doval do online priestoru Gandy gallery v&nbsp;Bratislave. Bola pand\u00e9mia, ale prinieslo mi to odozvu aj zo zahrani\u010dia. Minuloro\u010dn\u00fd Festival inakosti uv\u00e1dzal v\u00fd\u0148atok z&nbsp;projektu <em>Chris alebo stred sveta<\/em>,<em> <\/em>s&nbsp;n\u00e1dherne siln\u00fdm vyjadren\u00edm sen\u00e1torky Sarah McBride<em>.<\/em>&nbsp;<\/p>\n\n\n\n<p>Aktivizmus v umen\u00ed je samozrejmou a&nbsp;d\u00f4le\u017eitou s\u00fa\u010das\u0165ou umeleck\u00e9ho diania, \u010do dokladaj\u00fa aj&nbsp;aktu\u00e1lne medzin\u00e1rodn\u00e9 prehliadky umenia v&nbsp;Ben\u00e1tkach, v&nbsp;Berl\u00edne, v&nbsp;Kasseli alebo v&nbsp;Pri\u0161tine (kde je, mimochodom, s\u00fa\u010das\u0165ou kolekt\u00edvneho audio projektu Secondary Archive aj m\u00f4j vstup). Transrodovos\u0165 a&nbsp;queer problematika sa objavili v&nbsp;rozli\u010dnej miere na ka\u017edej zo spom\u00ednan\u00fdch prehliadok.<\/p>\n","protected":false},"excerpt":{"rendered":"<p>Autorka: Krist\u00edna Gyur\u00edkov\u00e1 \/ FOTO: Jakub Kov\u00e1\u010d a arch\u00edv Pavl\u00edny Fichta \u010ciernej \u010cl\u00e1nok vy\u0161iel v jesennom \u010d\u00edsle \u010dasopisu QYS e\u0161te pred tragick\u00fdmi udalos\u0165ami pred barom Tepl\u00e1re\u0148. Umelky\u0148a Pavl\u00edna Fichta \u010cierna sa vo svojej tvorbe \u010dasto venuje \u201emedziostrovanom\u201c \u2013 \u013eu\u010fom, ktor\u00ed \u017eij\u00fa na perif\u00e9rii, v&nbsp;izol\u00e1cii, s\u00fa nie\u010d\u00edm in\u00ed. Z\u00e1rove\u0148 je matkou transrodov\u00e9ho die\u0165a\u0165a a&nbsp;aktivistkou, ktor\u00e1 sa <a href=\"https:\/\/duhovyrok.sk\/qys\/pavlina-fichta-cierna-aktivizmus-sa-stal-sucastou-mojej-zivotnej-cesty\/\" class=\"more-link\">&#8230;<\/a><\/p>\n","protected":false},"author":21,"featured_media":3836,"comment_status":"closed","ping_status":"closed","sticky":false,"template":"","format":"standard","meta":{"footnotes":""},"categories":[10,259,13,258],"tags":[20,36,266,427,171,212,215,419],"class_list":["post-3748","post","type-post","status-publish","format-standard","has-post-thumbnail","hentry","category-kultura","category-rozhovory","category-viditelnost","category-vizualne-umenie","tag-aktivizmus","tag-claude-johan-cierny","tag-from-qys","tag-pavlina-fichta-cierna","tag-queer-umenie","tag-transrodovost","tag-umenie","tag-vizualne-umenie"],"_links":{"self":[{"href":"https:\/\/duhovyrok.sk\/qys\/wp-json\/wp\/v2\/posts\/3748","targetHints":{"allow":["GET"]}}],"collection":[{"href":"https:\/\/duhovyrok.sk\/qys\/wp-json\/wp\/v2\/posts"}],"about":[{"href":"https:\/\/duhovyrok.sk\/qys\/wp-json\/wp\/v2\/types\/post"}],"author":[{"embeddable":true,"href":"https:\/\/duhovyrok.sk\/qys\/wp-json\/wp\/v2\/users\/21"}],"replies":[{"embeddable":true,"href":"https:\/\/duhovyrok.sk\/qys\/wp-json\/wp\/v2\/comments?post=3748"}],"version-history":[{"count":4,"href":"https:\/\/duhovyrok.sk\/qys\/wp-json\/wp\/v2\/posts\/3748\/revisions"}],"predecessor-version":[{"id":3839,"href":"https:\/\/duhovyrok.sk\/qys\/wp-json\/wp\/v2\/posts\/3748\/revisions\/3839"}],"wp:featuredmedia":[{"embeddable":true,"href":"https:\/\/duhovyrok.sk\/qys\/wp-json\/wp\/v2\/media\/3836"}],"wp:attachment":[{"href":"https:\/\/duhovyrok.sk\/qys\/wp-json\/wp\/v2\/media?parent=3748"}],"wp:term":[{"taxonomy":"category","embeddable":true,"href":"https:\/\/duhovyrok.sk\/qys\/wp-json\/wp\/v2\/categories?post=3748"},{"taxonomy":"post_tag","embeddable":true,"href":"https:\/\/duhovyrok.sk\/qys\/wp-json\/wp\/v2\/tags?post=3748"}],"curies":[{"name":"wp","href":"https:\/\/api.w.org\/{rel}","templated":true}]}}