{"id":3736,"date":"2022-11-02T12:58:48","date_gmt":"2022-11-02T11:58:48","guid":{"rendered":"https:\/\/duhovyrok.sk\/qys\/?p=3736"},"modified":"2022-11-03T12:35:36","modified_gmt":"2022-11-03T11:35:36","slug":"komentar-spomenme-si-v-krizach-na-svojich-najblizsich","status":"publish","type":"post","link":"https:\/\/duhovyrok.sk\/qys\/komentar-spomenme-si-v-krizach-na-svojich-najblizsich\/","title":{"rendered":"Koment\u00e1r: Spome\u0148me si v kr\u00edzach na svojich najbli\u017e\u0161\u00edch"},"content":{"rendered":"\n<p><strong>Autorka: Dominika Chrastov\u00e1<\/strong> \/ <strong>Ilustr\u00e1cia: Vikt\u00f3ria Szab\u00f3ov\u00e1<\/strong><\/p>\n\n\n\n<blockquote class=\"wp-block-quote is-layout-flow wp-block-quote-is-layout-flow\"><p><em>\u010cl\u00e1nok vy\u0161iel v jesennom \u010d\u00edsle \u010dasopisu QYS e\u0161te pred tragick\u00fdmi udalos\u0165ami pred barom Tepl\u00e1re\u0148.<\/em><\/p><\/blockquote>\n\n\n\n<p><strong>Posledn\u00e9 t\u00fd\u017edne zap\u013a\u0148ali \u00e9ter najm\u00e4 spr\u00e1vy o&nbsp;energetickej kr\u00edze, vl\u00e1dnej kr\u00edze a klimatickej kr\u00edze, pri\u010dom vojna na Ukrajina pretrv\u00e1va. Pand\u00e9mia po rokoch pre\u0161la do \u00fazadia, i ke\u010f n\u00e1kaza sa zo Slovenska e\u0161te ani z\u010faleka nevytratila. St\u00e1le si mus\u00edme d\u00e1va\u0165 pozor, v&nbsp;bezr\u00fa\u0161kovom obdob\u00ed sa n\u00e1m v\u0161ak d\u00fdcha v&nbsp;ka\u017edom v\u00fdzname o&nbsp;\u010dosi \u013eah\u0161ie a&nbsp;kult\u00fara n\u00e1s dr\u017e\u00ed nad vodou. (\u010ci nad depresiou z&nbsp;diania v&nbsp;krajine?)<\/strong><\/p>\n\n\n\n<p>Zatia\u013e \u010do leto n\u00e1m vyp\u013a\u0148ali koncerty a&nbsp;festivaly, jese\u0148 pobe\u017e\u00ed v&nbsp;znamen\u00ed seri\u00e1lov a&nbsp;filmov. Na streamovac\u00edch slu\u017eb\u00e1ch m\u00f4\u017eeme o\u010dak\u00e1va\u0165 pokra\u010dovania <em>The Crown<\/em> \u010di <em>House of the Dragon<\/em>. Politick\u00fa dr\u00e1mu, o&nbsp;ktor\u00fa u\u017e nikto nem\u00e1 z\u00e1ujem, aspo\u0148 na p\u00e1r dn\u00ed dopln\u00ed festival Drama Queer. A po ne\u0161\u0165astnom po\u017eiari s\u00edce zostane Kino Lumi\u00e8re na p\u00e1r mesiacov zatvoren\u00e9, no Filmov\u00e9ho festivalu inakosti sa tento rok e\u0161te predsa len do\u010dk\u00e1me.&nbsp;<\/p>\n\n\n\n<p>Kult\u00fara n\u00e1m z\u00e1rove\u0148 m\u00f4\u017ee posl\u00fa\u017ei\u0165 ako \u00fatecha po\u010das najnov\u0161ej \u201eepid\u00e9mie\u201c. Prejavuje sa hor\u00fa\u010dkovit\u00fdm objedn\u00e1van\u00edm keteringu a&nbsp;v\u00fdzdoby, siahodlh\u00fdm v\u00fdberom outfitov, dominantnos\u0165ou bielej farby a&nbsp;n\u00e1sledn\u00fdm spamovan\u00edm soci\u00e1lnych siet\u00ed. Svadobn\u00fd boom, ktor\u00fd trv\u00e1 u\u017e od jari, sa naozaj ned\u00e1 prehliadnu\u0165.&nbsp;<\/p>\n\n\n\n<p>Samozrejme, nie je na \u0148om ni\u010d zl\u00e9. V\u0161etci, bez oh\u013eadu na sexu\u00e1lnu orient\u00e1ciu, za\u010dn\u00fa v&nbsp;istom bode chcie\u0165 to ist\u00e9 \u2013 stabilitu. Aby sa po pr\u00e1ci \u010di po mesa\u010dnej dovolenke v&nbsp;exotike mohli vr\u00e1ti\u0165 do pr\u00edbytku prez\u00fdvan\u00e9ho \u201edomov\u201c a&nbsp;na\u0161li tam osobu, s&nbsp;ktorou ich bav\u00ed aj nudn\u00e1 ka\u017edodennos\u0165. Na \u0161\u0165astn\u00fd vz\u0165ah netreba man\u017eelstvo ani podobn\u00fd zv\u00e4zok, no v&nbsp;istom zmysle je to oslava l\u00e1sky \u010di ofici\u00e1lne potvrdenie, \u017ee m\u00e1me z\u00e1ujem budova\u0165 si stabilitu a&nbsp;pocit domova spolo\u010dne.<\/p>\n\n\n\n<p>Realisticky, queer p\u00e1ry na Slovensku bud\u00fa&nbsp;o tak\u00e9to p\u00e1rty ukr\u00e1ten\u00e9 e\u0161te nejeden rok. M\u00f4\u017eeme sa pres\u0165ahova\u0165, alebo sa cez to na\u010falej pren\u00e1\u0161a\u0165 aspo\u0148 prostredn\u00edctvom umenia. V&nbsp;\u0148om sa d\u00e1 v\u017edy n\u00e1js\u0165 to, \u010do aktu\u00e1lne potrebujeme \u2013 v\u00fdsti\u017en\u00fa my\u0161lienku, povzbudenie alebo pocit, \u017ee nie sme v&nbsp;niektorej situ\u00e1cii sami.<\/p>\n\n\n\n<figure class=\"wp-block-image size-large\"><img loading=\"lazy\" decoding=\"async\" width=\"715\" height=\"1024\" src=\"https:\/\/duhovyrok.sk\/qys\/wp-content\/uploads\/sites\/2\/2022\/11\/komentar-1-715x1024.jpg\" alt=\"\" class=\"wp-image-3769\" srcset=\"https:\/\/duhovyrok.sk\/qys\/wp-content\/uploads\/sites\/2\/2022\/11\/komentar-1-715x1024.jpg 715w, https:\/\/duhovyrok.sk\/qys\/wp-content\/uploads\/sites\/2\/2022\/11\/komentar-1-489x700.jpg 489w, https:\/\/duhovyrok.sk\/qys\/wp-content\/uploads\/sites\/2\/2022\/11\/komentar-1-1073x1536.jpg 1073w, https:\/\/duhovyrok.sk\/qys\/wp-content\/uploads\/sites\/2\/2022\/11\/komentar-1-1431x2048.jpg 1431w, https:\/\/duhovyrok.sk\/qys\/wp-content\/uploads\/sites\/2\/2022\/11\/komentar-1.jpg 1668w\" sizes=\"auto, (max-width: 715px) 100vw, 715px\" \/><\/figure>\n\n\n\n<p>Z&nbsp;hudobn\u00fdch noviniek odpor\u00fa\u010dame napr\u00edklad skladbu a&nbsp;rovnomenn\u00fd album <em>Girl of My Dreams<\/em>. Queer spev\u00e1\u010dka Fletcher sa n\u00edm pren\u00e1\u0161a cez rozchod a&nbsp;z\u00e1rove\u0148 si uvedomuje, \u017ee niekedy je najlep\u0161ie investova\u0165 \u010das do seba a&nbsp;nie hne\u010f do nov\u00fdch vz\u0165ahov.&nbsp;<\/p>\n\n\n\n<p>V&nbsp;umen\u00ed, podobne ako v&nbsp;pr\u00e1ci, sa v\u0161ak daj\u00fa \u010das a&nbsp;zmysel pre realitu aj strati\u0165. Zab\u00fadame sa oz\u00fdva\u0165 \u013eu\u010fom, ktor\u00fdm na n\u00e1s z\u00e1le\u017e\u00ed, i&nbsp;ke\u010f sme sa dlh\u0161ie nestretli. Pr\u00edpadne sa neoz\u00fdvame vedome, lebo m\u00e1me nedorie\u0161en\u00e9 konflikty, alebo n\u00e1s \u0165a\u017e\u00ed vlastn\u00e1 nevyoutovan\u00e1 queer identita.&nbsp;<\/p>\n\n\n\n<p>V\u0161etky v&nbsp;\u00favode vymenovan\u00e9 kr\u00edzy v\u0161ak nazna\u010duj\u00fa, \u017ee teraz je t\u00e1 chv\u00ed\u013ea, aby sme to zmenili. M\u00f4\u017eeme prija\u0165 pozv\u00e1nku na svadbu, zavola\u0165 svojich bl\u00edzkych na spom\u00ednan\u00e9 festivaly alebo vymeni\u0165 skrolovanie soci\u00e1lnych siet\u00ed za p\u00edsanie spr\u00e1v. Preto\u017ee nikto z&nbsp;n\u00e1s tu nie je nav\u017edy. Ve\u010f&nbsp;ako sa uk\u00e1zalo, ani kr\u00e1\u013eovn\u00e1 Al\u017ebeta II. napokon nebola nesmrte\u013en\u00e1.<\/p>\n","protected":false},"excerpt":{"rendered":"<p>Autorka: Dominika Chrastov\u00e1 \/ Ilustr\u00e1cia: Vikt\u00f3ria Szab\u00f3ov\u00e1 \u010cl\u00e1nok vy\u0161iel v jesennom \u010d\u00edsle \u010dasopisu QYS e\u0161te pred tragick\u00fdmi udalos\u0165ami pred barom Tepl\u00e1re\u0148. Posledn\u00e9 t\u00fd\u017edne zap\u013a\u0148ali \u00e9ter najm\u00e4 spr\u00e1vy o&nbsp;energetickej kr\u00edze, vl\u00e1dnej kr\u00edze a klimatickej kr\u00edze, pri\u010dom vojna na Ukrajina pretrv\u00e1va. Pand\u00e9mia po rokoch pre\u0161la do \u00fazadia, i ke\u010f n\u00e1kaza sa zo Slovenska e\u0161te ani z\u010faleka nevytratila. <a href=\"https:\/\/duhovyrok.sk\/qys\/komentar-spomenme-si-v-krizach-na-svojich-najblizsich\/\" class=\"more-link\">&#8230;<\/a><\/p>\n","protected":false},"author":6,"featured_media":3767,"comment_status":"closed","ping_status":"closed","sticky":false,"template":"","format":"standard","meta":{"footnotes":""},"categories":[261],"tags":[266,93,417,154,352],"class_list":["post-3736","post","type-post","status-publish","format-standard","has-post-thumbnail","hentry","category-komentare-a-analyzy","tag-from-qys","tag-komentar","tag-kriza","tag-queer-komentar","tag-ukrajina"],"_links":{"self":[{"href":"https:\/\/duhovyrok.sk\/qys\/wp-json\/wp\/v2\/posts\/3736","targetHints":{"allow":["GET"]}}],"collection":[{"href":"https:\/\/duhovyrok.sk\/qys\/wp-json\/wp\/v2\/posts"}],"about":[{"href":"https:\/\/duhovyrok.sk\/qys\/wp-json\/wp\/v2\/types\/post"}],"author":[{"embeddable":true,"href":"https:\/\/duhovyrok.sk\/qys\/wp-json\/wp\/v2\/users\/6"}],"replies":[{"embeddable":true,"href":"https:\/\/duhovyrok.sk\/qys\/wp-json\/wp\/v2\/comments?post=3736"}],"version-history":[{"count":4,"href":"https:\/\/duhovyrok.sk\/qys\/wp-json\/wp\/v2\/posts\/3736\/revisions"}],"predecessor-version":[{"id":3773,"href":"https:\/\/duhovyrok.sk\/qys\/wp-json\/wp\/v2\/posts\/3736\/revisions\/3773"}],"wp:featuredmedia":[{"embeddable":true,"href":"https:\/\/duhovyrok.sk\/qys\/wp-json\/wp\/v2\/media\/3767"}],"wp:attachment":[{"href":"https:\/\/duhovyrok.sk\/qys\/wp-json\/wp\/v2\/media?parent=3736"}],"wp:term":[{"taxonomy":"category","embeddable":true,"href":"https:\/\/duhovyrok.sk\/qys\/wp-json\/wp\/v2\/categories?post=3736"},{"taxonomy":"post_tag","embeddable":true,"href":"https:\/\/duhovyrok.sk\/qys\/wp-json\/wp\/v2\/tags?post=3736"}],"curies":[{"name":"wp","href":"https:\/\/api.w.org\/{rel}","templated":true}]}}