{"id":3734,"date":"2022-12-19T07:39:00","date_gmt":"2022-12-19T06:39:00","guid":{"rendered":"https:\/\/duhovyrok.sk\/qys\/?p=3734"},"modified":"2023-10-24T11:04:13","modified_gmt":"2023-10-24T09:04:13","slug":"mlocina-6-cast","status":"publish","type":"post","link":"https:\/\/duhovyrok.sk\/qys\/mlocina-6-cast\/","title":{"rendered":"Mlo\u010dina &#8211; 6. \u010das\u0165"},"content":{"rendered":"\n<p><strong>Autorka: Ambrosia Bajtek<\/strong> \/ <strong>Ilustr\u00e1cia: Vikt\u00f3ria Szab\u00f3ov\u00e1<\/strong><\/p>\n\n\n\n<blockquote class=\"wp-block-quote is-layout-flow wp-block-quote-is-layout-flow\">\n<p><em>Text sme prv\u00fd raz publikovali v \u010d\u00edsle Jese\u0148 2022.<\/em><\/p>\n<\/blockquote>\n\n\n\n<p><strong>Nie v\u0161etky deti sa v&nbsp;rozpr\u00e1vkach vedia n\u00e1js\u0165. Hoci pozn\u00e1me stovky pr\u00edbehov o&nbsp;princoch a&nbsp;princezn\u00e1ch, m\u00e1loktor\u00e9 z&nbsp;nich opisuj\u00fa detstvo \u010di dospievanie a&nbsp;probl\u00e9my \u013eud\u00ed s&nbsp;odli\u0161nou sexu\u00e1lnou orient\u00e1ciou alebo rodovou identitou. Rozpr\u00e1vka na pokra\u010dovanie s&nbsp;n\u00e1zvom <\/strong><strong><em>Mlo\u010dina <\/em><\/strong><strong>bude predsudky b\u00fara\u0165 \u2013 opisuje \u017eivot v&nbsp;rybn\u00edku, ktor\u00fd sa s\u00edce riadi jasn\u00fdmi pravidlami, ale \u010doskoro sa to zmen\u00ed. Nap\u00edsala ju transrodov\u00e1 autorka Ambrosia Bajtek. Pre\u010d\u00edtajte si \u0161iestu \u010das\u0165, prv\u00fdch p\u00e4\u0165 sme publikovali v predch\u00e1dzaj\u00facich \u010d\u00edslach.<\/strong><\/p>\n\n\n\n<p><strong>Severan<\/strong><\/p>\n\n\n\n<p>Nad hlavou mu doznieval bl\u00fadiv\u00fd v\u00fdkrik orla a nepr\u00edtomne sa zah\u013eadel do nezn\u00e1ma. Dlho potl\u00e1\u010dan\u00fd pocit opustenosti ho nemilosrdne prevalcoval. Vybavil sa mu roztrhnut\u00fd n\u00e1hrdeln\u00edk a synov v\u00fdraz pln\u00fd utrpenia a nen\u00e1visti. Skutky bolia a ich \u0165a\u017eoba ani rokmi nepo\u013eavila. Zrak mu zatienili hor\u00face slzy a rokmi opotrebovan\u00e9 o\u010di sa vyfarbili do \u0161arl\u00e1tovo \u010dervenej. Neskuto\u010dne mu ch\u00fdbal a v tejto chv\u00edli by ho mal najrad\u0161ej pri sebe, silno ho objal a pob\u00fachal po pleciach ako kedysi. \u201eKrv veru nie je voda,\u201c star\u00fd mlok sa po chv\u00edli znova stratil v hmle svojich v\u00fd\u010ditiek a bolestiv\u00e9ho spom\u00ednania.<\/p>\n\n\n\n<p>* * *<\/p>\n\n\n\n<p>Po minulom Eugenovom rozpa\u010ditom \u00fateku sa za\u010dal o neho e\u0161te viac zauj\u00edma\u0165 a h\u013eada\u0165 pr\u00edle\u017eitosti, ako ho znova stretn\u00fa\u0165. N\u00e1hodou zistil, \u017ee Eugen r\u00e1d pl\u00e1va v m\u0155tvom ramene pri Foku, a za\u010dal tam chodieva\u0165 tie\u017e. Dlh\u00e9 j\u00falov\u00e9 noci sa prehupli do skoro sa stmievaj\u00faceho septembra a po Eugenovi doteraz ani stopa.<\/p>\n\n\n\n<p>Nev\u00eddane tepl\u00e1 noc Hriva automaticky zviedla do vody. \u201eOdtia\u013eto sa pozoruj\u00fa hviezdy najlep\u0161ie a voda je e\u0161te st\u00e1le ve\u013emi pr\u00edjemn\u00e1. Milujem tak\u00fdto september, ak\u00fd je tu, na Foku,\u201c spokojne poznamenal. Pomaly sa prevracal pod listami kosatca, a\u017e dopl\u00e1val do tich\u0161ieho \u00faseku m\u0155tveho ramena. Vraj sa tu potuluj\u00fa obrovsk\u00e9, hu\u0148at\u00e9 ondatry, a preto sa sem neodv\u00e1\u017ei nik z mlo\u010diny, nik okrem neho. Na\u013eavo od seba za\u010dul tlmen\u00fd \u017eblnkot vody a chv\u00ed\u013eu nato sa pred n\u00edm vynorila belas\u00e1 \u0161tica vlasov. Nebola to ondatra, ale mlok, ten ho v\u0161ak e\u0161te nezaregistroval. Belas\u00fd chum\u00e1\u010d sa vyn\u00e1ral a pon\u00e1ral, lenivo br\u00e1zdiac hladinu vody. Ako sa tak k nemu Hrivo z boku pribli\u017eoval, okam\u017eite spoznal profil vyt\u00fa\u017eenej tv\u00e1re a srdce sa mu rozburcovalo, a\u017e sa musel kroti\u0165, aby od vytr\u017eenia neprebudil spiace osadenstvo m\u0155tveho ramena. \u201eKone\u010dne!\u201c<\/p>\n\n\n\n<p>Odkedy odi\u0161iel z Kys\u00fac, Eugen bol prv\u00fd, kto \u00faprimne vzbudil jeho z\u00e1ujem. \u201eKone\u010dne sa zas vid\u00edme, ale pre\u010do predo mnou zaka\u017ed\u00fdm utek\u00e1\u0161?\u201c smutne poznamenal Hrivo. Eugen sa zarazil od prekvapenia. Mozog mu k\u00e1zal vzdiali\u0165 sa \u010do najr\u00fdchlej\u0161ie, ale nie\u010do ho n\u00fatilo zosta\u0165. Vyzeral ako hmyz v zamrznutom \u010dasopriestore skamenenej \u017eivice.<\/p>\n\n\n\n<p>Hrivov hlas zasiahol citliv\u00e9 miesto v jeho vn\u00fatri, o ktor\u00e9ho existencii doteraz ani on s\u00e1m netu\u0161il. Severan sa pomaly pribli\u017eoval, a\u017e zastavil celkom bl\u00edzko. Jeho dych zahrial studen\u00e9 l\u00edca Eugenovej tv\u00e1re. \u201eZapl\u00e1va\u0161 si aj so mnou?\u201c Eugen sa okam\u017eite spam\u00e4tal, u\u017e sa chystal odrazi\u0165 situ\u00e1ciu a bez slova odpl\u00e1va\u0165, ale Hrivo r\u00fdchlo dodal n\u00e1stoj\u010divos\u0165ou mal\u00e9ho chlapca: \u201eNecho\u010f! Zat\u00falal som sa sem z Foku, ale v tejto tme&#8230; S\u00e1m asi netraf\u00edm na breh. Pom\u00f4\u017ee\u0161 mi sp\u00e4\u0165?\u201c Nevinne zaklamal, \u010do Eugena prin\u00fatilo osta\u0165.<\/p>\n\n\n\n<figure class=\"wp-block-image size-large\"><img loading=\"lazy\" decoding=\"async\" width=\"1024\" height=\"715\" src=\"https:\/\/duhovyrok.sk\/qys\/wp-content\/uploads\/sites\/2\/2022\/11\/Mlocina_1-1024x715.jpg\" alt=\"\" class=\"wp-image-3861\" srcset=\"https:\/\/duhovyrok.sk\/qys\/wp-content\/uploads\/sites\/2\/2022\/11\/Mlocina_1-1024x715.jpg 1024w, https:\/\/duhovyrok.sk\/qys\/wp-content\/uploads\/sites\/2\/2022\/11\/Mlocina_1-700x489.jpg 700w, https:\/\/duhovyrok.sk\/qys\/wp-content\/uploads\/sites\/2\/2022\/11\/Mlocina_1-1536x1073.jpg 1536w, https:\/\/duhovyrok.sk\/qys\/wp-content\/uploads\/sites\/2\/2022\/11\/Mlocina_1-2048x1431.jpg 2048w\" sizes=\"auto, (max-width: 1024px) 100vw, 1024px\" \/><\/figure>\n\n\n\n<p>\u201eDobre, po\u010f za mnou, ale nelep sa tak na m\u0148a,\u201c odvrkol Eugen. \u201eJasn\u00e9, ve\u010f ma!\u201c dodal Hrivo a spokojne sa pousmial, no ani sa nestihol za\u010da\u0165 radova\u0165 a u\u017e boli na brehu.<\/p>\n\n\n\n<p>\u201eU\u017e sme tu? Tak r\u00fdchlo?\u201c Ponosoval sa, na \u010do ho Eugen odbil s t\u00fdm, \u017ee od za\u010diatku boli k brehu takto bl\u00edzko a u\u017e mus\u00ed \u00eds\u0165, lebo je mu zima. Frflal a u\u017e ho ani nebolo, zmizol v tme bez toho, \u017ee by sa \u010do len obzrel. Hrivo ostal st\u00e1\u0165 ako ovalen\u00fd.<\/p>\n\n\n\n<p>Ner\u00e1tal s tak\u00fdmto bleskur\u00fdchlym koncom s\u013eubne sa vyv\u00edjaj\u00faceho ve\u010dera. \u010c\u00edm viac \u010dasu str\u00e1vil v bl\u00edzkosti Eugena, t\u00fdm viac nadob\u00fadal pocit, \u017ee N\u00e1da\u0161 je c\u00edti\u0165 domovom, a nie je to len tepl\u00e9 mieste\u010dko na juhu, kam sa utiahol pred sebou, svoj\u00edm otcom a v\u0161etk\u00fdm, \u010do za sebou zanechal na Kysuciach. Rozpa\u010dit\u00e9 spr\u00e1vanie alebo inokedy \u00fase\u010dn\u00e9 \u00fatr\u017eky slov tohto mloka, ktor\u00e9 skr\u00fdvaj\u00fa hanblivej\u0161iu a citlivej\u0161iu \u010das\u0165 \u2013 \u010das\u0165, ktor\u00fa Eugen skr\u00fdva aj s\u00e1m pred sebou.<\/p>\n\n\n\n<p>T\u00fa\u017eil z nej dosta\u0165 viac a viac, chcel z Eugena v\u0161etko. Mimovo\u013ene mu prebehla hlavou ot\u00e1zka, ako asi otec zbalil jeho mamu a z\u00edskal si jej srdce, ale okam\u017eite sa za\u010dal c\u00edti\u0165 tr\u00e1pne, nahnevane a smutne. Bol znechuten\u00fd, \u017ee v takejto chv\u00edli, ke\u010f mu krv pulzuje ako vriaci prame\u0148, mu napadne akur\u00e1t otec a v ot\u00e1zkach l\u00e1sky chce radu pr\u00e1ve od neho. Hlavne po tom, \u010do sa stalo&#8230;<\/p>\n","protected":false},"excerpt":{"rendered":"<p>Autorka: Ambrosia Bajtek \/ Ilustr\u00e1cia: Vikt\u00f3ria Szab\u00f3ov\u00e1 Text sme prv\u00fd raz publikovali v \u010d\u00edsle Jese\u0148 2022. Nie v\u0161etky deti sa v&nbsp;rozpr\u00e1vkach vedia n\u00e1js\u0165. Hoci pozn\u00e1me stovky pr\u00edbehov o&nbsp;princoch a&nbsp;princezn\u00e1ch, m\u00e1loktor\u00e9 z&nbsp;nich opisuj\u00fa detstvo \u010di dospievanie a&nbsp;probl\u00e9my \u013eud\u00ed s&nbsp;odli\u0161nou sexu\u00e1lnou orient\u00e1ciou alebo rodovou identitou. Rozpr\u00e1vka na pokra\u010dovanie s&nbsp;n\u00e1zvom Mlo\u010dina bude predsudky b\u00fara\u0165 \u2013 opisuje \u017eivot v&nbsp;rybn\u00edku, <a href=\"https:\/\/duhovyrok.sk\/qys\/mlocina-6-cast\/\" class=\"more-link\">&#8230;<\/a><\/p>\n","protected":false},"author":21,"featured_media":3861,"comment_status":"closed","ping_status":"closed","sticky":false,"template":"","format":"standard","meta":{"footnotes":""},"categories":[257,10],"tags":[266,350,138,142,302],"class_list":["post-3734","post","type-post","status-publish","format-standard","has-post-thumbnail","hentry","category-literatura","category-kultura","tag-from-qys","tag-mlocina","tag-pribeh","tag-queer","tag-rozpravka"],"_links":{"self":[{"href":"https:\/\/duhovyrok.sk\/qys\/wp-json\/wp\/v2\/posts\/3734","targetHints":{"allow":["GET"]}}],"collection":[{"href":"https:\/\/duhovyrok.sk\/qys\/wp-json\/wp\/v2\/posts"}],"about":[{"href":"https:\/\/duhovyrok.sk\/qys\/wp-json\/wp\/v2\/types\/post"}],"author":[{"embeddable":true,"href":"https:\/\/duhovyrok.sk\/qys\/wp-json\/wp\/v2\/users\/21"}],"replies":[{"embeddable":true,"href":"https:\/\/duhovyrok.sk\/qys\/wp-json\/wp\/v2\/comments?post=3734"}],"version-history":[{"count":3,"href":"https:\/\/duhovyrok.sk\/qys\/wp-json\/wp\/v2\/posts\/3734\/revisions"}],"predecessor-version":[{"id":4332,"href":"https:\/\/duhovyrok.sk\/qys\/wp-json\/wp\/v2\/posts\/3734\/revisions\/4332"}],"wp:featuredmedia":[{"embeddable":true,"href":"https:\/\/duhovyrok.sk\/qys\/wp-json\/wp\/v2\/media\/3861"}],"wp:attachment":[{"href":"https:\/\/duhovyrok.sk\/qys\/wp-json\/wp\/v2\/media?parent=3734"}],"wp:term":[{"taxonomy":"category","embeddable":true,"href":"https:\/\/duhovyrok.sk\/qys\/wp-json\/wp\/v2\/categories?post=3734"},{"taxonomy":"post_tag","embeddable":true,"href":"https:\/\/duhovyrok.sk\/qys\/wp-json\/wp\/v2\/tags?post=3734"}],"curies":[{"name":"wp","href":"https:\/\/api.w.org\/{rel}","templated":true}]}}