{"id":3719,"date":"2022-11-04T12:46:00","date_gmt":"2022-11-04T11:46:00","guid":{"rendered":"https:\/\/duhovyrok.sk\/qys\/?p=3719"},"modified":"2022-11-02T12:54:32","modified_gmt":"2022-11-02T11:54:32","slug":"david-benedek-o-ffi-prinasame-teraz-asi-najviac-zanrovych-filmov-vo-svojej-historii","status":"publish","type":"post","link":"https:\/\/duhovyrok.sk\/qys\/david-benedek-o-ffi-prinasame-teraz-asi-najviac-zanrovych-filmov-vo-svojej-historii\/","title":{"rendered":"David Benedek o FFI: Prin\u00e1\u0161ame teraz asi najviac \u017e\u00e1nrov\u00fdch filmov vo svojej hist\u00f3rii"},"content":{"rendered":"\n<p><strong>Autor: Matej Uhl\u00e1r<\/strong> \/ <strong>FOTO: Jakub Kov\u00e1\u010d<\/strong><\/p>\n\n\n\n<p><strong>Jeho film <\/strong><strong><em>Spolu<\/em><\/strong><strong> (2018) sa premietal na r\u00f4znych svetov\u00fdch festivaloch, medzi in\u00fdmi aj na v\u00fdznamnom queer festivale Inside Out v Toronte. Od roku 2019 je \u010dlenom t\u00edmu Filmov\u00e9ho festivalu inakosti, kde v&nbsp;s\u00fa\u010dasnosti p\u00f4sob\u00ed ako programov\u00fd dramaturg. Na \u010do sa m\u00f4\u017eeme po\u010das podujatia te\u0161i\u0165 tento rok?&nbsp;<\/strong><\/p>\n\n\n\n<p><strong>Ako si sa dostal k Filmov\u00e9mu festivalu Inakos\u0165?<\/strong><\/p>\n\n\n\n<p>Vy\u0161tudoval som filmov\u00fa r\u00e9\u017eiu na Vysokej \u0161kole m\u00fazick\u00fdch umen\u00ed v Bratislave. Vo v\u0161etk\u00fdch mojich \u0161tudentsk\u00fdch filmoch som zobrazoval queer postavy a t\u00e9my. Moja tvorba na akademickej p\u00f4de nebola v\u017edy dobre prijat\u00e1, preto\u017ee tam bol genera\u010dn\u00fd rozdiel medzi mnou a profesormi, a&nbsp;aj preto som mal pocit, \u017ee queer filmy nikoho nezauj\u00edmaj\u00fa. Rozhodol som sa teda prihl\u00e1si\u0165 svoj bakal\u00e1rsky film <em>Spolu<\/em> na Filmov\u00fd festival inakosti. Ohlasy boli ve\u013emi pozit\u00edvne a film na festivale z\u00edskal dokonca div\u00e1cke ocenenie Ru\u017eov\u00fd bal\u00f3nik. Odrazu to bol pre m\u0148a nepoznan\u00fd pocit, ktor\u00fd mi dala pr\u00e1ve komunita okolo festivalu. Chcel som, aby mali tak\u00fato mo\u017enos\u0165 aj ostatn\u00e9 slovensk\u00e9 queer kra\u0165asy a pr\u00e1ve preto som sa pon\u00fakol, \u017ee \u010fal\u0161\u00ed rok by som vedel vytvori\u0165 sekciu kr\u00e1tkych filmov. Postupne som si ka\u017ed\u00fd rok bral viac zodpovednosti oh\u013eadom v\u0161etk\u00fdch filmov a&nbsp;stal sa zo m\u0148a programov\u00fd dramaturg festivalu.<\/p>\n\n\n\n<p><strong>Bolo pre teba d\u00f4le\u017eit\u00e9 by\u0165 s\u00fa\u010das\u0165ou tohto festivalu?<\/strong><\/p>\n\n\n\n<p>\u00c1no, bolo. Pre m\u0148a ako queer osobu je LGBTI+ komunita ve\u013emi d\u00f4le\u017eit\u00e1 a&nbsp;mojou pr\u00e1cou na festivale sa sna\u017e\u00edm aspo\u0148 nejak\u00fdm mal\u00fdm dielom pom\u00f4c\u0165 zvidite\u013eni\u0165 jej pr\u00edbehy.<\/p>\n\n\n\n<p><strong>Ak\u00fd je proces v\u00fdberu filmov na festival?<\/strong><\/p>\n\n\n\n<p>Je to celoro\u010dn\u00e1 pr\u00e1ca sledovania, ak\u00e9 queer filmy sa dost\u00e1vaj\u00fa do k\u00edn alebo na festivaly. Ve\u013ea filmov prihlasuj\u00fa sami tvorcovia alebo n\u00e1m ich pon\u00fakaj\u00fa distribu\u010dn\u00e9 spolo\u010dnosti. Pred za\u010diatkom leta za\u010d\u00ednam pozera\u0165 v\u0161etky filmy, z&nbsp;ktor\u00fdch urob\u00edm u\u017e\u0161\u00ed v\u00fdber, z&nbsp;neho potom spolo\u010dne s&nbsp;riadite\u013ekou festivalu Zitou Hossz\u00faovou vyber\u00e1me tie najlep\u0161ie a&nbsp;z&nbsp;t\u00fdch zostavujeme program.<\/p>\n\n\n\n<p><strong>Na Slovensku ale nem\u00e1me re\u017eis\u00e9ra \u010di scen\u00e1ristu, ktor\u00fd by sa zameriaval v\u00fdhradne na filmov\u00fa tvorbu LGBT komunity.<\/strong><\/p>\n\n\n\n<p>Ak sa domnievam spr\u00e1vne, v&nbsp;hist\u00f3rii slovenskej kinematografie existuj\u00fa iba dva filmy, ktor\u00e9 maj\u00fa v&nbsp;hlavnej \u00falohe queer osobu, a&nbsp;to s\u00fa <em>Hana a jej bratia<\/em> od Vladim\u00edra Ad\u00e1ska z&nbsp;roku 2000 a&nbsp;<em>Anjeli<\/em> od R\u00f3berta \u0160vedu z&nbsp;roku 2012. Druh\u00fd menovan\u00fd budeme premieta\u0165 na tohtoro\u010dnom festivale v&nbsp;r\u00e1mci desa\u0165ro\u010dn\u00e9ho v\u00fdro\u010dia od jeho premi\u00e9ry v&nbsp;kin\u00e1ch. V&nbsp;s\u00fa\u010dasnosti je vo v\u00fdvoji celove\u010dern\u00fd debut m\u00f4jho kamar\u00e1ta Gregora Valentovi\u010da, ktor\u00fd sa takisto venuje queer t\u00e9me, tak\u017ee d\u00fafam, \u017ee \u010doskoro sa aj v&nbsp;slovenskej kinematografii do\u010dk\u00e1me viac queer reprezent\u00e1cie.<\/p>\n\n\n\n<p><strong>Ak\u00fd je teda pod\u013ea v\u00e1s z\u00e1sadn\u00fd rozdiel medzi slovenskou a zahrani\u010dnou LGBTI kinematografiou?<\/strong><\/p>\n\n\n\n<p>Vzh\u013eadom na to, \u017ee na Slovensku v podstate LGBTI+ kinematografia neexistuje, je na to \u0165a\u017ek\u00e9 odpoveda\u0165. Aj ke\u010f je v&nbsp;na\u0161ich filmoch uk\u00e1zan\u00e1 queer postava, ide o&nbsp;ist\u00fa karikat\u00faru \u010di stereotyp na pobavenie heterosexu\u00e1lneho div\u00e1ka a&nbsp;nie re\u00e1lne zobrazenie komplexnej osoby.<\/p>\n\n\n\n<p>Zd\u00e1 sa mi, akoby sa samotn\u00ed slovensk\u00ed tvorcovia sna\u017eili homosexu\u00e1lnu komunitu separova\u0165 aj v deji filmu. M\u00e1m na mysli aj to, ke\u010f rozpr\u00e1vaj\u00fa pr\u00edbehy o niekom z komunity, ako keby ich zabudli rozpr\u00e1va\u0165 v kontexte a s\u00favislostiach. Inakos\u0165 je komplexn\u00fd poh\u013ead na osobnos\u0165, jeho pozadie, z\u00e1zemie, postoje, n\u00e1zory, pr\u00ed\u010diny, pohn\u00fatky, myslenie pri vytv\u00e1ran\u00ed rozhodnut\u00ed. Pod\u013ea m\u0148a by sme pr\u00e1ve t\u00fato autenticitu mali prin\u00e1\u0161a\u0165 div\u00e1kovi, lebo \u010dlovek sa najlep\u0161ie stoto\u017en\u00ed s&nbsp;re\u00e1lnym pr\u00edbehom, ktor\u00fd je vyrozpr\u00e1van\u00fd v kontextoch a s\u00favislostiach.<\/p>\n\n\n\n<figure class=\"wp-block-image size-large\"><a href=\"https:\/\/www.ffi.sk\/\"><img loading=\"lazy\" decoding=\"async\" width=\"1024\" height=\"576\" src=\"https:\/\/duhovyrok.sk\/qys\/wp-content\/uploads\/sites\/2\/2022\/11\/310748319_10160958621616435_3292885094868816677_n_1-1024x576.jpg\" alt=\"\" class=\"wp-image-3760\" srcset=\"https:\/\/duhovyrok.sk\/qys\/wp-content\/uploads\/sites\/2\/2022\/11\/310748319_10160958621616435_3292885094868816677_n_1-1024x576.jpg 1024w, https:\/\/duhovyrok.sk\/qys\/wp-content\/uploads\/sites\/2\/2022\/11\/310748319_10160958621616435_3292885094868816677_n_1-700x394.jpg 700w, https:\/\/duhovyrok.sk\/qys\/wp-content\/uploads\/sites\/2\/2022\/11\/310748319_10160958621616435_3292885094868816677_n_1-1536x864.jpg 1536w, https:\/\/duhovyrok.sk\/qys\/wp-content\/uploads\/sites\/2\/2022\/11\/310748319_10160958621616435_3292885094868816677_n_1.jpg 1920w\" sizes=\"auto, (max-width: 1024px) 100vw, 1024px\" \/><\/a><figcaption>Viac o pripravovanom programe Filmov\u00e9ho festivalu inakosti 2022 n\u00e1jdete <a href=\"https:\/\/www.ffi.sk\/\" target=\"_blank\" rel=\"noreferrer noopener\">TU<\/a>.<\/figcaption><\/figure>\n\n\n\n<p><strong>\u010co m\u00f4\u017eu div\u00e1ci a&nbsp;div\u00e1\u010dky \u010daka\u0165 na FFi tento rok?<\/strong><\/p>\n\n\n\n<p>Celkovo m\u00e1me tento rok \u0161es\u0165 sekci\u00ed, a&nbsp;to Klasiky, FFi de\u0165om, Kra\u0165asy, S\u00fa\u010dasn\u00fd film a&nbsp;Tepl\u00e9 \u010cesko-Slovensko. Tento rok prin\u00e1\u0161a festival asi najviac \u017e\u00e1nrov\u00fdch filmov vo svojej hist\u00f3rii.<\/p>\n\n\n\n<p><strong>M\u00f4\u017ee\u0161 prezradi\u0165 nie\u010do bli\u017e\u0161ie?<\/strong><\/p>\n\n\n\n<p>Premietame napr\u00edklad muzik\u00e1l <em>Will-o&#8216;-the-Wisp<\/em>, zauj\u00edmav\u00e9 dokumenty ako <em>A&nbsp;Sexplanation <\/em>a <em>Colors of Tobi<\/em>, krimin\u00e1lku <em>Cop Secret<\/em>, romantick\u00fd film <em>Elephant<\/em>, \u0161portov\u00fd film <em>The Swimmer<\/em> alebo dr\u00e1my o&nbsp;dospievan\u00ed mlad\u00fdch diev\u010dat ako napr\u00edklad <em>Besties<\/em> \u010di <em>Breaking the Ice<\/em>. Predstav\u00edme tri sekcie kr\u00e1tkych filmov, nazvan\u00fdch pod\u013ea piesn\u00ed od Lady Gaga \u2013 LoveGame, Born This Way a&nbsp;Dance in The Dark. Posledn\u00e9 menovan\u00e9 p\u00e1smo prin\u00e1\u0161a filmy s&nbsp;temnej\u0161ou, a\u017e hororovou atmosf\u00e9rou. M\u00e1me slovensk\u00fa premi\u00e9ru \u010desk\u00e9ho filmu <em>Kam mot\u00fdle nelietaj\u00fa<\/em> a&nbsp;prv\u00fdkr\u00e1t v&nbsp;hist\u00f3rii festivalu premietame aj seri\u00e1l, ktor\u00fd sa vol\u00e1 <em>Single, Out<\/em>.&nbsp;<\/p>\n\n\n\n<p><strong>Ak\u00e9 amb\u00edcie m\u00e1 festival do bud\u00facnosti?<\/strong><\/p>\n\n\n\n<p>V r\u00e1mci festivalu sa sna\u017e\u00edme udr\u017eiava\u0165 pr\u00edjemn\u00fa komorn\u00fa atmosf\u00e9ru, kde sa v\u0161etci bud\u00fa c\u00edti\u0165 dobre. Ka\u017ed\u00fd rok sa po\u010das \u0161iestich dn\u00ed na jese\u0148 stane z&nbsp;Kina Lumi\u00e8re miesto, kde sa zhroma\u017e\u010fuje komunita, aby pozerala filmy o&nbsp;svojich spolo\u010dn\u00fdch pr\u00edbehoch. R\u00e1d by som pon\u00fakol e\u0161te pestrej\u0161ie pr\u00edbehy o&nbsp;transrodov\u00fdch a&nbsp;nebin\u00e1rnych \u013eu\u010foch, ale aj o v\u0161etk\u00fdch nedostato\u010dne reprezentovan\u00fdch osob\u00e1ch z komunity. E\u0161te by som si ve\u013emi prial, aby sa n\u00e1m podarilo oslovi\u0165 aj mlad\u0161iu vekov\u00fa kateg\u00f3riu \u010di roz\u0161\u00edri\u0165 sa na r\u00f4zne \u010fal\u0161ie premietacie miesta.<\/p>\n","protected":false},"excerpt":{"rendered":"<p>Autor: Matej Uhl\u00e1r \/ FOTO: Jakub Kov\u00e1\u010d Jeho film Spolu (2018) sa premietal na r\u00f4znych svetov\u00fdch festivaloch, medzi in\u00fdmi aj na v\u00fdznamnom queer festivale Inside Out v Toronte. Od roku 2019 je \u010dlenom t\u00edmu Filmov\u00e9ho festivalu inakosti, kde v&nbsp;s\u00fa\u010dasnosti p\u00f4sob\u00ed ako programov\u00fd dramaturg. Na \u010do sa m\u00f4\u017eeme po\u010das podujatia te\u0161i\u0165 tento rok?&nbsp; Ako si sa <a href=\"https:\/\/duhovyrok.sk\/qys\/david-benedek-o-ffi-prinasame-teraz-asi-najviac-zanrovych-filmov-vo-svojej-historii\/\" class=\"more-link\">&#8230;<\/a><\/p>\n","protected":false},"author":21,"featured_media":3758,"comment_status":"closed","ping_status":"closed","sticky":false,"template":"","format":"standard","meta":{"footnotes":""},"categories":[254,9,10],"tags":[405,406,56,146],"class_list":["post-3719","post","type-post","status-publish","format-standard","has-post-thumbnail","hentry","category-film","category-queer-historia","category-kultura","tag-david-benedek","tag-dramaturg","tag-filmovy-festival-inakosti","tag-queer-film"],"_links":{"self":[{"href":"https:\/\/duhovyrok.sk\/qys\/wp-json\/wp\/v2\/posts\/3719","targetHints":{"allow":["GET"]}}],"collection":[{"href":"https:\/\/duhovyrok.sk\/qys\/wp-json\/wp\/v2\/posts"}],"about":[{"href":"https:\/\/duhovyrok.sk\/qys\/wp-json\/wp\/v2\/types\/post"}],"author":[{"embeddable":true,"href":"https:\/\/duhovyrok.sk\/qys\/wp-json\/wp\/v2\/users\/21"}],"replies":[{"embeddable":true,"href":"https:\/\/duhovyrok.sk\/qys\/wp-json\/wp\/v2\/comments?post=3719"}],"version-history":[{"count":3,"href":"https:\/\/duhovyrok.sk\/qys\/wp-json\/wp\/v2\/posts\/3719\/revisions"}],"predecessor-version":[{"id":3766,"href":"https:\/\/duhovyrok.sk\/qys\/wp-json\/wp\/v2\/posts\/3719\/revisions\/3766"}],"wp:featuredmedia":[{"embeddable":true,"href":"https:\/\/duhovyrok.sk\/qys\/wp-json\/wp\/v2\/media\/3758"}],"wp:attachment":[{"href":"https:\/\/duhovyrok.sk\/qys\/wp-json\/wp\/v2\/media?parent=3719"}],"wp:term":[{"taxonomy":"category","embeddable":true,"href":"https:\/\/duhovyrok.sk\/qys\/wp-json\/wp\/v2\/categories?post=3719"},{"taxonomy":"post_tag","embeddable":true,"href":"https:\/\/duhovyrok.sk\/qys\/wp-json\/wp\/v2\/tags?post=3719"}],"curies":[{"name":"wp","href":"https:\/\/api.w.org\/{rel}","templated":true}]}}