{"id":3704,"date":"2022-10-11T16:15:00","date_gmt":"2022-10-11T14:15:00","guid":{"rendered":"https:\/\/duhovyrok.sk\/qys\/?p=3704"},"modified":"2022-10-12T16:21:22","modified_gmt":"2022-10-12T14:21:22","slug":"robert-pakan-z-drama-queer-ludi-potrebujeme-na-queer-temy-pripravit-aj-divadlom","status":"publish","type":"post","link":"https:\/\/duhovyrok.sk\/qys\/robert-pakan-z-drama-queer-ludi-potrebujeme-na-queer-temy-pripravit-aj-divadlom\/","title":{"rendered":"R\u00f3bert Pakan z Drama Queer: \u013dud\u00ed potrebujeme na queer t\u00e9my pripravi\u0165 aj divadlom"},"content":{"rendered":"\n<p><strong>Autor: Matej Uhl\u00e1r<\/strong> \/ <strong>Foto: Jakub Kov\u00e1\u010d<\/strong><\/p>\n\n\n\n<p><strong>Meno R\u00f3berta Pakana sa sp\u00e1ja aj s viacer\u00fdmi \u00faspe\u0161n\u00fdmi udalos\u0165ami, ktor\u00e9 pom\u00e1haj\u00fa za\u010dle\u0148ova\u0165 queer komunitu do spolo\u010dnosti. Vo svojej pr\u00e1ci zd\u00f4raz\u0148uje, \u017ee LGBTI+ \u013eudia ju m\u00f4\u017eu obohati\u0165 pracovitos\u0165ou a kreativitou. Dok\u00e1\u017ee to aj na 10. ro\u010dn\u00edku divadeln\u00e9ho festivalu Drama Queer.<\/strong><\/p>\n\n\n\n<p><strong>Festival Drama Queer sa te\u0161\u00ed ob\u013eube u\u017e 10 rokov. Ako sa za ten \u010das zmenila jeho identita?<\/strong><\/p>\n\n\n\n<p>Za posledn\u00e9 roky sa skuto\u010dne zna\u010dne zmenila. Od za\u010diatku sme Drama Queer budovali ako \u010fal\u0161iu nov\u00fa m\u00fazu \u2013 nebin\u00e1rnu queer m\u00fazu, ktor\u00e1 prin\u00e1\u0161a nov\u00e9 umenie pre v\u0161etk\u00fdch. Hrali sme sa s&nbsp;rorschachovsk\u00fdmi \u0161kvrnami. Na z\u00e1klade ich interpret\u00e1cie m\u00f4\u017eeme odha\u013eova\u0165 na\u0161u skryt\u00fa osobnos\u0165. M\u00f4\u017eeme v&nbsp;nich n\u00e1js\u0165 domov, l\u00faku s&nbsp;mot\u00fd\u013emi a&nbsp;drag v\u00edlami, \u010di odhali\u0165 jasky\u0148u na\u0161ich vlastn\u00fdch d\u00e9monov. Test v&nbsp;skuto\u010dnosti pozost\u00e1va len z&nbsp;desiatich kariet, no my ich dop\u013a\u0148ame o&nbsp;\u010fal\u0161ie, povedzme divadeln\u00e9 karty, ktor\u00e9 s\u00fa rozdan\u00e9 po\u010das ka\u017ed\u00e9ho divadeln\u00e9ho predstavenia a&nbsp;pomocou metaforick\u00fdch divadeln\u00fdch \u201e\u0161kv\u0155n\u201c a&nbsp;ich vlastnej interpret\u00e1cie m\u00f4\u017eeme v\u0161etci a&nbsp;v\u0161etky odha\u013eova\u0165 k\u00fasok seba. Pomaly v\u0161ak od tejto vizuality up\u00fa\u0161\u0165ame a&nbsp;teraz sa sk\u00f4r venujeme h\u013eadaniu rozmanitosti, aj ke\u010f my\u0161lienka ost\u00e1va od po\u010diatku rovnak\u00e1. Sk\u00fasme divadlom porozumie\u0165 sebe, aby n\u00e1m mohli porozumie\u0165 aj ostatn\u00ed \u013eudia.<\/p>\n\n\n\n<p><strong>Napredovanie a za\u010dle\u0148ovanie queer komunity do spolo\u010dnosti ide na Slovensku len ve\u013emi mal\u00fdmi krokmi. Nie je preto n\u00e1ro\u010dn\u00e9 oslovi\u0165 ka\u017ed\u00fd rok n\u00e1v\u0161tevn\u00edkov nie\u010d\u00edm nov\u00fdm?<\/strong><\/p>\n\n\n\n<p>Festival ka\u017ed\u00fdm rokom rastie nielen n\u00e1ro\u010dnos\u0165ou predstaven\u00ed, ale aj publikom. Pr\u00e1ve queer umenie sa za\u010d\u00edna dost\u00e1va\u0165 do h\u013ead\u00e1\u010dika n\u00e1ro\u010dnej\u0161ieho publika, a&nbsp;to je ve\u013emi pozit\u00edvny sign\u00e1l aj pre cel\u00fa queer komunitu.<\/p>\n\n\n\n<p><strong>Stret\u00e1vam sa s n\u00e1zorom, \u017ee divadlo, ktor\u00e9 by sa zameralo v\u00fdhradne na LGBT problematiku, na Slovensku nem\u00e1 zmysel, preto\u017ee n\u00e1rod nie je na to pripraven\u00fd. Zd\u00e1 sa ale, \u017ee v\u00e1m sa podarilo n\u00e1js\u0165 ten spr\u00e1vny k\u013e\u00fa\u010d \u00faspechu.<\/strong><\/p>\n\n\n\n<p>N\u00e1rod nikdy nebude na ni\u010d pripraven\u00fd bez pr\u00edpravy. My slovenskej spolo\u010dnosti t\u00fato pr\u00edpravu pr\u00e1ve poskytujeme. V\u0161etci a&nbsp;v\u0161etky sa u\u010d\u00edme a&nbsp;je potrebn\u00e9 sa nau\u010di\u0165 aj by\u0165 div\u00e1kom \u010di div\u00e1\u010dkou,&nbsp;neb\u00e1\u0165 sa otv\u00e1ra\u0165 a&nbsp;prija\u0165 aj nov\u00e9 divadeln\u00e9 \u017e\u00e1nre \u010di pr\u00edstupy. Sk\u00f4r m\u00e1m probl\u00e9m s&nbsp;t\u00fdm, \u017ee n\u00e1s valcuje online svet a&nbsp;\u013eudia,&nbsp;hlavne t\u00ed mlad\u00ed, nie s\u00fa nau\u010den\u00ed chodi\u0165 pravidelne do divadla. Je to v\u0161ak \u0161koda.<\/p>\n\n\n\n<p><strong>Dnes u\u017e sa z \u010dasu na \u010das objav\u00ed nejak\u00e1 \u201etepl\u00e1\u201c inscen\u00e1cia aj na javisk\u00e1ch be\u017en\u00fdch divadiel. \u010c\u00edm sa tieto predstavenia l\u00ed\u0161ia od t\u00fdch, ktor\u00e9 m\u00f4\u017eu div\u00e1ci vidie\u0165 na festivale?<\/strong><\/p>\n\n\n\n<p>Re\u017eijn\u00fd a&nbsp;dramaturgick\u00fd koncept v\u00e4\u010d\u0161iny festivalov\u00fdch inscen\u00e1ci\u00ed je sk\u00f4r netradi\u010dn\u00fd a&nbsp;vyu\u017e\u00edva nov\u00e9 divadeln\u00e9 prostriedky. Nepovedal by som, \u017ee v&nbsp;kamenn\u00fdch divadl\u00e1ch sa takto neinscenuje, a&nbsp;preto sa div\u00e1ci a&nbsp;div\u00e1\u010dky na festivale m\u00f4\u017eu stretn\u00fa\u0165 s&nbsp;inscen\u00e1ciami, ktor\u00e9 s\u00fa aj z&nbsp;nez\u00e1visl\u00fdch, aj z kamenn\u00fdch divadiel. M\u00e1m v\u0161ak pocit, \u017ee nez\u00e1visl\u00e9 divadl\u00e1 pracuj\u00fa \u010dastej\u0161ie s&nbsp;autenticitou a ich tvorba&nbsp;vych\u00e1dza hlb\u0161ie zo samotn\u00fdch tvorcov a&nbsp;tvork\u00fd\u0148. Pri kamenn\u00fdch divadl\u00e1ch m\u00e1m tak\u00fd pocit zriedkavej\u0161ie. Dnes je divadlo aj m\u00e9diom na vyrozpr\u00e1vanie pr\u00edbehov LGBTI+ \u013eud\u00ed. Ich sc\u00e9nick\u00e9 spracovanie pribli\u017euje tieto pr\u00edbehy \u0161irok\u00e9mu publiku, ktor\u00e9 sa st\u00e1va citlivej\u0161ie aj vo\u010di potreb\u00e1m na\u0161ej komunity.<\/p>\n\n\n\n<p><strong>Ak\u00e9 posolstv\u00e1, z\u00e1\u017eitky \u010di sk\u00fasenosti si m\u00f4\u017eu z festivalu odnies\u0165 n\u00e1v\u0161tevn\u00edci?<\/strong><\/p>\n\n\n\n<p>Platforma festivalu pon\u00faka nov\u00e9 prostredie na stret\u00e1vanie a&nbsp;spozn\u00e1vanie nielen divadeln\u00e9ho umenia, ale aj nov\u00e9 priate\u013estv\u00e1 medzi samotn\u00fdmi div\u00e1kmi. \u010casto sa div\u00e1ci a&nbsp;div\u00e1\u010dky po programe zoznamuj\u00fa a&nbsp;zdie\u013eaj\u00fa svoj divadeln\u00fd z\u00e1\u017eitok. Ten po \u010dase vyprch\u00e1, ale tesne po predstaven\u00ed je ve\u013emi siln\u00fd a&nbsp;jeho zdie\u013ean\u00edm je mo\u017en\u00e9 ho e\u0161te umocni\u0165. Je d\u00f4le\u017eit\u00e9, ke\u010f sa na\u0161e publikum vie s&nbsp;posolstvami tej-ktorej inscen\u00e1cie stoto\u017eni\u0165 alebo si ich potvrdi\u0165. V&nbsp;dne\u0161nej dobe je ve\u013emi d\u00f4le\u017eit\u00e9 si svoje mor\u00e1lne a&nbsp;etick\u00e9 postoje udr\u017ea\u0165 a&nbsp;rozv\u00edja\u0165 a&nbsp;osobnostne i&nbsp;umelecky prosperova\u0165.<\/p>\n\n\n\n<p><strong>Pre\u010do by pod\u013ea v\u00e1s mal festival nav\u0161t\u00edvi\u0165 aj niekto, kto nepatr\u00ed do LGBT komunity?<\/strong><\/p>\n\n\n\n<p>Tak predov\u0161etk\u00fdm, my nesk\u00famame rodov\u00fa identitu alebo sexu\u00e1lnu orient\u00e1ciu na\u0161ich div\u00e1kov a&nbsp;div\u00e1\u010dok. Festival je pr\u00edstupn\u00fd pre \u0161irok\u00fa verejnos\u0165, a&nbsp;preto s\u00fa na \u0148om v\u00edtan\u00ed ka\u017ed\u00fd div\u00e1k a&nbsp;ka\u017ed\u00e1 div\u00e1\u010dka. Festival je profesion\u00e1lnou prehliadkou divadeln\u00e9ho a performat\u00edvneho umenia s&nbsp;fokusom na queer umenie, je to jeho dramaturgick\u00e9 v\u00fdchodisko. Te\u0161\u00edme sa na va\u0161u n\u00e1v\u0161tevu 10. ro\u010dn\u00edka Drama Queer 2022. Pripravili sme fascinuj\u00face divadeln\u00e9 kusy, preto vyu\u017eite jedine\u010dn\u00fa mo\u017enos\u0165 pr\u00eds\u0165 si ich pozrie\u0165 \u2013 opona je zdvihnut\u00e1.<\/p>\n\n\n\n<figure class=\"wp-block-image size-large\"><a href=\"https:\/\/tootoot.fm\/sk\/5d8b1a6c2a177a066832fdd3\"><img loading=\"lazy\" decoding=\"async\" width=\"1024\" height=\"1024\" src=\"https:\/\/duhovyrok.sk\/qys\/wp-content\/uploads\/sites\/2\/2022\/10\/309474529_525297082930221_4733120282136430923_n-1024x1024.jpg\" alt=\"\" class=\"wp-image-3675\" srcset=\"https:\/\/duhovyrok.sk\/qys\/wp-content\/uploads\/sites\/2\/2022\/10\/309474529_525297082930221_4733120282136430923_n-1024x1024.jpg 1024w, https:\/\/duhovyrok.sk\/qys\/wp-content\/uploads\/sites\/2\/2022\/10\/309474529_525297082930221_4733120282136430923_n-700x700.jpg 700w, https:\/\/duhovyrok.sk\/qys\/wp-content\/uploads\/sites\/2\/2022\/10\/309474529_525297082930221_4733120282136430923_n-150x150.jpg 150w, https:\/\/duhovyrok.sk\/qys\/wp-content\/uploads\/sites\/2\/2022\/10\/309474529_525297082930221_4733120282136430923_n.jpg 1081w\" sizes=\"auto, (max-width: 1024px) 100vw, 1024px\" \/><\/a><figcaption>Viac o programe 10.  ro\u010dn\u00edka divadeln\u00e9ho festivalu Drama Queer 2022 n\u00e1jdete <a href=\"https:\/\/tootoot.fm\/sk\/5d8b1a6c2a177a066832fdd3\" target=\"_blank\" rel=\"noreferrer noopener\">TU<\/a>.<\/figcaption><\/figure>\n","protected":false},"excerpt":{"rendered":"<p>Autor: Matej Uhl\u00e1r \/ Foto: Jakub Kov\u00e1\u010d Meno R\u00f3berta Pakana sa sp\u00e1ja aj s viacer\u00fdmi \u00faspe\u0161n\u00fdmi udalos\u0165ami, ktor\u00e9 pom\u00e1haj\u00fa za\u010dle\u0148ova\u0165 queer komunitu do spolo\u010dnosti. Vo svojej pr\u00e1ci zd\u00f4raz\u0148uje, \u017ee LGBTI+ \u013eudia ju m\u00f4\u017eu obohati\u0165 pracovitos\u0165ou a kreativitou. Dok\u00e1\u017ee to aj na 10. ro\u010dn\u00edku divadeln\u00e9ho festivalu Drama Queer. Festival Drama Queer sa te\u0161\u00ed ob\u013eube u\u017e 10 <a href=\"https:\/\/duhovyrok.sk\/qys\/robert-pakan-z-drama-queer-ludi-potrebujeme-na-queer-temy-pripravit-aj-divadlom\/\" class=\"more-link\">&#8230;<\/a><\/p>\n","protected":false},"author":21,"featured_media":3365,"comment_status":"closed","ping_status":"closed","sticky":false,"template":"","format":"standard","meta":{"footnotes":""},"categories":[256,6,258],"tags":[43,47,54,266,145,159,404],"class_list":["post-3704","post","type-post","status-publish","format-standard","has-post-thumbnail","hentry","category-divadlo","category-pribehy-lgbti-ludi","category-vizualne-umenie","tag-divadlo","tag-drama-queer","tag-festival","tag-from-qys","tag-queer-divadlo","tag-queer-kultura","tag-robert-pakan-2"],"_links":{"self":[{"href":"https:\/\/duhovyrok.sk\/qys\/wp-json\/wp\/v2\/posts\/3704","targetHints":{"allow":["GET"]}}],"collection":[{"href":"https:\/\/duhovyrok.sk\/qys\/wp-json\/wp\/v2\/posts"}],"about":[{"href":"https:\/\/duhovyrok.sk\/qys\/wp-json\/wp\/v2\/types\/post"}],"author":[{"embeddable":true,"href":"https:\/\/duhovyrok.sk\/qys\/wp-json\/wp\/v2\/users\/21"}],"replies":[{"embeddable":true,"href":"https:\/\/duhovyrok.sk\/qys\/wp-json\/wp\/v2\/comments?post=3704"}],"version-history":[{"count":1,"href":"https:\/\/duhovyrok.sk\/qys\/wp-json\/wp\/v2\/posts\/3704\/revisions"}],"predecessor-version":[{"id":3705,"href":"https:\/\/duhovyrok.sk\/qys\/wp-json\/wp\/v2\/posts\/3704\/revisions\/3705"}],"wp:featuredmedia":[{"embeddable":true,"href":"https:\/\/duhovyrok.sk\/qys\/wp-json\/wp\/v2\/media\/3365"}],"wp:attachment":[{"href":"https:\/\/duhovyrok.sk\/qys\/wp-json\/wp\/v2\/media?parent=3704"}],"wp:term":[{"taxonomy":"category","embeddable":true,"href":"https:\/\/duhovyrok.sk\/qys\/wp-json\/wp\/v2\/categories?post=3704"},{"taxonomy":"post_tag","embeddable":true,"href":"https:\/\/duhovyrok.sk\/qys\/wp-json\/wp\/v2\/tags?post=3704"}],"curies":[{"name":"wp","href":"https:\/\/api.w.org\/{rel}","templated":true}]}}