{"id":3679,"date":"2022-10-11T19:56:20","date_gmt":"2022-10-11T17:56:20","guid":{"rendered":"https:\/\/duhovyrok.sk\/qys\/?p=3679"},"modified":"2022-10-11T19:57:46","modified_gmt":"2022-10-11T17:57:46","slug":"peter-kalla-pokial-chceme-destigmatizovat-hiv-musime-zacat-od-sexuality","status":"publish","type":"post","link":"https:\/\/duhovyrok.sk\/qys\/peter-kalla-pokial-chceme-destigmatizovat-hiv-musime-zacat-od-sexuality\/","title":{"rendered":"Peter Kalla: Pokia\u013e chceme destigmatizova\u0165 HIV, mus\u00edme za\u010da\u0165 od sexuality"},"content":{"rendered":"\n<p><strong>Autor: Andrej Kuruc \/ Foto: Arch\u00edv Petra Kallu<\/strong><\/p>\n\n\n\n<p><strong>Od roku 2005 \u017eije so statusom HIV a&nbsp;verejne hovor\u00ed o&nbsp;svojich sk\u00fasenostiach a&nbsp;rie\u0161i prevenciu HIV. Pr\u00e1vnik Peter Kalla mal tri dlhodobej\u0161ie vz\u0165ahy. V&nbsp;s\u00fa\u010dasnosti je na lie\u010dbe, je zdrav\u00fd a&nbsp;\u017eije s&nbsp;partnerom v&nbsp;Prahe.<\/strong> <strong>Spolo\u010dne s lesbick\u00fdm p\u00e1rom vychov\u00e1vaj\u00fa dve deti. Aj na z\u00e1klade rozhovoru s n\u00edm vznikla inscen\u00e1cia Pand\u00e9mia+ divadla NOMANTINELS, ktor\u00e1 bude ma\u0165 premi\u00e9ru 17. okt\u00f3bra 2022 v&nbsp;Kult\u00farnom centre Pakt.<\/strong><\/p>\n\n\n\n<p>O&nbsp;HIV sa Peter dozvedel v&nbsp;polovici 80. rokov. \u201eBol som v&nbsp;druhej triede. Po\u010dul som od spolu\u017eiakov desiv\u00e9 veci. Objavila sa vraj stra\u0161n\u00e1 choroba. Ke\u010f sa \u010dlovek napr\u00edklad pichne, m\u00e1 triesku, m\u00f4\u017ee umrie\u0165,\u201c vysvet\u013euje. Smrte\u013enou chorobou sa v minulosti hrozilo v&nbsp;telke, v \u0161kole, doma. \u201eJe to choroba homosexu\u00e1lov. Zdvihnut\u00fd prst bo\u017e\u00ed, vo\u010di t\u00fdm, \u010do sa spr\u00e1vaj\u00fa promiskuitne,\u201c dod\u00e1va.<\/p>\n\n\n\n<p>Peter chodil sedem rokov s&nbsp;diev\u010da\u0165om, hoci sa mu v\u017edy p\u00e1\u010dili chlapci. \u201eMyslel som si, \u017ee som bisexu\u00e1lny. Pri predstav\u00e1ch milovania s&nbsp;mu\u017eom ma dr\u00e1\u017edili v\u00fd\u010ditky svedomia,\u201c opisuje Peter. Ke\u010f videl dvoch chlapcov, ako sa ved\u00fa za ruky, bol nepr\u00ed\u010detn\u00fd, lebo ho to l\u00e1kalo.<\/p>\n\n\n\n<p>Ke\u010f mal Peter 24, i\u0161iel na Erasmus do Hamburgu. Jeho spolub\u00fdvaj\u00faci bol gej. \u201eSna\u017eil som sa dr\u017ea\u0165, ale moja priate\u013eka za mnou nejazdila. Raz mala sk\u00fa\u0161ky, potom men\u0161tru\u00e1ciu.\u201c A tak sa po tri\u0161tvrte roku rozhodol, \u017ee p\u00f4jde s&nbsp;t\u00fdm kamo\u0161om von. \u201eRozbehol sa obrovsk\u00fd \u017e\u00far. Bary, p\u00e1rty, drogy, mu\u017ei, sex. Trvalo to nieko\u013eko mesiacov. Ke\u010f som sa vr\u00e1til, rozi\u0161iel som sa s&nbsp;priate\u013ekou a vyoutoval sa rodi\u010dom,\u201c spom\u00edna Peter.<\/p>\n\n\n\n<p>Na HIV testoch bol tesne po tom, \u010do sa vr\u00e1til z&nbsp;Nemecka, potom dlh\u0161ie nie, na\u0161iel si v&nbsp;tom \u010dase tie\u017e partnera. \u201eV&nbsp;roku 2005 som prech\u00e1dzal k&nbsp;novej doktorke. Ku kamar\u00e1tke lesbe. Nechal som si urobi\u0165 kompletn\u00e9 testy. V&nbsp;ten de\u0148 som sa u\u010dil na justi\u010dn\u00e9 sk\u00fa\u0161ky. Zazvonil mi telef\u00f3n. Povedala mi zad\u00fdchane: Si pozit\u00edvny. Z\u00e1jdi si na Bulovku. Mo\u017eno je to plan\u00fd poplach, ale&#8230;,\u201c spom\u00ednal Peter.<\/p>\n\n\n\n<p>Hne\u010f na mieste sa zr\u00fatil, mal posledn\u00fd de\u0148 pred \u0161tudijn\u00fdm vo\u013enom pred advok\u00e1tskymi sk\u00fa\u0161kami. Nevedel, od koho sa infikoval. \u201eZavolal som frajerovi. Hovor\u00edm mu: Nechcem, aby si so mnou bol. Chcem sa roz\u00eds\u0165. A&nbsp;on na to: Neblbni. E\u0161te ni\u010d nevieme. Pr\u00eddem po teba do pr\u00e1ce,\u201c popisoval Peter partnerovu reakciu. Na Petra sa nabalili negat\u00edvne my\u0161lienky. Myslel si, \u017ee v\u0161etko hne\u010f kon\u010d\u00ed. \u017de nem\u00e1 zmysel robi\u0165 sk\u00fa\u0161ky, pripadal si ne\u010dist\u00fd, \u017ee sa ho nikto nesmie dotkn\u00fa\u0165. \u201eB\u00fdval\u00fd priate\u013e ma vyzdvihol o&nbsp;piatej hodine v&nbsp;pr\u00e1ci. I\u0161li sme cez Letn\u00fa, cez hrad, Pet\u0159\u00edn, cez mesto na Vinohrady. Sedeli sme na lavi\u010dke a ml\u010dali,\u201c opisoval Peter. B\u00fdval\u00e9mu priate\u013eovi sa podarilo v&nbsp;\u0148om vzbudi\u0165 trochu z\u00e1ujem o&nbsp;bud\u00facnos\u0165. Robili si aj srandu, \u017ee keby to nezvl\u00e1dol fyzicky alebo ment\u00e1lne v&nbsp;Prahe v&nbsp;advok\u00e1cii, \u017ee od\u00eddu na vidiek. A&nbsp;ve\u010der si pozreli <em>Anjelov v&nbsp;Amerike<\/em>, zn\u00e1my pr\u00edbeh o HIV, ktor\u00fd mal tie\u017e \u0161\u0165astn\u00fd koniec.<\/p>\n\n\n\n<p>Druh\u00fd de\u0148 mal Peter za \u00falohu poveda\u0165 v\u0161etk\u00fdm partnerom o svojej diagn\u00f3ze. Za\u010dal b\u00fdvalou priate\u013ekou. Odkedy za\u010dal spa\u0165 s&nbsp;chlapcami, sex nemali. Zavolal jej. \u201ePriv\u00edtala ma so slovami: U\u017e to viem. Zostal som ako obaren\u00fd. T\u00e1 doktorka bola aj jej kamar\u00e1tkou,\u201c vysvet\u013eoval Peter. Na\u0161\u0165astie bola negat\u00edvna, ale odvtedy komunik\u00e1ciu u\u0165ali, ob\u010das sa vidia u\u017e len na \u0161kolskom zraze.<\/p>\n\n\n\n<figure class=\"wp-block-image size-large\"><a href=\"https:\/\/duhovyrok.sk\/nomantinels\/2022\/09\/12\/pandemia\/\"><img loading=\"lazy\" decoding=\"async\" width=\"1024\" height=\"1024\" src=\"https:\/\/duhovyrok.sk\/qys\/wp-content\/uploads\/sites\/2\/2022\/10\/307365945_517817073678222_4097818639190701630_n-1024x1024.jpg\" alt=\"\" class=\"wp-image-3680\" srcset=\"https:\/\/duhovyrok.sk\/qys\/wp-content\/uploads\/sites\/2\/2022\/10\/307365945_517817073678222_4097818639190701630_n-1024x1024.jpg 1024w, https:\/\/duhovyrok.sk\/qys\/wp-content\/uploads\/sites\/2\/2022\/10\/307365945_517817073678222_4097818639190701630_n-700x700.jpg 700w, https:\/\/duhovyrok.sk\/qys\/wp-content\/uploads\/sites\/2\/2022\/10\/307365945_517817073678222_4097818639190701630_n-150x150.jpg 150w, https:\/\/duhovyrok.sk\/qys\/wp-content\/uploads\/sites\/2\/2022\/10\/307365945_517817073678222_4097818639190701630_n.jpg 1080w\" sizes=\"auto, (max-width: 1024px) 100vw, 1024px\" \/><\/a><figcaption>Viac o inscen\u00e1cii Pand\u00e9mia+ sa do\u010d\u00edtate <a rel=\"noreferrer noopener\" href=\"https:\/\/duhovyrok.sk\/nomantinels\/2022\/09\/12\/pandemia\/\" target=\"_blank\">TU<\/a>.<\/figcaption><\/figure>\n\n\n\n<p>Svojim kamar\u00e1tom to povedal Peter a\u017e po nejakom \u010dase. Reakcie boli v&nbsp;pohode. Rodina pri\u0161la na rad ove\u013ea nesk\u00f4r, trvalo to nieko\u013eko rokov. Mama sa&nbsp;to nikdy nedozvedela, ke\u010f\u017ee mu zomrela. A\u017e pred dvoma rokmi bol u&nbsp;otca cez v\u00edkend. \u201eSedeli sme na k\u00e1ve na z\u00e1hrade. A&nbsp;popri debate o&nbsp;po\u010das\u00ed som mu to povedal. Chcel som, aby vedel, kto vlastne som. Otec chv\u00ed\u013eu prem\u00fd\u0161\u013eal a&nbsp;povedal, \u017ee je r\u00e1d, \u017ee to vie. Za\u010dali sme vtipkova\u0165, \u017ee m\u00e1me t\u00e9mu pre na\u0161e rozhovory. M\u00f4\u017eeme sa bavi\u0165 o&nbsp;doktoroch a&nbsp;liekoch,\u201c dod\u00e1va s \u00fasmevom. S\u00farodencom poslal len drsn\u00fa esemesku. Nechcel, aby mu vy\u010d\u00edtali, \u017ee sa to jeden dozvedel sk\u00f4r ako druh\u00fd. Najstar\u0161ia sestra tvrdila, \u017ee si to myslela. \u201eV\u0161imla si, ke\u010f bola u&nbsp;n\u00e1s na n\u00e1v\u0161teve s&nbsp;de\u0165mi, \u017ee dvakr\u00e1t denne beriem pr\u00e1\u0161ky. Mal som nastaven\u00e9 zvonenie na mobile, kedy ich m\u00e1m bra\u0165,\u201c vysvet\u013euje Peter.<\/p>\n\n\n\n<p>Potom nasledoval u\u017e len verejn\u00fd coming out.&nbsp; Rozhovor o&nbsp;tom poskytol v r\u00e1mci podcastu \u017divot plus na Prague Pride a&nbsp;nesk\u00f4r urobil aj \u010fal\u0161\u00ed s&nbsp;Filipom Titlbachom do <em>Denn\u00edka N<\/em>.<\/p>\n\n\n\n<p>\u010co sa t\u00fdka lek\u00e1rskej pomoci, Peter si spom\u00edna na Bulovku, kliniku, kde sa lie\u010dilo HIV. \u201eI\u0161lo sa na \u0148u pod pavla\u010dou, divn\u00fdm schodiskom, \u00faplne vzadu hore. Pani docentka Stankov\u00e1 bola skvel\u00e1, ale drsn\u00e1. Ozn\u00e1mila mi: Obaja vieme, pre\u010do ste tu.\u201c Doktori sa v tom \u010dase sna\u017eili by\u0165 opatrn\u00ed. Dali mu podp\u00edsa\u0165 vyhl\u00e1senie. \u201eV&nbsp;\u0148om st\u00e1lo, \u017ee keby sa moja krv objavila na oble\u010den\u00ed alebo na nie\u010dom, tak to m\u00e1m sp\u00e1li\u0165 alebo zlikvidova\u0165 za pomoci Sava. V&nbsp;s\u00fa\u010dasnosti sa to u\u017e zmenilo,\u201c opisuje Peter vtedaj\u0161iu prax.<\/p>\n\n\n\n<p>Peter dostal HIV v&nbsp;roku 2005, vtedy sa s lie\u010dbou neza\u010dalo hne\u010f. Lek\u00e1ri sa b\u00e1li, \u017ee si \u010dlovek vytvor\u00ed rezistenciu na lieky, ktor\u00e9 berie. Bolo z nich vtedy iba m\u00e1lo druhov. Mysleli si, \u017ee ke\u010f oddialia lie\u010dbu, d\u00e1vaj\u00fa t\u00fdm \u0161ancu \u010dloveku dlh\u0161ie vydr\u017ea\u0165. \u010cakali dlho a\u017e do okamihu, ke\u010f padli CD4-ky pod 300. Bunky CD4, niekedy tie\u017e naz\u00fdvan\u00e9 T-lymfocyty alebo T-pomocn\u00e9 lymfocyty, s\u00fa biele krvinky, ktor\u00e9 organizuj\u00fa obranu imunitn\u00e9ho syst\u00e9mu proti bakteri\u00e1lnym, ples\u0148ov\u00fdm alebo v\u00edrusov\u00fdm infekci\u00e1m. Zvy\u010dajn\u00fd po\u010det buniek CD4 u HIV negat\u00edvneho mu\u017ea sa pohybuje medzi 400 a\u017e 1 600 na mm\u00b3 krvi. Po\u010det buniek CD4 u HIV negat\u00edvnych \u017eien je zvy\u010dajne o nie\u010do vy\u0161\u0161\u00ed, medzi 500 a\u017e 1 700.<\/p>\n\n\n\n<p>\u201eKe\u010f sa dostanete pod dvesto, tak u\u017e sa hovor\u00ed o&nbsp;AIDS, pod 300 hroz\u00ed infekcia typu z\u00e1pal p\u013e\u00fac. A\u017e ke\u010f mi to padlo na 284, a\u017e vtedy zah\u00e1jili lie\u010dbu. Nechali mi zhump\u013eova\u0165 imunitu.\u201c<\/p>\n\n\n\n<figure class=\"wp-block-image size-large\"><img loading=\"lazy\" decoding=\"async\" width=\"1024\" height=\"683\" src=\"https:\/\/duhovyrok.sk\/qys\/wp-content\/uploads\/sites\/2\/2022\/10\/Peter-Kalla-foto_1-1024x683.jpg\" alt=\"\" class=\"wp-image-3693\" srcset=\"https:\/\/duhovyrok.sk\/qys\/wp-content\/uploads\/sites\/2\/2022\/10\/Peter-Kalla-foto_1-1024x683.jpg 1024w, https:\/\/duhovyrok.sk\/qys\/wp-content\/uploads\/sites\/2\/2022\/10\/Peter-Kalla-foto_1-700x467.jpg 700w, https:\/\/duhovyrok.sk\/qys\/wp-content\/uploads\/sites\/2\/2022\/10\/Peter-Kalla-foto_1-1536x1024.jpg 1536w, https:\/\/duhovyrok.sk\/qys\/wp-content\/uploads\/sites\/2\/2022\/10\/Peter-Kalla-foto_1-2048x1365.jpg 2048w\" sizes=\"auto, (max-width: 1024px) 100vw, 1024px\" \/><\/figure>\n\n\n\n<p>Pomerne dlho chodil s&nbsp;vysokou v\u00edrovou n\u00e1lo\u017eou. \u201eHyster\u010dil som, ke\u010f mi za\u010dala tiec\u0165 krv. Raz mi padlo poleno u&nbsp;rodi\u010dov na hlavu. Odh\u00e1\u0148al som bl\u00edzkych. Nech\u00e1pali. Kri\u010dal som: Jedin\u00fd, kto ma m\u00f4\u017ee o\u0161etri\u0165, je m\u00f4j priate\u013e,\u201c opisoval svoj strach.<\/p>\n\n\n\n<p>Peter si spom\u00edna, ke\u010f ako advok\u00e1t pracoval na pr\u00edpade policajta, ktor\u00e9ho prepustili z&nbsp;pol\u00edcie za to, \u017ee bol HIV pozit\u00edvny. Nasadili mu lie\u010dbu a&nbsp;v priebehu mesiaca i\u0161iel na nulu v detekovate\u013enosti v\u00edrusu. Ale oni ho medzit\u00fdm stihli vyhodi\u0165. Za\u010dali sa s\u00fadi\u0165 so \u0161t\u00e1tom. Kauza sa rie\u0161i dodnes. \u201ePre\u0161li sme cel\u00fdm in\u0161tan\u010dn\u00fdm syst\u00e9mom a\u017e k&nbsp;Najvy\u0161\u0161iemu s\u00fadu, ktor\u00fd povedal, \u017ee civiln\u00e9 s\u00fady to robi\u0165 nemali. Tak\u017ee sme za\u010dali nanovo v&nbsp;spr\u00e1vnom s\u00fadnictve,\u201c hovor\u00ed Peter o diskrimin\u00e1cii.<\/p>\n\n\n\n<p>Dnes sa na\u0161\u0165astie za\u010d\u00edna s&nbsp;lie\u010dbou \u010do najsk\u00f4r po zisten\u00ed pozitivity. Je to sp\u00f4sob prevencie prenosu. Liekov je dnes u\u017e ve\u013ek\u00e9 mno\u017estvo, a&nbsp;tak je v\u00e4\u010d\u0161ia variabilita a&nbsp;maj\u00fa menej ved\u013eaj\u0161\u00edch \u00fa\u010dinkov. \u201eS\u00fa schopn\u00e9 udr\u017ea\u0165 n\u00e1s vo ve\u013emi dobrej kond\u00edcii. U&nbsp;m\u0148a za\u010dali s&nbsp;lie\u010dbou asi 3 roky po diagnostikovan\u00ed. Vy\u0161plhal som sa nasp\u00e4\u0165 na hodnoty 680 \u2013 700 CD4 ako zdrav\u00fd \u010dlovek.\u201c<\/p>\n\n\n\n<p>Peter spom\u00edna, \u017ee diagn\u00f3za mala pr\u00ed\u0161ern\u00fd vplyv na jeho sexu\u00e1lny \u017eivot. Na nieko\u013eko rokov ho tot\u00e1lne zablokovala. Ke\u010f sa rozi\u0161li s&nbsp;b\u00fdval\u00fdm priate\u013eom, dal inform\u00e1cie o&nbsp;svojom HIV statuse na zoznamovaciu str\u00e1nku iboys. Zo za\u010diatku mal sex s&nbsp;HIV pozit\u00edvnymi a&nbsp;pok\u00fa\u0161al sa nadviaza\u0165 aj vz\u0165ah. Potom mu nap\u00edsal chlapec, ktor\u00fd bol negat\u00edvny. \u201e\u010casom priznal, \u017ee sa pozitivity ve\u013emi b\u00e1l. Pre neho to bola asi ve\u013ek\u00e1 bari\u00e9ra, aby ma oslovil. Po nejakom \u010dase sme sa videli a&nbsp;nesk\u00f4r sme za\u010dali spolu chodi\u0165,\u201c opisuje zozn\u00e1menie so s\u00fa\u010dasn\u00fdm partnerom.<\/p>\n\n\n\n<p>Peter za\u017eil aj nieko\u013eko situ\u00e1ci\u00ed diskrimin\u00e1cie kv\u00f4li HIV statusu. \u201eM\u00e1me s&nbsp;kamar\u00e1tmi kaviare\u0148 V&nbsp;caffe v&nbsp;Prahe. Stalo sa, \u017ee hos\u0165 tam prestal chodi\u0165, preto\u017ee sa dozvedel, \u017ee jeden z majite\u013eov je \u00fadajne pozit\u00edvny.\u201c Tie\u017e mal tepl\u00e9ho zub\u00e1ra, ktor\u00fd povedal: \u201eJa v\u00e1s odmietnu\u0165 nem\u00f4\u017eem, len bol by som rad\u0161ej, keby ste si na\u0161iel nejak\u00e9ho in\u00e9ho.\u201c Maj\u00fa len jedn\u00e9ho zub\u00e1ra na Bulovke, ktor\u00fd bol pre\u0165a\u017een\u00fd, s\u00e1m bol chor\u00fd, a&nbsp;tak Peter u\u017e sedem rokov nebol u&nbsp;\u017eiadneho. Aj na dent\u00e1lnej hygiene ho objedn\u00e1vaj\u00fa len na koniec d\u0148a. Ke\u010f mal urologick\u00fd probl\u00e9m, i\u0161iel do ambulancie, ktor\u00fa mal bl\u00edzko. Odtia\u013e ho posielali na Bulovku. Volal tam, odtia\u013e ho zas poslali tam, kde to m\u00e1 najbli\u017e\u0161ie.<\/p>\n\n\n\n<p>Spom\u00edna si tie\u017e na kamar\u00e1ta, ktor\u00fd pracuje v&nbsp;zdravotn\u00edctve. Po\u010das covidu chodil o\u010dkova\u0165 do N\u00e1rodn\u00e9ho o\u010dkovacieho centra. Ke\u010f tam niekto pri\u0161iel a&nbsp;povedal, \u017ee je HIV pozit\u00edvny, tak doktorka vysko\u010dila a&nbsp;povedala mu, nech si zoberie dvoje rukavice. On jej potom urobil predn\u00e1\u0161ku, ako sa to pren\u00e1\u0161a.<\/p>\n\n\n\n<p>Petrovi sa zd\u00e1 smutn\u00e9, \u017ee ani samotn\u00ed lek\u00e1ri nemaj\u00fa z\u00e1kladn\u00e9 inform\u00e1cie a&nbsp;na z\u00e1klade vn\u00fatorn\u00e9ho strachu stigmatizuj\u00fa \u013eud\u00ed s&nbsp;HIV statusom. Spom\u00edna si e\u0161te na jednu situ\u00e1ciu. \u201eKe\u010f som mal \u00faraz v&nbsp;Tirolsku, spadol som a brali ma vrtu\u013en\u00edkom. Povedal som o svojom statuse prv\u00e9mu z\u00e1chran\u00e1rovi. Potom prv\u00e9mu zriadencovi. Povedal som to aj sestre. Bol tam jeden doktor, ktor\u00fd hovoril po \u010desky. Poprosil som ho, aby mi podal pr\u00e1\u0161ky, ktor\u00e9 beriem pravidelne, \u017ee som HIV pozit\u00edvny, tak mi ich podal. Po chv\u00edli mi sestra i\u0161la vy\u010disti\u0165 \u0161krabance s&nbsp;dezinfekciou. Doktor k nej priletel a&nbsp;povedal sestre: Pozor, je pozit\u00edvny. Sestri\u010dka sa na neho usmiala a&nbsp;povedala mu: P\u00e1n doktor, ja to predsa viem,\u201c usmieva sa Peter.<\/p>\n\n\n\n<p>Pod\u013ea Petra mnoh\u00ed podce\u0148uj\u00fa prevenciu HIV. Najm\u00e4 \u0161t\u00e1t ju tvrdo zanedbal. Od 90. rokov 20. storo\u010dia na \u0148u d\u00e1va st\u00e1le m\u00e1lo pe\u0148az\u00ed. Jeden z&nbsp;najd\u00f4le\u017eitej\u0161\u00edch momentov prevencie je o&nbsp;tom hovori\u0165, \u010do je to za ochorenie, ak\u00e9 s\u00fa mo\u017enosti lie\u010dby, ak\u00e9 s\u00fa progn\u00f3zy a&nbsp;hlavne nemoralizova\u0165. \u201eLebo ak ja som nezodpovedn\u00fd t\u00fdm, \u017ee som promiskuitn\u00fd, tak m\u00f4j sused m\u00f4\u017ee by\u0165 nezodpovedn\u00fd vo\u010di svojmu zdraviu a&nbsp;telu t\u00fdm, \u017ee sa l\u00e1duje b\u00f4\u010dikom, niekto sa ka\u017ed\u00fd druh\u00fd ve\u010der opije, denne vyfaj\u010d\u00ed 60 cigariet alebo beh\u00e1 s&nbsp;mobilom v&nbsp;ruke a&nbsp;zraz\u00ed ho auto,\u201c d\u00e1va pr\u00edklady rizikov\u00e9ho spr\u00e1vania.<\/p>\n\n\n\n<p>Probl\u00e9m je aj v&nbsp;tom, \u017ee sexualita bola dlho ve\u013emi tabuizovan\u00e1. \u201eV&nbsp;\u010ceskej republike sme nemali AIDS kr\u00edzu, ale \u010d\u00edtali sme o&nbsp;nej, videli sme umrie\u0165 Freddieho Mercuryho. Potom sme sa dozvedeli, \u017ee existuje nejak\u00e1 lie\u010dba, \u017ee m\u00f4\u017ee by\u0165 vysoko efekt\u00edvna. A&nbsp;teraz vieme, \u017ee m\u00f4\u017ee zabr\u00e1ni\u0165 \u010fal\u0161iemu prenosu,\u201c hovor\u00ed Peter o d\u00f4le\u017eitosti lie\u010denia. Keby sa spr\u00edstupnila, keby boli \u013eudia testovan\u00ed pravidelne, najm\u00e4 skupiny, ktor\u00e9 sa pova\u017euj\u00fa za rizikov\u00e9, po\u010dty nakazen\u00fdch za\u010dn\u00fa potom e\u0161te v\u00fdraznej\u0161ie klesa\u0165. Pod\u013ea Petra nie sme s medic\u00ednou a\u017e tak \u010faleko, aby sme HIV \u00faplne vykyno\u017eili. \u201eMo\u017eno sa do\u017eijem toho, \u017ee budem vylie\u010den\u00fd.\u201c<\/p>\n\n\n\n<p>Probl\u00e9mom je ale aj nezodpovednos\u0165, upozor\u0148uje Peter. V&nbsp;\u010ceskej republike sa odhaduje, \u017ee maj\u00fa 500 a\u017e 600 \u013eud\u00ed, ktor\u00ed s\u00fa HIV pozit\u00edvni a nevedia o tom. Mnoh\u00ed z&nbsp;nich s\u00fa heterosexu\u00e1lne orientovan\u00ed, nielen z&nbsp;LGBTIQ+ komunity. Na Slovensku a&nbsp;\u010ceskej republike st\u00e1le dominuj\u00fa gejovia s HIV statusom, ale na z\u00e1pade sa choroba u\u017e \u010dastej\u0161ie pren\u00e1\u0161a u heterosexu\u00e1lne orientovan\u00fdch \u013eud\u00ed. V s\u00fa\u010dasnosti je napr\u00edklad&nbsp; 49 % nov\u00fdch diagn\u00f3z HIV v Anglicku zisten\u00fdch medzi&nbsp; heterosexu\u00e1lnymi&nbsp; \u013eu\u010fmi (s takmer rovnomern\u00fdm rozdelen\u00edm medzi mu\u017emi a \u017eenami), v porovnan\u00ed so 45 % u homosexu\u00e1lne a bisexu\u00e1lne orientovan\u00fdch mu\u017eov. Pri\u010dom heterosexu\u00e1lne orientovan\u00ed \u013eudia s\u00fa diagnostikovan\u00ed \u010dastej\u0161ie v neskor\u0161om \u0161t\u00e1diu. \u010ci\u017ee u\u017e nejde najm\u00e4 o chorobu gejov. \u201ePokia\u013e chceme destigmatizova\u0165 HIV, tak by sme mali tie\u017e destigmatizova\u0165 homosexualitu a&nbsp;v\u0161eobecne sexualitu,\u201c dod\u00e1va Peter.<\/p>\n\n\n\n<p>\u0160tatistiky hovoria o&nbsp;tom, \u017ee v&nbsp;krajin\u00e1ch, kde je pr\u00edstupn\u00e1 lie\u010dba, sa do\u017e\u00edvaj\u00fa \u013eudia s&nbsp;HIV statusom rovnak\u00e9ho veku ako in\u00e1 popul\u00e1cia, alebo len o&nbsp;nie\u010do menej. M\u00f4\u017ee to by\u0165 sp\u00f4soben\u00e9 t\u00fdm, \u017ee HIV pozit\u00edvny \u010dlovek je pravidelne zdravotne monitorovan\u00fd a&nbsp;v\u010faka tomu sa u\u0148ho zachytia aj in\u00e9 ochorenia, ktor\u00e9 sa u&nbsp;v\u00e4\u010d\u0161inovej popul\u00e1cie prehliadaj\u00fa.<\/p>\n","protected":false},"excerpt":{"rendered":"<p>Autor: Andrej Kuruc \/ Foto: Arch\u00edv Petra Kallu Od roku 2005 \u017eije so statusom HIV a&nbsp;verejne hovor\u00ed o&nbsp;svojich sk\u00fasenostiach a&nbsp;rie\u0161i prevenciu HIV. Pr\u00e1vnik Peter Kalla mal tri dlhodobej\u0161ie vz\u0165ahy. V&nbsp;s\u00fa\u010dasnosti je na lie\u010dbe, je zdrav\u00fd a&nbsp;\u017eije s&nbsp;partnerom v&nbsp;Prahe. Spolo\u010dne s lesbick\u00fdm p\u00e1rom vychov\u00e1vaj\u00fa dve deti. Aj na z\u00e1klade rozhovoru s n\u00edm vznikla inscen\u00e1cia Pand\u00e9mia+ divadla <a href=\"https:\/\/duhovyrok.sk\/qys\/peter-kalla-pokial-chceme-destigmatizovat-hiv-musime-zacat-od-sexuality\/\" class=\"more-link\">&#8230;<\/a><\/p>\n","protected":false},"author":2,"featured_media":3693,"comment_status":"closed","ping_status":"closed","sticky":false,"template":"","format":"standard","meta":{"footnotes":""},"categories":[256,6,259],"tags":[43,266,71,398,397,185],"class_list":["post-3679","post","type-post","status-publish","format-standard","has-post-thumbnail","hentry","category-divadlo","category-pribehy-lgbti-ludi","category-rozhovory","tag-divadlo","tag-from-qys","tag-hiv","tag-pandemia","tag-peter-kalla","tag-rozhovor"],"_links":{"self":[{"href":"https:\/\/duhovyrok.sk\/qys\/wp-json\/wp\/v2\/posts\/3679","targetHints":{"allow":["GET"]}}],"collection":[{"href":"https:\/\/duhovyrok.sk\/qys\/wp-json\/wp\/v2\/posts"}],"about":[{"href":"https:\/\/duhovyrok.sk\/qys\/wp-json\/wp\/v2\/types\/post"}],"author":[{"embeddable":true,"href":"https:\/\/duhovyrok.sk\/qys\/wp-json\/wp\/v2\/users\/2"}],"replies":[{"embeddable":true,"href":"https:\/\/duhovyrok.sk\/qys\/wp-json\/wp\/v2\/comments?post=3679"}],"version-history":[{"count":4,"href":"https:\/\/duhovyrok.sk\/qys\/wp-json\/wp\/v2\/posts\/3679\/revisions"}],"predecessor-version":[{"id":3697,"href":"https:\/\/duhovyrok.sk\/qys\/wp-json\/wp\/v2\/posts\/3679\/revisions\/3697"}],"wp:featuredmedia":[{"embeddable":true,"href":"https:\/\/duhovyrok.sk\/qys\/wp-json\/wp\/v2\/media\/3693"}],"wp:attachment":[{"href":"https:\/\/duhovyrok.sk\/qys\/wp-json\/wp\/v2\/media?parent=3679"}],"wp:term":[{"taxonomy":"category","embeddable":true,"href":"https:\/\/duhovyrok.sk\/qys\/wp-json\/wp\/v2\/categories?post=3679"},{"taxonomy":"post_tag","embeddable":true,"href":"https:\/\/duhovyrok.sk\/qys\/wp-json\/wp\/v2\/tags?post=3679"}],"curies":[{"name":"wp","href":"https:\/\/api.w.org\/{rel}","templated":true}]}}