{"id":3648,"date":"2022-07-01T18:42:00","date_gmt":"2022-07-01T16:42:00","guid":{"rendered":"https:\/\/duhovyrok.sk\/qys\/?p=3648"},"modified":"2022-10-29T07:43:53","modified_gmt":"2022-10-29T05:43:53","slug":"je-tu-nove-letne-vydanie-magazinu-qys","status":"publish","type":"post","link":"https:\/\/duhovyrok.sk\/qys\/je-tu-nove-letne-vydanie-magazinu-qys\/","title":{"rendered":"Je tu nov\u00e9 letn\u00e9 vydanie magaz\u00ednu QYS!"},"content":{"rendered":"\n<p>Je tu nov\u00e9 letn\u00e9 vydanie magaz\u00ednu QYS! \u2600\ufe0f\ud83c\udf08\ud83c\udfd6\ufe0f Hlavn\u00e9 t\u00e9my aktu\u00e1lneho \u010d\u00edsla s\u00fa d\u00fahov\u00e9 sprievody a queer literat\u00fara. \ud83c\udff3\ufe0f\u200d\ud83c\udf08\ud83c\udff3\ufe0f\u200d\u26a7\ud83d\udcd4<br>\u27a1\ufe0f Do\u010d\u00edtate sa v \u0148om:<\/p>\n\n\n\n<p>&#8211; Ako sa pripravuje PRIDE v Bratislave, Banskej Bystrici a v Ko\u0161iciach? <\/p>\n\n\n\n<p>&#8211; Ako si spr\u00e1vne vybra\u0165 oble\u010denie na Pride? <\/p>\n\n\n\n<p>&#8211; Rozhovor s \u010dlenkou t\u00edmu ukrajinsk\u00e9ho Pride-u v Charkive <\/p>\n\n\n\n<p>&#8211; Je sloven\u010dina pripraven\u00e1 na nebin\u00e1rnych \u013eud\u00ed? &#8211; Ako seri\u00e1l Heartstopper pom\u00f4\u017ee celej gener\u00e1cii queer \u013eud\u00ed?<\/p>\n\n\n\n<p>&#8211; Rozhovory s osobnos\u0165ami queer literat\u00fary Michalom Belejom, Janou Warcholovou, Michalom Tallom <\/p>\n\n\n\n<p>&#8211; Za\u010d\u00ednaj\u00faci autor \u0160imon Drgo\u0148a: Treba hovori\u0165 o drog\u00e1ch v komunite <\/p>\n\n\n\n<p>&#8211; Taliansky komiks otvoril zatia\u013e nezn\u00e1my pr\u00edbeh o gejoch po\u010das druhej svetovej vojny <\/p>\n\n\n\n<p>&#8211; Odpor\u00fa\u010danie na knihy so zauj\u00edmav\u00fdmi lesbick\u00fdmi a bi postavami <\/p>\n\n\n\n<p>&#8211; Rozhovor s moder\u00e1torkou talkshow V Tranzu Lenkou Kr\u00e1lovou<\/p>\n\n\n\n<p>A mnoho \u010fal\u0161ieho svel\u00e9ho \u010d\u00edtania&#8230;.<\/p>\n\n\n\n<p><br>\ud83d\udd0e Aktu\u00e1lne \u010d\u00edslo alebo ro\u010dn\u00e9 predplatn\u00e9 magaz\u00ednu QYS si m\u00f4\u017eete objedna\u0165 na adrese: info@nomantinels.sk \ud83d\udc48<\/p>\n\n\n\n<p><br>\ud83d\udcd6 Online vydanie magaz\u00ednu QYS n\u00e1jdete tu: <a href=\"https:\/\/issuu.com\/nomantinels\/docs\/qys_magaz_n_leto2022\" target=\"_blank\" rel=\"noreferrer noopener\">https:\/\/issuu.com\/nomantinels\/docs\/qys_magaz_n_leto2022<\/a><br><\/p>\n\n\n\n<p>\ud83d\udcf7 Tituln\u00e1 fotografia: Jakub Kov\u00e1\u010d x Luk\u00e1\u0161 Zahy<\/p>\n\n\n\n<p><br>\ud83d\ude4c Toto \u010d\u00edslo podporil <a rel=\"noreferrer noopener\" href=\"https:\/\/www.fpu.sk\/sk\/\" target=\"_blank\">Fond na podporu umenia<\/a>, <a rel=\"noreferrer noopener\" href=\"https:\/\/www.culture.gov.sk\/\" target=\"_blank\">Ministerstvo kult\u00fary Slovenskej republiky<\/a> a <a href=\"https:\/\/www.justice.gov.sk\/\" target=\"_blank\" rel=\"noreferrer noopener\">Ministerstvo spravodlivosti Slovenskej republiky<\/a>.<\/p>\n","protected":false},"excerpt":{"rendered":"<p>Je tu nov\u00e9 letn\u00e9 vydanie magaz\u00ednu QYS! \u2600\ufe0f\ud83c\udf08\ud83c\udfd6\ufe0f Hlavn\u00e9 t\u00e9my aktu\u00e1lneho \u010d\u00edsla s\u00fa d\u00fahov\u00e9 sprievody a queer literat\u00fara. \ud83c\udff3\ufe0f\u200d\ud83c\udf08\ud83c\udff3\ufe0f\u200d\u26a7\ud83d\udcd4\u27a1\ufe0f Do\u010d\u00edtate sa v \u0148om: &#8211; Ako sa pripravuje PRIDE v Bratislave, Banskej Bystrici a v Ko\u0161iciach? &#8211; Ako si spr\u00e1vne vybra\u0165 oble\u010denie na Pride? &#8211; Rozhovor s \u010dlenkou t\u00edmu ukrajinsk\u00e9ho Pride-u v Charkive &#8211; Je sloven\u010dina <a href=\"https:\/\/duhovyrok.sk\/qys\/je-tu-nove-letne-vydanie-magazinu-qys\/\" class=\"more-link\">&#8230;<\/a><\/p>\n","protected":false},"author":21,"featured_media":3649,"comment_status":"closed","ping_status":"closed","sticky":false,"template":"","format":"standard","meta":{"footnotes":""},"categories":[12],"tags":[266,395,101,102,103,110,121,122,142],"class_list":["post-3648","post","type-post","status-publish","format-standard","has-post-thumbnail","hentry","category-tipy","tag-from-qys","tag-leto","tag-lgbt-2","tag-lgbti","tag-lgbtq","tag-magazin-qys","tag-nomantinels","tag-nomantinels-divadlo","tag-queer"],"_links":{"self":[{"href":"https:\/\/duhovyrok.sk\/qys\/wp-json\/wp\/v2\/posts\/3648","targetHints":{"allow":["GET"]}}],"collection":[{"href":"https:\/\/duhovyrok.sk\/qys\/wp-json\/wp\/v2\/posts"}],"about":[{"href":"https:\/\/duhovyrok.sk\/qys\/wp-json\/wp\/v2\/types\/post"}],"author":[{"embeddable":true,"href":"https:\/\/duhovyrok.sk\/qys\/wp-json\/wp\/v2\/users\/21"}],"replies":[{"embeddable":true,"href":"https:\/\/duhovyrok.sk\/qys\/wp-json\/wp\/v2\/comments?post=3648"}],"version-history":[{"count":1,"href":"https:\/\/duhovyrok.sk\/qys\/wp-json\/wp\/v2\/posts\/3648\/revisions"}],"predecessor-version":[{"id":3650,"href":"https:\/\/duhovyrok.sk\/qys\/wp-json\/wp\/v2\/posts\/3648\/revisions\/3650"}],"wp:featuredmedia":[{"embeddable":true,"href":"https:\/\/duhovyrok.sk\/qys\/wp-json\/wp\/v2\/media\/3649"}],"wp:attachment":[{"href":"https:\/\/duhovyrok.sk\/qys\/wp-json\/wp\/v2\/media?parent=3648"}],"wp:term":[{"taxonomy":"category","embeddable":true,"href":"https:\/\/duhovyrok.sk\/qys\/wp-json\/wp\/v2\/categories?post=3648"},{"taxonomy":"post_tag","embeddable":true,"href":"https:\/\/duhovyrok.sk\/qys\/wp-json\/wp\/v2\/tags?post=3648"}],"curies":[{"name":"wp","href":"https:\/\/api.w.org\/{rel}","templated":true}]}}