{"id":3592,"date":"2022-07-05T07:08:59","date_gmt":"2022-07-05T05:08:59","guid":{"rendered":"https:\/\/duhovyrok.sk\/qys\/?p=3592"},"modified":"2022-07-06T18:26:58","modified_gmt":"2022-07-06T16:26:58","slug":"simon-drgona-treba-hovorit-o-drogach-v-komunite-je-vela-zlych-pribehov","status":"publish","type":"post","link":"https:\/\/duhovyrok.sk\/qys\/simon-drgona-treba-hovorit-o-drogach-v-komunite-je-vela-zlych-pribehov\/","title":{"rendered":"\u0160imon Drgo\u0148a: Treba hovori\u0165 o drog\u00e1ch v komunite, je ve\u013ea zl\u00fdch pr\u00edbehov"},"content":{"rendered":"\n<p><strong>Autor: Andrej Kuruc \/ Foto: Jakub Kov\u00e1\u010d<\/strong><\/p>\n\n\n\n<p>\u0160imon Drgo\u0148a je mlad\u00fd n\u00e1dejn\u00fd spisovate\u013e, ktor\u00fd vyhral pr\u00e9miu v&nbsp;s\u00fa\u0165a\u017ei Poviedka 2020. Vy\u0161tudoval scen\u00e1ristku, nesk\u00f4r sa pres\u0165ahoval do Prahy, kde robil v&nbsp;korpor\u00e1te a&nbsp;\u0161tudoval rumun\u010dinu. Po n\u00e1vrate do Bratislavy za\u010dal pracova\u0165 ako scen\u00e1rista na viacer\u00fdch seri\u00e1loch v telev\u00edzii.<\/p>\n\n\n\n<p>Zatia\u013e toho s\u00edce nenap\u00edsal ve\u013ea, ale jeho tvorba sa vyzna\u010duje t\u00fdm, \u017ee je silne autobiografick\u00e1 a&nbsp;zameriava sa na probl\u00e9my, o&nbsp;ktor\u00fdch sa v&nbsp;LGBTI+ komunite nahlas hovor\u00ed len zriedka. \u0160imon za\u010dal p\u00edsa\u0165 na za\u010diatku osemro\u010dn\u00e9ho gymn\u00e1zia, najprv vari\u00e1cie na fantasy pr\u00edbehy. Bol to pre neho svet bez obmedzen\u00ed. Nespom\u00edna si, \u010di v jeho poviedkach vystupovali aj gejsk\u00e9 postavy.<\/p>\n\n\n\n<p>Ako s\u00e1m vrav\u00ed: \u201eSk\u00f4r to boli hrdinovia so superschopnos\u0165ami. Ja som bol ve\u013emi dlho s\u00e1m pred sebou nevyoutovan\u00fd, aj ke\u010f som mal sexu\u00e1lne kontakty.\u201c \u0160imon si vybral \u0161t\u00fadium scen\u00e1ristiky. P\u00f4vodne sa filmom nechcel zaobera\u0165, ale spolu\u017eia\u010dka, ktorej otec vy\u0161tudoval tento odbor, mu navrhla, \u010di by to nesk\u00fasil. Prihl\u00e1sil sa a&nbsp;zobrali ho.<\/p>\n\n\n\n<p>\u201ePri\u0161iel som na \u0161kolu ako nepop\u00edsan\u00e1 kniha a&nbsp;odi\u0161iel som ako pop\u00edsan\u00e1. Ale v&nbsp;zlom zmysle. Za\u010dal som bra\u0165 ve\u013ea drog,\u201c odha\u013euje \u0160imon. To sa odrazilo aj v&nbsp;obsahu jeho poviedok. O&nbsp;tejto t\u00e9me sa mu v&nbsp;osobnom kontakte nehovor\u00ed \u013eahko. Jednoduch\u0161ie pre\u0148ho je op\u00edsa\u0165 z\u00e1\u017eitky v&nbsp;poviedkach, kde nem\u00e1 priamo pred sebou posluch\u00e1\u010da.<\/p>\n\n\n\n<p>Po\u010das pobytu v\u00a0Prahe mal \u010dasto sex s n\u00e1hodn\u00fdmi mu\u017emi, ktor\u00ed mali drogy. Posun v\u00a0jeho p\u00edsan\u00ed nastal a\u017e vtedy, ke\u010f sa z\u00a0vr\u00e1til sp\u00e4\u0165 do Bratislavy. Vyhral pr\u00e9miu v\u00a0s\u00fa\u0165a\u017ei \u00a0Poviedka 2020, ktor\u00fa organizuje vydavate\u013estvo KK Bagala. \u201eTo bol m\u00f4j dlhodob\u00fd pl\u00e1n, ke\u010f\u017ee je to najzn\u00e1mej\u0161ia s\u00fa\u0165a\u017e, ktor\u00e1 m\u00e1 prest\u00ed\u017e. Vn\u00edmam ju ako super odrazov\u00fd most\u00edk na \u010fal\u0161ie sie\u0165ovanie sa. Ve\u013ea \u013eud\u00ed ma potom kontaktovalo na soci\u00e1lnych sie\u0165ach, aj z redakci\u00ed \u010dasopisov,\u201c spom\u00edna \u0160imon.<\/p>\n\n\n\n<figure class=\"wp-block-image size-large\"><img loading=\"lazy\" decoding=\"async\" width=\"683\" height=\"1024\" src=\"https:\/\/duhovyrok.sk\/qys\/wp-content\/uploads\/sites\/2\/2022\/07\/5S8A0178_R_u_k_hotovo_CG_V_FB-683x1024.jpg\" alt=\"\" class=\"wp-image-3626\" srcset=\"https:\/\/duhovyrok.sk\/qys\/wp-content\/uploads\/sites\/2\/2022\/07\/5S8A0178_R_u_k_hotovo_CG_V_FB-683x1024.jpg 683w, https:\/\/duhovyrok.sk\/qys\/wp-content\/uploads\/sites\/2\/2022\/07\/5S8A0178_R_u_k_hotovo_CG_V_FB-467x700.jpg 467w, https:\/\/duhovyrok.sk\/qys\/wp-content\/uploads\/sites\/2\/2022\/07\/5S8A0178_R_u_k_hotovo_CG_V_FB-1024x1536.jpg 1024w, https:\/\/duhovyrok.sk\/qys\/wp-content\/uploads\/sites\/2\/2022\/07\/5S8A0178_R_u_k_hotovo_CG_V_FB.jpg 1365w\" sizes=\"auto, (max-width: 683px) 100vw, 683px\" \/><\/figure>\n\n\n\n<p>V&nbsp;pr\u00e9miovej poviedke <em>Mohol by som by\u0165 tak\u00fd ako vy<\/em> tematizoval n\u00e1vrat z&nbsp;Prahy do Bratislavy. Bratislavu opustil ako \u0165a\u017ek\u00fd narkoman. Vracal sa ako pomerne \u010dist\u00fd \u010dlovek. Ke\u010f pri\u0161iel do Bratislavy, st\u00e1valo sa mu, \u017ee mal flashbacky na miestach, kde sa to dialo. Bolo to dos\u0165 nepr\u00edjemn\u00e9. Teraz je to, paradoxne, naopak: ke\u010f ide do Prahy, vid\u00ed autobusy, ktor\u00fdmi si chodil pre fet.<\/p>\n\n\n\n<blockquote class=\"wp-block-quote is-layout-flow wp-block-quote-is-layout-flow\"><p>&nbsp;<em>\u201eNapravo, za Horsk\u00fdm parkom, b\u00fdva m\u00f4j prv\u00fd kontakt a z\u00e1rove\u0148 fe\u0165\u00e1k, ktor\u00fd si pri u\u017e\u00edvan\u00ed dok\u00e1zal zachova\u0165 il\u00faziu norm\u00e1lneho \u017eivota (chodil do pr\u00e1ce). V\u017edy vedel vybavi\u0165 \u2013 &#8230; Le\u017e\u00edm v posteli a mysl\u00edm na strieka\u010dku, ktor\u00e1 je \u201azabudnut\u00e1\u2018 v \u0161ufl\u00edku mojej n\u00e1bytkovej s\u00fapravy, teda asi p\u00e4\u0165 centimetrov od mojej hlavy. Po chv\u00edli preva\u013eovania vst\u00e1vam a potichu vy\u0165ahujem \u017eal\u00fazie, aby som sa pozrel von a zahnal z hlavy obrazy ihiel prepichuj\u00facich ko\u017eu.\u201c<\/em><br>(\u00faryvok z&nbsp;poviedky <em>Mohol by som by\u0165 tak\u00fd ako vy<\/em>)<\/p><\/blockquote>\n\n\n\n<p>Ocenenie bolo pre \u0160imona externou valid\u00e1ciou, ofici\u00e1lna pe\u010diatka, \u017ee vie p\u00edsa\u0165. Hoci niekde vo vn\u00fatri v\u017edy vedel, \u017ee m\u00e1 \u010do poveda\u0165, \u0161t\u00fadium na scen\u00e1ristike mu toto vedomie zobralo. \u201ePravdepodobne by som pr\u00e1cou na sebe sebahodnotu op\u00e4\u0165 z\u00edskal aj bez tohto extern\u00e9ho potvrdenia, ale trvalo by mi to omnoho dlh\u0161ie.&nbsp; Pr\u00e9mia v s\u00fa\u0165a\u017ei pri\u0161la v spr\u00e1vnom momente, ke\u010f som menil kari\u00e9rnu cestu, konkr\u00e9tne nen\u00e1ro\u010dn\u00fd, pohodln\u00fd korpor\u00e1tny d\u017eob za neistotu vo svete scen\u00e1ristiky a&nbsp;literat\u00fary,\u201c vysvet\u013euje \u0160imon.<\/p>\n\n\n\n<p>V&nbsp;druhej poviedke, ktor\u00fa uverejnil v&nbsp;zimnom \u010d\u00edsle Magaz\u00ednu QYS 2020, p\u00edsal o&nbsp;obdob\u00ed, ke\u010f prestal bra\u0165 drogy. Za\u010dal sa pasova\u0165 s&nbsp;t\u00fdm, \u017ee si mus\u00ed d\u00e1va\u0165 \u017eivot dohromady. \u201eCel\u00fd ten \u010das som sa chcel zabi\u0165 t\u00fdm, \u017ee chyt\u00edm HIV,&nbsp;nebudem sa lie\u010di\u0165 a zomriem na AIDS. To bol m\u00f4j pl\u00e1n, lebo inak sa zabi\u0165 by sa mi v&nbsp;\u017eivote nepodarilo.\u201c<\/p>\n\n\n\n<p>Povedomie o HIV je pod\u013ea \u0160imona slab\u00e9. Aj on si myslel, \u017ee ke\u010f sa vysp\u00ed s&nbsp;HIV pozit\u00edvnymi \u013eu\u010fmi, nakaz\u00ed sa; nevedel, \u017ee v\u00edrus s ve\u013ekou pravdepodobnos\u0165ou nedostane, ke\u010f s\u00fa na lie\u010dbe. Prestal bra\u0165 drogy a rozhodol sa pra\u0161ti\u0165 so \u0161kolu. Vyhodili sa mu f\u013eaky, vedel, \u017ee je to syfilis, ale z\u00e1rove\u0148 rozm\u00fd\u0161\u013eal, \u010di to nie je v\u00edrus HIV. \u201eNevedel som, \u010di m\u00e1m \u00eds\u0165 na testy. Pr\u00e1ve ke\u010f som chcel \u017ei\u0165, tak si d\u00e1m tak\u00fd starobyl\u00fd rozsudok smrti, aj ke\u010f medic\u00ednsky to rozsudok smrti u\u017e d\u00e1vno nie je.\u201c Vn\u00edma, \u017ee HIV pozit\u00edvni \u013eudia s\u00fa ostrakizovan\u00ed.<\/p>\n\n\n\n<blockquote class=\"wp-block-quote is-layout-flow wp-block-quote-is-layout-flow\"><p><em>\u201eOtv\u00e1ram WhatsApp a p\u00ed\u0161em: Ahoj, deje sa dnes nie\u010do? Odosielam. Prv\u00fdkr\u00e1t za dva t\u00fd\u017edne c\u00edtim pokoj. Jasn\u00e9, doraz. Telom mi prech\u00e1dza elektrick\u00fd pr\u00fad. Spr\u00e1vu nasleduje video, v ktorom m\u00f4j kontakt naklad\u00e1 nezn\u00e1meho t\u00fdpka s mlad\u00fdm telom a ly\u017eiarskou maskou na hlave. Odhadzujem mobil a vst\u00e1vam. U\u017e sa vid\u00edm u\u0148ho na byte, \u00faplne nah\u00fd, s\u00fastreden\u00fd, so strieka\u010dkou v ruke, ale ako sa zoh\u00fdbam po tri\u010dko, m\u00f4j \u017eal\u00fadok exploduje \u017el\u010dou.\u201c<br>(<\/em>\u00faryvok z&nbsp;poviedky <em>Edgelord<\/em>)<\/p><\/blockquote>\n\n\n\n<p>T\u00e9ma sexu z&nbsp;nezn\u00e1mymi mu\u017emi je tie\u017e v&nbsp;komunite tabu. \u0160imon u\u017e od trin\u00e1stich rokov sp\u00e1val s&nbsp;mu\u017emi, s ktor\u00fdmi sa zozn\u00e1mil cez pokec a ktor\u00ed mali nad tridsa\u0165 rokov. \u201eA\u017e teraz zis\u0165ujem v&nbsp;terapii, \u017ee to je vec, ktorou sa chcem tie\u017e zaobera\u0165 v&nbsp;tvorbe. Vyrovn\u00e1vam sa s&nbsp;t\u00fdm, \u017ee tie sexu\u00e1lne rozhodnutia neboli na mne, lebo som bol ve\u013emi mlad\u00fd a&nbsp;oni boli dospel\u00ed mu\u017ei, ktor\u00ed zneu\u017eili moju otvorenos\u0165 a&nbsp;chu\u0165 vysk\u00fa\u0161a\u0165 nejak\u00e9 veci,\u201c prezr\u00e1dza \u0160imon. V&nbsp;\u010fal\u0161ej poviedke, ktor\u00fa pripravuje pre Magaz\u00edn QYS, s\u00fa tak\u00e9to sexu\u00e1lne stretnutia op\u00edsan\u00e9.<\/p>\n\n\n\n<p>\u0160imon m\u00e1 rodi\u010dov lek\u00e1rov, tak pomerne r\u00fdchlo za\u010dal tlmi\u0165 veci tabletkami. Svet drog ho fascinoval. Omnoho nesk\u00f4r pre\u0161iel k pervit\u00ednu a&nbsp;zisteniu, \u017ee \u013eudia na pervit\u00edne m\u00e1vaj\u00fa sex \u2013 a&nbsp;potom nevedel ma\u0165 sex inak a&nbsp;mal ho s&nbsp;ve\u013ek\u00fdm mno\u017estvom \u013eud\u00ed. Pod\u013ea \u0160imona je d\u00f4le\u017eit\u00e9 hovori\u0165 o&nbsp;drog\u00e1ch v&nbsp;komunite, je ve\u013ea zl\u00fdch pr\u00edbehov. \u201ePre moju gener\u00e1ciu to bolo obzvl\u00e1\u0161\u0165 aktu\u00e1lne. O&nbsp;gejoch sa nehovorilo, tak sa mlad\u00fd \u010dlovek nemohol objavova\u0165 s&nbsp;rovesn\u00edkmi, neexistovali tak\u00ed. Preto \u010dlovek i\u0161iel na internet, stretol sa s&nbsp;\u013eu\u010fmi, ktor\u00ed \u201apo\u013euj\u00fa\u2018 na extr\u00e9mne mlad\u00fdch chlapcov a&nbsp;zneu\u017e\u00edvaj\u00fa ich. Potom sa \u010dlovek m\u00f4\u017ee c\u00edti\u0165 zle, \u0161pinavo. Ve\u013ea \u013eud\u00ed, s&nbsp;ktor\u00fdmi som sp\u00e1val, malo tak\u00fd kink, \u017ee \u201anakaz ma, ve\u010f my sme v\u0161etci hnusn\u00ed pras\u00e1ci\u2018. Nen\u00e1vidia seba, a tak to pren\u00e1\u0161aj\u00fa do sexu\u00e1lneho \u017eivota. I\u0161lo o&nbsp;internalizovan\u00fa homonegativitu. Ja som to mal tak isto,\u201c pon\u00e1ra sa \u0160imon hlb\u0161ie do svojich sk\u00fasenost\u00ed.<\/p>\n\n\n\n<p>Dosta\u0165 sa z&nbsp;drog mu pomohlo aj lie\u010denie na Hrani\u010dnej. To mu dalo z\u00e1klad, m\u00e1 vytetovan\u00e9 aj ich logo. E\u0161te v\u0161ak nebol pripraven\u00fd, musel n\u00e1js\u0165 svoje dno, k\u00fdm sa&nbsp;rozhodol robi\u0165 veci s\u00e1m pre seba. \u201eRozhodol som sa, \u017ee nechcem zomrie\u0165. To som e\u0161te pil. Postupne som prestal. Teraz som \u010dist\u00fd vy\u0161e dva a&nbsp;pol roka a&nbsp;vy\u0161e rok u\u017e nefaj\u010d\u00edm cigarety,\u201c dod\u00e1va hrdo \u0160imon. Ve\u013emi mu pom\u00e1ha terapia, v\u010faka nej si uvedomil, \u017ee desa\u0165 rokov st\u00e1l na mieste.<\/p>\n\n\n\n<p>\u010co sa t\u00fdka pl\u00e1nov do bud\u00facnosti, chce nap\u00edsa\u0165 \u010diasto\u010dne autobiografick\u00fa knihu, kr\u00e1tky rom\u00e1n. Uva\u017euje o tom v&nbsp;horizonte piatich rokov, lebo p\u00edsanie kn\u00edh \u010dloveka neu\u017eiv\u00ed. V&nbsp;s\u00fa\u010dasnosti sa vr\u00e1til k&nbsp;p\u00edsaniu scen\u00e1rov pre telev\u00edzne seri\u00e1ly. Pod\u013ea neho m\u00e1 v kult\u00fare rozhodne svoje miesto aj mainstreamov\u00e1 z\u00e1bava. No mysl\u00ed si, \u017ee i v slovenskom telev\u00edznom prostred\u00ed by malo by\u0165 viac queer post\u00e1v, potom div\u00e1ci a div\u00e1\u010dky \u013eah\u0161ie tak\u00e9ho \u010dloveka prijm\u00fa, ke\u010f sa s n\u00edm stretn\u00fa vo svojom be\u017enom \u017eivote.<\/p>\n\n\n\n<p>\u201eLen\u017ee u&nbsp;n\u00e1s je v&nbsp;telev\u00edzii probl\u00e9m \u010dastokr\u00e1t uk\u00e1za\u0165 aj \u017eeny ako rovnocenn\u00e9 bytosti. Tak neviem, ako to bude s&nbsp;tepl\u00fdmi \u013eu\u010fmi. A&nbsp;telka m\u00e1 tendenciu v\u0161etko zjednodu\u0161ova\u0165 a&nbsp;stereotypizova\u0165, tak\u017ee je to \u0165a\u017e\u0161ie. Toto by mala robi\u0165 RTVS. Mainstreamova\u0165 nepopul\u00e1rne rozhodnutia, ktor\u00e9 by mali vytv\u00e1ra\u0165 priestor pre r\u00f4zne men\u0161iny,\u201c uzatv\u00e1ra \u0160imon.<\/p>\n","protected":false},"excerpt":{"rendered":"<p>Autor: Andrej Kuruc \/ Foto: Jakub Kov\u00e1\u010d \u0160imon Drgo\u0148a je mlad\u00fd n\u00e1dejn\u00fd spisovate\u013e, ktor\u00fd vyhral pr\u00e9miu v&nbsp;s\u00fa\u0165a\u017ei Poviedka 2020. Vy\u0161tudoval scen\u00e1ristku, nesk\u00f4r sa pres\u0165ahoval do Prahy, kde robil v&nbsp;korpor\u00e1te a&nbsp;\u0161tudoval rumun\u010dinu. Po n\u00e1vrate do Bratislavy za\u010dal pracova\u0165 ako scen\u00e1rista na viacer\u00fdch seri\u00e1loch v telev\u00edzii. Zatia\u013e toho s\u00edce nenap\u00edsal ve\u013ea, ale jeho tvorba sa vyzna\u010duje t\u00fdm, <a href=\"https:\/\/duhovyrok.sk\/qys\/simon-drgona-treba-hovorit-o-drogach-v-komunite-je-vela-zlych-pribehov\/\" class=\"more-link\">&#8230;<\/a><\/p>\n","protected":false},"author":2,"featured_media":3593,"comment_status":"closed","ping_status":"closed","sticky":false,"template":"","format":"standard","meta":{"footnotes":""},"categories":[257,6,10],"tags":[266,349,159,160,185,385],"class_list":["post-3592","post","type-post","status-publish","format-standard","has-post-thumbnail","hentry","category-literatura","category-pribehy-lgbti-ludi","category-kultura","tag-from-qys","tag-poviedka","tag-queer-kultura","tag-queer-literatura","tag-rozhovor","tag-spisovatel"],"_links":{"self":[{"href":"https:\/\/duhovyrok.sk\/qys\/wp-json\/wp\/v2\/posts\/3592","targetHints":{"allow":["GET"]}}],"collection":[{"href":"https:\/\/duhovyrok.sk\/qys\/wp-json\/wp\/v2\/posts"}],"about":[{"href":"https:\/\/duhovyrok.sk\/qys\/wp-json\/wp\/v2\/types\/post"}],"author":[{"embeddable":true,"href":"https:\/\/duhovyrok.sk\/qys\/wp-json\/wp\/v2\/users\/2"}],"replies":[{"embeddable":true,"href":"https:\/\/duhovyrok.sk\/qys\/wp-json\/wp\/v2\/comments?post=3592"}],"version-history":[{"count":2,"href":"https:\/\/duhovyrok.sk\/qys\/wp-json\/wp\/v2\/posts\/3592\/revisions"}],"predecessor-version":[{"id":3627,"href":"https:\/\/duhovyrok.sk\/qys\/wp-json\/wp\/v2\/posts\/3592\/revisions\/3627"}],"wp:featuredmedia":[{"embeddable":true,"href":"https:\/\/duhovyrok.sk\/qys\/wp-json\/wp\/v2\/media\/3593"}],"wp:attachment":[{"href":"https:\/\/duhovyrok.sk\/qys\/wp-json\/wp\/v2\/media?parent=3592"}],"wp:term":[{"taxonomy":"category","embeddable":true,"href":"https:\/\/duhovyrok.sk\/qys\/wp-json\/wp\/v2\/categories?post=3592"},{"taxonomy":"post_tag","embeddable":true,"href":"https:\/\/duhovyrok.sk\/qys\/wp-json\/wp\/v2\/tags?post=3592"}],"curies":[{"name":"wp","href":"https:\/\/api.w.org\/{rel}","templated":true}]}}