{"id":3582,"date":"2022-07-05T06:59:32","date_gmt":"2022-07-05T04:59:32","guid":{"rendered":"https:\/\/duhovyrok.sk\/qys\/?p=3582"},"modified":"2022-07-06T18:26:27","modified_gmt":"2022-07-06T16:26:27","slug":"autor-michal-belej-uvedomit-si-co-chceme-vlastne-v-zivote-robit-moze-byt-tazsie-ako-nejaky-coming-out","status":"publish","type":"post","link":"https:\/\/duhovyrok.sk\/qys\/autor-michal-belej-uvedomit-si-co-chceme-vlastne-v-zivote-robit-moze-byt-tazsie-ako-nejaky-coming-out\/","title":{"rendered":"Autor Michal Belej: Uvedomi\u0165 si, \u010do chceme vlastne v \u017eivote robi\u0165, m\u00f4\u017ee by\u0165 \u0165a\u017e\u0161ie ako nejak\u00fd coming-out"},"content":{"rendered":"\n<p><strong>Autor: Matej Uhl\u00e1r<\/strong> \/ <strong>Foto: Jakub Kov\u00e1\u010d<\/strong><\/p>\n\n\n\n<p><strong>Michalove aktivity s\u00fa nato\u013eko r\u00f4znorod\u00e9, \u017ee s\u00e1m sa ozna\u010duje iba za autora, bez u\u017e\u0161ieho vymedzenia. \u0160\u0165astie a \u017eivotn\u00fa spokojnos\u0165 na\u0161iel a\u017e vtedy, ke\u010f sa nau\u010dil, \u017ee hovori\u0165 o sebe je \u00faplne v poriadku.<\/strong><\/p>\n\n\n\n<p><strong>Mnoho \u013eud\u00ed v\u00e1s dnes mo\u017eno vn\u00edma len ako re\u017eis\u00e9ra divadelnej hry <em>Cukrov\u00e1<\/em> <em>vata<\/em>. Z mozaiky va\u0161ich verejn\u00fdch vyjadren\u00ed som z\u00edskal pocit, \u017ee asi nebudete typ \u010dloveka, ktor\u00fd by si nechal re\u017e\u00edrova\u0165 \u017eivot.<\/strong><\/p>\n\n\n\n<p>To na m\u0148a rozhodne sed\u00ed. R\u00e1d si rob\u00edm veci po svojom.<\/p>\n\n\n\n<p><strong>Zd\u00e1 sa mi, akoby ste svojimi my\u0161lienkami, ktor\u00fdmi sa prezentujete osobit\u00fdm, netradi\u010dn\u00fdm sp\u00f4sobom, poskytovali n\u00e1vod, ako sa vymani\u0165 zo v\u0161ednosti a neb\u00e1\u0165 sa by\u0165 in\u00fd.<\/strong><\/p>\n\n\n\n<p>To je ve\u013emi pr\u00edjemn\u00e9 od niekoho po\u010du\u0165. Aj ke\u010f sa v\u017edy sna\u017e\u00edm spracova\u0165 a pomen\u00fava\u0165 veci, ktor\u00e9 boli pre m\u0148a zlo\u017eit\u00e9, v\u017edy to rob\u00edm tak, aby som publiku \u2013 \u010di u\u017e div\u00e1ckemu alebo \u010ditate\u013esk\u00e9mu \u2013 sprostredkoval pocit, \u017ee vo svojich probl\u00e9moch nie s\u00fa sami a v\u0161etko sa d\u00e1 nejak\u00fdm sp\u00f4sobom vyrie\u0161i\u0165. Aby im z\u00e1\u017eitok z mojej tvorby od\u013eah\u010dil srdce a du\u0161u o nejak\u00e9 kamene, ktor\u00e9 ich \u0165a\u017eia. Mysl\u00edm si, \u017ee pr\u00e1ve toto je typick\u00e9 pre cel\u00fa moju tvorbu. Tento cie\u013e a \u00famysel prep\u00e1ja v\u0161etko, \u010do som doposia\u013e vytvoril.<\/p>\n\n\n\n<p><strong>Jeden z va\u0161ich internetov\u00fdch blogov m\u00e1 n\u00e1zov <em>Tro\u0161ka<\/em> <em>troska<\/em>. V&nbsp;\u010dom ste sa vy c\u00edtili tro\u0161ka ako troska?<\/strong><\/p>\n\n\n\n<p>Blog sme zalo\u017eili spolo\u010dne s here\u010dkou L\u00fddiou Ondru\u0161ovou. Ak sa nem\u00fdlim, bolo to okolo roku 2014. V tom \u010dase som tieto svoje \u010dl\u00e1nky vn\u00edmal ako sebareflexiu. Prech\u00e1dzal som si zlo\u017eit\u00fdm obdob\u00edm v r\u00e1mci h\u013eadania sa \u010di u\u017e osobnostn\u00e9ho, alebo pracovn\u00e9ho. Akosi som sa nepova\u017eoval za plnohodnotn\u00e9ho \u010dlena spolo\u010dnosti a vedel som, c\u00edtil som, \u017ee s t\u00fdm chcem nie\u010do urobi\u0165.<\/p>\n\n\n\n<p><strong>Pri \u010d\u00edtan\u00ed blogu <em>Tro\u0161ka troska<\/em> som pre\u017e\u00edval siln\u00e9 em\u00f3cie sm\u00fatku, radosti, va\u0161ej bolesti a v neposlednom rade nad\u0161enia. E\u0161te som toti\u017e na slovenskom kni\u017enom trhu nezachytil dielo, ktor\u00e9 by tak\u00fdmto \u0161t\u00fdlom zrkadlilo existen\u010dn\u00e9 probl\u00e9my \u010di u\u017e v oblasti vz\u0165ahov, orient\u00e1cie, alebo pracovn\u00e9ho zaradenia. Nerozm\u00fd\u0161\u013eali ste, \u017ee texty vyd\u00e1te aj kni\u017ene?<\/strong><\/p>\n\n\n\n<p>Pr\u00e1ve pracujem na knihe, ktor\u00e1 bude vych\u00e1dza\u0165 z mot\u00edvov tohto blogu. Pevne ver\u00edm a d\u00fafam, \u017ee sa mi podar\u00ed zachova\u0165 jeho silu, em\u00f3cie. Mysl\u00edm si, \u017ee \u010daro tohto n\u00e1\u0161ho internetov\u00e9ho obsahu bolo aj v tom, \u017ee sme dlh\u00fd \u010das vystupovali anonymne. To n\u00e1m d\u00e1valo slobodu hovori\u0165 naozaj o \u010domko\u013evek. Je pravda, \u017ee na Slovensku nie\u010do tak\u00e9to ch\u00fdba, a to nehovor\u00edm len o&nbsp;literat\u00fare. Takisto tu absentuj\u00fa osobnosti spolo\u010densk\u00e9ho \u017eivota, ktor\u00e9 by hovorili o postaven\u00ed a probl\u00e9moch men\u0161\u00edn. V obdob\u00ed h\u013eadania seba sam\u00e9ho som preto siahal po dielach zahrani\u010dn\u00fdch autorov, napr\u00edkladDavida Sedarisa alebo Augustena Burroughsa. Pri \u010d\u00edtan\u00ed ich diel som pochopil, \u017ee m\u00f4\u017eem p\u00edsa\u0165 o sebe a o&nbsp;tom, \u010do sa mi v \u017eivote deje. A to aj napriek tomu, \u017ee slovensk\u00e1 literat\u00fara sa venuje viac spolo\u010densk\u00fdm t\u00e9mam, teda aspo\u0148 ja to tak vn\u00edmam. No na druhej strane za\u010d\u00ednam poci\u0165ova\u0165, \u017ee u\u017e prich\u00e1dza ur\u010dit\u00e1 zmena. Narodil som sa v Bratislave v&nbsp;roku 1985, \u010di\u017ee v obdob\u00ed m\u00f4jho dospievania e\u0161te nebol internet tak\u00fd be\u017en\u00fd, aby mi poskytol mo\u017enos\u0165 konfrontova\u0165 moje pre\u017e\u00edvanie vlastnej sexuality. Ni\u010d podobn\u00e9, ako som v tom obdob\u00ed poci\u0165oval, som nemal kde vidie\u0165. Navy\u0161e som vyrastal v silne katol\u00edckom prostred\u00ed, \u010di\u017ee od tak\u00fdchto t\u00e9m som bol \u00faplne izolovan\u00fd. Pod\u013ea m\u0148a je ve\u013emi d\u00f4le\u017eit\u00e9, aby sa \u010dlovek po\u010das dospievania konfrontoval s&nbsp;vecami, ktor\u00e9 poci\u0165uje a ktor\u00e9 tvoria jeho osobnos\u0165, a mal mo\u017enos\u0165 n\u00e1js\u0165 si nejak\u00fd vzor v \u010dloveku, ktor\u00fd pre\u017e\u00edva alebo prekonal nie\u010do podobn\u00e9.<\/p>\n\n\n\n<p><strong>Neboj\u00edte sa toho, ak\u00fd dojem o v\u00e1s zanechaj\u00fa va\u0161e blogy? Prizn\u00e1m sa, \u017ee ja som v\u00e1s cez ne vn\u00edmal ako ve\u013emi kontroverzn\u00fa osobu.<\/strong><\/p>\n\n\n\n<p>\u00c1no, moje prv\u00e9 pr\u00edspevky boli o zlyhan\u00ed, alkohole, sexe a podobne. Bolo to to, \u010do som pr\u00e1ve pre\u017e\u00edval. V tom obdob\u00ed som c\u00edtil, \u017ee chcem prostredn\u00edctvom p\u00edsania prizna\u0165, \u017ee som sa ve\u013eakr\u00e1t ocitol na dne. Toto v\u0161etko toti\u017e patr\u00ed do \u013eudsk\u00e9ho \u017eivota. A mo\u017eno pr\u00e1ve v\u010faka tejto otvorenosti som oslovoval \u010ditate\u013eov. Sp\u00e4tne sa ku mne dostali inform\u00e1cie napr\u00edklad o de\u0165och, ktor\u00e9 \u017eili na vidieku a vraj v\u010faka mojim blogom nabrali silu na svoj osobnostn\u00fd rast. Spom\u00ednam si tie\u017e na zmienku o tom, \u017ee jedna \u010ditate\u013eka si v\u010faka mojej knihe <em>Sm\u00fatok v srdci, falafel v placke<\/em> rozmyslela samovra\u017edu. Aj toto ma mo\u017eno podvedome in\u0161pirovalo k tomu, aby som tro\u0161ku zmenil svoj \u0161t\u00fdl p\u00edsania. Namiesto toho, aby som sa op\u00fa\u0161\u0165al, teraz sa sna\u017e\u00edm, aby moje pr\u00edspevky mali aj nejak\u00fd spolo\u010densk\u00fd dosah. Ako autor som dospel ur\u010dite aj v\u010faka divadlu. Tu sa toti\u017e stret\u00e1vam s r\u00f4znymi \u013eu\u010fmi, s r\u00f4znymi pr\u00edbehmi a probl\u00e9mami, ktor\u00e9 u\u017e netr\u00e1pia iba m\u0148a.<\/p>\n\n\n\n<p><strong>Pomerne dlho ste sa pohybovali v reklamnej sf\u00e9re. Za kreat\u00edvne kampane ste z\u00edskali aj ocenenia. Vzh\u013eadom na to, \u017ee reklama je nie\u010do, \u010do v z\u00e1sade \u010dloveka otravuje, no aj tak mu uviazne v pam\u00e4ti, mysl\u00edte si, \u017ee aj ona by mohla by\u0165 m\u00e9diom na zvidite\u013enenie \u010di rie\u0161enie spolo\u010densk\u00fdch probl\u00e9mov?<\/strong><\/p>\n\n\n\n<p>V reklamnej agent\u00fare som prestal pracova\u0165 len ned\u00e1vno, v apr\u00edli. Reklama by ur\u010dite mohla dobre posl\u00fa\u017ei\u0165 na vzne\u0161enej\u0161ie ciele, no jej hlavnou \u00falohou je zar\u00e1ba\u0165. Napr\u00edklad pri reklame na vodku nemenovanej zna\u010dky si v\u017edy kladiem ot\u00e1zku, \u010di ide o soci\u00e1lny aktivizmus, alebo je to len \u010dist\u00e1 vypo\u010d\u00edtavos\u0165. Ur\u010dite ste postrehli, \u017ee v t\u00fdch spotoch sa raz rie\u0161i rasizmus, potom zase LGBTI+ komunita. Ob\u00e1vam sa v\u0161ak, \u017ee hlavn\u00fdm mot\u00edvom tvorcov nie je nejak\u00fdm sp\u00f4sobom meni\u0165 svet, ale iba hol\u00fd fakt, \u017ee reklamy s touto tematikou vyvolaj\u00fa v spolo\u010dnosti hal\u00f3 a t\u00fdm m\u00f4\u017eu zv\u00fd\u0161i\u0165 predaj dan\u00e9ho produktu. Mo\u017eno ste v m\u00e9di\u00e1ch zachytili reklamn\u00fa kampa\u0148, ktor\u00fa som robil pre jeden slovensk\u00fd denn\u00edk. T\u00e1to kampa\u0148 bola zameran\u00e1 proti extr\u00e9mizmu. Problematika sa ma bytostne dot\u00fdka, preto\u017ee m\u00f4jho pradedka zabili v koncentra\u010dnom t\u00e1bore. Takouto formou som chcel pouk\u00e1za\u0165 na riziko, \u017ee hist\u00f3ria sa m\u00f4\u017ee opakova\u0165, hlavne ke\u010f vid\u00edme, ako extr\u00e9mistom st\u00fapaj\u00fa preferencie.<\/p>\n\n\n\n<p><strong>Bolo va\u0161\u00edm snom \u017eivi\u0165 sa kreat\u00edvnou pr\u00e1cou?<\/strong><\/p>\n\n\n\n<p>D\u00e1 sa poveda\u0165, \u017ee som nikdy nevedel, \u010do presne od \u017eivota chcem. Po ukon\u010den\u00ed strednej \u0161koly mi rodi\u010dia vraveli, \u017ee mus\u00edm vy\u0161tudova\u0165 profesiu, ktor\u00e1 ma u\u017eiv\u00ed. Preto m\u00e1m vy\u0161tudovan\u00fa Fakultu mana\u017ementu na Univerzite Komensk\u00e9ho v Bratislave, hoci som to nikdy nechcel. Otec v\u017edy spom\u00edna, \u017ee e\u0161te som ani nevedel poriadne p\u00edsa\u0165, a u\u017e som si vym\u00fd\u0161\u013eal r\u00f4zne b\u00e1sni\u010dky. Umeleck\u00e9 g\u00e9ny som asi zdedil pr\u00e1ve po \u0148om. No aj jeho rodi\u010dia sa b\u00e1li, \u017ee by ho t\u00e1to sf\u00e9ra neu\u017eivila, preto musel vy\u0161tudova\u0165 nie\u010do \u00faplne in\u00e9 a cel\u00fd \u017eivot pracoval v oblasti informa\u010dn\u00fdch technol\u00f3gi\u00ed. Uvedomi\u0165 si, \u010do chce \u010dlovek vlastne v \u017eivote robi\u0165, m\u00f4\u017ee by\u0165 \u010dasto \u0165a\u017e\u0161ie ako nejak\u00fd coming-out. Pracoval som v korpor\u00e1te, kde som bytostne trpel. V reklamnej agent\u00fare to s\u00edce bolo o istej slobode, ve\u013ea vec\u00ed som si mohol robi\u0165 po svojom, no aj tu som c\u00edtil, \u017ee nezapad\u00e1m do \u0161abl\u00f3ny.<\/p>\n\n\n\n<p><strong>Akou osobou ste v&nbsp;s\u00fakrom\u00ed?<\/strong><\/p>\n\n\n\n<p>Rozhodne m\u00e1m ve\u013emi kontrastn\u00fa a n\u00e1ladov\u00fa osobnos\u0165. Raz chcem by\u0165 stredobodom pozornosti a potom, dajme tomu o hodinu, zas chcem, aby mi v\u0161etci dali pokoj. Osobnostn\u00fa kr\u00edzu dok\u00e1\u017eem ma\u0165 aj dvakr\u00e1t do d\u0148a a popritom stihnem e\u0161te nejak\u00fa t\u00fa pracovn\u00fa k\u00e1vi\u010dku a nie\u010do tvori\u0165.<\/p>\n\n\n\n<p><strong>Ste asi citliv\u00e1 du\u0161a.<\/strong><\/p>\n\n\n\n<p>Asi hej. Divadeln\u00e1 hra <em>Cukrov\u00e1 vata<\/em> je vlastne prv\u00e9 dielo, ktor\u00e9 som nevytv\u00e1ral na z\u00e1klade nejak\u00e9ho vlastn\u00e9ho v\u00fdskumu \u010di osobn\u00fdch z\u00e1\u017eitkov. V r\u00e1mci inscen\u00e1cie som vlastne transformoval \u017eivotn\u00e9 sk\u00fasenosti dvoch here\u010diek, napr\u00edklad aj z oblasti materstva. Tu som si tak nejak potvrdil, \u017ee sa viem naladi\u0165 a&nbsp;vc\u00edti\u0165 aj do probl\u00e9mov, ktor\u00e9 sa ma priamo net\u00fdkaj\u00fa. Bolo to pre m\u0148a obohacuj\u00face. Aj v tejto t\u00e9me som sa v\u0161ak sna\u017eil h\u013eada\u0165 a zobrazi\u0165 ju aj trochu inak ako sa \u010dasto zvykne prezentova\u0165. \u00c1no, je pravda, \u017ee ma\u0165 die\u0165a je takmer pre ka\u017ed\u00fa \u017eenu to najkraj\u0161ie, ale toto obdobie tie\u017e m\u00f4\u017ee by\u0165 spojen\u00e9 s frustr\u00e1ciou, depresiami a bezmocnos\u0165ou. \u010ci\u017ee aj re\u017e\u00edrovanie tejto inscen\u00e1cie som sa sna\u017eil po\u0148a\u0165 po svojom.<\/p>\n\n\n\n<p><strong>V s\u00favislosti s rodi\u010dovstvom mi ned\u00e1 neop\u00fdta\u0165 sa v\u00e1s, ako vn\u00edmate problematiku adopcie det\u00ed p\u00e1rmi rovnak\u00e9ho pohlavia na Slovensku.<\/strong><\/p>\n\n\n\n<p>T\u00fdm, \u017ee je Slovensko silno katol\u00edcka krajina, ve\u013ea vec\u00ed sa tu berie ako sv\u00e4t\u00fdch. Mo\u017eno preto sa \u013eudia boja prizna\u0165, \u017ee \u00faplne rovnako ako zv\u00e4zok mu\u017ea a \u017eeny m\u00f4\u017ee fungova\u0165 aj partnerstvo dvoch \u013eud\u00ed rovnak\u00e9ho pohlavia. Mo\u017eno maj\u00fa strach, \u017ee ak to pripustia, znesv\u00e4t\u00ed sa in\u0161tit\u00fat man\u017eelstva. Na druhej strane sa v\u0161ak ve\u013emi m\u00e1lo rozpr\u00e1va o&nbsp;tom, ako tieto tradi\u010dn\u00e9 in\u0161tit\u00facie zlyh\u00e1vaj\u00fa. Ke\u010f sa toti\u017e pozrieme na t\u00fato problematiku z poh\u013eadu mno\u017estva rozpadnut\u00fdch man\u017eelstiev \u2013 posv\u00e4tn\u00fdch zv\u00e4zkov, zist\u00edme, \u017ee kr\u00edza tradi\u010dnej rodiny tu nie je kv\u00f4li homosexu\u00e1lom. V\u0161etci sme \u013eudia. Ka\u017ed\u00fd z n\u00e1s m\u00f4\u017ee zlyha\u0165, rovnako ako ka\u017ed\u00fd z n\u00e1s m\u00f4\u017ee v\u00fdborne vychova\u0165 die\u0165a. Preto by pod\u013ea m\u0148a mali dosta\u0165 \u0161ancu v\u0161etci bez rozdielu.<\/p>\n\n\n\n<p><strong>Jedn\u00fdm z va\u0161ich najnov\u0161\u00edch umeleck\u00fdch projektov s\u00fa kabaretn\u00e9 ve\u010dery pod n\u00e1zvom <em>Srdcov\u00e9 z\u00e1le\u017eitosti<\/em>. V\u010faka \u010domu vznikol tento form\u00e1t?<\/strong><\/p>\n\n\n\n<p>V\u010faka inakosti \u00fa\u010dinkuj\u00facich. Teraz v\u0161ak nemysl\u00edm to, \u017ee by n\u00e1s v\u0161etk\u00fdch sp\u00e1jala len inakos\u0165 v&nbsp;oblasti citovej a sexu\u00e1lnej orient\u00e1cie \u010di rodovej identity. Moj\u00edm z\u00e1merom bolo, aby to boli ve\u010dery svojsk\u00fdch \u013eud\u00ed. Viem, \u017ee mnoh\u00ed ma vn\u00edmaj\u00fa ako podiv\u00edna. \u010ci u\u017e je to preto, \u017ee m\u00e1m o trin\u00e1s\u0165 rokov mlad\u0161ieho partnera, alebo preto, ako vn\u00edmam svet a hranice umenia, \u017ee sa sna\u017e\u00edm nebra\u0165 veci ako dan\u00e9 a nebra\u0165 sa a\u017e pr\u00edli\u0161 v\u00e1\u017ene. A tieto atrib\u00faty sp\u00e1jaj\u00fa partiu okolo <em>Srdcov\u00fdch z\u00e1le\u017eitost\u00ed<\/em>. Mo\u017eno aj v\u010faka tomu bola doposia\u013e na ka\u017edom ve\u010deri v\u017edy uvo\u013enen\u00e1, vesel\u00e1 n\u00e1lada, v ktorej v\u0161ak dok\u00e1\u017eeme div\u00e1kom predostrie\u0165 aj v\u00e1\u017ene t\u00e9my.<\/p>\n\n\n\n<blockquote class=\"wp-block-quote is-layout-flow wp-block-quote-is-layout-flow\"><p>Spom\u00ednam si tie\u017e na zmienku o tom, \u017ee jedna \u010ditate\u013eka si v\u010faka mojej knihe <em>Sm\u00fatok v srdci, falafel v placke<\/em> rozmyslela samovra\u017edu. Aj toto ma mo\u017eno podvedome in\u0161pirovalo k tomu, aby som tro\u0161ku zmenil svoj \u0161t\u00fdl p\u00edsania. Namiesto toho, aby som sa op\u00fa\u0161\u0165al, teraz sa sna\u017e\u00edm, aby moje pr\u00edspevky mali aj nejak\u00fd spolo\u010densk\u00fd dosah.<\/p><\/blockquote>\n","protected":false},"excerpt":{"rendered":"<p>Autor: Matej Uhl\u00e1r \/ Foto: Jakub Kov\u00e1\u010d Michalove aktivity s\u00fa nato\u013eko r\u00f4znorod\u00e9, \u017ee s\u00e1m sa ozna\u010duje iba za autora, bez u\u017e\u0161ieho vymedzenia. \u0160\u0165astie a \u017eivotn\u00fa spokojnos\u0165 na\u0161iel a\u017e vtedy, ke\u010f sa nau\u010dil, \u017ee hovori\u0165 o sebe je \u00faplne v poriadku. Mnoho \u013eud\u00ed v\u00e1s dnes mo\u017eno vn\u00edma len ako re\u017eis\u00e9ra divadelnej hry Cukrov\u00e1 vata. Z mozaiky <a href=\"https:\/\/duhovyrok.sk\/qys\/autor-michal-belej-uvedomit-si-co-chceme-vlastne-v-zivote-robit-moze-byt-tazsie-ako-nejaky-coming-out\/\" class=\"more-link\">&#8230;<\/a><\/p>\n","protected":false},"author":21,"featured_media":3623,"comment_status":"closed","ping_status":"closed","sticky":false,"template":"","format":"standard","meta":{"footnotes":""},"categories":[257,6,10,259],"tags":[266,382,185,383],"class_list":["post-3582","post","type-post","status-publish","format-standard","has-post-thumbnail","hentry","category-literatura","category-pribehy-lgbti-ludi","category-kultura","category-rozhovory","tag-from-qys","tag-michal-belej","tag-rozhovor","tag-umelec"],"_links":{"self":[{"href":"https:\/\/duhovyrok.sk\/qys\/wp-json\/wp\/v2\/posts\/3582","targetHints":{"allow":["GET"]}}],"collection":[{"href":"https:\/\/duhovyrok.sk\/qys\/wp-json\/wp\/v2\/posts"}],"about":[{"href":"https:\/\/duhovyrok.sk\/qys\/wp-json\/wp\/v2\/types\/post"}],"author":[{"embeddable":true,"href":"https:\/\/duhovyrok.sk\/qys\/wp-json\/wp\/v2\/users\/21"}],"replies":[{"embeddable":true,"href":"https:\/\/duhovyrok.sk\/qys\/wp-json\/wp\/v2\/comments?post=3582"}],"version-history":[{"count":3,"href":"https:\/\/duhovyrok.sk\/qys\/wp-json\/wp\/v2\/posts\/3582\/revisions"}],"predecessor-version":[{"id":3624,"href":"https:\/\/duhovyrok.sk\/qys\/wp-json\/wp\/v2\/posts\/3582\/revisions\/3624"}],"wp:featuredmedia":[{"embeddable":true,"href":"https:\/\/duhovyrok.sk\/qys\/wp-json\/wp\/v2\/media\/3623"}],"wp:attachment":[{"href":"https:\/\/duhovyrok.sk\/qys\/wp-json\/wp\/v2\/media?parent=3582"}],"wp:term":[{"taxonomy":"category","embeddable":true,"href":"https:\/\/duhovyrok.sk\/qys\/wp-json\/wp\/v2\/categories?post=3582"},{"taxonomy":"post_tag","embeddable":true,"href":"https:\/\/duhovyrok.sk\/qys\/wp-json\/wp\/v2\/tags?post=3582"}],"curies":[{"name":"wp","href":"https:\/\/api.w.org\/{rel}","templated":true}]}}