{"id":3544,"date":"2022-06-08T12:59:09","date_gmt":"2022-06-08T10:59:09","guid":{"rendered":"https:\/\/duhovyrok.sk\/qys\/?p=3544"},"modified":"2022-07-03T17:32:49","modified_gmt":"2022-07-03T15:32:49","slug":"sensorium-upozornuje-na-rozmanitost-klubova-hudba-casto-vychadza-z-queer-kultury","status":"publish","type":"post","link":"https:\/\/duhovyrok.sk\/qys\/sensorium-upozornuje-na-rozmanitost-klubova-hudba-casto-vychadza-z-queer-kultury\/","title":{"rendered":"Sensorium upozor\u0148uje na rozmanitos\u0165, klubov\u00e1 hudba \u010dasto vych\u00e1dza z queer kult\u00fary"},"content":{"rendered":"\n<p><strong>Autor: Marek Hudec<\/strong> \/ <strong>Foto: DJ G\u00e4p\/Facebook<\/strong><\/p>\n\n\n\n<p><strong>Vogue b\u00e1ly, po\u010das ktor\u00fdch tane\u010dn\u00edci a tane\u010dn\u00ed\u010dky predv\u00e1dzaj\u00fa zlo\u017eit\u00e9 tane\u010dn\u00e9 akrobacie, m\u00f3du a r\u00f4zne discipl\u00edny, maj\u00fa jedine\u010dn\u00fa hudbu. Mus\u00ed dobre ladi\u0165 s drav\u00fdm \u0161t\u00fdlom vystupovania \u00fa\u010dinkuj\u00facich. Na Slovensku tento tane\u010dn\u00fd \u0161t\u00fdl, vych\u00e1dzaj\u00faci z queer subkult\u00fary, zvidite\u013e\u0148uje Monika Prikkelov\u00e1. Podujatia V\u00e4lv\u00e4t spoluorganizuje DJ G\u00e4p, v\u00fdrazn\u00e1 osobnos\u0165 dom\u00e1cej klubovej sc\u00e9ny. Predstavil sa na festivale <a href=\"https:\/\/sensorium.is\/sk\/festivaly\/\" target=\"_blank\" rel=\"noreferrer noopener\">Sensorium<\/a>, ktor\u00fd si kladie za cie\u013e vytvori\u0165 rozmanit\u00fd program a inkluz\u00edvne prostredie aj pre LGBTI+ \u013eud\u00ed.<\/strong><\/p>\n\n\n\n<p>\u201eVogue som spoznal cez hudbu okolo labelu Fade to Mind, GHE20G0TH1K, MikeQ alebo LSDXOXO a postupne som spozn\u00e1val jeho hist\u00f3riu a pozadie hlb\u0161ie,\u201c vrav\u00ed DJ G\u00e4p. Nepochybne ho ovplyvnilo aj to, \u017ee jeho otec je zn\u00e1my skladate\u013e experiment\u00e1lnej hudby Daniel Matej, ktor\u00fd bol z\u00e1rove\u0148 organiz\u00e1torom dnes u\u017e neexistuj\u00faceho festivalu Ve\u010dery novej hudby.<\/p>\n\n\n\n<p>\u201eNesk\u00f4r som vyrastal v prostred\u00ed starej A4, tak\u017ee k avantgardn\u00e9mu umeniu m\u00e1m od mali\u010dka ve\u013emi bl\u00edzko. Okrem toho som v detstve po\u010d\u00faval Linkin Park, Bomfunk MC\u2019s a MTV. Pri mojej tvorbe ma akosi podvedome silno in\u0161piroval Timbaland a 00\u2019s r\u2019n\u2019b, nesk\u00f4r aj juhoamerick\u00fd underground a mnoho in\u00e9ho \u2013 a cel\u00e9 sa to vo mne akosi vo\u013ene mie\u0161a.\u201c<\/p>\n\n\n\n<p>DJ G\u00e4p si mysl\u00ed, \u017ee je d\u00f4le\u017eit\u00e9, aby mohol by\u0165 ka\u017ed\u00fd s\u00e1m sebou a c\u00edtil sa v tom slobodne. Vn\u00edma to ako z\u00e1kladn\u00fa ot\u00e1zku \u013eudsk\u00fdch pr\u00e1v, aby sa nikto nestaral druh\u00e9mu do jeho \u017eivota a jeho tela. \u201eMne osobne je napr\u00edklad jedno aj to, kto s k\u00fdm chod\u00ed \u010di sp\u00ed, a rovnako, \u010do si kto mysl\u00ed o mne. Ke\u010f m\u00e1 niekto in\u00fd potrebu sa akoko\u013evek verejne definova\u0165, nech to rob\u00ed a m\u00e1 moju pln\u00fa podporu, a ke\u010f ich v tom bude chcie\u0165 ktoko\u013evek akoko\u013evek obmedzova\u0165, tak sa ich ur\u010dite zastanem.\u201c<\/p>\n\n\n\n<figure class=\"wp-block-image size-large\"><a href=\"https:\/\/fb.me\/e\/2wDaseLvL\"><img loading=\"lazy\" decoding=\"async\" width=\"1024\" height=\"450\" src=\"https:\/\/duhovyrok.sk\/qys\/wp-content\/uploads\/sites\/2\/2022\/06\/285292466_5128018543900165_216278295797936449_n-1-1-1024x450.jpg\" alt=\"\" class=\"wp-image-3549\" srcset=\"https:\/\/duhovyrok.sk\/qys\/wp-content\/uploads\/sites\/2\/2022\/06\/285292466_5128018543900165_216278295797936449_n-1-1-1024x450.jpg 1024w, https:\/\/duhovyrok.sk\/qys\/wp-content\/uploads\/sites\/2\/2022\/06\/285292466_5128018543900165_216278295797936449_n-1-1-700x307.jpg 700w, https:\/\/duhovyrok.sk\/qys\/wp-content\/uploads\/sites\/2\/2022\/06\/285292466_5128018543900165_216278295797936449_n-1-1-1536x675.jpg 1536w, https:\/\/duhovyrok.sk\/qys\/wp-content\/uploads\/sites\/2\/2022\/06\/285292466_5128018543900165_216278295797936449_n-1-1.jpg 1710w\" sizes=\"auto, (max-width: 1024px) 100vw, 1024px\" \/><\/a><figcaption>Viac o festivale <a rel=\"noreferrer noopener\" href=\"https:\/\/fb.me\/e\/2wDaseLvL\" target=\"_blank\">Sensorium 2022<\/a> n\u00e1jdete <a rel=\"noreferrer noopener\" href=\"https:\/\/fb.me\/e\/2wDaseLvL\" target=\"_blank\">TU<\/a><\/figcaption><\/figure>\n\n\n\n<p>V detstve mal viacero kamar\u00e1tov z queer komunity a videl, \u017ee ich orient\u00e1cia bola v \u0161kole d\u00f4vodom na \u0161ikanu. \u201eNikdy som sa nec\u00edtil dobre vo ve\u013ek\u00fdch ma\u010distick\u00fdch chalansk\u00fdch skupin\u00e1ch, v ktor\u00fdch chce ka\u017ed\u00fd uk\u00e1za\u0165 svoju mu\u017enos\u0165. Rad\u0161ej som robil doma hudbu a obklopoval sa jemnej\u0161\u00edmi, vn\u00edmav\u00fdmi \u013eu\u010fmi.\u201c<\/p>\n\n\n\n<p>Organiz\u00e1tori Sensoria zd\u00f4raz\u0148uj\u00fa, \u017ee mot\u00edv diverzity je d\u00f4le\u017eit\u00fd aj v hudbe. \u201eSna\u017e\u00edme sa prezentova\u0165 \u010do naj\u0161ir\u0161ie spektrum hudby, ktor\u00e1 je mimo dominantn\u00e9ho angloamerick\u00e9ho kontextu, a tie\u017e klubov\u00e9 sub\u017e\u00e1nre, ktor\u00e9 \u010dasto vych\u00e1dzaj\u00fa z queer podhubia,\u201c vrav\u00ed Juraj Hoppan z organiza\u010dn\u00e9ho t\u00edmu festivalu. V programe sa napr\u00edklad ocitla aj Wyme, s ktorou sme mali minul\u00fd rok v magaz\u00edne rozhovor a ktor\u00e1 organizuje feministick\u00fa a queer p\u00e1rty Xeno. Festival Sensorium sa uskuto\u010dnil po\u010das v\u00edkendu 17. a 18. j\u00fana.<\/p>\n","protected":false},"excerpt":{"rendered":"<p>Autor: Marek Hudec \/ Foto: DJ G\u00e4p\/Facebook Vogue b\u00e1ly, po\u010das ktor\u00fdch tane\u010dn\u00edci a tane\u010dn\u00ed\u010dky predv\u00e1dzaj\u00fa zlo\u017eit\u00e9 tane\u010dn\u00e9 akrobacie, m\u00f3du a r\u00f4zne discipl\u00edny, maj\u00fa jedine\u010dn\u00fa hudbu. Mus\u00ed dobre ladi\u0165 s drav\u00fdm \u0161t\u00fdlom vystupovania \u00fa\u010dinkuj\u00facich. Na Slovensku tento tane\u010dn\u00fd \u0161t\u00fdl, vych\u00e1dzaj\u00faci z queer subkult\u00fary, zvidite\u013e\u0148uje Monika Prikkelov\u00e1. Podujatia V\u00e4lv\u00e4t spoluorganizuje DJ G\u00e4p, v\u00fdrazn\u00e1 osobnos\u0165 dom\u00e1cej klubovej sc\u00e9ny. <a href=\"https:\/\/duhovyrok.sk\/qys\/sensorium-upozornuje-na-rozmanitost-klubova-hudba-casto-vychadza-z-queer-kultury\/\" class=\"more-link\">&#8230;<\/a><\/p>\n","protected":false},"author":10,"featured_media":3545,"comment_status":"closed","ping_status":"closed","sticky":false,"template":"","format":"standard","meta":{"footnotes":""},"categories":[255,10,12,13],"tags":[54,266,268,159,377],"class_list":["post-3544","post","type-post","status-publish","format-standard","has-post-thumbnail","hentry","category-hudba","category-kultura","category-tipy","category-viditelnost","tag-festival","tag-from-qys","tag-hudba","tag-queer-kultura","tag-sensorium"],"_links":{"self":[{"href":"https:\/\/duhovyrok.sk\/qys\/wp-json\/wp\/v2\/posts\/3544","targetHints":{"allow":["GET"]}}],"collection":[{"href":"https:\/\/duhovyrok.sk\/qys\/wp-json\/wp\/v2\/posts"}],"about":[{"href":"https:\/\/duhovyrok.sk\/qys\/wp-json\/wp\/v2\/types\/post"}],"author":[{"embeddable":true,"href":"https:\/\/duhovyrok.sk\/qys\/wp-json\/wp\/v2\/users\/10"}],"replies":[{"embeddable":true,"href":"https:\/\/duhovyrok.sk\/qys\/wp-json\/wp\/v2\/comments?post=3544"}],"version-history":[{"count":4,"href":"https:\/\/duhovyrok.sk\/qys\/wp-json\/wp\/v2\/posts\/3544\/revisions"}],"predecessor-version":[{"id":3570,"href":"https:\/\/duhovyrok.sk\/qys\/wp-json\/wp\/v2\/posts\/3544\/revisions\/3570"}],"wp:featuredmedia":[{"embeddable":true,"href":"https:\/\/duhovyrok.sk\/qys\/wp-json\/wp\/v2\/media\/3545"}],"wp:attachment":[{"href":"https:\/\/duhovyrok.sk\/qys\/wp-json\/wp\/v2\/media?parent=3544"}],"wp:term":[{"taxonomy":"category","embeddable":true,"href":"https:\/\/duhovyrok.sk\/qys\/wp-json\/wp\/v2\/categories?post=3544"},{"taxonomy":"post_tag","embeddable":true,"href":"https:\/\/duhovyrok.sk\/qys\/wp-json\/wp\/v2\/tags?post=3544"}],"curies":[{"name":"wp","href":"https:\/\/api.w.org\/{rel}","templated":true}]}}