{"id":3523,"date":"2022-05-23T19:00:06","date_gmt":"2022-05-23T17:00:06","guid":{"rendered":"https:\/\/duhovyrok.sk\/qys\/?p=3523"},"modified":"2022-05-31T18:41:27","modified_gmt":"2022-05-31T16:41:27","slug":"clenka-timu-charkivskeho-pride-ak-za-nase-prava-na-ukrajine-nezabojuje-my-potom-kto","status":"publish","type":"post","link":"https:\/\/duhovyrok.sk\/qys\/clenka-timu-charkivskeho-pride-ak-za-nase-prava-na-ukrajine-nezabojuje-my-potom-kto\/","title":{"rendered":"\u010clenka t\u00edmu charkivsk\u00e9ho Pride: Kto zabojuje za na\u0161e pr\u00e1va na Ukrajine, ak nie my?"},"content":{"rendered":"\n<p><strong>Autor textu: Marek Hudec \/ Fotografie: <strong>Facebook<\/strong><\/strong> <strong>KharkivPRIDE <\/strong><\/p>\n\n\n\n<p><strong>Ke\u010f sme sa rozpr\u00e1vali s Ruslanou Hnat\u010denko, druh\u00e9 najv\u00e4\u010d\u0161ie ukrajinsk\u00e9 mesto bolo neust\u00e1le pod pa\u013ebou a hrozilo mu bombardovanie. Ruslana v\u0161ak bola presved\u010den\u00e1, \u017ee ke\u010f sa vojna skon\u010d\u00ed, situ\u00e1cia queer \u013eud\u00ed sa m\u00f4\u017ee zlep\u0161i\u0165. Tak\u00fd bol trend posledn\u00fdch rokov pred pokusom o rusk\u00fa okup\u00e1ciu.<\/strong><\/p>\n\n\n\n<p>Ke\u010f sa koncom febru\u00e1ra za\u010dala inv\u00e1zia na Ukrajinu, Ruslana Hnat\u010denko u\u017e dva mesiace \u0161tudovala vo Ve\u013ekej Brit\u00e1nii. Zo spr\u00e1v vytu\u0161ila, \u017ee jej domovine hroz\u00ed napadnutie zo strany Ruska, a preto zva\u017eovala, \u010di sa nevr\u00e1ti\u0165. \u201eRodi\u010dia ma od toho odr\u00e1dzali, zosta\u0148, kde si, vraveli,\u201c spom\u00ednala si Ruslana, ke\u010f sme spolu v marci robili rozhovor.<\/p>\n\n\n\n<p>Je s\u00fa\u010das\u0165ou t\u00edmu charkivsk\u00e9ho Pride-u a v zahrani\u010d\u00ed sa od vypuknutia vojny venuje pr\u00edprave kampan\u00ed, d\u00e1va rozhovory do m\u00e9di\u00ed, ktor\u00e9 zauj\u00edma situ\u00e1cia ukrajinsk\u00fdch aktivistov a aktivistiek zaoberaj\u00facich sa pr\u00e1vami LGBTI+ \u013eud\u00ed.<\/p>\n\n\n\n<p>Na Ukrajine zostali v\u0161etci jej kamar\u00e1ti, s rodinou si neust\u00e1le telefonuje. V po\u010diatku inv\u00e1zie v Charkive zostala v\u00e4\u010d\u0161ina jej kolegov a koleg\u00fd\u0148 z Pride t\u00edmu. Najprv odi\u0161la len jedna aktivistka, ktor\u00e1 mala mal\u00e9 die\u0165a. Ostatn\u00ed zabezpe\u010dovali humanit\u00e1rnu pomoc, rozn\u00e1\u0161ali po meste jedlo \u010di lieky.<\/p>\n\n\n\n<p>S narastaj\u00facim nebezpe\u010d\u00edm odch\u00e1dzali viacer\u00ed. Nakoniec v Charkive zostali traja. Rusi bombardovali centrum mesta, nesk\u00f4r sa cudz\u00edch vojakov podarilo vytla\u010di\u0165 na okraj, no kv\u00f4li expl\u00f3zi\u00e1m \u010di ostre\u013eovaniu bolo riskantn\u00e9 vych\u00e1dza\u0165 na ulicu.<\/p>\n\n\n\n<figure class=\"wp-block-gallery columns-1 is-cropped wp-block-gallery-1 is-layout-flex wp-block-gallery-is-layout-flex\"><ul class=\"blocks-gallery-grid\"><li class=\"blocks-gallery-item\"><figure><img loading=\"lazy\" decoding=\"async\" width=\"1024\" height=\"683\" src=\"https:\/\/duhovyrok.sk\/qys\/wp-content\/uploads\/sites\/2\/2022\/05\/273623190_911324772891864_494479808629603101_n-1024x683.jpg\" alt=\"\" data-id=\"3524\" data-full-url=\"https:\/\/duhovyrok.sk\/qys\/wp-content\/uploads\/sites\/2\/2022\/05\/273623190_911324772891864_494479808629603101_n.jpg\" data-link=\"https:\/\/duhovyrok.sk\/qys\/clenka-timu-charkivskeho-pride-ak-za-nase-prava-na-ukrajine-nezabojuje-my-potom-kto\/273623190_911324772891864_494479808629603101_n\/\" class=\"wp-image-3524\" srcset=\"https:\/\/duhovyrok.sk\/qys\/wp-content\/uploads\/sites\/2\/2022\/05\/273623190_911324772891864_494479808629603101_n-1024x683.jpg 1024w, https:\/\/duhovyrok.sk\/qys\/wp-content\/uploads\/sites\/2\/2022\/05\/273623190_911324772891864_494479808629603101_n-700x467.jpg 700w, https:\/\/duhovyrok.sk\/qys\/wp-content\/uploads\/sites\/2\/2022\/05\/273623190_911324772891864_494479808629603101_n-1536x1025.jpg 1536w, https:\/\/duhovyrok.sk\/qys\/wp-content\/uploads\/sites\/2\/2022\/05\/273623190_911324772891864_494479808629603101_n.jpg 2048w\" sizes=\"auto, (max-width: 1024px) 100vw, 1024px\" \/><\/figure><\/li><\/ul><\/figure>\n\n\n\n<p><strong>Podujatia Pride s\u00fa na Ukrajine \u010doraz v\u00e4\u010d\u0161ie a bezpe\u010dnej\u0161ie<\/strong><\/p>\n\n\n\n<p>Zo s\u00eddla charkivsk\u00e9ho Pride-u nechceli spravi\u0165 \u00fato\u010disko, nach\u00e1dza sa toti\u017e priamo v centre mesta, m\u00e1 okn\u00e1, tak\u017ee bl\u00edzka expl\u00f3zia by mohla by\u0165 fat\u00e1lna. Mnoh\u00ed obyvatelia a obyvate\u013eky zostali vo svojich domoch alebo sa \u0161li skry\u0165 do metra. \u201e\u00dato\u010disko m\u00f4\u017eete zriadi\u0165 na bezpe\u010dnom mieste, najlep\u0161ie v \u00faplne inom meste, napr\u00edklad v \u013dvove, Charkiv nie je bezpe\u010dn\u00fd,\u201c vysvet\u013euje Ruslana.<\/p>\n\n\n\n<p>\u201eCel\u00fd t\u00edm sa v\u0161ak t\u00fa\u017ei vr\u00e1ti\u0165 hne\u010f, ako to bude mo\u017en\u00e9, a znovuobnovi\u0165 to, \u010do sa stratilo. Ob\u00e1vame sa, ako by dlh\u0161ia okup\u00e1cia ovplyvnila pr\u00e1va queer \u013eud\u00ed. Na Ukrajine sa neust\u00e1le zlep\u0161uj\u00fa, Pride-y s\u00fa v\u00e4\u010d\u0161ie a lep\u0161ie, z\u00e1sahy protidemon\u0161trantov s\u00fa \u010doraz zriedkavej\u0161ie, pom\u00e1haj\u00fa n\u00e1m zn\u00e1me osobnosti.\u201c<\/p>\n\n\n\n<p>Prv\u00fd charkivsk\u00fd Pride sa konal v septembri 2019 a z\u00fa\u010dastnilo sa ho dvetis\u00edc \u013eud\u00ed. Vtedy proti nemu vyst\u00fapil e\u0161te aj starosta Charkiva Hennadij Kernes. Vedenie mesta t\u00edmu podujatia zakazovalo ve\u0161a\u0165 v meste plag\u00e1ty. V poslednom obdob\u00ed je komunik\u00e1cia s mestsk\u00fdm zastupite\u013estvom st\u00e1le zlo\u017eit\u00e1, no aspo\u0148 sa u\u017e Pride nepok\u00fa\u0161alo zru\u0161i\u0165.<\/p>\n\n\n\n<p>Aktivisti a aktivistky sa napriek prek\u00e1\u017ekam v Charkive nec\u00edtia vyhorene, mnoh\u00ed a mnoh\u00e9 sa pod\u013ea Ruslany t\u00e9me venuj\u00fa u\u017e viac ako desa\u0165 rokov. Probl\u00e9my im vytv\u00e1ra cirkev a krajne pravicov\u00e9 zdru\u017eenia, podobne ako na Slovensku.<\/p>\n\n\n\n<figure class=\"wp-block-image size-large\"><img loading=\"lazy\" decoding=\"async\" width=\"1024\" height=\"1024\" src=\"https:\/\/duhovyrok.sk\/qys\/wp-content\/uploads\/sites\/2\/2022\/05\/276216229_932409824116692_1959042600206088642_n-1024x1024.jpg\" alt=\"\" class=\"wp-image-3528\" srcset=\"https:\/\/duhovyrok.sk\/qys\/wp-content\/uploads\/sites\/2\/2022\/05\/276216229_932409824116692_1959042600206088642_n-1024x1024.jpg 1024w, https:\/\/duhovyrok.sk\/qys\/wp-content\/uploads\/sites\/2\/2022\/05\/276216229_932409824116692_1959042600206088642_n-700x700.jpg 700w, https:\/\/duhovyrok.sk\/qys\/wp-content\/uploads\/sites\/2\/2022\/05\/276216229_932409824116692_1959042600206088642_n-150x150.jpg 150w, https:\/\/duhovyrok.sk\/qys\/wp-content\/uploads\/sites\/2\/2022\/05\/276216229_932409824116692_1959042600206088642_n.jpg 1080w\" sizes=\"auto, (max-width: 1024px) 100vw, 1024px\" \/><\/figure>\n\n\n\n<p><strong>Na hraniciach rad\u00ed zataji\u0165 svoju inakos\u0165<\/strong><\/p>\n\n\n\n<p>\u201eSom si stopercentne ist\u00e1, \u017ee hlavn\u00fdm zdrojom homo-, bi- a transf\u00f3bie na Ukrajine je rusk\u00e1 propaganda. Nen\u00e1vistn\u00e9 n\u00e1zory \u0161\u00edri ich pravosl\u00e1vna cirkev. Rusi financuj\u00fa ve\u013emi radik\u00e1lne organiz\u00e1cie, aby dok\u00e1zali, \u017ee Ukrajinci, to s\u00fa sami n\u00e1ckovia a nacionalisti. Zdru\u017eenia, ktor\u00e9 by mali st\u00e1\u0165 proti Rusku, boli k\u00fapen\u00e9.\u201c<\/p>\n\n\n\n<p>Ruslana vid\u00ed, ak\u00e1 odli\u0161n\u00e1 je situ\u00e1cia queer \u013eud\u00ed v Brit\u00e1nii. Mysl\u00ed si, \u017ee mnoh\u00fdm ukrajinsk\u00fdm aktivistom a aktivistk\u00e1m dod\u00e1va silu pr\u00e1ve vidina zmeny: \u201eVeci sa m\u00f4\u017eu zlep\u0161i\u0165, a predsa aj viacer\u00e9 liber\u00e1lnej\u0161ie spolo\u010dnosti maj\u00fa st\u00e1le probl\u00e9m s homo-, bi- a transf\u00f3bnymi skupinami \u010di rusk\u00fdmi dezinform\u00e1ciami. Ak pr\u00e1ve my ako dom\u00e1ci aktivisti a aktivistky nezabojujeme za na\u0161u krajinu, kto to sprav\u00ed?\u201c<\/p>\n\n\n\n<p>Ruslanu te\u0161\u00ed, \u017ee sa medzin\u00e1rodn\u00e1 komunita LGBTI+ \u013eud\u00ed zmobilizovala a zalo\u017eila zbierky na podporu zasiahnut\u00fdch organiz\u00e1ci\u00ed. \u201eDost\u00e1vala som mnoho spr\u00e1v. Mno\u017estvo jednotlivcov, ale aj skup\u00edn sa t\u00fa\u017eilo zapoji\u0165 do pomoci. \u013dudia, ktor\u00ed pr\u00e1ve vojnu pre\u017e\u00edvaj\u00fa, si v\u0161ak myslia, \u017ee by sa Severoatlantick\u00e1 aliancia mohla viac sna\u017ei\u0165, zd\u00e1 sa im tie\u017e, \u017ee nemeck\u00e1 vl\u00e1da je ne\u010dinn\u00e1, ve\u010f sa v Berl\u00edne aj konaj\u00fa protesty, ktor\u00e9 volali po silnej\u0161\u00edch sankci\u00e1ch vo\u010di Rusku.\u201c<\/p>\n\n\n\n<p>Ruslana sa zauj\u00edma aj o situ\u00e1ciu queer ute\u010dencov a ute\u010deniek na hraniciach. Najohrozenej\u0161ou skupinou s\u00fa transrodov\u00e9 \u017eeny, ktor\u00e9 e\u0161te nepre\u0161li tranz\u00edciou. Nemusia ich pusti\u0165 cez hranice. \u201eD\u00f4vodom je nedostato\u010dn\u00e1 pr\u00e1vna \u00faprava na na\u0161ej strane, ale aj v ostatn\u00fdch krajin\u00e1ch. Po\u010dula som o diskrimin\u00e1cii a nen\u00e1vistnom spr\u00e1van\u00ed hrani\u010dnej str\u00e1\u017ee.\u201c<\/p>\n\n\n\n<p>Ute\u010dencom a ute\u010denk\u00e1m rad\u00ed nehovori\u0165 otvorene o svojej inakosti, ak nemusia. \u201eNevieme toti\u017e, ako na v\u00e1s m\u00f4\u017eu v novej krajine reagova\u0165. Boli by sme radi, keby \u013eudia mohli vystupova\u0165 hrdo, no osobn\u00e1 bezpe\u010dnos\u0165 je na prvom mieste.\u201c<\/p>\n\n\n\n<p>Ruslana je takzvan\u00e1 <em>straight ally<\/em>, nepatr\u00ed do komunity, no pom\u00e1ha\u0165 v boji za queer pr\u00e1va je pre \u0148u ve\u013emi in\u0161pirat\u00edvne. \u201eP\u00e1\u010di sa mi, \u017ee s\u00fa\u010das\u0165ou n\u00e1\u0161ho t\u00edmu s\u00fa t\u00edned\u017eeri aj star\u0161\u00ed \u013eudia. Doj\u00edmalo ma nasadenie dobrovo\u013en\u00edkov po\u010das pochodov, ko\u013eko energie a \u00fasilia do organiz\u00e1cie vlo\u017eili. Zorganizovali sme svadbu dvoch \u017eien, \u010do je na Ukrajine st\u00e1le zak\u00e1zan\u00e9. Bez hanby vo\u0161li do registra\u010dnej miestnosti, spr\u00e1va sa stala vir\u00e1lnou na soci\u00e1lnych sie\u0165ach. Bolo zauj\u00edmav\u00e9 vidie\u0165, ako tak\u00e1 mal\u00e1 performat\u00edvna udalos\u0165 dok\u00e1\u017ee pritiahnu\u0165 tak\u00fd ve\u013ek\u00fd dav.\u201c<\/p>\n\n\n\n<p>Ruslana d\u00fafa, \u017ee sa z nazbieran\u00fdch prostriedkov nesk\u00f4r podar\u00ed zorganizova\u0165 nie\u010do skvel\u00e9. P\u00f4vodne ju do t\u00edmu prijali na fundraising, no po inv\u00e1zii z\u00edskala nov\u00fa poz\u00edciu, ke\u010f\u017ee m\u00e1 dobr\u00fa angli\u010dtinu.<\/p>\n\n\n\n<p>Spr\u00e1vy prv\u00fdch m\u00e1jov\u00fdch t\u00fd\u017ed\u0148ov z Charkiva s\u00fa v\u0161ak st\u00e1le depres\u00edvne. S\u00eddlisk\u00e1 na okraji druh\u00e9ho najv\u00e4\u010d\u0161ieho ukrajinsk\u00e9ho mesta pod\u013ea Associated Press pripom\u00ednaj\u00fa m\u00e1rnicu. Tel\u00e1 tu le\u017eia nepochovan\u00e9 a roztrhan\u00e9. T\u00fdm, \u017ee sa nach\u00e1dza ne\u010faleko rusk\u00fdch hran\u00edc, okupanti sa ho neust\u00e1le sna\u017eia ovl\u00e1dnu\u0165. Zatia\u013e ne\u00faspe\u0161ne.<\/p>\n\n\n\n<figure class=\"wp-block-image size-large\"><img loading=\"lazy\" decoding=\"async\" width=\"768\" height=\"1024\" src=\"https:\/\/duhovyrok.sk\/qys\/wp-content\/uploads\/sites\/2\/2022\/05\/274882167_921271561897185_7670067628763270754_n-768x1024.jpg\" alt=\"\" class=\"wp-image-3527\" srcset=\"https:\/\/duhovyrok.sk\/qys\/wp-content\/uploads\/sites\/2\/2022\/05\/274882167_921271561897185_7670067628763270754_n-768x1024.jpg 768w, https:\/\/duhovyrok.sk\/qys\/wp-content\/uploads\/sites\/2\/2022\/05\/274882167_921271561897185_7670067628763270754_n-525x700.jpg 525w, https:\/\/duhovyrok.sk\/qys\/wp-content\/uploads\/sites\/2\/2022\/05\/274882167_921271561897185_7670067628763270754_n-1152x1536.jpg 1152w, https:\/\/duhovyrok.sk\/qys\/wp-content\/uploads\/sites\/2\/2022\/05\/274882167_921271561897185_7670067628763270754_n.jpg 1536w\" sizes=\"auto, (max-width: 768px) 100vw, 768px\" \/><\/figure>\n","protected":false},"excerpt":{"rendered":"<p>Autor textu: Marek Hudec \/ Fotografie: Facebook KharkivPRIDE Ke\u010f sme sa rozpr\u00e1vali s Ruslanou Hnat\u010denko, druh\u00e9 najv\u00e4\u010d\u0161ie ukrajinsk\u00e9 mesto bolo neust\u00e1le pod pa\u013ebou a hrozilo mu bombardovanie. Ruslana v\u0161ak bola presved\u010den\u00e1, \u017ee ke\u010f sa vojna skon\u010d\u00ed, situ\u00e1cia queer \u013eud\u00ed sa m\u00f4\u017ee zlep\u0161i\u0165. Tak\u00fd bol trend posledn\u00fdch rokov pred pokusom o rusk\u00fa okup\u00e1ciu. Ke\u010f sa koncom <a href=\"https:\/\/duhovyrok.sk\/qys\/clenka-timu-charkivskeho-pride-ak-za-nase-prava-na-ukrajine-nezabojuje-my-potom-kto\/\" class=\"more-link\">&#8230;<\/a><\/p>\n","protected":false},"author":10,"featured_media":3524,"comment_status":"closed","ping_status":"closed","sticky":false,"template":"","format":"standard","meta":{"footnotes":""},"categories":[7,10,13],"tags":[20,375,266,374,101,139,142],"class_list":["post-3523","post","type-post","status-publish","format-standard","has-post-thumbnail","hentry","category-pride","category-kultura","category-viditelnost","tag-aktivizmus","tag-charkiv-pride","tag-from-qys","tag-kharkivpride","tag-lgbt-2","tag-pride","tag-queer"],"_links":{"self":[{"href":"https:\/\/duhovyrok.sk\/qys\/wp-json\/wp\/v2\/posts\/3523","targetHints":{"allow":["GET"]}}],"collection":[{"href":"https:\/\/duhovyrok.sk\/qys\/wp-json\/wp\/v2\/posts"}],"about":[{"href":"https:\/\/duhovyrok.sk\/qys\/wp-json\/wp\/v2\/types\/post"}],"author":[{"embeddable":true,"href":"https:\/\/duhovyrok.sk\/qys\/wp-json\/wp\/v2\/users\/10"}],"replies":[{"embeddable":true,"href":"https:\/\/duhovyrok.sk\/qys\/wp-json\/wp\/v2\/comments?post=3523"}],"version-history":[{"count":4,"href":"https:\/\/duhovyrok.sk\/qys\/wp-json\/wp\/v2\/posts\/3523\/revisions"}],"predecessor-version":[{"id":3539,"href":"https:\/\/duhovyrok.sk\/qys\/wp-json\/wp\/v2\/posts\/3523\/revisions\/3539"}],"wp:featuredmedia":[{"embeddable":true,"href":"https:\/\/duhovyrok.sk\/qys\/wp-json\/wp\/v2\/media\/3524"}],"wp:attachment":[{"href":"https:\/\/duhovyrok.sk\/qys\/wp-json\/wp\/v2\/media?parent=3523"}],"wp:term":[{"taxonomy":"category","embeddable":true,"href":"https:\/\/duhovyrok.sk\/qys\/wp-json\/wp\/v2\/categories?post=3523"},{"taxonomy":"post_tag","embeddable":true,"href":"https:\/\/duhovyrok.sk\/qys\/wp-json\/wp\/v2\/tags?post=3523"}],"curies":[{"name":"wp","href":"https:\/\/api.w.org\/{rel}","templated":true}]}}