{"id":3424,"date":"2022-05-23T14:06:39","date_gmt":"2022-05-23T12:06:39","guid":{"rendered":"https:\/\/duhovyrok.sk\/qys\/?p=3424"},"modified":"2022-05-23T17:23:41","modified_gmt":"2022-05-23T15:23:41","slug":"filip-titlbach-nepoznam-queer-cloveka-ktory-by-si-prial-zmenit-svoju-identitu-aj-ked-pre-nu-casto-trpi","status":"publish","type":"post","link":"https:\/\/duhovyrok.sk\/qys\/filip-titlbach-nepoznam-queer-cloveka-ktory-by-si-prial-zmenit-svoju-identitu-aj-ked-pre-nu-casto-trpi\/","title":{"rendered":"Filip Titlbach: Nepozn\u00e1m queer \u010dloveka, ktor\u00fd by si prial zmeni\u0165 svoju identitu, aj ke\u010f pre \u0148u \u010dasto trp\u00ed"},"content":{"rendered":"\n<h5 class=\"wp-block-heading\"><strong>Autor: Matej Uhl\u00e1r<\/strong> \/ <strong>Foto: Arch\u00edv Filipa Titlbacha<\/strong><\/h5>\n\n\n\n<p><strong>Knihu <em>Byli jsme tu v\u017edycky<\/em> si najprv zak\u00e1zal nap\u00edsa\u0165. \u010cesk\u00e9mu novin\u00e1rovi Filipovi Titlbachovi sa zdalo, \u017ee pr\u00edli\u0161 s\u00favis\u00ed s jeho vlastn\u00fdmi nedostatkami. Mysl\u00ed si, \u017ee jeho zbierka pr\u00edbehov o queer komunite je pre v\u0161etk\u00fdch \u013eud\u00ed, ktor\u00ed maj\u00fa otvoren\u00fa myse\u013e a chc\u00fa sa dozvedie\u0165 o LGBTI+ svete nie\u010do viac \u010di stoto\u017eni\u0165 sa s \u013eu\u010fmi, ktor\u00fdch \u017eivotn\u00e9 pr\u00edbehy by ich mohli in\u0161pirova\u0165. Jeho liter\u00e1rny debut vy\u0161iel vo febru\u00e1ri.<\/strong><\/p>\n\n\n\n<p><strong>O svojej knihe tvrd\u00edte, \u017ee je ur\u010den\u00e1 ka\u017ed\u00e9mu, kto m\u00e1 otvoren\u00fa myse\u013e. Ako to mysl\u00edte?<\/strong><\/p>\n\n\n\n<p>Ja m\u00e1m to \u0161\u0165astie, \u017ee som zo skratky LGBTI+ iba to G. Mysl\u00edm si, \u017ee v\u010faka tomu je m\u00f4j \u017eivot ove\u013ea jednoduch\u0161\u00ed ako napr\u00edklad \u017eivoty transrodov\u00fdch \u013eud\u00ed. Ke\u010f\u017ee na v\u00e1s na prv\u00fd poh\u013ead nie je vidno, \u017ee ste gej, v\u017edy m\u00e1te mo\u017enos\u0165 vo\u013eby, \u010di to \u013eu\u010fom, s ktor\u00fdmi sa pr\u00e1ve stret\u00e1vate, poviete. Viem, \u017ee nezainteresovan\u00fdm osob\u00e1m sa m\u00f4\u017ee zda\u0165, akoby queer svet na nich kri\u010dal z&nbsp;ka\u017edej strany, no nie je to tak. My sme tu predsa boli v\u017edy u\u017e od po\u010diatkov \u013eudstva. Men\u00ed sa iba to, ak\u00e9 dost\u00e1vame mo\u017enosti hovori\u0165 o svojich oby\u010dajn\u00fdch \u017eivotoch, o&nbsp;tom, \u010do pre\u017e\u00edvame, aj ke\u010f sa n\u00e1s spolo\u010dnos\u0165 st\u00e1le sna\u017e\u00ed vy\u010dleni\u0165 do izolovanej komunity. \u013dudia si mo\u017eno ani neuvedomuj\u00fa, ako n\u00e1m t\u00fdmto ubli\u017euj\u00fa.<\/p>\n\n\n\n<p>V&nbsp;\u010cesku, a mysl\u00edm si, \u017ee aj na Slovensku, je toti\u017eto komunita vn\u00edman\u00e1 ako nejak\u00e9 zoskupenie \u013eud\u00ed, ktor\u00ed sa nechc\u00fa prisp\u00f4sobi\u0165, chc\u00fa nar\u00fa\u0161a\u0165 pravidl\u00e1 spolo\u010dnosti a podobne. To ale nevypoved\u00e1 ni\u010d o queer \u013eu\u010foch. My chceme iba \u0161\u0165astne pre\u017ei\u0165 ka\u017ed\u00fd jeden de\u0148 bez toho, aby sme museli rie\u0161i\u0165, \u010di n\u00e1s kv\u00f4li na\u0161ej sexu\u00e1lnej orient\u00e1cii \u010di rodovej identite nevyhodia z&nbsp;pr\u00e1ce alebo \u010di verejn\u00fd coming-out nebude ma\u0165 d\u00f4sledky pre na\u0161e doteraj\u0161ie vz\u0165ahy. Akoby z n\u00e1s na\u0161a homosexualita razom spravila \u00faplne in\u00e9ho \u010dloveka, ne\u017e sme boli doposia\u013e, iba t\u00fdm, \u017ee naberieme odvahu by\u0165 skuto\u010dne sami sebou. Spolo\u010densky dr\u00e1\u017ediv\u00fd moment a z\u00e1rove\u0148 obrovsk\u00fa v\u00fdhodu vid\u00edm v \u0161irokej dostupnosti inform\u00e1ci\u00ed z&nbsp;cel\u00e9ho sveta. To mo\u017eno na niekoho p\u00f4sob\u00ed dojmom, \u017ee sa o LGBTI+ svete hovor\u00ed pr\u00edli\u0161, v skuto\u010dnosti sa v\u0161ak iba vyva\u017euje obrovsk\u00e1 nerovnov\u00e1ha, ktor\u00e1 tu panovala storo\u010dia.<\/p>\n\n\n\n<p>Z\u00e1rove\u0148 je podstatn\u00e9 rozli\u0161ova\u0165 spolo\u010densk\u00fa situ\u00e1ciu a postavenie \u013eud\u00ed s inou orient\u00e1ciou a rodovou identitou v spolo\u010dnosti v rozli\u010dn\u00fdch \u0161t\u00e1toch. Napr\u00edklad my \u010cesi sa vo v\u0161eobecnosti m\u00e1me lep\u0161ie ako Poliaci a mo\u017eno trochu lep\u0161ie ako Slov\u00e1ci, no na druhej strane sa m\u00e1me ove\u013ea hor\u0161ie ako napr\u00edklad v USA \u010di D\u00e1nsku. To be\u017en\u00e9mu \u010dloveku, ktor\u00fd sa nepohybuje v danej problematike \u010di nem\u00e1 kontakty medzi queer \u013eu\u010fmi, unik\u00e1. Preto sa vo svojej kni\u017eke sna\u017e\u00edm reflektova\u0165 aktu\u00e1lnu situ\u00e1ciu LGBTI+ \u013eud\u00ed v \u010cesku. \u010ci u\u017e je to prostredn\u00edctvom od\u017eit\u00fdch pr\u00edbehov \u013eud\u00ed, alebo z poh\u013eadu n\u00e1bo\u017eenstva \u010di psychoterapie. Takisto netreba opomen\u00fa\u0165 t\u00e9mu man\u017eelstiev pre v\u0161etk\u00fdch, ktor\u00e1 u\u017e nieko\u013ekokr\u00e1t otriasla na\u0161\u00edm parlamentom.<\/p>\n\n\n\n<figure class=\"wp-block-image size-large\"><img loading=\"lazy\" decoding=\"async\" width=\"1024\" height=\"683\" src=\"https:\/\/duhovyrok.sk\/qys\/wp-content\/uploads\/sites\/2\/2022\/04\/Titlbach4_-1024x683.jpg\" alt=\"\" class=\"wp-image-3486\" srcset=\"https:\/\/duhovyrok.sk\/qys\/wp-content\/uploads\/sites\/2\/2022\/04\/Titlbach4_-1024x683.jpg 1024w, https:\/\/duhovyrok.sk\/qys\/wp-content\/uploads\/sites\/2\/2022\/04\/Titlbach4_-700x467.jpg 700w, https:\/\/duhovyrok.sk\/qys\/wp-content\/uploads\/sites\/2\/2022\/04\/Titlbach4_-1536x1024.jpg 1536w, https:\/\/duhovyrok.sk\/qys\/wp-content\/uploads\/sites\/2\/2022\/04\/Titlbach4_.jpg 2048w\" sizes=\"auto, (max-width: 1024px) 100vw, 1024px\" \/><\/figure>\n\n\n\n<p><strong>S ak\u00fdmi pohn\u00fatkami, s ak\u00fdm prvotn\u00fdm impulzom ste sa pustili do p\u00edsania knihy?<\/strong><\/p>\n\n\n\n<p>U\u017e v predo\u0161lom zamestnan\u00ed v \u010ceskom rozhlase som s kolegy\u0148ou robil program Kv\u00e9r, ktor\u00fd sa venoval LGBTI+ t\u00e9mam, tak\u017ee k tomu nem\u00e1m profesne \u010faleko. Mo\u017eno to tro\u0161ku s\u00favis\u00ed aj s t\u00fdm, \u017ee som workoholik a perfekcionista. Skr\u00e1tka, chcel som sa e\u0161te viac vedie\u0165 stoto\u017eni\u0165 s&nbsp;\u013eu\u010fmi, ktor\u00fdch starosti, radosti, ale aj poh\u013eady na svet sa sna\u017e\u00edm obsiahnu\u0165 aj vo svojej s\u00fa\u010dasnej profesii novin\u00e1ra. Ve\u010f, povedzme si \u00faprimne, zauj\u00edmav\u00fdch pr\u00edbehov, ktor\u00e9 n\u00e1s m\u00f4\u017eu in\u0161pirova\u0165, ovplyvni\u0165, je presne to\u013eko, ko\u013eko je na svete \u013eud\u00ed.<\/p>\n\n\n\n<p>Preto som h\u013eadal ak\u00fdsi \u010fal\u0161\u00ed spojovac\u00ed most, cez ktor\u00fd by som sa mohol dozvedie\u0165 nie\u010do nov\u00e9 a obohacuj\u00face. Dodnes neviem poveda\u0165, \u010di ma v\u00f4bec prekvapilo, \u017ee sa mi nepodarilo n\u00e1js\u0165 podobn\u00fa publicistick\u00fa literat\u00faru, ktor\u00e1 by mapovala queer s\u00fa\u010dasnos\u0165 v \u010cesku. Na druhej strane v\u0161ak mus\u00edm poveda\u0165, \u017ee my\u0161lienku, \u017ee by som tak\u00fato knihu ja s\u00e1m nap\u00edsal, som si na za\u010diatku zak\u00e1zal.<\/p>\n\n\n\n<p><strong>Pre\u010do?<\/strong><\/p>\n\n\n\n<p>Neopl\u00fdvam \u017eiadnym ve\u013ek\u00fdm liter\u00e1rnym talentom. A taktie\u017e sa mi zdalo, \u017ee m\u00e1m e\u0161te asi od\u017eit\u00e9ho m\u00e1lo na to, aby som dok\u00e1zal vystihn\u00fa\u0165 a pokry\u0165 rozmanitos\u0165 a farebnos\u0165 queer sveta. V\u010faka t\u00fdmto nedostatkom som si v\u0161ak vytvoril koncept celej knihy. Vedel som, \u017ee ako novin\u00e1r a osoba, ktor\u00e1 sa u\u017e nieko\u013eko rokov pohybuje v medi\u00e1lnom prostred\u00ed, sa mo\u017eno viem p\u00fdta\u0165. Ostatn\u00e9 d\u00f4le\u017eit\u00e9 inform\u00e1cie, ktor\u00e9 som chcel spracova\u0165 vo svojej publik\u00e1cii, predsa vedia \u013eudia, ktor\u00ed u\u017e dan\u00e9 pr\u00edbehy \u017eij\u00fa alebo s queer \u013eu\u010fmi nejak\u00fdm sp\u00f4sobom pracuj\u00fa, \u010di u\u017e prostredn\u00edctvom poradn\u00ed, terapi\u00ed, alebo jednoducho maj\u00fa na svet inej sexuality a rodovej identity svoj vyhranen\u00fd n\u00e1zor.<\/p>\n\n\n\n<p>Moju t\u00fa\u017ebu, aby som \u010di u\u017e ja s\u00e1m, ale aj ktoko\u013evek \u010fal\u0161\u00ed, kto bude ma\u0165 z\u00e1ujem, mohol siahnu\u0165 po takejto literat\u00fare, umoc\u0148ovalo aj dianie a nepriazniv\u00e9 postoje vo\u010di queer \u013eu\u010fom, ktor\u00e9 v spolo\u010dnosti zaznievaj\u00fa. Zd\u00e1 sa mi dos\u0165 smutn\u00e9, \u017ee e\u0161te aj dnes, v 21. storo\u010d\u00ed, v rozvinutej, pokrokovej krajine, sa a\u017e pr\u00edli\u0161 \u010dasto st\u00e1vame ter\u010dom kult\u00farnych a politick\u00fdch bojov a nem\u00e1me rovnak\u00e9 pr\u00e1va ako v\u0161etci ostatn\u00ed.<\/p>\n\n\n\n<p><strong>Va\u0161a kniha m\u00e1 n\u00e1zov <em>Byli jsme tu v\u017edycky<\/em>. Boli ste v\u017edy hrd\u00fd na to, k\u00fdm ste?<\/strong><\/p>\n\n\n\n<p>Mysl\u00edm, \u017ee to pozn\u00e1me v\u0161etci. Ka\u017ed\u00fd z n\u00e1s toti\u017e v \u017eivote stoj\u00ed v r\u00f4znych situ\u00e1ci\u00e1ch a takpovediac pred r\u00f4znymi coming-outmi. A je \u00faplne jedno, akej sme sexu\u00e1lnej orient\u00e1cie. V\u017edy, ke\u010f stoj\u00edme pred ot\u00e1zkami, ktor\u00e9 s\u00fa z ur\u010dit\u00e9ho d\u00f4vodu v spolo\u010dnosti menej akceptovan\u00e9, zam\u00fd\u0161\u013eame sa nad t\u00fdm, ak\u00fd vplyv a d\u00f4sledky to bude znamena\u0165 nielen pre n\u00e1s osobne, ale aj pre na\u0161ich bl\u00edzkych a v pracovnej \u010di spolo\u010denskej sf\u00e9re. \u010ci budeme napr\u00edklad st\u00e1le ob\u013e\u00faben\u00ed, ke\u010f sa prihl\u00e1sime k&nbsp;nie\u010domu, \u010do vybo\u010duje zo \u0161tandardov. Nikto nechce by\u0165 vy\u010dlenen\u00fd zo spolo\u010dnosti.<\/p>\n\n\n\n<p>Som hrd\u00fd na to, k\u00fdm som sa stal a \u010domu sa venujem dnes; \u017ee sa napr\u00edklad sna\u017e\u00edm pom\u00e1ha\u0165 in\u00fdm queer \u013eu\u010fom. To s\u00fa \u00faspechy, za ktor\u00fdmi stoj\u00edm ja osobne. \u00daspechy, ktor\u00e9 s\u00fa v\u00fdsledkom m\u00f4jho sna\u017eenia. Ale by\u0165 py\u0161n\u00fd na to, \u017ee som gej? No ja neviem. Je to nie\u010do, \u010do mi bolo dan\u00e9, a aj tak by som to nikdy nedok\u00e1zal zmeni\u0165. To je ako keby sa v\u00e1s niekto op\u00fdtal, \u010di ste py\u0161n\u00fd na to, \u017ee m\u00e1te vlasy a nie ste ple\u0161at\u00fd. To tie\u017e nie je vo va\u0161ej moci. M\u00f4\u017eete sa s t\u00fdm len stoto\u017eni\u0165, realisticky to prija\u0165 ako svoju s\u00fa\u010das\u0165. Ale ani keby som mal mo\u017enos\u0165 vo\u013eby \u2013 \u010do, samozrejme, nem\u00e1m \u2013, nemenil by som. A nepozn\u00e1m \u017eiadneho queer \u010dloveka, ktor\u00fd by si prial svoju identitu zmeni\u0165, aj ke\u010f kv\u00f4li spolo\u010densk\u00fdm prek\u00e1\u017ekam \u010dasto trp\u00ed. Majme sa radi tak\u00ed, ak\u00ed sme na tento svet pri\u0161li.<\/p>\n\n\n\n<p><strong>Vy s\u00e1m ste uviedli, \u017ee ste si chceli kni\u017eku s queer tematikou pre\u010d\u00edta\u0165. Na ak\u00e9 ot\u00e1zky ste v nej potrebovali n\u00e1js\u0165 odpove\u010f?<\/strong><\/p>\n\n\n\n<p>Mysl\u00edm si, \u017ee literat\u00fara a umenie vznikaj\u00fa z potreby stoto\u017e\u0148ova\u0165 sa s&nbsp;r\u00f4znymi pr\u00edbehmi. V\u00f4bec to nemus\u00ed s\u00favisie\u0165 s t\u00fdm, \u017ee by ste priamo h\u013eadali nejak\u00fa odpove\u010f. \u010cloveku vie niekedy pom\u00f4c\u0165 aj to, ke\u010f vie, \u017ee to, \u010do pre\u017e\u00edva, v rovnakej chv\u00edli alebo v minulosti za\u017e\u00edval aj niekto in\u00fd. Skr\u00e1tka, \u017ee nie je s\u00e1m a nie je ani divn\u00fd.<\/p>\n\n\n\n<p>Napokon, aj tak si na v\u00e4\u010d\u0161inu z\u00e1sadn\u00fdch ot\u00e1zok dok\u00e1\u017eeme odpoveda\u0165 sami. Ka\u017ed\u00fd a ka\u017ed\u00e1 z n\u00e1s predsa c\u00edtime, kedy sme \u0161\u0165astn\u00ed, v akej spolo\u010dnosti je n\u00e1m najlep\u0161ie. To najd\u00f4le\u017eitej\u0161ie, \u010do potrebujeme v t\u00fdch momentoch vedie\u0165, je, \u017ee v tom nie sme sami.<\/p>\n\n\n\n<blockquote class=\"wp-block-quote is-layout-flow wp-block-quote-is-layout-flow\"><p>Mysl\u00edm si, \u017ee literat\u00fara a umenie vznikaj\u00fa z potreby stoto\u017e\u0148ova\u0165 sa s\u00a0r\u00f4znymi pr\u00edbehmi. V\u00f4bec to nemus\u00ed s\u00favisie\u0165 s t\u00fdm, \u017ee by ste priamo h\u013eadali nejak\u00fa odpove\u010f. \u010cloveku vie niekedy pom\u00f4c\u0165 aj to, ke\u010f vie, \u017ee to, \u010do pre\u017e\u00edva, v rovnakej chv\u00edli alebo v minulosti za\u017e\u00edval aj niekto in\u00fd. Skr\u00e1tka, \u017ee nie je s\u00e1m a nie je ani divn\u00fd.<\/p><\/blockquote>\n\n\n\n<p><strong>Pri \u010d\u00edtan\u00ed va\u0161ej knihy mi napadlo, \u017ee by z nej mohol by\u0165 aj eduka\u010dn\u00fd n\u00e1stroj, mo\u017eno v&nbsp;r\u00e1mci sexu\u00e1lnej v\u00fdchovy.<\/strong><\/p>\n\n\n\n<p>Ur\u010dite sa moja kniha d\u00e1 vn\u00edma\u0165 aj ako vstupenka do LGBTI+ sveta. V pozn\u00e1mkach na okrajoch vysvet\u013eujem pou\u017e\u00edvan\u00e9 v\u00fdrazy, preto\u017ee zo svojej sk\u00fasenosti s p\u00edsan\u00edm viem, \u017ee \u013eudia im nie v\u017edy rozumej\u00fa. Nie je to v\u0161ak ich chyba. Ke\u010f \u010dlovek do tohto sveta nepatr\u00ed, nem\u00e1 skr\u00e1tka d\u00f4vod zis\u0165ova\u0165 pou\u017e\u00edvanie ur\u010dit\u00fdch slov.<\/p>\n\n\n\n<p>No o\u00a0tom, ako bude sl\u00fa\u017ei\u0165 moja kni\u017eka, rozhodne \u010ditate\u013estvo. U\u017e teraz som dostal nieko\u013eko spr\u00e1v, napr\u00edklad od psychol\u00f3gov, ktor\u00ed mi p\u00edsali, \u017ee ju chc\u00fa ma\u0165 vo svojej ambulantnej kni\u017enici. Taktie\u017e sa mi ozvali rodi\u010dia, \u017ee chc\u00fa, aby ju mali doma ich deti. Ja som si stanovil dva ciele. Prv\u00fdm je, aby kniha bola dostupn\u00e1 pre \u010do najv\u00e4\u010d\u0161iu skupinu \u013eud\u00ed. Postupne sa mi to d\u00fafam dar\u00ed. Knihu m\u00f4\u017eete n\u00e1js\u0165 vo v\u0161etk\u00fdch v\u00e4\u010d\u0161\u00edch kn\u00edhkupectv\u00e1ch v \u010ceskej republike a\u00a0m\u00f4\u017eete si ju tie\u017e k\u00fapi\u0165 na webe \u010desk\u00e9ho aj slovensk\u00e9ho Denn\u00edka N. E\u0161te by som si prial, aby sa \u010dasom podaril aj po\u013esk\u00fd preklad knihy a jej n\u00e1sledn\u00fd predaj v tejto krajine.<\/p>\n\n\n\n<figure class=\"wp-block-image size-large\"><img loading=\"lazy\" decoding=\"async\" width=\"1024\" height=\"683\" src=\"https:\/\/duhovyrok.sk\/qys\/wp-content\/uploads\/sites\/2\/2022\/04\/Titlbach3_-1024x683.jpg\" alt=\"\" class=\"wp-image-3487\" srcset=\"https:\/\/duhovyrok.sk\/qys\/wp-content\/uploads\/sites\/2\/2022\/04\/Titlbach3_-1024x683.jpg 1024w, https:\/\/duhovyrok.sk\/qys\/wp-content\/uploads\/sites\/2\/2022\/04\/Titlbach3_-700x467.jpg 700w, https:\/\/duhovyrok.sk\/qys\/wp-content\/uploads\/sites\/2\/2022\/04\/Titlbach3_-1536x1024.jpg 1536w, https:\/\/duhovyrok.sk\/qys\/wp-content\/uploads\/sites\/2\/2022\/04\/Titlbach3_.jpg 2048w\" sizes=\"auto, (max-width: 1024px) 100vw, 1024px\" \/><\/figure>\n\n\n\n<p><strong>Bude ma\u0165 kniha <em>Byli jsme tu v\u017edycky<\/em> svoje pokra\u010dovanie?<\/strong><\/p>\n\n\n\n<p>Ur\u010dite by bolo vhodn\u00e9 a prospe\u0161n\u00e9, aby sa tejto t\u00e9me niekto venoval aj v r\u00e1mci \u010fal\u0161\u00edch kni\u017en\u00fdch publik\u00e1ci\u00ed. Preto\u017ee mne sa podarilo zhrn\u00fa\u0165 iba z\u00e1klad. V tejto chv\u00edli v\u0161ak neviem poveda\u0165, \u010di budem v p\u00edsan\u00ed pokra\u010dova\u0165. Prizn\u00e1m sa, \u017ee od odovzdania rukopisu som sa do neho nepozeral. Zak\u00e1zal som si to, mal som toti\u017e pocit, \u017ee som v t\u00e9me ponoren\u00fd a\u017e tak ve\u013emi, \u017ee o svojej knihe neviem absol\u00fatne ni\u010d. No moment, ke\u010f som svoj titul mohol dr\u017ea\u0165 v&nbsp;ruke a privo\u0148a\u0165 si k&nbsp;nemu, som si vychutnal naplno. Ktovie, mo\u017eno ma tento pocit in\u0161piruje k nie\u010domu \u010fal\u0161iemu.<\/p>\n","protected":false},"excerpt":{"rendered":"<p>Autor: Matej Uhl\u00e1r \/ Foto: Arch\u00edv Filipa Titlbacha Knihu Byli jsme tu v\u017edycky si najprv zak\u00e1zal nap\u00edsa\u0165. \u010cesk\u00e9mu novin\u00e1rovi Filipovi Titlbachovi sa zdalo, \u017ee pr\u00edli\u0161 s\u00favis\u00ed s jeho vlastn\u00fdmi nedostatkami. Mysl\u00ed si, \u017ee jeho zbierka pr\u00edbehov o queer komunite je pre v\u0161etk\u00fdch \u013eud\u00ed, ktor\u00ed maj\u00fa otvoren\u00fa myse\u013e a chc\u00fa sa dozvedie\u0165 o LGBTI+ svete nie\u010do <a href=\"https:\/\/duhovyrok.sk\/qys\/filip-titlbach-nepoznam-queer-cloveka-ktory-by-si-prial-zmenit-svoju-identitu-aj-ked-pre-nu-casto-trpi\/\" class=\"more-link\">&#8230;<\/a><\/p>\n","protected":false},"author":21,"featured_media":3440,"comment_status":"closed","ping_status":"closed","sticky":false,"template":"","format":"standard","meta":{"footnotes":""},"categories":[257,10,13],"tags":[368,367,266,92],"class_list":["post-3424","post","type-post","status-publish","format-standard","has-post-thumbnail","hentry","category-literatura","category-kultura","category-viditelnost","tag-byli-jsme-tu-vzdyck","tag-filip-tilbach","tag-from-qys","tag-kniha"],"_links":{"self":[{"href":"https:\/\/duhovyrok.sk\/qys\/wp-json\/wp\/v2\/posts\/3424","targetHints":{"allow":["GET"]}}],"collection":[{"href":"https:\/\/duhovyrok.sk\/qys\/wp-json\/wp\/v2\/posts"}],"about":[{"href":"https:\/\/duhovyrok.sk\/qys\/wp-json\/wp\/v2\/types\/post"}],"author":[{"embeddable":true,"href":"https:\/\/duhovyrok.sk\/qys\/wp-json\/wp\/v2\/users\/21"}],"replies":[{"embeddable":true,"href":"https:\/\/duhovyrok.sk\/qys\/wp-json\/wp\/v2\/comments?post=3424"}],"version-history":[{"count":2,"href":"https:\/\/duhovyrok.sk\/qys\/wp-json\/wp\/v2\/posts\/3424\/revisions"}],"predecessor-version":[{"id":3489,"href":"https:\/\/duhovyrok.sk\/qys\/wp-json\/wp\/v2\/posts\/3424\/revisions\/3489"}],"wp:featuredmedia":[{"embeddable":true,"href":"https:\/\/duhovyrok.sk\/qys\/wp-json\/wp\/v2\/media\/3440"}],"wp:attachment":[{"href":"https:\/\/duhovyrok.sk\/qys\/wp-json\/wp\/v2\/media?parent=3424"}],"wp:term":[{"taxonomy":"category","embeddable":true,"href":"https:\/\/duhovyrok.sk\/qys\/wp-json\/wp\/v2\/categories?post=3424"},{"taxonomy":"post_tag","embeddable":true,"href":"https:\/\/duhovyrok.sk\/qys\/wp-json\/wp\/v2\/tags?post=3424"}],"curies":[{"name":"wp","href":"https:\/\/api.w.org\/{rel}","templated":true}]}}