{"id":3398,"date":"2022-04-26T07:11:00","date_gmt":"2022-04-26T05:11:00","guid":{"rendered":"https:\/\/duhovyrok.sk\/qys\/?p=3398"},"modified":"2022-05-02T19:07:33","modified_gmt":"2022-05-02T17:07:33","slug":"dramaticka-a-reziserka-valeria-schulczova-ak-niekoho-poburuje-duhova-vlajka-tak-by-sa-mal-nad-sebou-zamysliet","status":"publish","type":"post","link":"https:\/\/duhovyrok.sk\/qys\/dramaticka-a-reziserka-valeria-schulczova-ak-niekoho-poburuje-duhova-vlajka-tak-by-sa-mal-nad-sebou-zamysliet\/","title":{"rendered":"Dramati\u010dka a re\u017eis\u00e9rka Valeria Schulczov\u00e1: Ak niekoho poburuje d\u00fahov\u00e1 vlajka, tak by sa mal nad sebou zamyslie\u0165"},"content":{"rendered":"\n<p><strong>Autor: Andrej Kuruc \/ Foto: Jakub Kov\u00e1\u010d<\/strong><\/p>\n\n\n\n<p><strong>Re\u017eis\u00e9rka a dramati\u010dka Valeria Schulczov\u00e1 vy\u0161tudovala divadeln\u00fa r\u00e9\u017eiu a dramaturgiu na V\u0160MU v&nbsp;Bratislave. V&nbsp;rokoch 2002&nbsp;a\u017e 2010&nbsp;p\u00f4sobila v&nbsp;\u010ceskej republike ako divadeln\u00e1 dramaturgi\u010dka a re\u017eis\u00e9rka napr. v&nbsp;brnianskom HaDivadle, \u010di v&nbsp;Divadle Na z\u00e1bradl\u00ed v&nbsp;Prahe. Po n\u00e1vrate na Slovensko sa podie\u013eala na seri\u00e1loch <em>Ods\u00faden\u00e9<\/em>, <em>Za sklom<\/em> a <em>Nevinn\u00ed<\/em>. Je spoluautorkou divadeln\u00fdch hier pre viacer\u00e9 \u010dinohern\u00e9 sc\u00e9ny, pre ktor\u00e9 pripravila napr\u00edklad hry <em>Rod\u00e1ci <\/em>(SND), <em>Doktor Macbeth<\/em> (DPOH) a <em>Leni <\/em>(SND). Od janu\u00e1ra je \u0161\u00e9fkou mestsk\u00e9ho divadla DPOH v&nbsp;Bratislave.<\/strong><strong><\/strong><\/p>\n\n\n\n<p><strong>Ste dramati\u010dka, scen\u00e1ristka, re\u017eis\u00e9rka a&nbsp;teraz aj \u0161\u00e9fka mestsk\u00e9ho divadla DPOH. \u010co z&nbsp;toho rob\u00edte najrad\u0161ej a&nbsp;\u010do je pre V\u00e1s najv\u00e4\u010d\u0161ou v\u00fdzvou?<\/strong><\/p>\n\n\n\n<p>V\u017edy ma bavilo by\u0165 rozkro\u010den\u00e1 medzi r\u00f4znymi profesiami. Obohacuj\u00fa ma a &nbsp;d\u00e1vaj\u00fa mi v\u00e4\u010d\u0161iu sp\u00e4tn\u00fa v\u00e4zbu a&nbsp;pocit, \u017ee nie som z\u00e1visl\u00e1 len od jednej veci. Z\u00e1rove\u0148 z\u00edskavam nadh\u013ead. Nejdem za nie\u010d\u00edm za ka\u017ed\u00fa cenu a&nbsp;cez m\u0155tvoly. Vo v\u0161etk\u00fdch veciach, \u010do rob\u00edm, je pre m\u0148a jeden spolo\u010dn\u00fd menovate\u013e. V&nbsp;r\u00e1mci telev\u00edzie je to jasn\u00e9, vznik\u00e1 tu a&nbsp;teraz. V&nbsp;r\u00e1mci divadla je to podobn\u00e9. Ale na divadl\u00e1ch sa mi zd\u00e1, \u017ee mnoh\u00e9 z&nbsp;nich nemaj\u00fa pocit, \u017ee divadlo by malo by\u0165 politikum, \u017ee by malo ma\u0165 nejak\u00fa ob\u010diansku v\u00fdpove\u010f. To je pre m\u0148a v\u00fdzva. Bav\u00ed ma, ak sa vyjadruje k&nbsp;stavu spolo\u010dnosti a m\u00e1 presah. Samozrejme, d\u00e1 sa to dosiahnu\u0165 aj cez klasick\u00e9 texty. Mo\u017eno je to t\u00fdm, \u017ee som \u017eila dlh\u0161ie obdobie v&nbsp;\u010cech\u00e1ch. Ke\u010f som odch\u00e1dzala zo Slovenska, tak som nemala pocit, \u017ee s\u00fa\u010dasn\u00e1 slovensk\u00e1 dr\u00e1ma je z\u00e1sadn\u00e1. Tam som si uvedomila, \u017ee s\u00fa\u010dasn\u00e1 dr\u00e1ma je ve\u013emi d\u00f4le\u017eit\u00e1 pre ka\u017ed\u00fa krajinu. Buduje celkov\u00e9 kult\u00farne povedomie. A&nbsp;\u010do in\u00e9 m\u00f4\u017ee r\u00fdchlo a flexibilne reflektova\u0165 spolo\u010dnos\u0165, ako pr\u00e1ve divadlo? Z&nbsp;umenia je toto jeden z&nbsp;najkomunikat\u00edvnej\u0161\u00edch \u017e\u00e1nrov. A&nbsp;t\u00fdm, \u017ee sa uskuto\u010d\u0148uje \u017eiv\u00fdmi \u013eu\u010fmi, pre \u017eiv\u00fdch \u013eud\u00ed, tak m\u00e1 ve\u013ek\u00fd v\u00fdtlak. Nemus\u00ed by\u0165 masov\u00fd, ale m\u00e1 \u0161ancu otv\u00e1ra\u0165 t\u00e9my, ktor\u00e9 s\u00fa pre \u013eud\u00ed hrani\u010dn\u00e9, v&nbsp;nie\u010dom nepr\u00edjemn\u00e9. M\u00e1 \u0161ancu zv\u00fd\u0161i\u0165 citlivos\u0165 vn\u00edmania aj v tak\u00fdch t\u00e9mach, ako je LGBTI+.<\/p>\n\n\n\n<p><strong>Ak\u00fd je rozdiel medzi \u010deskou a&nbsp;slovenskou s\u00fa\u010dasnou dr\u00e1mou?<\/strong><\/p>\n\n\n\n<p>\u010cesko je v\u00e4\u010d\u0161\u00ed trh, \u010do generuje v\u00e4\u010d\u0161\u00ed po\u010det dramatikov i divadiel. Ale \u010fal\u0161\u00ed ve\u013emi d\u00f4le\u017eit\u00fd rozdiel oproti Slovensku je ten, \u017ee maj\u00fa tradi\u010dne mestsk\u00fa kult\u00faru. V&nbsp;ka\u017edom v\u00e4\u010d\u0161om meste je divadlo. Aj ke\u010f nem\u00e1 vlastn\u00fd s\u00fabor, m\u00e1 budovu, do ktorej prich\u00e1dzaj\u00fa hos\u0165uj\u00face s\u00fabory. Kult\u00farne&nbsp;povedomie mestsk\u00fdch \u013eud\u00ed sa vytv\u00e1ra aj t\u00fdmto faktom. Buduje sa identita. My sme ve\u013emi rur\u00e1lna spolo\u010dnos\u0165, ve\u013emi tradi\u010dn\u00e1. Som presved\u010den\u00e1, \u017ee u&nbsp;n\u00e1s osvietenstvo neprebehlo. S\u00fa\u010dasn\u00e1 dramatika, pokia\u013e sa m\u00e1 vyjadrova\u0165 k&nbsp;aktu\u00e1lnym t\u00e9mam, je nie\u010do, \u010do Slov\u00e1ci a\u017e tak nechc\u00fa, nepotrebuj\u00fa. Samozrejme, postupne sa to zlep\u0161uje. Ale ke\u010f som odch\u00e1dzala zo Slovenska v&nbsp;roku 2002, diela slovensk\u00fdch autorov sa hrali v\u00fdnimo\u010dne, alebo boli len autorsk\u00e9 divadl\u00e1, ako Stoka, Gunagu, Rado\u0161inci. V&nbsp;takom pr\u00edpade sa v\u0161ak dramatici nemaj\u00fa \u0161ancu pos\u00fava\u0165. Pokia\u013e si p\u00ed\u0161u iba do \u0161ufl\u00edka, nerast\u00fa s v\u00fdzvami. V&nbsp;momente, ke\u010f ich hry za\u010d\u00ednaj\u00fa by\u0165 inscenovan\u00e9, dost\u00e1vaj\u00fa sp\u00e4tn\u00fa v\u00e4zbu a&nbsp;rozumej\u00fa \u010do funguje, \u010do nefunguje, v&nbsp;tom lep\u0161om pr\u00edpade aj pre\u010do to nefunguje, a&nbsp;t\u00fdm p\u00e1dom maj\u00fa \u0161ancu r\u00e1s\u0165. A&nbsp;ke\u010f rast\u00fa dramatici, rast\u00fa aj inscen\u00e1cie a&nbsp;vzap\u00e4t\u00ed div\u00e1k. S\u00fa to spojen\u00e9 n\u00e1doby. \u010cesk\u00e1 dr\u00e1ma a&nbsp;\u010desk\u00e9 divadlo je omnoho bli\u017e\u0161ie nemeck\u00e9mu typu divadla, aj v&nbsp;myslen\u00ed, poetike, form\u00e1lnom preveden\u00ed. My m\u00e1me naozaj tendenciu \u00eds\u0165 viac na v\u00fdchod a&nbsp;na Balk\u00e1n. Obdivujeme nesp\u00fatanos\u0165, ke\u010f herci trhaj\u00fa kulisy\u2026 a&nbsp;ke\u010f sa pr\u00edli\u0161 ve\u013ea rozpr\u00e1va, tak n\u00e1s to nud\u00ed a&nbsp;otravuje, \u010do sa tie\u017e nemen\u00ed.<\/p>\n\n\n\n<p><strong>Vo va\u0161ej tvorbe, \u010di u\u017e divadelnej, alebo telev\u00edznej, sa viackr\u00e1t objavili aj postavy z&nbsp;LGBTI+ komunity. Pre\u010do si mysl\u00edte, \u017ee je dobr\u00e9 ukazova\u0165 aj postavy s&nbsp;inou sexu\u00e1lnou orient\u00e1ciou a rodovou identitou?<\/strong><\/p>\n\n\n\n<p>Lebo s\u00fa medzi nami. S\u00fa \u00faplne legit\u00edmnymi ob\u010danmi a ob\u010diankami na\u0161ej krajiny, s&nbsp;\u00faplne rovnak\u00fdmi pr\u00e1vami. Pre\u010do by nemali by\u0165 zobrazen\u00ed v&nbsp;r\u00e1mci dramatickej tvorby? Mysl\u00edm si, \u017ee dobu, ke\u010f postavy boli zobrazovan\u00e9 pr\u00e1ve pre ich sexualitu, m\u00e1me za sebou. Pam\u00e4t\u00e1m si filmy, ktor\u00e9 ma&nbsp;zasiahli, ke\u010f som mala dvan\u00e1s\u0165 rokov. A&nbsp;ich obsahom bolo, \u017ee ich sexualita predstavuje probl\u00e9m a&nbsp;chc\u00fa re\u0161pekt v&nbsp;spolo\u010dnosti. Pam\u00e4t\u00e1m si obdobie, ke\u010f som mala desa\u0165 rokov a&nbsp;v\u0161ade sa hovorilo o&nbsp;AIDS-e. V&nbsp;trolejbuse, ktor\u00fdm som cestovala z&nbsp;Koliby do mesta, boli plag\u00e1tiky, ak\u00e9 s\u00fa pr\u00edznaky HIV. A&nbsp;ja som ako desa\u0165ro\u010dn\u00e1 st\u00e1la, a&nbsp;hovorila som si: aj to m\u00e1m, toto m\u00e1m, \u010do ke\u010f m\u00e1m AIDS? To boli prv\u00e9 momenty, ke\u010f som zis\u0165ovala, \u017ee nie\u010do ako homosexualita existuje, a&nbsp;v\u017edy to malo pachu\u0165 negat\u00edvneho, pejorat\u00edvneho, vulg\u00e1rneho. Minim\u00e1lne to tak interpretovala socialistick\u00e1 mor\u00e1lka. D\u00fafam, \u017ee je t\u00e1 doba u\u017e pre\u010d. Teraz je potrebn\u00e9 hovori\u0165 o tom, \u017ee aj LGBTI+ \u013eudia s\u00fa norm\u00e1lni. Nejde o ot\u00e1zkou vo\u013eby, je to ot\u00e1zka vrodenej danosti, to je akoby si \u013eudia mohli vybra\u0165, \u010di chcem v\u00e4\u010d\u0161\u00ed, alebo men\u0161\u00ed nos. Postoj \u013eud\u00ed, ktor\u00ed s\u00fa vo\u010di LGBTI+ \u013eu\u010fom vyhranen\u00ed, je pre m\u0148a \u00faplne nepochopite\u013en\u00fd. Na druhej strane rozumiem tomu, \u017ee na Slovensku sme negat\u00edvne vyhranen\u00ed vo\u010di element\u00e1rnym veciam, tak pre\u010do ob\u00eds\u0165 t\u00fato komunitu? V&nbsp;tom, \u010do p\u00ed\u0161em, sa sna\u017e\u00edm zobrazi\u0165 v&nbsp;r\u00e1mci divadla, \u017ee in\u00e1 sexu\u00e1lna orient\u00e1cia nie je senz\u00e1cia, ale \u017ee je to iba s\u00fa\u010das\u0165 charakteru postavy. Podstatn\u00e9 je, ako sa prejavuje ako \u010dlovek, a&nbsp;toto je \u010fal\u0161ia pridan\u00e1 charakteristika, ktor\u00e1 ju obohacuje. Ve\u013emi ma pote\u0161ilo, ke\u010f sme teraz robili projekt <em>Gener\u00e1cie Z&nbsp;\u2013 Sused, ktor\u00e9ho nechcem<\/em>, \u017ee pre deti z gener\u00e1cie Z, zoomerov, to prestala by\u0165 \u201et\u00e9ma\u201c. In\u00fa sexu\u00e1lnu orient\u00e1ciu vn\u00edmaj\u00fa ako samozrejmos\u0165. T\u00e9mou je nen\u00e1vis\u0165 spolo\u010dnosti vo\u010di LGBTI+ komunite. St\u00e1le medzi nimi funguje rasizmus, ktor\u00fd si oni uvedomuj\u00fa ako nie\u010do negat\u00edvne, ale ke\u010f idete hlb\u0161ie ot\u00e1zkami, tak je tam niekde st\u00e1le zakorenen\u00fd. Vyrastaj\u00fa v&nbsp;prostrediach, kde s\u00fa predsudky, \u010dasto mimo Bratislavy. Na jednom sa v\u0161ak dok\u00e1\u017eu zhodn\u00fa\u0165 \u2013 \u017ee t\u00e9ma LGBTI+ je pre ne ako d\u00fdcha\u0165 vzduch. Nerozumej\u00fa, ako niekto m\u00f4\u017ee atakova\u0165 niekoho sexualitu alebo rodov\u00fa identitu. To bolo jedno z&nbsp;najpr\u00edjemnej\u0161\u00edch zisten\u00ed po\u010das sk\u00fa\u0161ania, \u017ee pre nich je to norm\u00e1l a&nbsp;s\u00fa ochotn\u00ed sa do krvi poh\u00e1da\u0165 so svojimi rodi\u010dmi na t\u00fato t\u00e9mu. Tak\u017ee je \u0161anca na zmenu. Pokia\u013e ich spolo\u010dnos\u0165 nezvalcuje, aspo\u0148 v&nbsp;nie\u010dom by Slov\u00e1ci mohli by\u0165 otvorenej\u0161\u00ed.<\/p>\n\n\n\n<figure class=\"wp-block-image size-large\"><img loading=\"lazy\" decoding=\"async\" width=\"1024\" height=\"683\" src=\"https:\/\/duhovyrok.sk\/qys\/wp-content\/uploads\/sites\/2\/2022\/04\/5S8A2107_R_t_c_k_hotovo_opr22_S_CG_V_FB-1024x683.jpg\" alt=\"\" class=\"wp-image-3441\" srcset=\"https:\/\/duhovyrok.sk\/qys\/wp-content\/uploads\/sites\/2\/2022\/04\/5S8A2107_R_t_c_k_hotovo_opr22_S_CG_V_FB-1024x683.jpg 1024w, https:\/\/duhovyrok.sk\/qys\/wp-content\/uploads\/sites\/2\/2022\/04\/5S8A2107_R_t_c_k_hotovo_opr22_S_CG_V_FB-700x467.jpg 700w, https:\/\/duhovyrok.sk\/qys\/wp-content\/uploads\/sites\/2\/2022\/04\/5S8A2107_R_t_c_k_hotovo_opr22_S_CG_V_FB-1536x1024.jpg 1536w, https:\/\/duhovyrok.sk\/qys\/wp-content\/uploads\/sites\/2\/2022\/04\/5S8A2107_R_t_c_k_hotovo_opr22_S_CG_V_FB.jpg 2048w\" sizes=\"auto, (max-width: 1024px) 100vw, 1024px\" \/><\/figure>\n\n\n\n<p><strong>Gejsk\u00fd p\u00e1r sa dostal aj do va\u0161ej hry <em>Rod\u00e1ci<\/em>, ktor\u00fa ste nap\u00edsali s&nbsp;Romanom Olek\u0161\u00e1kom a hrala sa v&nbsp;SND. \u010co v\u00e1s viedlo k&nbsp;tomu, \u017ee ste v&nbsp;hre otvorili aj t\u00fato t\u00e9mu?<\/strong><\/p>\n\n\n\n<p>Bol tam aj gejsk\u00fd p\u00e1r, ktor\u00fd hrali \u013dubo Kosteln\u00fd a&nbsp;Jo\u017eo Vajda. Jozef bol obsaden\u00fd presne proti typu, ktor\u00fd sa s&nbsp;n\u00edm sp\u00e1ja \u201ena prv\u00fa dobr\u00fa\u201c \u2013 sexidol, selad\u00f3n a&nbsp;sukni\u010dk\u00e1r. Bol skvel\u00fd, bral to absol\u00fatne bez predsudkov. Hra <em>Rod\u00e1ci<\/em> bola modelov\u00e1 vo v\u0161etk\u00fdch form\u00e1ch nen\u00e1visti a&nbsp;v&nbsp;tom, \u010do spolo\u010dnos\u0165 rozde\u013euje. Postavy, okrem toho, \u017ee mali svoje charaktery, v\u017edy predstavovali ist\u00fd stereotyp. \u010ci\u017ee bol tam n\u00e1cek, skorumpovan\u00fd politik, aktivistick\u00fd umelec at\u010f. Sna\u017eili sme sa v\u0161ak o&nbsp;to, aby postavu to, ako je zadefinovan\u00e1, fixne nedeterminovalo, ale aby prekvapila tajomstvom alebo reakciou, ktor\u00fa by sme ne\u010dkali. Niekto, kto sa jav\u00ed nejak\u00fdm sp\u00f4sobom, sa vo v\u00fdsledku uk\u00e1\u017ee inak. Napr\u00edklad man\u017eelsk\u00fd p\u00e1r dvoch mu\u017eov. V&nbsp;inej krajine \u017eij\u00fa harmonick\u00fd vz\u0165ah, ale vo chv\u00edli, ke\u010f sa vr\u00e1tia na Slovensko, tak aj t\u00e1 harm\u00f3nia sa medzi nimi vytr\u00e1ca. I\u0161lo o z\u00e1mern\u00e9 pouk\u00e1zanie na to, \u017ee my sme naozaj krajina, ktor\u00e1 de\u0161truuje v\u0161etko. Okrem toho sme prepadli \u0161ialenej an\u00f3mii. My nie sme rozdelen\u00e1 spolo\u010dnos\u0165 od pand\u00e9mie COVID-u. Sme rozdelen\u00ed odnepam\u00e4ti a&nbsp;pand\u00e9mia to len odhalila. Sme nezrel\u00e1 a&nbsp;mlad\u00e1 spolo\u010dnos\u0165. Rie\u0161ime veci, ktor\u00fdmi si in\u00e9 spolo\u010dnosti pre\u0161li pred desa\u0165ro\u010diami.<\/p>\n\n\n\n<p><strong>Rozruch vzbudil aj plag\u00e1t k&nbsp;predstaveniu <em>Rod\u00e1ci<\/em>. H\u00e1dam prv\u00fdkr\u00e1t sa na \u0148om v&nbsp;SND vyskytli tancuj\u00face p\u00e1ry rovnak\u00e9ho pohlavia, na d\u00f4va\u017eok aj s&nbsp;folkl\u00f3rnym mot\u00edvom. \u010co bolo z\u00e1merom?<\/strong><\/p>\n\n\n\n<p>Poznali sme tvorbu Ivany \u0160\u00e1tekovej, videla som jej ed\u00edciu krojovan\u00fdch hlup\u00e1kov, teda ve\u013emi zl\u00fdch \u013eud\u00ed. Povedali sme si, \u017ee by sa hodili k&nbsp;<em>Rod\u00e1kom<\/em>. Tak\u017ee sme cez dramaturgi\u010dku inscen\u00e1cie Darinu Abrah\u00e1mov\u00fa kontaktovali Ivanu, \u010di by nespravila plag\u00e1t k&nbsp;inscen\u00e1cii. A&nbsp;zafungovalo to. Hne\u010f vzbudil rozruch. To bolo skvel\u00e9.<\/p>\n\n\n\n<p><strong>Niektor\u00ed \u013eudia z&nbsp;inscen\u00e1cie odch\u00e1dzali, s\u00e1m som to za\u017eil na predstaven\u00ed.<\/strong><\/p>\n\n\n\n<p>Za\u017eila som nieko\u013eko repr\u00edz, na ktor\u00fdch ma fascinovalo, \u017ee tam evidentne sedeli pravicov\u00ed extr\u00e9misti. V&nbsp;nejakom momente kri\u010dali. Potom tam sedeli \u013eudia, ktor\u00ed boli hodnotovo na \u00faplne opa\u010dnom p\u00f3le. Div\u00e1ci reagovali nezvykle \u017eivo. Zrazu to bolo ako trib\u00fana, v&nbsp; \u013eu\u010foch vzbudzovala potrebu reagova\u0165. V\u017edy sa tam prejavili \u013eudia z&nbsp;r\u00f4znych t\u00e1borov. \u010cas\u0165 hercov bola nad\u0161en\u00e1 textom. Re\u017eis\u00e9r, ktor\u00fd poch\u00e1dzal z&nbsp;Nemecka a&nbsp;bol ve\u013emi talentovan\u00fd, ve\u013emi progres\u00edvny a&nbsp;pomerne sk\u00fasen\u00fd, bol fascinovan\u00fd t\u00fdm, \u017ee ur\u010dit\u00e1 skupina hercov text odmietala. Nerozumel, pre\u010do. V&nbsp;Nemecku by tento typ hry bol absol\u00fatny trh\u00e1k sez\u00f3ny. Nerozumel, pre\u010do niektor\u00ed herci maj\u00fa pocit, \u017ee tak\u00e9 veci do divadla nepatria. Predpoklad\u00e1m, \u017ee to bolo ich ment\u00e1lnym ukotven\u00edm, \u017ee ich osobn\u00fd postoj prev\u00e1\u017eil nad profesionalitou, a&nbsp;t\u00fdm vznikol tak\u00fd zvl\u00e1\u0161tny pr\u00fad odporu.<\/p>\n\n\n\n<p><strong>Odvtedy t\u00e1 t\u00e9ma ve\u013emi nezarezonovala v&nbsp;premi\u00e9rach Slovensk\u00e9ho n\u00e1rodn\u00e9ho divadla. Z\u013eakli sa?<\/strong><\/p>\n\n\n\n<p>Pod\u013ea m\u0148a ned\u00e1vaj\u00fa od t\u00e9my ruky pre\u010d. Lebo o&nbsp;p\u00e1r mesiacov budem sk\u00fa\u0161a\u0165 hru, ktor\u00fa sme op\u00e4\u0165 nap\u00edsali s&nbsp;Romanom Olek\u0161\u00e1kom. Vol\u00e1 sa <em>Ostrov<\/em>. Tam nie je len t\u00e9ma homosexuality, ale e\u0161te aj t\u00e9ma incestu. Je to aj ekologick\u00e1 hra, jemne apokalyptick\u00e1. A&nbsp;je tam pr\u00edtomn\u00e1 aj t\u00e9ma migr\u00e1cie. Je dos\u0165 mo\u017en\u00e9, \u017ee bude ods\u00faden\u00e1 na ne\u00faspech. Premi\u00e9ra bude v&nbsp;m\u00e1ji.<\/p>\n\n\n\n<blockquote class=\"wp-block-quote is-layout-flow wp-block-quote-is-layout-flow\"><p>V&nbsp;nejakom momente kri\u010dali.<\/p><\/blockquote>\n\n\n\n<p><strong>Chc\u00fa herci hra\u0165 postavy gejov?<\/strong><\/p>\n\n\n\n<p>Niektor\u00ed heterosexu\u00e1lni mu\u017ei gejov nechc\u00fa hra\u0165. Ale pozn\u00e1m aj ve\u013ea gejov, ktor\u00ed ich nechc\u00fa hra\u0165. A rozumiem im, v situ\u00e1cii, ke\u010f sa komplikovane pret\u013akaj\u00fa vlastn\u00fdm \u017eivotom, ke\u010f\u017ee spravi\u0165 coming-out v&nbsp;na\u0161ej spolo\u010dnosti je st\u00e1le \u0165a\u017ek\u00e9. A ke\u010f n\u00e1jdu vo svojom \u017eivote nejak\u00e9 ekvilibrium a&nbsp;pr\u00edde tak\u00e1to postava, oni sa jej m\u00f4\u017eu z\u013eakn\u00fa\u0165. Neobvi\u0148ujem ich zo zbabelosti, ale, samozrejme, bolo by skvel\u00e9, keby sa v\u00f4bec nedost\u00e1vali do takejto situ\u00e1cie. Prajem si, aby sa na\u0161a spolo\u010dnos\u0165 dostala do stavu, ke\u010f o&nbsp;tom \u013eudia bud\u00fa schopn\u00ed hovori\u0165 bez hanby a&nbsp;ob\u00e1v. Ak o&nbsp;svojej orient\u00e1cii hovoria zn\u00e1mi \u010di sl\u00e1vni \u013eudia, zvy\u0161uj\u00fa \u0161ancu be\u017en\u00fdm \u013eu\u010fom, \u017ee to zvl\u00e1dnu tie\u017e a dok\u00e1\u017eu si poradi\u0165 s&nbsp;takouto \u017eivotnou situ\u00e1ciou.<\/p>\n\n\n\n<p><strong>Malo by by\u0165 aj divadlo 21. storo\u010dia pr\u00edkladom diverzity,&nbsp;inkl\u00fazie a&nbsp;zvidite\u013e\u0148ovania r\u00f4znych men\u0161\u00edn?<\/strong><\/p>\n\n\n\n<p>Jednozna\u010dne \u00e1no. Ale ot\u00e1zne je, \u010di to tak vn\u00edmaj\u00fa aj v&nbsp;Spi\u0161skej Novej Vsi. Samozrejme, nechcem tamoj\u0161\u00edch \u013eud\u00ed urazi\u0165. Ale st\u00e1le si mysl\u00edm, \u017ee v&nbsp;Bratislave je spolo\u010dnos\u0165 pravdepodobne najotvorenej\u0161ia. Tie t\u00e9my do divadla patria. Ak sa chceme v poetik\u00e1ch pribl\u00ed\u017ei\u0165 svetu, tak sa mus\u00edme aj v&nbsp;t\u00e9mach. Ja pova\u017eujem pr\u00e1zdny formalizmus, ktor\u00fd mo\u017eno je na \u00farovni eur\u00f3pskeho divadla, ale jeho t\u00e9ma je z\u00e1pecn\u00edcka, za neposta\u010duj\u00faci. Formu si m\u00e1 vyn\u00fati\u0165 obsah a&nbsp;nie naopak. My sa v&nbsp;r\u00e1mci mestsk\u00e9ho divadla DPOH sna\u017e\u00edme napr\u00edklad otvori\u0165 aj zdravotne znev\u00fdhodnen\u00fdm. Probl\u00e9mom je, \u017ee divadlo nebolo postaven\u00e9 bezbari\u00e9rovo. Po\u010das pand\u00e9mie sme uva\u017eovali, \u017ee by sa napr\u00edklad spravili aj nav\u00e1dzacie linky pre nevidiacich, \u017ee by pribudli na\u010d\u00favadl\u00e1 pre \u013eud\u00ed so sluchov\u00fdm znev\u00fdhodnen\u00edm. Ale nar\u00e1\u017eame v tom na finan\u010dn\u00e9 bari\u00e9ry. Poskytujeme l\u00edstky zadarmo ob\u010dianskym zdru\u017eeniam, ktor\u00e9 sa staraj\u00fa o&nbsp;\u017eeny a&nbsp;deti za\u017e\u00edvaj\u00face n\u00e1silie. \u010ci\u017ee chodia na detsk\u00e9 predstavenia a niekedy pr\u00eddu mamy samotn\u00e9, aby si odd\u00fdchli, pri\u0161li na in\u00e9 my\u0161lienky. Radi by sme to robili omnoho syst\u00e9movej\u0161ie, ale jednak je to koncep\u010dn\u00e1 pr\u00e1ca, mus\u00edte ma\u0165 v\u00edziu bud\u00facnosti, a&nbsp;mus\u00edte ma\u0165 aj \u0161\u0165astie, \u017ee m\u00e1te okolo seba \u013eud\u00ed, ktor\u00ed vn\u00edmaj\u00fa tieto potreby. V&nbsp;sociologick\u00fdch prieskumoch v&nbsp;r\u00e1mci Eur\u00f3py vych\u00e1dza, \u017ee na Slovensku napr\u00edklad LGBTI+ t\u00e9mu \u013eudia ve\u013eakr\u00e1t nevn\u00edmaj\u00fa ako probl\u00e9m. Probl\u00e9m neexistuje, ak ho nevid\u00edte. Obdobne je to aj s&nbsp;rasizmom. A&nbsp;divadl\u00e1 nie s\u00fa v\u00fdnimkou. Existenciu nie\u010doho si mus\u00edte najprv uvedomi\u0165, aby ste vn\u00edmali aj stav vec\u00ed \u2013 \u010di s\u00fa, alebo nie s\u00fa probl\u00e9mom. A\u017e potom dok\u00e1\u017eete veci rie\u0161i\u0165, alebo o&nbsp;nich hra\u0165 inscen\u00e1cie. Budovanie diverzity chce systematick\u00fa, dlhodob\u00fa a kolekt\u00edvnu pr\u00e1cu. Ned\u00e1 sa to naraz, reperto\u00e1r budujete postupne.<\/p>\n\n\n\n<p><strong>Zd\u00e1 sa mi, \u017ee to ste celkom za\u010dali robi\u0165 v&nbsp;DPOH. Viackr\u00e1t sa tam objavili aj t\u00e9my inakosti a&nbsp;LGBTI+ \u013eud\u00ed. Napr\u00edklad v&nbsp;projekte An\u00f3mia to bola hra Pe\u0165a Scherhaufera <em>Cena za z\u00e1vis\u0165<\/em>. Je to z\u00e1mer dramaturgie?<\/strong><\/p>\n\n\n\n<p>\u010co sa t\u00fdka An\u00f3mie, tam boli z\u00e1merne osloven\u00ed Pe\u0165o Sherhaufer a Majo Amsler ako tvorcovia, ktor\u00ed sa netaja svojou orient\u00e1ciou. Bolo mi jasn\u00e9, \u017ee Peter s&nbsp;t\u00e9mou homosexuality pr\u00edde aj s\u00e1m, ale my sme ho predbehli a&nbsp;zadali mu ju priamo. Najprv sme rozm\u00fd\u0161\u013eali, \u017ee by to spracoval re\u017eis\u00e9r, ktor\u00fd nie je gej. Potom sme si povedali, \u017ee naopak, ak s&nbsp;t\u00fdm Majo nem\u00e1 probl\u00e9m, nie je to pre neho tabu, tak n\u00e1s zauj\u00edma, ako k&nbsp; t\u00e9me spolo\u010dne prist\u00fapia. To, \u017ee bola hra inscenovan\u00e1 v&nbsp;Klarisk\u00e1ch, bolo cie\u013eom od za\u010diatku projektu. Mysl\u00edm si, \u017ee pr\u00e1ve priestor kostola je ten, kam hra o&nbsp;z\u00e1visti, l\u00e1ske a&nbsp;odpusten\u00ed patr\u00ed. Nie v&nbsp;snahe pob\u00fari\u0165, naopak, v&nbsp;snahe znorm\u00e1lni\u0165 t\u00e9mu a&nbsp;probl\u00e9my LGBTI+ \u013eud\u00ed.<\/p>\n\n\n\n<p><strong>Takisto v&nbsp;novom cykle inscen\u00e1ci\u00ed Gener\u00e1cia Z&nbsp;sa dot\u00fdkate p\u00e1l\u010div\u00fdch t\u00e9m. Pre\u010do ste sa rozhodli oslovi\u0165 t\u00fato gener\u00e1ciu?<\/strong><\/p>\n\n\n\n<p>T\u00e9my tam s\u00fa, lebo ich priniesli herci, \u0161tudenti konzervat\u00f3ria. A&nbsp;boli medzi aj neheterosexu\u00e1lni mlad\u00ed \u013eudia. Cyklus obsahuje siln\u00fd pr\u00edbeh chlapca, ktor\u00fd naozaj kr\u00e1sne hovor\u00ed, ako vn\u00edma a&nbsp;ako sa c\u00edti v&nbsp;tejto spolo\u010dnosti. Zam\u00fd\u0161\u013ea sa, pre\u010do m\u00e1 trpie\u0165 len preto, \u017ee nejak\u00fd \u201eJo\u017eo z&nbsp;Brav\u00e4cova\u201c nikdy nepoc\u00edtil l\u00e1sku, tak\u017ee ju z\u00e1vid\u00ed ostatn\u00fdm, alebo ju nevie prija\u0165. Nap\u00edsal si to s\u00e1m. M\u00e1 to o&nbsp;to v\u00e4\u010d\u0161iu silu. Je tam aj ve\u013ea vtipn\u00fdch momentov, ale pri tejto pas\u00e1\u017ei som na sk\u00fa\u0161kach opakovane plakala. Druh\u00fd siln\u00fd pr\u00edbeh je od diev\u010da\u0165a, ktor\u00e9 je R\u00f3mka a&nbsp;teraz m\u00e1 \u0161\u0165astn\u00e9 \u017eivotn\u00e9 obdobie, lebo ju prijali na konzervat\u00f3rium. A&nbsp;jej inakos\u0165 nie je prek\u00e1\u017ekou, ale obohaten\u00edm. Ale popisuje svoju \u0165a\u017ek\u00fa sk\u00fasenos\u0165, ktor\u00fa za\u017e\u00edvala od mali\u010dka. A&nbsp;to je naozaj tristn\u00e9. Keby to hrali herci, mohlo by to p\u00f4sobi\u0165 ban\u00e1lne. Ale t\u00fdm, \u017ee je to ich autentick\u00e1 sk\u00fasenos\u0165 a&nbsp;oni e\u0161te ani nemaj\u00fa osemn\u00e1s\u0165 rokov, tak to m\u00e1 v\u00e1hu dokumentu. Vtedy si \u010dlovek uvedom\u00ed trpkos\u0165 spolo\u010dnosti, ktor\u00e1 n\u00e1s obklopuje, \u010do je \u00faplne desiv\u00e9.<\/p>\n\n\n\n<p><strong>Divadlo sa prihl\u00e1silo k&nbsp;podpore LGBTI+ komunity, pokia\u013e viem, aj vyvesen\u00edm d\u00fahovej vlajky po\u010das dn\u00ed, ke\u010f prebiehal D\u00fahov\u00fd PRIDE. Mysl\u00edte si, \u017ee je d\u00f4le\u017eit\u00e9 aj takto podpori\u0165 LGBTI+ komunitu? Uk\u00e1za\u0165, \u017ee divadlo je aj pre \u0148u otvoren\u00e9?<\/strong><\/p>\n\n\n\n<p>To je to najmenej. Ak niekoho poburuje d\u00fahov\u00e1 vlajka, tak by sa mal nad sebou zamyslie\u0165. Naozaj, ja sa c\u00edtim s\u00fa\u010das\u0165ou tak\u00e9ho civiliza\u010dn\u00e9ho okruhu, kde to nem\u00e1 padn\u00fa\u0165 ako ot\u00e1zka, lebo je to norm\u00e1lne.<\/p>\n\n\n\n<p><strong>Pre \u013eud\u00ed v&nbsp;komunite je to d\u00f4le\u017eit\u00e9, vidie\u0165, \u017ee n\u00e1s vn\u00edmaj\u00fa aj tak\u00e9to kult\u00farne in\u0161tit\u00facie.<\/strong><\/p>\n\n\n\n<p>Ur\u010dite pre niektor\u00fdch \u013eud\u00ed predstavuje probl\u00e9m u\u017e len to, ke\u010f sa rie\u0161i, \u010di sa vlajka niekde vyves\u00ed. Viem, \u017ee ke\u010f si n\u00e1rodn\u00e9 divadlo vlani dalo svoju facebookov\u00fa str\u00e1nku do d\u00fahov\u00fdch farieb, hne\u010f vznikol intern\u00fd pr\u00edpis, \u017ee sa to m\u00e1 okam\u017eite stiahnu\u0165. A&nbsp;to pova\u017eujem za hanebn\u00e9 a&nbsp;ve\u013emi zbabel\u00e9. Podlieha\u0165 n\u00e1lad\u00e1m v\u00e4\u010d\u0161iny, to sme tu mali v&nbsp;roku 1939, aj 1942 a&nbsp;1948. Nikdy s&nbsp;t\u00fdm nebola dobr\u00e1 sk\u00fasenos\u0165.<\/p>\n\n\n\n<p><strong>Ak\u00e9 s\u00fa va\u0161e \u010fal\u0161ie dramaturgick\u00e9 pl\u00e1ny v divadle? Pl\u00e1nujete sa venova\u0165 aj v&nbsp;bud\u00facnosti t\u00fdmto t\u00e9mam?<\/strong><\/p>\n\n\n\n<p>Pripravujem aj re\u017eijne v&nbsp;m\u00e1ji v&nbsp;SND inscen\u00e1ciu <em>Ostrov<\/em>, ktor\u00fa som spom\u00ednala. A&nbsp;potom ver\u00edm, \u017ee si cez pr\u00e1zdniny odd\u00fdchnem. Uplynul\u00e1 sez\u00f3na bola kv\u00f4li pand\u00e9mii n\u00e1ro\u010dn\u00e1, bol to chaos a&nbsp;pracovali sme a hrali aj cel\u00e9 minul\u00e9 leto, a\u017e doteraz.<\/p>\n","protected":false},"excerpt":{"rendered":"<p>Autor: Andrej Kuruc \/ Foto: Jakub Kov\u00e1\u010d Re\u017eis\u00e9rka a dramati\u010dka Valeria Schulczov\u00e1 vy\u0161tudovala divadeln\u00fa r\u00e9\u017eiu a dramaturgiu na V\u0160MU v&nbsp;Bratislave. V&nbsp;rokoch 2002&nbsp;a\u017e 2010&nbsp;p\u00f4sobila v&nbsp;\u010ceskej republike ako divadeln\u00e1 dramaturgi\u010dka a re\u017eis\u00e9rka napr. v&nbsp;brnianskom HaDivadle, \u010di v&nbsp;Divadle Na z\u00e1bradl\u00ed v&nbsp;Prahe. Po n\u00e1vrate na Slovensko sa podie\u013eala na seri\u00e1loch Ods\u00faden\u00e9, Za sklom a Nevinn\u00ed. Je spoluautorkou divadeln\u00fdch hier <a href=\"https:\/\/duhovyrok.sk\/qys\/dramaticka-a-reziserka-valeria-schulczova-ak-niekoho-poburuje-duhova-vlajka-tak-by-sa-mal-nad-sebou-zamysliet\/\" class=\"more-link\">&#8230;<\/a><\/p>\n","protected":false},"author":2,"featured_media":3441,"comment_status":"closed","ping_status":"closed","sticky":false,"template":"","format":"standard","meta":{"footnotes":""},"categories":[256,5,13,258],"tags":[43,357,266,142,159,356],"class_list":["post-3398","post","type-post","status-publish","format-standard","has-post-thumbnail","hentry","category-divadlo","category-praca-a-skola","category-viditelnost","category-vizualne-umenie","tag-divadlo","tag-dpoh","tag-from-qys","tag-queer","tag-queer-kultura","tag-valeria-schulczova"],"_links":{"self":[{"href":"https:\/\/duhovyrok.sk\/qys\/wp-json\/wp\/v2\/posts\/3398","targetHints":{"allow":["GET"]}}],"collection":[{"href":"https:\/\/duhovyrok.sk\/qys\/wp-json\/wp\/v2\/posts"}],"about":[{"href":"https:\/\/duhovyrok.sk\/qys\/wp-json\/wp\/v2\/types\/post"}],"author":[{"embeddable":true,"href":"https:\/\/duhovyrok.sk\/qys\/wp-json\/wp\/v2\/users\/2"}],"replies":[{"embeddable":true,"href":"https:\/\/duhovyrok.sk\/qys\/wp-json\/wp\/v2\/comments?post=3398"}],"version-history":[{"count":4,"href":"https:\/\/duhovyrok.sk\/qys\/wp-json\/wp\/v2\/posts\/3398\/revisions"}],"predecessor-version":[{"id":3517,"href":"https:\/\/duhovyrok.sk\/qys\/wp-json\/wp\/v2\/posts\/3398\/revisions\/3517"}],"wp:featuredmedia":[{"embeddable":true,"href":"https:\/\/duhovyrok.sk\/qys\/wp-json\/wp\/v2\/media\/3441"}],"wp:attachment":[{"href":"https:\/\/duhovyrok.sk\/qys\/wp-json\/wp\/v2\/media?parent=3398"}],"wp:term":[{"taxonomy":"category","embeddable":true,"href":"https:\/\/duhovyrok.sk\/qys\/wp-json\/wp\/v2\/categories?post=3398"},{"taxonomy":"post_tag","embeddable":true,"href":"https:\/\/duhovyrok.sk\/qys\/wp-json\/wp\/v2\/tags?post=3398"}],"curies":[{"name":"wp","href":"https:\/\/api.w.org\/{rel}","templated":true}]}}