{"id":3364,"date":"2022-03-16T11:54:00","date_gmt":"2022-03-16T10:54:00","guid":{"rendered":"https:\/\/duhovyrok.sk\/qys\/?p=3364"},"modified":"2022-07-06T18:31:58","modified_gmt":"2022-07-06T16:31:58","slug":"anketa-ako-sa-moze-vojna-dotknut-queer-ludi","status":"publish","type":"post","link":"https:\/\/duhovyrok.sk\/qys\/anketa-ako-sa-moze-vojna-dotknut-queer-ludi\/","title":{"rendered":"Anketa: Ako sa m\u00f4\u017ee vojna dotkn\u00fa\u0165 queer \u013eud\u00ed?"},"content":{"rendered":"\n<p><strong>Autori: Andrej Kuruc, Marek Hudec<\/strong> \/ <strong>Fotografie: Canva, Arch\u00edv op\u00fdtan\u00fdch<\/strong><\/p>\n\n\n\n<p><strong>Vojna za na\u0161ou v\u00fdchodnou hranicou vyvol\u00e1va v queer komunite obavy. Objavuj\u00fa sa spr\u00e1vy o hrozbe pre ukrajinsk\u00fdch aktivistov a aktivistky v pr\u00edpade ovl\u00e1dnutia krajiny Ruskom. V tragickej situ\u00e1cii sa kv\u00f4li ch\u00fdbaj\u00facej pr\u00e1vnej \u00faprave m\u00f4\u017eu ocita\u0165 aj transrodov\u00e9 \u017eeny a gejsk\u00e9 rodiny s de\u0165mi, ktor\u00e9 nesm\u00fa opusti\u0165 Ukrajinu. Sp\u00fdtali sme sa slovensk\u00fdch LGBTI+ aktivistov a aktivistiek, ako sa pod\u013ea nich m\u00f4\u017ee nepreh\u013eadn\u00e1 situ\u00e1cia dotkn\u00fa\u0165 queer men\u0161iny.<\/strong><\/p>\n\n\n\n<figure class=\"wp-block-image size-large\"><img loading=\"lazy\" decoding=\"async\" width=\"1024\" height=\"777\" src=\"https:\/\/duhovyrok.sk\/qys\/wp-content\/uploads\/sites\/2\/2019\/08\/IMG_9154mozno-hotovopodlzkehotovo-webhotovovelkaFB-1024x777.jpg\" alt=\"\" class=\"wp-image-1325\" srcset=\"https:\/\/duhovyrok.sk\/qys\/wp-content\/uploads\/sites\/2\/2019\/08\/IMG_9154mozno-hotovopodlzkehotovo-webhotovovelkaFB-1024x777.jpg 1024w, https:\/\/duhovyrok.sk\/qys\/wp-content\/uploads\/sites\/2\/2019\/08\/IMG_9154mozno-hotovopodlzkehotovo-webhotovovelkaFB-700x531.jpg 700w, https:\/\/duhovyrok.sk\/qys\/wp-content\/uploads\/sites\/2\/2019\/08\/IMG_9154mozno-hotovopodlzkehotovo-webhotovovelkaFB-1536x1166.jpg 1536w, https:\/\/duhovyrok.sk\/qys\/wp-content\/uploads\/sites\/2\/2019\/08\/IMG_9154mozno-hotovopodlzkehotovo-webhotovovelkaFB-600x455.jpg 600w, https:\/\/duhovyrok.sk\/qys\/wp-content\/uploads\/sites\/2\/2019\/08\/IMG_9154mozno-hotovopodlzkehotovo-webhotovovelkaFB-300x228.jpg 300w, https:\/\/duhovyrok.sk\/qys\/wp-content\/uploads\/sites\/2\/2019\/08\/IMG_9154mozno-hotovopodlzkehotovo-webhotovovelkaFB.jpg 2048w\" sizes=\"auto, (max-width: 1024px) 100vw, 1024px\" \/><\/figure>\n\n\n\n<p><strong>Zara Kromkov\u00e1 (PRIZMA):<\/strong><\/p>\n\n\n\n<p>Vojna, ktor\u00fa rozp\u00fatal re\u017eim Vladim\u00edra Putina, je bezprecedentn\u00fdm, hrub\u00fdm a neospravedlnite\u013en\u00fdm poru\u0161en\u00edm medzin\u00e1rodn\u00fdch zml\u00fav o bezpe\u010dnosti v Eur\u00f3pe. T\u00e1to agresia vyhnala z domovov mili\u00f3ny \u013eud\u00ed. Dnes (v \u010dase uz\u00e1vierky 14. marca, pozn. red.) vieme, \u017ee z Ukrajiny utieklo u\u017e viac ako 2,3 mili\u00f3na obyvate\u013eov a obyvateliek najm\u00e4 do Po\u013eska, Rumunska, Moldavska, Ma\u010farska a na Slovensko. Vy\u0161e 1,5 mili\u00f3na \u013eud\u00ed bolo n\u00faten\u00fdch utiec\u0165 v r\u00e1mci Ukrajiny. Vojna sa dotkla v\u0161etk\u00fdch bez v\u00fdnimky a je potrebn\u00e9 pom\u00f4c\u0165 v\u0161etk\u00fdm \u013eu\u010fom dosta\u0165 sa do bezpe\u010dia. Tak ako pand\u00e9mia, aj vojnov\u00fd konflikt a s n\u00edm spojen\u00e1 humanit\u00e1rna kr\u00edza n\u00e1m v\u0161ak ukazuj\u00fa, \u017ee tieto kr\u00edzy obzvl\u00e1\u0161\u0165 tragicky zasahuj\u00fa tie skupiny obyvate\u013estva, ktor\u00e9 u\u017e v mierov\u00fdch \u010dasoch \u0161t\u00e1t znevidite\u013e\u0148oval alebo pre ne nevytv\u00e1ral syst\u00e9mov\u00e9 rie\u0161enia na prekonanie \u0161pecifick\u00fdch probl\u00e9mov, s ktor\u00fdmi sa ako men\u0161inov\u00e9 skupiny stret\u00e1vaj\u00fa.<\/p>\n\n\n\n<p>Transrodov\u00ed \u013eudia \u010delia prek\u00e1\u017ekam, ktor\u00e9 nedok\u00e1\u017eu zvl\u00e1dnu\u0165 sami z d\u00f4vodu syst\u00e9mov\u00e9ho nastavenia, ktor\u00e9 existenciu transrodov\u00fdch \u013eud\u00ed nereflektuje. V tejto chv\u00edli je mimoriadne d\u00f4le\u017eit\u00e9 zamera\u0165 pozornos\u0165 na transrodov\u00e9 \u017eeny. Mnoh\u00e9 z nich maj\u00fa v ofici\u00e1lnych dokladoch uveden\u00e9 mu\u017esk\u00e9 pohlavie, ur\u010den\u00e9 pri naroden\u00ed. Ke\u010f\u017ee na Ukrajine bol vyhl\u00e1sen\u00fd vojnov\u00fd stav a v\u0161eobecn\u00e1 mobiliz\u00e1cia pre mu\u017eov vo veku 18 \u2013 60 rokov, transrodov\u00e9 \u017eeny, ktor\u00e9 maj\u00fa v dokladoch uveden\u00e9 mu\u017esk\u00e9 pohlavie, nem\u00f4\u017eu opusti\u0165 krajinu. Takisto je d\u00f4le\u017eit\u00e9 si uvedomi\u0165, \u017ee transrodov\u00e9 \u017eeny na jednej strane utekaj\u00fa pred ohrozen\u00edm, ktor\u00e9 pre ne predstavuj\u00fa rusk\u00ed vojaci a v pr\u00edpade dlhodobej okup\u00e1cie Ukrajiny aj samotn\u00fd re\u017eim Ruskej feder\u00e1cie, ktor\u00e1 akt\u00edvne prenasleduje LGBTI+ \u013eud\u00ed na svojom vlastnom \u00fazem\u00ed, a na druhej strane \u010delia hrozbe n\u00fatenej regrut\u00e1cie a nasadenia do akt\u00edvnych bojov na strane ukrajinskej arm\u00e1dy.<\/p>\n\n\n\n<p>Nem\u00e1m il\u00fazie o tom, ako by sa zaobch\u00e1dzalo s t\u00fdmito \u017eenami v ukrajinskej arm\u00e1de. Okrem spomenut\u00e9ho je probl\u00e9mom samozrejme aj zdravotn\u00e1 starostlivos\u0165 spojen\u00e1 s tranz\u00edciou. Najm\u00e4 pre t\u00fdch transrodov\u00fdch \u013eud\u00ed, ktor\u00ed s\u00fa u\u017e v procese medic\u00ednskej tranz\u00edcie alebo medic\u00ednsku tranz\u00edciu absolvovali. M\u00e1m obavy, \u017ee LGBTI+ \u013eudia bud\u00fa \u010deli\u0165 d\u00f4sledkom tejto absurdnej vojny vo zv\u00fd\u0161enej miere aj po jej skon\u010den\u00ed, e\u0161te dlh\u00fd \u010das.<\/p>\n\n\n\n<figure class=\"wp-block-image size-large\"><img loading=\"lazy\" decoding=\"async\" width=\"855\" height=\"570\" src=\"https:\/\/duhovyrok.sk\/qys\/wp-content\/uploads\/sites\/2\/2022\/03\/robo-pakan.jpg\" alt=\"\" class=\"wp-image-3365\" srcset=\"https:\/\/duhovyrok.sk\/qys\/wp-content\/uploads\/sites\/2\/2022\/03\/robo-pakan.jpg 855w, https:\/\/duhovyrok.sk\/qys\/wp-content\/uploads\/sites\/2\/2022\/03\/robo-pakan-700x467.jpg 700w\" sizes=\"auto, (max-width: 855px) 100vw, 855px\" \/><\/figure>\n\n\n\n<p><strong>R\u00f3bert Pakan (Drama Queer):<\/strong><\/p>\n\n\n\n<p>Vo vojne v\u017edy trpia men\u0161iny, \u013eudia ktor\u00ed s\u00fa aj po\u010das mieru nejak\u00fdm sp\u00f4sobom ostrakizovan\u00ed. Pr\u00e1ve vybi\u010dovan\u00e9 em\u00f3cie po\u010das vojny e\u0161te viac sp\u00f4sobuj\u00fa t\u00fdmto \u013eu\u010fom traumy, prin\u00e1\u0161aj\u00fa ods\u00fadenie. Zvykn\u00fa by\u0165 aj prenasledovan\u00ed. Frustr\u00e1cia na oboch stran\u00e1ch frontu si u\u017e vy\u017eiadala a vy\u017eiada mnoh\u00e9 obete pr\u00e1ve z radov zranite\u013en\u00fdch skup\u00edn, a to s\u00fa najm\u00e4 deti, seniori, seniorky, \u017eeny, \u013eudia z LGBTI+ komunity aj zdravotne znev\u00fdhodnen\u00ed \u013eudia. Jednoducho \u013eudia, na ktor\u00fdch sa po\u010das vojny zab\u00fada. Nemalo by sa, mali by by\u0165 prv\u00ed, ktor\u00fdm sa pom\u00e1ha.<\/p>\n\n\n\n<figure class=\"wp-block-image size-large\"><img loading=\"lazy\" decoding=\"async\" width=\"1024\" height=\"1024\" src=\"https:\/\/duhovyrok.sk\/qys\/wp-content\/uploads\/sites\/2\/2022\/03\/82508336_10219581097931448_1767512607196971008_n-1024x1024.jpg\" alt=\"\" class=\"wp-image-3376\" srcset=\"https:\/\/duhovyrok.sk\/qys\/wp-content\/uploads\/sites\/2\/2022\/03\/82508336_10219581097931448_1767512607196971008_n-1024x1024.jpg 1024w, https:\/\/duhovyrok.sk\/qys\/wp-content\/uploads\/sites\/2\/2022\/03\/82508336_10219581097931448_1767512607196971008_n-700x700.jpg 700w, https:\/\/duhovyrok.sk\/qys\/wp-content\/uploads\/sites\/2\/2022\/03\/82508336_10219581097931448_1767512607196971008_n-150x150.jpg 150w, https:\/\/duhovyrok.sk\/qys\/wp-content\/uploads\/sites\/2\/2022\/03\/82508336_10219581097931448_1767512607196971008_n-1536x1536.jpg 1536w, https:\/\/duhovyrok.sk\/qys\/wp-content\/uploads\/sites\/2\/2022\/03\/82508336_10219581097931448_1767512607196971008_n.jpg 1970w\" sizes=\"auto, (max-width: 1024px) 100vw, 1024px\" \/><\/figure>\n\n\n\n<p><strong>Martin Macko (Iniciat\u00edva Inakos\u0165):<\/strong><\/p>\n\n\n\n<p>Rovnako ako pri pand\u00e9mii, aj tu plat\u00ed, \u017ee kr\u00edzov\u00e1 situ\u00e1cia zv\u00fdrazn\u00ed u\u017e existuj\u00face nerovnosti v spolo\u010dnosti. LGBTI+ \u013eudia \u017eij\u00faci na Ukrajine poc\u00edtia v\u0161etky negat\u00edva ruskej agresie rovnako ako ostatn\u00ed, ale navy\u0161e sa musia vysporiada\u0165 s d\u00f4sledkami svojho men\u0161inov\u00e9ho postavenia a predsudkov vo\u010di nim. K spolo\u010densky vyl\u00fa\u010denej skupine sa m\u00f4\u017ee hor\u0161ie dost\u00e1va\u0165 pomoc, gejovia m\u00f4\u017eu by\u0165 \u0161ikanovan\u00ed v arm\u00e1de a podobne.<\/p>\n\n\n\n<p>Najhor\u0161ia je situ\u00e1cia transrodov\u00fdch \u013eud\u00ed a \u0161peci\u00e1lne \u017eien, ke\u010f\u017ee proces pr\u00e1vnej zmeny pohlavia je v Ukrajine \u0165a\u017eko dostupn\u00fd a v\u00e4\u010d\u0161ina z nich je \u0161t\u00e1tom pova\u017eovan\u00e1 za mu\u017eov. To im v praxi znemo\u017e\u0148uje opusti\u0165 krajinu. Na druhej strane treba zd\u00f4razni\u0165, \u017ee po ruskej inv\u00e1zii ostalo ve\u013ea LGBTI+ \u013eud\u00ed br\u00e1ni\u0165 svoju krajinu, a aj LGBTI+ aktivistov a aktivistiek podporova\u0165 svoju komunitu priamo na mieste.<\/p>\n\n\n\n<figure class=\"wp-block-image size-large\"><img loading=\"lazy\" decoding=\"async\" width=\"960\" height=\"960\" src=\"https:\/\/duhovyrok.sk\/qys\/wp-content\/uploads\/sites\/2\/2022\/03\/alexandra-demetrianova.jpg\" alt=\"\" class=\"wp-image-3366\" srcset=\"https:\/\/duhovyrok.sk\/qys\/wp-content\/uploads\/sites\/2\/2022\/03\/alexandra-demetrianova.jpg 960w, https:\/\/duhovyrok.sk\/qys\/wp-content\/uploads\/sites\/2\/2022\/03\/alexandra-demetrianova-700x700.jpg 700w, https:\/\/duhovyrok.sk\/qys\/wp-content\/uploads\/sites\/2\/2022\/03\/alexandra-demetrianova-150x150.jpg 150w\" sizes=\"auto, (max-width: 960px) 100vw, 960px\" \/><\/figure>\n\n\n\n<p><strong>Alexandra Demetrianov\u00e1 (Saplinq):<\/strong><\/p>\n\n\n\n<p>Tak ako v ka\u017edej kr\u00edze, aj vo vojensk\u00fdch konfliktoch s\u00fa najviac ohrozen\u00ed \u013eudia, ktor\u00ed si nes\u00fa viacero vrstiev diskrimin\u00e1cie \u010di vyl\u00fa\u010denia; \u013eudia, ktor\u00fdch v\u00e4\u010d\u0161inov\u00e1 spolo\u010dnos\u0165 marginalizuje dlhodobo. Preto niet poch\u00fdb, \u017ee vojna na Ukrajine m\u00e1 a bude ma\u0165 v\u00fdrazn\u00e9 d\u00f4sledky pre LGBTI+ komunitu. Je to z viacer\u00fdch d\u00f4vodov. Jednak je vojna stavom absol\u00fatneho bezpr\u00e1via, chaosu a n\u00e1silia, kde je ohrozen\u00fd \u013eudsk\u00fd \u017eivot ako tak\u00fd. Av\u0161ak sexu\u00e1lna orient\u00e1cia alebo rodov\u00e1 identita m\u00f4\u017eu z \u010dloveka spravi\u0165 cie\u013e \u00fatokov, na z\u00e1klade existuj\u00facej homof\u00f3bie a transf\u00f3bie. To je v realite vojny, kde je ktoko\u013evek ozbrojen\u00fd a kde plat\u00ed z\u00e1kon silnej\u0161ieho, ve\u013ek\u00e9 riziko.<\/p>\n\n\n\n<p>I ke\u010f Ukrajina v s\u00fa\u010dasnosti za\u017e\u00edva bezprecedentn\u00e9 zomknutie sa obyvate\u013estva proti spolo\u010dn\u00e9mu nepriate\u013eovi \u2013 agresorovi a okupantovi \u2013 a je mo\u017en\u00e9, \u017ee sa bud\u00fa stiera\u0165 rozdiely medzi men\u0161inami a majoritou, ako si myslia niektor\u00ed \u013eudia z komunity na Ukrajine, osobne zost\u00e1vam obozretn\u00e1 a opatrn\u00e1. LGBTI+ komunita na Ukrajine toti\u017e pred vojnou tvrdo bojovala o svoje pr\u00e1va a za prijatie v spolo\u010dnosti, ktor\u00fdch sa jej nedost\u00e1valo. Sprostredkovane vieme, \u017ee mnoh\u00ed transrodov\u00ed \u013eudia sa nec\u00edtili na Ukrajine bezpe\u010dne a \u010delili verb\u00e1lnym i fyzick\u00fdm \u00fatokom u\u017e pred vojnou. V s\u00fa\u010dasnej situ\u00e1cii s\u00fa transrodov\u00ed \u013eudia rozhodne jednou z najohrozenej\u0161\u00edch skup\u00edn, okrem u\u017e spomenut\u00fdch d\u00f4vodov je to aj pre povinn\u00fa v\u0161eobecn\u00fa mobiliz\u00e1ciu. Z\u00e1kaz opusti\u0165 krajinu sa toti\u017e t\u00fdka aj transrodov\u00fdch \u017eien s nedokon\u010denou pr\u00e1vnou tranz\u00edciou, ktor\u00e9 maj\u00fa marker M v pasoch. V podobne \u0165a\u017ekej situ\u00e1cii sa ale isto nach\u00e1dzaj\u00fa aj single otcovia a gejsk\u00e9 rodiny, ktor\u00e9 musia rie\u0161i\u0165 dilemu, \u010do bude s ich de\u0165mi, ke\u010f otcovia musia zosta\u0165 v krajine.<\/p>\n\n\n\n<p>Z Ukrajiny sa k n\u00e1m ned\u00e1vno dostala aj inform\u00e1cia o fyzickom \u00fatoku na LGBTI+ \u013eud\u00ed v ich byte. I ke\u010f nie je jasn\u00e9, kto ich napadol, mohlo \u00eds\u0165 o homo-\/bi-\/transf\u00f3bny \u00fatok. \u010co je v\u0161ak d\u00f4le\u017eit\u00e9, je fakt, \u017ee sa aktu\u00e1lne nemaj\u00fa pre\u017eiv\u0161\u00ed tak\u00fdchto \u00fatokov na koho obr\u00e1ti\u0165 a kde h\u013eada\u0165 ochranu. Tak\u00fdchto pr\u00edpadov m\u00f4\u017eu by\u0165 desiatky \u010di stovky.<\/p>\n\n\n\n<p>Osobne m\u00e1m obavy aj z vlny nacionalizmu na Ukrajine, ktor\u00fd je s\u00edce pochopite\u013en\u00fd v reakcii na agresiu, inv\u00e1ziu a bombardovanie civiln\u00e9ho obyvate\u013estva, av\u0161ak m\u00f4\u017ee prer\u00e1s\u0165 do extr\u00e9mu a nen\u00e1visti k \u201einakosti\u201c. Sprostredkovane vieme, \u017ee LGBTI+ \u013eudia na Ukrajine sa najviac ob\u00e1vaj\u00fa ultrapravicov\u00fdch jednotiek, ako napr\u00edklad batali\u00f3nu Azov, ktor\u00e9 boli za\u010dlenen\u00e9 do obrany krajiny. Tieto spolky s\u00fa neonacistick\u00e9, homo-\/bi-\/transf\u00f3bne a xenof\u00f3bne. Ak ich vplyv bude r\u00e1s\u0165 vo vojne \u010di po vojne, je to priama hrozba pre queer komunitu. No a nezab\u00fadajme ani na mo\u017enos\u0165, \u017ee by Putin okupoval Ukrajinu dlhodobo, pr\u00edpadne si dosadil svoju b\u00e1bku do vedenia krajiny. To by pre queer komunitu nepochybne znamenalo prenasledovanie, oklie\u0161\u0165ovanie pr\u00e1v LGBTI+ \u013eud\u00ed, cenz\u00faru a pomal\u00fa smr\u0165 ob\u010dianskej spolo\u010dnosti a queer bud\u00facnosti na Ukrajine.<\/p>\n\n\n\n<figure class=\"wp-block-image size-large\"><img loading=\"lazy\" decoding=\"async\" width=\"1024\" height=\"1024\" src=\"https:\/\/duhovyrok.sk\/qys\/wp-content\/uploads\/sites\/2\/2022\/03\/Jana-Micekova-1024x1024.jpg\" alt=\"\" class=\"wp-image-3367\" srcset=\"https:\/\/duhovyrok.sk\/qys\/wp-content\/uploads\/sites\/2\/2022\/03\/Jana-Micekova-1024x1024.jpg 1024w, https:\/\/duhovyrok.sk\/qys\/wp-content\/uploads\/sites\/2\/2022\/03\/Jana-Micekova-700x700.jpg 700w, https:\/\/duhovyrok.sk\/qys\/wp-content\/uploads\/sites\/2\/2022\/03\/Jana-Micekova-150x150.jpg 150w, https:\/\/duhovyrok.sk\/qys\/wp-content\/uploads\/sites\/2\/2022\/03\/Jana-Micekova.jpg 1365w\" sizes=\"auto, (max-width: 1024px) 100vw, 1024px\" \/><\/figure>\n\n\n\n<p><strong>Jana Filom\u00e9na M\u00ed\u010dekov\u00e1 (D\u00fahov\u00fd PRIDE Bratislava):<\/strong><\/p>\n\n\n\n<p>Nikto z n\u00e1s ani v tom najtemnej\u0161om sne nepredpokladal, \u017ee v 21. storo\u010d\u00ed v Eur\u00f3pe za\u017eijeme \u201eraw\u201c vojnu. Vojnu tak\u00fa, ak\u00fa pozn\u00e1me len z rozpr\u00e1vania star\u0161ej gener\u00e1cie. V kr\u00edzov\u00fdch situ\u00e1ci\u00e1ch potreby marginalizovan\u00fdch skup\u00edn id\u00fa \u00faplne bokom. Queer \u013eudia vo v\u00fdchodnej Eur\u00f3pe opatrne upozor\u0148uj\u00fa na nedodr\u017eiavanie z\u00e1kladn\u00fdch \u013eudsk\u00fdch pr\u00e1v.<\/p>\n\n\n\n<p>Rovnako to bolo na Ukrajine, kde sa cel\u00e9 t\u00edmy mestsk\u00fdch Pride-ov (Kyjev, Charkov, Odesa) organizuj\u00fa a pom\u00e1haj\u00fa queer komunite rie\u0161i\u0165 \u017eivotn\u00fa trag\u00e9diu. Najv\u00e1\u017enej\u0161\u00ed probl\u00e9m vznik\u00e1 pri transrodov\u00fdch \u017een\u00e1ch, ktor\u00e9 maj\u00fa st\u00e1le v dokladoch zap\u00edsan\u00e9 M. Ich situ\u00e1cia je moment\u00e1lne nerie\u0161ite\u013en\u00e1 a najviac frustruj\u00faca.<\/p>\n\n\n\n<figure class=\"wp-block-image size-large\"><img loading=\"lazy\" decoding=\"async\" width=\"1024\" height=\"769\" src=\"https:\/\/duhovyrok.sk\/qys\/wp-content\/uploads\/sites\/2\/2022\/03\/Roman-Samotny.jpg\" alt=\"\" class=\"wp-image-3368\" srcset=\"https:\/\/duhovyrok.sk\/qys\/wp-content\/uploads\/sites\/2\/2022\/03\/Roman-Samotny.jpg 1024w, https:\/\/duhovyrok.sk\/qys\/wp-content\/uploads\/sites\/2\/2022\/03\/Roman-Samotny-700x526.jpg 700w\" sizes=\"auto, (max-width: 1024px) 100vw, 1024px\" \/><\/figure>\n\n\n\n<p><strong>Roman Samotn\u00fd (Tepl\u00e1re\u0148, Queer Slovakia):<\/strong><\/p>\n\n\n\n<p>S hr\u00f4zou sledujem dianie na Ukrajine, t\u00e1 nespravodlivos\u0165 a bezmocnos\u0165 s\u00fa sk\u013eu\u010duj\u00face. Kyjev sa v r\u00e1mci kult\u00fary st\u00e1val \u201eBerl\u00ednom v\u00fdchodu\u201c, kam \u013eudia zo z\u00e1padn\u00fdch kraj\u00edn chodili za tamoj\u0161ou subkult\u00farou, ktor\u00e1 bola ve\u013emi progres\u00edvna a pestr\u00e1.<\/p>\n\n\n\n<p>Rusk\u00e1 agresia ni\u010d\u00ed v\u0161etko slobodn\u00e9 a in\u00e9, queer komunita je v tomto smere ve\u013emi zranite\u013en\u00e1. Rusk\u00e9mu \u00fatoku vlastne u\u017e dlh\u00e9 roky \u010del\u00ed d\u00fahov\u00e1 komunita v celej Eur\u00f3pe. \u0160tvav\u00e1 rusk\u00e1 propaganda sa u n\u00e1s sna\u017e\u00ed ni\u010di\u0165 vz\u00e1jomn\u00fd re\u0161pekt a d\u00f4veru a cez podporu extr\u00e9mistov a n\u00e1bo\u017eensk\u00fdch fanatikov posil\u0148uje v \u013eu\u010foch to najhor\u0161ie. Mus\u00edme ich zastavi\u0165.<\/p>\n\n\n\n<figure class=\"wp-block-image size-large\"><img loading=\"lazy\" decoding=\"async\" width=\"1024\" height=\"683\" src=\"https:\/\/duhovyrok.sk\/qys\/wp-content\/uploads\/sites\/2\/2022\/03\/Rober-Furiel-1024x683.jpg\" alt=\"\" class=\"wp-image-3369\" srcset=\"https:\/\/duhovyrok.sk\/qys\/wp-content\/uploads\/sites\/2\/2022\/03\/Rober-Furiel-1024x683.jpg 1024w, https:\/\/duhovyrok.sk\/qys\/wp-content\/uploads\/sites\/2\/2022\/03\/Rober-Furiel-700x467.jpg 700w, https:\/\/duhovyrok.sk\/qys\/wp-content\/uploads\/sites\/2\/2022\/03\/Rober-Furiel-1536x1024.jpg 1536w, https:\/\/duhovyrok.sk\/qys\/wp-content\/uploads\/sites\/2\/2022\/03\/Rober-Furiel.jpg 2048w\" sizes=\"auto, (max-width: 1024px) 100vw, 1024px\" \/><\/figure>\n\n\n\n<p><strong>R\u00f3bert Furiel (PRIDE Ko\u0161ice):<\/strong><\/p>\n\n\n\n<p>Mysl\u00edm si, \u017ee moment\u00e1lna agresia Ruska vo\u010di Ukrajine m\u00e1 potenci\u00e1l negat\u00edvne sa odrazi\u0165 na du\u0161evnom zdrav\u00ed LGBTI+ \u013eud\u00ed na Slovensku, preto\u017ee mnoho \u013eud\u00ed si uvedom\u00ed, ak\u00e1 krehk\u00e1 je ich bezpe\u010dnos\u0165 a \u017eivobytie.<\/p>\n\n\n\n<p>Pod\u013ea m\u0148a tie\u017e hroz\u00ed, \u017ee rusk\u00e1 propaganda sa zameria na LGBTI+ \u013eud\u00ed v\u0161eobecne, \u010do bude ma\u0165 op\u00e4\u0165 negat\u00edvne d\u00f4sledky predov\u0161etk\u00fdm na du\u0161evn\u00e9 zdravie na\u0161ich \u013eud\u00ed. Z\u00e1rove\u0148 vid\u00edm ve\u013ek\u00fa vlnu solidarity s ukrajinsk\u00fdmi queer \u013eu\u010fmi zo strany slovensk\u00fdch LGBTI+ \u013eud\u00ed a som \u0148ou \u00faprimne dojat\u00fd.<\/p>\n\n\n\n<p>D\u00fafam, \u017ee n\u00e1m to ako komunite vydr\u017e\u00ed, lebo zo Slovenska sa stane cie\u013eov\u00e1 krajina pre mnoh\u00fdch queer Ukrajincov a Ukrajinky, ktor\u00e9 bud\u00fa potrebova\u0165 na\u0161u pomoc pri integr\u00e1cii do spolo\u010dnosti. Ver\u00edm, \u017ee tu n\u00e1jdu priate\u013esk\u00e9 komunity, ktor\u00e9 im bud\u00fa druh\u00fdm domovom.<\/p>\n\n\n\n<p>Queer \u013eu\u010fom z Ukrajiny sa rozpadli podporn\u00e9 komunity. Vojna v najv\u00e4\u010d\u0161ej miere dopad\u00e1 na najviac utla\u010dovan\u00e9 a znev\u00fdhodnen\u00e9 skupiny \u013eud\u00ed, v tomto kontexte najm\u00e4 na transrodov\u00e9 \u017eeny, ktor\u00e9 maj\u00fa probl\u00e9m dosta\u0165 sa cez hranice.<\/p>\n\n\n\n<figure class=\"wp-block-image size-large\"><img loading=\"lazy\" decoding=\"async\" width=\"819\" height=\"1024\" src=\"https:\/\/duhovyrok.sk\/qys\/wp-content\/uploads\/sites\/2\/2022\/03\/daniela-muzikova-819x1024.jpg\" alt=\"\" class=\"wp-image-3370\" srcset=\"https:\/\/duhovyrok.sk\/qys\/wp-content\/uploads\/sites\/2\/2022\/03\/daniela-muzikova-819x1024.jpg 819w, https:\/\/duhovyrok.sk\/qys\/wp-content\/uploads\/sites\/2\/2022\/03\/daniela-muzikova-560x700.jpg 560w, https:\/\/duhovyrok.sk\/qys\/wp-content\/uploads\/sites\/2\/2022\/03\/daniela-muzikova-1229x1536.jpg 1229w, https:\/\/duhovyrok.sk\/qys\/wp-content\/uploads\/sites\/2\/2022\/03\/daniela-muzikova.jpg 1638w\" sizes=\"auto, (max-width: 819px) 100vw, 819px\" \/><\/figure>\n\n\n\n<p><strong>Daniela Mu\u017e\u00edkov\u00e1 (Amnesty International Slovensko):<\/strong><\/p>\n\n\n\n<p>Ak chceme hovori\u0165 o tom, ako rusk\u00e1 inv\u00e1zia zasiahne LGBTI+ \u013eud\u00ed, mus\u00edme v prvom rade upozorni\u0165 na dva z\u00e1kladn\u00e9 fakty: queer \u013eudia na Ukrajine \u010delili u\u017e pred vojnou \u0161ikane, stigmatiz\u00e1cii, \u00fatokom a poru\u0161ovaniu ich z\u00e1kladn\u00fdch pr\u00e1v. Z\u00e1rove\u0148, pr\u00e1va men\u0161inovej popul\u00e1cie (\u010di u\u017e ide o etnick\u00e9 men\u0161iny, \u013eud\u00ed \u017eij\u00facich v chudobe, bez domova alebo queer \u013eud\u00ed), letia vo vojnov\u00fdch konfliktoch z okna ako prv\u00e9.<\/p>\n\n\n\n<p>Najohrozenej\u0161ou skupinou s\u00fa v tomto pr\u00edpade transrodov\u00e9 \u017eeny, ktor\u00e9 \u010delia zv\u00fd\u0161en\u00e9mu riziku zlo\u010dinov z nen\u00e1visti, sexu\u00e1lneho a fyzick\u00e9ho n\u00e1silia, odvodu do arm\u00e1dy \u010di usmrtenia, a to tak od rusk\u00fdch, ako aj ukrajinsk\u00fdch vojakov. V\u0161eobecn\u00e1 brann\u00e1 povinnos\u0165 z\u00e1rove\u0148 niektor\u00fdm LGBTI+ \u013eu\u010fom znemo\u017e\u0148uje ujs\u0165 pred n\u00e1sil\u00edm a opusti\u0165 krajinu, aj napriek tomu, \u017ee nie s\u00fa sp\u00f4sobil\u00ed bojova\u0165. \u0160t\u00e1tom podporovan\u00e1 homof\u00f3bia a transf\u00f3bia v Po\u013esku \u010di Ma\u010farsku z\u00e1rove\u0148 \u013eu\u010fom na \u00fateku v\u00fdrazne obmedzuje mo\u017enos\u0165 za\u010da\u0165 nov\u00fd \u017eivot v susedn\u00fdch krajin\u00e1ch.<\/p>\n\n\n\n<p>Kto z nich sa rozhodne pre \u00fatek na Slovensko, bude \u010deli\u0165 rovnak\u00fdm prek\u00e1\u017ekam ako slovensk\u00ed queer \u013eudia, a to hlavne nedostatku zdravotnej starostlivosti, ch\u00fdbaj\u00facej pr\u00e1vnej \u00faprave partnersk\u00fdch a rodinn\u00fdch vz\u0165ahov, ako aj roz\u0161\u00edrenej netolerancii. Sk\u00fasenos\u0165 s vojnou, ktor\u00fa maj\u00fa spolo\u010dn\u00fa v\u0161etci \u013eudia na \u00fateku z Ukrajiny, by v\u0161ak pod\u013ea m\u0148a v o\u010diach slovenskej verejnosti mohla vzbudi\u0165 vy\u0161\u0161iu mieru empatie aj vo\u010di queer \u013eu\u010fom a vies\u0165 tak k roz\u0161\u00edreniu povedomia a akcept\u00e1cie toho, \u017ee LGBTI+ \u013eudia maj\u00fa \u00faplne rovnak\u00e9 pr\u00e1va a probl\u00e9my, ako v\u0161etci ostatn\u00ed.<\/p>\n\n\n\n<figure class=\"wp-block-image size-large\"><img loading=\"lazy\" decoding=\"async\" width=\"1024\" height=\"713\" src=\"https:\/\/duhovyrok.sk\/qys\/wp-content\/uploads\/sites\/2\/2021\/01\/Clanok-3-Milan-Zvada-Foto-1-1024x713.jpg\" alt=\"\" class=\"wp-image-2197\" srcset=\"https:\/\/duhovyrok.sk\/qys\/wp-content\/uploads\/sites\/2\/2021\/01\/Clanok-3-Milan-Zvada-Foto-1-1024x713.jpg 1024w, https:\/\/duhovyrok.sk\/qys\/wp-content\/uploads\/sites\/2\/2021\/01\/Clanok-3-Milan-Zvada-Foto-1-700x487.jpg 700w, https:\/\/duhovyrok.sk\/qys\/wp-content\/uploads\/sites\/2\/2021\/01\/Clanok-3-Milan-Zvada-Foto-1-1536x1069.jpg 1536w, https:\/\/duhovyrok.sk\/qys\/wp-content\/uploads\/sites\/2\/2021\/01\/Clanok-3-Milan-Zvada-Foto-1-600x417.jpg 600w, https:\/\/duhovyrok.sk\/qys\/wp-content\/uploads\/sites\/2\/2021\/01\/Clanok-3-Milan-Zvada-Foto-1-300x209.jpg 300w, https:\/\/duhovyrok.sk\/qys\/wp-content\/uploads\/sites\/2\/2021\/01\/Clanok-3-Milan-Zvada-Foto-1.jpg 2048w\" sizes=\"auto, (max-width: 1024px) 100vw, 1024px\" \/><\/figure>\n\n\n\n<p><strong>Milan Zvada (PRIDE BB):<\/strong><\/p>\n\n\n\n<p>Po sk\u00fasenosti s r\u00e9torikou po\u010das ute\u010deneckej kr\u00edzy z roku 2015 sa ob\u00e1vam, \u017ee vlna solidarity sa m\u00f4\u017ee \u010doskoro zmeni\u0165 na selekt\u00edvnos\u0165 vo\u010di \u013eu\u010fom na \u00fateku pred vojnou na z\u00e1klade ich inej n\u00e1rodnosti \u010di inej charakteristiky, vr\u00e1tane pr\u00edslu\u0161nosti k LGBTI+ komunite.<\/p>\n\n\n\n<p>Boj\u00edm sa, \u017ee v \u013eu\u010foch na Slovensku (a politikoch) sa op\u00e4\u0165 prebud\u00ed z\u00e1vis\u0165 a sebectvo, dvojit\u00fd meter na \u013eud\u00ed, pod\u013ea ktor\u00e9ho si bud\u00fa ospravedl\u0148ova\u0165 svoje postoje vo\u010di \u013eu\u010fom z in\u00fdch kraj\u00edn. Ve\u013emi ma v\u0161ak te\u0161ia doteraj\u0161ie promptn\u00e9 reakcie vl\u00e1dy, ale najm\u00e4 samospr\u00e1v, in\u0161tit\u00faci\u00ed a neziskoviek a ich obrovsk\u00e1 snaha pom\u00e1ha\u0165 \u013eu\u010fom na \u00fateku.<\/p>\n","protected":false},"excerpt":{"rendered":"<p>Autori: Andrej Kuruc, Marek Hudec \/ Fotografie: Canva, Arch\u00edv op\u00fdtan\u00fdch Vojna za na\u0161ou v\u00fdchodnou hranicou vyvol\u00e1va v queer komunite obavy. Objavuj\u00fa sa spr\u00e1vy o hrozbe pre ukrajinsk\u00fdch aktivistov a aktivistky v pr\u00edpade ovl\u00e1dnutia krajiny Ruskom. V tragickej situ\u00e1cii sa kv\u00f4li ch\u00fdbaj\u00facej pr\u00e1vnej \u00faprave m\u00f4\u017eu ocita\u0165 aj transrodov\u00e9 \u017eeny a gejsk\u00e9 rodiny s de\u0165mi, ktor\u00e9 nesm\u00fa <a href=\"https:\/\/duhovyrok.sk\/qys\/anketa-ako-sa-moze-vojna-dotknut-queer-ludi\/\" class=\"more-link\">&#8230;<\/a><\/p>\n","protected":false},"author":2,"featured_media":3375,"comment_status":"closed","ping_status":"closed","sticky":false,"template":"","format":"standard","meta":{"footnotes":""},"categories":[261,260,259],"tags":[354,266,101,142,355],"class_list":["post-3364","post","type-post","status-publish","format-standard","has-post-thumbnail","hentry","category-komentare-a-analyzy","category-reportaze","category-rozhovory","tag-anketa","tag-from-qys","tag-lgbt-2","tag-queer","tag-vojna"],"_links":{"self":[{"href":"https:\/\/duhovyrok.sk\/qys\/wp-json\/wp\/v2\/posts\/3364","targetHints":{"allow":["GET"]}}],"collection":[{"href":"https:\/\/duhovyrok.sk\/qys\/wp-json\/wp\/v2\/posts"}],"about":[{"href":"https:\/\/duhovyrok.sk\/qys\/wp-json\/wp\/v2\/types\/post"}],"author":[{"embeddable":true,"href":"https:\/\/duhovyrok.sk\/qys\/wp-json\/wp\/v2\/users\/2"}],"replies":[{"embeddable":true,"href":"https:\/\/duhovyrok.sk\/qys\/wp-json\/wp\/v2\/comments?post=3364"}],"version-history":[{"count":3,"href":"https:\/\/duhovyrok.sk\/qys\/wp-json\/wp\/v2\/posts\/3364\/revisions"}],"predecessor-version":[{"id":3377,"href":"https:\/\/duhovyrok.sk\/qys\/wp-json\/wp\/v2\/posts\/3364\/revisions\/3377"}],"wp:featuredmedia":[{"embeddable":true,"href":"https:\/\/duhovyrok.sk\/qys\/wp-json\/wp\/v2\/media\/3375"}],"wp:attachment":[{"href":"https:\/\/duhovyrok.sk\/qys\/wp-json\/wp\/v2\/media?parent=3364"}],"wp:term":[{"taxonomy":"category","embeddable":true,"href":"https:\/\/duhovyrok.sk\/qys\/wp-json\/wp\/v2\/categories?post=3364"},{"taxonomy":"post_tag","embeddable":true,"href":"https:\/\/duhovyrok.sk\/qys\/wp-json\/wp\/v2\/tags?post=3364"}],"curies":[{"name":"wp","href":"https:\/\/api.w.org\/{rel}","templated":true}]}}