{"id":3351,"date":"2022-03-11T21:49:03","date_gmt":"2022-03-11T20:49:03","guid":{"rendered":"https:\/\/duhovyrok.sk\/qys\/?p=3351"},"modified":"2022-03-13T18:06:09","modified_gmt":"2022-03-13T17:06:09","slug":"komentar-pomoc-nemusi-stat-vela","status":"publish","type":"post","link":"https:\/\/duhovyrok.sk\/qys\/komentar-pomoc-nemusi-stat-vela\/","title":{"rendered":"Koment\u00e1r: Pomoc nemus\u00ed st\u00e1\u0165 ve\u013ea"},"content":{"rendered":"\n<p><strong>Autorka: Dominika Chrastov\u00e1<\/strong> \/ <strong>Foto: PRIDE Ko\u0161ice<\/strong><\/p>\n\n\n\n<p><strong>\u0160iesteho marca uplynuli dva roky, odkedy sa na Slovensku objavil prv\u00fd pr\u00edpad ochorenia COVID-19. M\u00e9di\u00e1 v\u0161ak tentoraz zostali vo\u010di nepr\u00edjemn\u00e9mu v\u00fdro\u010diu takmer \u013eahostajn\u00e9. Na sc\u00e9ne je toti\u017e nov\u00e1 bezprecedentn\u00e1 kr\u00edza. U\u017e druh\u00e1 za t\u00fato dek\u00e1du, ktor\u00e1 sa zap\u00ed\u0161e do u\u010debn\u00edc dejepisu.<\/strong><\/p>\n\n\n\n<p>Z\u00e1ver febru\u00e1ra bol pln\u00fd zvratov. V&nbsp;jeden de\u0148 sa na bratislavskom n\u00e1mest\u00ed sl\u00e1vnostne odha\u013eoval pam\u00e4tn\u00edk J\u00e1na Kuciaka a&nbsp;Martiny Ku\u0161n\u00edrovej, na druh\u00fd de\u0148 vo ve\u013ekej par\u00e1de dorazili bronzov\u00ed hokejisti&#8230; A&nbsp;kr\u00e1tko nato sa z&nbsp;in\u00e9ho n\u00e1mestia v&nbsp;hlavnom meste oz\u00fdval koncert na podporu Ukrajiny.<\/p>\n\n\n\n<p>Mlad\u0161ie gener\u00e1cie na Slovensku sa e\u0161te nikdy neocitli tak bl\u00edzko vojny ako teraz. A&nbsp;to nielen geograficky, ale aj \u013eudsky. Prostredn\u00edctvom m\u00e9di\u00ed sledujeme zverstv\u00e1, ktor\u00fdch rukojemn\u00edkmi sa stali mili\u00f3ny nevinn\u00fdch os\u00f4b. Mo\u017eno m\u00e1te medzi nimi zn\u00e1mych, \u010di dokonca spolu\u017eiakov alebo rodinu. Aj bez toho v\u0161ak u\u017e prvotn\u00e9 z\u00e1bery vyvol\u00e1vali \u00fazkos\u0165, obavy, a&nbsp;mo\u017eno i bezmocnos\u0165 \u010di ment\u00e1lne vy\u010derpanie.<\/p>\n\n\n\n<p>Podobn\u00e9 pocity sa sp\u00e1jali aj so za\u010diatkom pand\u00e9mie. Na z\u00e1klade ned\u00e1vnych sk\u00fasenost\u00ed m\u00f4\u017eeme us\u00fadi\u0165, \u017ee sme vo f\u00e1ze \u201e\u0161itia r\u00fa\u0161ok a&nbsp;tlieskania zdravotn\u00e9mu person\u00e1lu\u201c. Soci\u00e1lne siete moment\u00e1lne prekypuj\u00fa sk\u00f4r solidaritou, ne\u017e bl\u00faznen\u00edm o&nbsp;nebezpe\u010dn\u00fdch ute\u010dencoch. Sn\u00e1\u010f to tak aj zostane. Preto\u017ee hoci m\u00f4\u017ee by\u0165 \u0165a\u017ek\u00e9 pou\u010di\u0165 sa z&nbsp;minulosti, ktor\u00fa sme neza\u017eili, komunika\u010dne absurdn\u00fd v\u00fdvoj koronakr\u00edzy si v\u0161etci dobre pam\u00e4t\u00e1me.<\/p>\n\n\n\n<figure class=\"wp-block-image size-large\"><img loading=\"lazy\" decoding=\"async\" width=\"892\" height=\"765\" src=\"https:\/\/duhovyrok.sk\/qys\/wp-content\/uploads\/sites\/2\/2022\/03\/Komentar-zdroj-Pride-Kosice.png\" alt=\"\" class=\"wp-image-3352\" srcset=\"https:\/\/duhovyrok.sk\/qys\/wp-content\/uploads\/sites\/2\/2022\/03\/Komentar-zdroj-Pride-Kosice.png 892w, https:\/\/duhovyrok.sk\/qys\/wp-content\/uploads\/sites\/2\/2022\/03\/Komentar-zdroj-Pride-Kosice-700x600.png 700w\" sizes=\"auto, (max-width: 892px) 100vw, 892px\" \/><\/figure>\n\n\n\n<p><strong>Vojna na transrodovos\u0165 nemysl\u00ed<\/strong><\/p>\n\n\n\n<p>V&nbsp;\u010dase p\u00edsania tohto koment\u00e1ra sa Ukrajine na\u010falej dar\u00ed \u2013 hoci za cenu nevypovedate\u013en\u00e9ho utrpenia a nen\u00e1vratn\u00fdch str\u00e1t \u2013 odol\u00e1va\u0165. Ve\u013ek\u00e9 ohrozenie a bezn\u00e1dej v\u0161ak poci\u0165uj\u00fa transrodov\u00e9 \u017eeny. Sk\u00famanie vlastnej rodovej identity je proces, ktor\u00fd je n\u00e1ro\u010dn\u00fd s\u00e1m osebe, nehovoriac o nutnosti \u010deli\u0165 transf\u00f3bii. Teraz k nim pribudol \u010fal\u0161\u00ed probl\u00e9m \u2013 pre mobiliz\u00e1ciu nem\u00f4\u017eu mu\u017ei v&nbsp;produkt\u00edvnom veku opusti\u0165 krajinu. A&nbsp;mnoh\u00e9 transrodov\u00e9 \u017eeny maj\u00fa vo svojich dokladoch st\u00e1le uveden\u00e9 toto pohlavie.<\/p>\n\n\n\n<p>Queer komunita vo v\u0161eobecnosti \u0165ah\u00e1 za krat\u0161\u00ed koniec, nielen v&nbsp;be\u017enom \u017eivote v mierov\u00fdch \u010dasoch, ale aj vo vojne. Ke\u010f sa t\u00edm kyjevsk\u00e9ho Pride-u neukr\u00fdva pred bombardovan\u00edm, sna\u017e\u00ed sa odv\u00e1dza\u0165 \u010do najviac os\u00f4b do bezpe\u010dia, pr\u00edpadne ich z\u00e1sobova\u0165 jedlom \u010di liekmi. Ako sa sami vyjadrili, ich povojnov\u00fd pl\u00e1n je jasn\u00fd: zorganizova\u0165 obrovsk\u00fa d\u00fahov\u00fa oslavu, aby komunita na teraj\u0161ie traumatick\u00e9 z\u00e1\u017eitky aspo\u0148 na chv\u00ed\u013eu zabudla. Alebo aby si pripomenula aj t\u00fdch p\u00e1r drobn\u00fdch posunov, ktor\u00e9 LGBTI+ komunity zaznamen\u00e1vaj\u00fa v&nbsp;zahrani\u010d\u00ed. Nie tak d\u00e1vnym pr\u00edkladom je \u00faspech Michaely Ja\u00e9 Rodriguez \u2013 ako prv\u00e1 transrodov\u00e1 here\u010dka v&nbsp;hist\u00f3rii z\u00edskala Zlat\u00fd gl\u00f3bus za rolu v&nbsp;seri\u00e1li Pose.<\/p>\n\n\n\n<p><strong>Na Slovensku ni\u010d nov\u00e9<\/strong><\/p>\n\n\n\n<p>Medzit\u00fdm by u&nbsp;n\u00e1s takmer 41 % obyvate\u013estva nechcelo ma\u0165 za susedov osoby s&nbsp;inou ako heterosexu\u00e1lnou orient\u00e1ciu. Prieskum agent\u00fary Focus pre Denn\u00edk N nepriniesol v&nbsp;tomto smere mo\u017eno a\u017e tak\u00e9 prekvapenie, ako sk\u00f4r d\u00f4kaz o&nbsp;stagn\u00e1cii.<\/p>\n\n\n\n<p>Napriek tomu sa teraz o&nbsp;tom p\u00ed\u0161e \u0165a\u017eie. V&nbsp;koment\u00e1ri z&nbsp;minul\u00e9ho \u010d\u00edsla sme spom\u00ednali smutn\u00fd fakt, \u017ee na\u0161a spolo\u010dnos\u0165 nezvl\u00e1da multitasking, a&nbsp;preto \u0161ance na zlep\u0161enie postavenia LGBTI+ \u013eud\u00ed po\u010das pand\u00e9mie nevyzeraj\u00fa ru\u017eovo. Len\u017ee teraz je vojna na Ukrajine a&nbsp;Slovensko m\u00e1 zdanlivo op\u00e4\u0165 vy\u010derpan\u00fa kapacitu.<\/p>\n\n\n\n<p>Preto sa optimistick\u00e9 rady v&nbsp;takejto komplikovanej situ\u00e1cii neh\u013eadaj\u00fa \u013eahko. Ako jednotlivci nevieme prenikn\u00fa\u0165 do mysl\u00ed tis\u00edcok \u013eud\u00ed a&nbsp;presved\u010di\u0165 ich, \u017ee r\u00f4znorodos\u0165 a inakos\u0165 je norm\u00e1lna. Takisto nedok\u00e1\u017eeme ovplyvni\u0165 rozhodnutia politika, ktor\u00fd namiesto terapie rad\u0161ej absolvuje vojnu. Z\u00e1rove\u0148 z\u010faleka nie ka\u017ed\u00fd \u010di ka\u017ed\u00e1 z n\u00e1s m\u00f4\u017ee Ukrajine pom\u00f4c\u0165 finan\u010dne alebo materi\u00e1lne. No pomoc nemus\u00ed vy\u017eadova\u0165 priame n\u00e1klady, samospr\u00e1vy a zapojen\u00e9 mimovl\u00e1dky pom\u00f4\u017eu n\u00e1js\u0165 uplatnenie ka\u017edej pon\u00faknutej kapacite. Aj vzdel\u00e1vanie seba a&nbsp;bl\u00edzkych s pou\u017eit\u00edm overen\u00fdch zdrojov je sp\u00f4sob, ako prejavi\u0165 solidaritu. A&nbsp;celkom zadarmo dok\u00e1\u017eeme by\u0165 k&nbsp;sebe mil\u00ed. \u010ci u\u017e v&nbsp;r\u00e1mci komunity, alebo k&nbsp;\u013eu\u010fom utekaj\u00facim z Ukrajiny.<\/p>\n","protected":false},"excerpt":{"rendered":"<p>Autorka: Dominika Chrastov\u00e1 \/ Foto: PRIDE Ko\u0161ice \u0160iesteho marca uplynuli dva roky, odkedy sa na Slovensku objavil prv\u00fd pr\u00edpad ochorenia COVID-19. M\u00e9di\u00e1 v\u0161ak tentoraz zostali vo\u010di nepr\u00edjemn\u00e9mu v\u00fdro\u010diu takmer \u013eahostajn\u00e9. Na sc\u00e9ne je toti\u017e nov\u00e1 bezprecedentn\u00e1 kr\u00edza. U\u017e druh\u00e1 za t\u00fato dek\u00e1du, ktor\u00e1 sa zap\u00ed\u0161e do u\u010debn\u00edc dejepisu. Z\u00e1ver febru\u00e1ra bol pln\u00fd zvratov. V&nbsp;jeden de\u0148 <a href=\"https:\/\/duhovyrok.sk\/qys\/komentar-pomoc-nemusi-stat-vela\/\" class=\"more-link\">&#8230;<\/a><\/p>\n","protected":false},"author":6,"featured_media":3352,"comment_status":"closed","ping_status":"closed","sticky":false,"template":"","format":"standard","meta":{"footnotes":""},"categories":[261],"tags":[266,93,353,351,154,352],"class_list":["post-3351","post","type-post","status-publish","format-standard","has-post-thumbnail","hentry","category-komentare-a-analyzy","tag-from-qys","tag-komentar","tag-pomoc","tag-pomoc-pre-ukrajinu","tag-queer-komentar","tag-ukrajina"],"_links":{"self":[{"href":"https:\/\/duhovyrok.sk\/qys\/wp-json\/wp\/v2\/posts\/3351","targetHints":{"allow":["GET"]}}],"collection":[{"href":"https:\/\/duhovyrok.sk\/qys\/wp-json\/wp\/v2\/posts"}],"about":[{"href":"https:\/\/duhovyrok.sk\/qys\/wp-json\/wp\/v2\/types\/post"}],"author":[{"embeddable":true,"href":"https:\/\/duhovyrok.sk\/qys\/wp-json\/wp\/v2\/users\/6"}],"replies":[{"embeddable":true,"href":"https:\/\/duhovyrok.sk\/qys\/wp-json\/wp\/v2\/comments?post=3351"}],"version-history":[{"count":4,"href":"https:\/\/duhovyrok.sk\/qys\/wp-json\/wp\/v2\/posts\/3351\/revisions"}],"predecessor-version":[{"id":3357,"href":"https:\/\/duhovyrok.sk\/qys\/wp-json\/wp\/v2\/posts\/3351\/revisions\/3357"}],"wp:featuredmedia":[{"embeddable":true,"href":"https:\/\/duhovyrok.sk\/qys\/wp-json\/wp\/v2\/media\/3352"}],"wp:attachment":[{"href":"https:\/\/duhovyrok.sk\/qys\/wp-json\/wp\/v2\/media?parent=3351"}],"wp:term":[{"taxonomy":"category","embeddable":true,"href":"https:\/\/duhovyrok.sk\/qys\/wp-json\/wp\/v2\/categories?post=3351"},{"taxonomy":"post_tag","embeddable":true,"href":"https:\/\/duhovyrok.sk\/qys\/wp-json\/wp\/v2\/tags?post=3351"}],"curies":[{"name":"wp","href":"https:\/\/api.w.org\/{rel}","templated":true}]}}