{"id":3266,"date":"2022-01-08T14:16:00","date_gmt":"2022-01-08T13:16:00","guid":{"rendered":"https:\/\/duhovyrok.sk\/qys\/?p=3266"},"modified":"2022-03-31T20:27:37","modified_gmt":"2022-03-31T18:27:37","slug":"kto-ziskal-ceny-inakosti-2021-pozrite-si-prehlad","status":"publish","type":"post","link":"https:\/\/duhovyrok.sk\/qys\/kto-ziskal-ceny-inakosti-2021-pozrite-si-prehlad\/","title":{"rendered":"Kto z\u00edskal Ceny Inakosti 2021? Pozrite si preh\u013ead"},"content":{"rendered":"\n<p id=\"block-0bae83f6-29db-4573-a068-6faf40a0e5e6\"><strong>Autor textu:&nbsp;Iniciat\u00edva Inakos\u0165 \/&nbsp;Grafiky: <strong>Iniciat\u00edva Inakos\u0165<\/strong><\/strong><\/p>\n\n\n\n<p>Text sme prv\u00fd raz publikovali v \u010d\u00edsle Zima 2021<\/p>\n\n\n\n<p>Iniciat\u00edva Inakos\u0165 udelila Ceny Inakosti 2021 pre osobnosti a aktivity, ktor\u00e9 pozit\u00edvne zvidite\u013enili LGBTI+ \u013eud\u00ed na Slovensku alebo pomohli zlep\u0161i\u0165 ich postavenie v na\u0161ej spolo\u010dnosti. V\u00fdsledky sa verejnos\u0165 dozvedela 13. 12. 2021 prostredn\u00edctvom z\u00e1znamu z virtu\u00e1lneho odovzd\u00e1vania. V tomto ro\u010dn\u00edku pridali organiz\u00e1tori nov\u00e9 kateg\u00f3rie cien za komunitn\u00fd rozvoj a audiov\u00edziu. Pozrite si preh\u013ead v\u00ed\u0165azov a v\u00ed\u0165aziek:<\/p>\n\n\n\n<ol class=\"wp-block-list\" type=\"1\"><li><strong>Cena za pozit\u00edvne zvidite\u013enenie<\/strong> je ur\u010den\u00e1 pre LGBTI+ osobu alebo osoby, ktor\u00e9 svojou \u010dinnos\u0165ou pozit\u00edvne zvidite\u013enili seba, a t\u00fdm aj komunitu.<\/li><\/ol>\n\n\n\n<p><strong>Franti\u0161ek Ko\u0161ari\u0161\u0165an<\/strong>, ktor\u00fd prenikol z poz\u00edcie komika na soci\u00e1lnych sie\u0165ach a\u017e do slovensk\u00e9ho telev\u00edzneho mainstreamu. Pre mno\u017estvo jeho fan\u00fa\u0161ikov a fan\u00fa\u0161i\u010diek je tv\u00e1rou slovenskej LGBTI+ komunity. Ako b\u00fdval\u00fd osobn\u00fd asistent \u013eud\u00ed s ment\u00e1lnym znev\u00fdhodnen\u00edm vyu\u017e\u00edva svoje nadobudnut\u00e9 postavenie na zvy\u0161ovanie povedomia o potrebe n\u00e1le\u017eit\u00e9ho ohodnotenia \u013eud\u00ed z pom\u00e1haj\u00facich profesi\u00ed v na\u0161ej spolo\u010dnosti.<\/p>\n\n\n\n<figure class=\"wp-block-image size-large\"><img decoding=\"async\" src=\"https:\/\/scontent-vie1-1.xx.fbcdn.net\/v\/t39.30808-6\/269712468_10160362660016435_1892864100370594950_n.jpg?_nc_cat=107&amp;ccb=1-5&amp;_nc_sid=730e14&amp;_nc_ohc=PoqoC0JfhU0AX9OQzor&amp;tn=9fhp_hU8Mmd_FCl9&amp;_nc_ht=scontent-vie1-1.xx&amp;oh=00_AT_9eT8e4e4YmAdnDZJ-2L1u3RYCc8okei_sbnJ9AvAb6A&amp;oe=624BAA1C\" alt=\"\" \/><\/figure>\n\n\n\n<ol class=\"wp-block-list\" type=\"1\" start=\"2\"><li><strong>Cena za po\u010din roka <\/strong>sa ude\u013euje za aktivitu, ktor\u00e1 prispela k zlep\u0161eniu \u017eivota LGBTI+ \u013eud\u00ed.<\/li><\/ol>\n\n\n\n<p><strong>Zdru\u017eenie rodi\u010dov a priate\u013eov LGBTI+<\/strong> <strong>\u013eud\u00ed <\/strong>za otvoren\u00fd list poslancom a poslankyniam NR SR, ku ktor\u00e9mu sa pridalo takmer 10 000 \u013eud\u00ed, a verejn\u00fa obhajobu pr\u00e1v svojich det\u00ed a priate\u013eov.<\/p>\n\n\n\n<figure class=\"wp-block-image size-large\"><img decoding=\"async\" src=\"https:\/\/scontent-vie1-1.xx.fbcdn.net\/v\/t39.30808-6\/268516866_10160354852231435_2462946363743048359_n.jpg?_nc_cat=107&amp;ccb=1-5&amp;_nc_sid=730e14&amp;_nc_ohc=3v1Xer2LbQMAX_UyTQz&amp;_nc_ht=scontent-vie1-1.xx&amp;oh=00_AT-7yMAm4Wnk9AmNMbgkWASFvK77f5bZlMs72dA5DQ6DBQ&amp;oe=624A14B3\" alt=\"\" \/><\/figure>\n\n\n\n<ol class=\"wp-block-list\" type=\"1\" start=\"3\"><li><strong>Cena pre m\u00e9di\u00e1<\/strong> sa ude\u013euje za objekt\u00edvnu a nestereotypn\u00fa prezent\u00e1ciu t\u00e9m s\u00favisiacich s LGBTI+ \u013eu\u010fmi.<\/li><\/ol>\n\n\n\n<p><strong>Ria Gehrerov\u00e1<\/strong> za s\u00e9riu \u010dl\u00e1nkov v Denn\u00edku N, v ktor\u00fdch dlhodobo a systematicky sleduje v\u00fdvoj v oblasti pr\u00e1v LGBTI+ \u013eud\u00ed a ako jedin\u00e1 spracovala aj t\u00e9mu vplyvu pand\u00e9mie na t\u00fato komunitu.<\/p>\n\n\n\n<figure class=\"wp-block-image size-large\"><img decoding=\"async\" src=\"https:\/\/scontent-vie1-1.xx.fbcdn.net\/v\/t39.30808-6\/266417266_10160345147506435_1926172100968159066_n.jpg?_nc_cat=100&amp;ccb=1-5&amp;_nc_sid=730e14&amp;_nc_ohc=FOfPPzA6ulgAX-tURwW&amp;_nc_ht=scontent-vie1-1.xx&amp;oh=00_AT_TcjQ0bp0kzWOElaCrGkSWpDY0cJmhhgZ9fnaMSwoUZA&amp;oe=624A09E0\" alt=\"\" \/><\/figure>\n\n\n\n<ol class=\"wp-block-list\" type=\"1\" start=\"4\"><li><strong>Cena za umenie<\/strong> sa ude\u013euje za jedine\u010dn\u00e9 kult\u00farne a umeleck\u00e9 spracovanie t\u00e9m s\u00favisiacich s LGBTI+ \u013eu\u010fmi.<\/li><\/ol>\n\n\n\n<p><strong>Nomantinels <\/strong>za projekt Odtiahnutie Queer opony \u2013 30 rokov demokracie pre LGBTI \u013eud\u00ed (v\u00fdstava <em>Loading: love<\/em> a divadeln\u00e1 hra <em>Socializmus s teplou tv\u00e1rou<\/em>), ktor\u00fd prispieva k vytv\u00e1raniu kolekt\u00edvnej pam\u00e4ti dom\u00e1cej LGBTI+ komunity a prin\u00e1\u0161a nov\u00e9 inform\u00e1cie a pr\u00edbehy z minulosti. Upriamuje pozornos\u0165 ku kore\u0148om s\u00fa\u010dasnej spolo\u010denskej situ\u00e1cie a dlhodob\u00fdm probl\u00e9mom v na\u0161ej spolo\u010dnosti.<\/p>\n\n\n\n<figure class=\"wp-block-image size-large\"><img decoding=\"async\" src=\"https:\/\/scontent-vie1-1.xx.fbcdn.net\/v\/t39.30808-6\/267353249_10160347716876435_8096322898682265923_n.jpg?_nc_cat=104&amp;ccb=1-5&amp;_nc_sid=730e14&amp;_nc_ohc=rWYFkQH-m-QAX_VAjqY&amp;tn=9fhp_hU8Mmd_FCl9&amp;_nc_ht=scontent-vie1-1.xx&amp;oh=00_AT-_pbV3h7C_KletD6TAeyf15RlTkPI02nJ6qNACGHXRRw&amp;oe=624B78C4\" alt=\"\" \/><\/figure>\n\n\n\n<ol class=\"wp-block-list\" type=\"1\" start=\"5\"><li><strong>Cena za audiov\u00edziu<\/strong> sa ude\u013euje za jedine\u010dn\u00e9 spracovanie t\u00e9m s\u00favisiacich s LGBTI+ \u013eu\u010fmi v audiovizu\u00e1lnej tvorbe.<\/li><\/ol>\n\n\n\n<p><strong>Peter Bebjak a D.N.A. Production<\/strong> za telev\u00edzny miniseri\u00e1l <em>Herec<\/em>, ktor\u00fd pribli\u017euje 50. roky 20. storo\u010dia ako temn\u00e9 obdobie na\u0161ich dej\u00edn, v ktorom mal tlak komunistick\u00e9ho re\u017eimu devasta\u010dn\u00fd vplyv na \u017eivoty a etick\u00e9 princ\u00edpy mnoh\u00fdch \u013eud\u00ed vr\u00e1tane \u013eud\u00ed s homosexu\u00e1lnou orient\u00e1ciou.<\/p>\n\n\n\n<figure class=\"wp-block-image size-large\"><img decoding=\"async\" src=\"https:\/\/scontent-vie1-1.xx.fbcdn.net\/v\/t39.30808-6\/267014430_10160352308561435_4674636163130780987_n.jpg?_nc_cat=106&amp;ccb=1-5&amp;_nc_sid=730e14&amp;_nc_ohc=gc5iwPlWgtwAX9MEy6Z&amp;_nc_ht=scontent-vie1-1.xx&amp;oh=00_AT9_X_iPIcbHUsf-UJxzbgs7vUBN61fVWUCRkqbXq3L-SQ&amp;oe=624AAB31\" alt=\"\" \/><\/figure>\n\n\n\n<ol class=\"wp-block-list\" type=\"1\" start=\"6\"><li><strong>Cena za l\u00edderstvo v biznise<\/strong> je ur\u010den\u00e1 aktivite vo firemnom sektore, ktor\u00e1 prispela k zlep\u0161eniu \u017eivota LGBTI+ \u013eud\u00ed, presadzovaniu ich \u013eudsk\u00fdch pr\u00e1v a odstra\u0148ovaniu predsudkov a diskrimin\u00e1cie.<\/li><\/ol>\n\n\n\n<p><strong>Dedoles za PRIDE kampa\u0148<\/strong>, kv\u00f4li ktorej spolu s LGBTI+ komunitou \u010delili nen\u00e1vistn\u00fdm \u00fatokom, a ich inovat\u00edvnu a prekvapiv\u00fa reakciu na koment\u00e1re hejterov, ke\u010f ka\u017ed\u00fd koment\u00e1r na soci\u00e1lnej sieti premenili na 1 euro na podporu LGBTI+ organiz\u00e1ci\u00ed.<\/p>\n\n\n\n<figure class=\"wp-block-image size-large\"><img decoding=\"async\" src=\"https:\/\/scontent-vie1-1.xx.fbcdn.net\/v\/t39.30808-6\/269700538_10160360804441435_7739915880054762784_n.jpg?_nc_cat=102&amp;ccb=1-5&amp;_nc_sid=730e14&amp;_nc_ohc=nxld7HC3b7MAX8qIbNl&amp;_nc_ht=scontent-vie1-1.xx&amp;oh=00_AT-OBvyEH1NIBzd_794ltpG9EOLsLBcVdxXsX9B_vUjSGg&amp;oe=624B41E4\" alt=\"\" \/><\/figure>\n\n\n\n<ol class=\"wp-block-list\" type=\"1\" start=\"7\"><li><strong>Cena za rozvoj komunity<\/strong> sa ude\u013euje osob\u00e1m alebo organiz\u00e1ci\u00e1m, ktor\u00e9 svojimi aktivitami prispeli k budovaniu LGBTI+ komunity na Slovensku.<\/li><\/ol>\n\n\n\n<p><strong>OZ D\u00fahov\u00e9 rodiny<\/strong> za ich komunitn\u00e9 aktivity pre p\u00e1ry rovnak\u00e9ho pohlavia, ktor\u00e9 vychov\u00e1vaj\u00fa alebo pl\u00e1nuj\u00fa ma\u0165 deti, a verejn\u00e9 vystupovanie s cie\u013eom meni\u0165 postoje verejnosti.<\/p>\n\n\n\n<p><strong>Zara Kromkov\u00e1<\/strong> za jej aktivity v budovan\u00ed komunity v Ko\u0161ickom kraji, organizovania podporn\u00fdch skup\u00edn pre transrodov\u00e9 osoby a komunitn\u00e9 stretnutia pre LGBTI+ \u013eud\u00ed, ako aj dobrovo\u013en\u00edcky program PRIDE Ko\u0161ice. <\/p>\n\n\n\n<figure class=\"wp-block-image size-large\"><img decoding=\"async\" src=\"https:\/\/scontent-vie1-1.xx.fbcdn.net\/v\/t39.30808-6\/269601272_10160358469496435_6926308685848283808_n.jpg?_nc_cat=110&amp;ccb=1-5&amp;_nc_sid=730e14&amp;_nc_ohc=kPWfEucH49YAX-3r3qd&amp;_nc_ht=scontent-vie1-1.xx&amp;oh=00_AT8sVIbAQun_WDurq2rdjp2Uxb8d-g4o39MdftHbkl1DdQ&amp;oe=624A7E73\" alt=\"\" \/><\/figure>\n\n\n\n<figure class=\"wp-block-image size-large\"><img decoding=\"async\" src=\"https:\/\/scontent-vie1-1.xx.fbcdn.net\/v\/t39.30808-6\/268366678_10160358978931435_3861836966228088461_n.jpg?_nc_cat=109&amp;ccb=1-5&amp;_nc_sid=730e14&amp;_nc_ohc=4BPXFO6ev9EAX8JyV6H&amp;_nc_ht=scontent-vie1-1.xx&amp;oh=00_AT8d1uMNisdlmXcgqcR5E3SNTOfQYeeiV2FKDqpOWET6hQ&amp;oe=624B1761\" alt=\"\" \/><\/figure>\n","protected":false},"excerpt":{"rendered":"<p>Autor textu:&nbsp;Iniciat\u00edva Inakos\u0165 \/&nbsp;Grafiky: Iniciat\u00edva Inakos\u0165 Text sme prv\u00fd raz publikovali v \u010d\u00edsle Zima 2021 Iniciat\u00edva Inakos\u0165 udelila Ceny Inakosti 2021 pre osobnosti a aktivity, ktor\u00e9 pozit\u00edvne zvidite\u013enili LGBTI+ \u013eud\u00ed na Slovensku alebo pomohli zlep\u0161i\u0165 ich postavenie v na\u0161ej spolo\u010dnosti. V\u00fdsledky sa verejnos\u0165 dozvedela 13. 12. 2021 prostredn\u00edctvom z\u00e1znamu z virtu\u00e1lneho odovzd\u00e1vania. V tomto ro\u010dn\u00edku <a href=\"https:\/\/duhovyrok.sk\/qys\/kto-ziskal-ceny-inakosti-2021-pozrite-si-prehlad\/\" class=\"more-link\">&#8230;<\/a><\/p>\n","protected":false},"author":21,"featured_media":3391,"comment_status":"closed","ping_status":"closed","sticky":false,"template":"","format":"standard","meta":{"footnotes":""},"categories":[10,260,13],"tags":[347,266,346,101,142,159],"class_list":["post-3266","post","type-post","status-publish","format-standard","has-post-thumbnail","hentry","category-kultura","category-reportaze","category-viditelnost","tag-ceny-inakosti","tag-from-qys","tag-iniciativa-inakost","tag-lgbt-2","tag-queer","tag-queer-kultura"],"_links":{"self":[{"href":"https:\/\/duhovyrok.sk\/qys\/wp-json\/wp\/v2\/posts\/3266","targetHints":{"allow":["GET"]}}],"collection":[{"href":"https:\/\/duhovyrok.sk\/qys\/wp-json\/wp\/v2\/posts"}],"about":[{"href":"https:\/\/duhovyrok.sk\/qys\/wp-json\/wp\/v2\/types\/post"}],"author":[{"embeddable":true,"href":"https:\/\/duhovyrok.sk\/qys\/wp-json\/wp\/v2\/users\/21"}],"replies":[{"embeddable":true,"href":"https:\/\/duhovyrok.sk\/qys\/wp-json\/wp\/v2\/comments?post=3266"}],"version-history":[{"count":2,"href":"https:\/\/duhovyrok.sk\/qys\/wp-json\/wp\/v2\/posts\/3266\/revisions"}],"predecessor-version":[{"id":3393,"href":"https:\/\/duhovyrok.sk\/qys\/wp-json\/wp\/v2\/posts\/3266\/revisions\/3393"}],"wp:featuredmedia":[{"embeddable":true,"href":"https:\/\/duhovyrok.sk\/qys\/wp-json\/wp\/v2\/media\/3391"}],"wp:attachment":[{"href":"https:\/\/duhovyrok.sk\/qys\/wp-json\/wp\/v2\/media?parent=3266"}],"wp:term":[{"taxonomy":"category","embeddable":true,"href":"https:\/\/duhovyrok.sk\/qys\/wp-json\/wp\/v2\/categories?post=3266"},{"taxonomy":"post_tag","embeddable":true,"href":"https:\/\/duhovyrok.sk\/qys\/wp-json\/wp\/v2\/tags?post=3266"}],"curies":[{"name":"wp","href":"https:\/\/api.w.org\/{rel}","templated":true}]}}