{"id":3258,"date":"2022-02-19T11:28:03","date_gmt":"2022-02-19T10:28:03","guid":{"rendered":"https:\/\/duhovyrok.sk\/qys\/?p=3258"},"modified":"2022-02-19T11:28:33","modified_gmt":"2022-02-19T10:28:33","slug":"jan-soucek-z-ceskej-televizie-to-akym-ste-clovekom-predsa-nezavisi-od-toho-vedla-koho-si-vecer-lihate-do-postele","status":"publish","type":"post","link":"https:\/\/duhovyrok.sk\/qys\/jan-soucek-z-ceskej-televizie-to-akym-ste-clovekom-predsa-nezavisi-od-toho-vedla-koho-si-vecer-lihate-do-postele\/","title":{"rendered":"Jan Sou\u010dek z \u010ceskej telev\u00edzie: To, ak\u00fdm ste \u010dlovekom, predsa nez\u00e1vis\u00ed od toho, ved\u013ea koho si ve\u010der l\u00edhate do postele!"},"content":{"rendered":"\n<p id=\"block-0bae83f6-29db-4573-a068-6faf40a0e5e6\"><strong>Autor textu:&nbsp;Matej Uhl\u00e1r \/&nbsp;Fotografie: \u010cT, Radek Mi\u010da<\/strong><\/p>\n\n\n\n<blockquote class=\"wp-block-quote is-layout-flow wp-block-quote-is-layout-flow\"><p>Text sme prv\u00fd raz publikovali v \u010d\u00edsle Zima 2021<\/p><\/blockquote>\n\n\n\n<p><strong>\u201eTe\u0161\u00ed ma z\u00e1ujem v\u00e1\u0161ho periodika o interview so mnou, ale hne\u010f na \u00favod treba asi zd\u00f4razni\u0165, \u017ee postoje a vn\u00edmanie LGBTI+ komunity medzi \u010ceskom a Slovenskom s\u00fa diametr\u00e1lne odli\u0161n\u00e9.\u201c T\u00fdmito slovami za\u010dal rozhovor Jan Sou\u010dek, riadite\u013e brnianskeho \u0161t\u00fadia \u010ceskej telev\u00edzie. Jeho rozpr\u00e1vanie \u010diasto\u010dne aj odkryje d\u00f4vody, pre\u010do tento rozdiel medzi krajinami, ktor\u00e9 boli niekedy jedn\u00fdm \u0161t\u00e1tom, existuje.<\/strong><\/p>\n\n\n\n<p><strong>M\u00e9di\u00e1 maj\u00fa svoje pravidl\u00e1. Ob\u010das sa zd\u00e1, \u017ee si vytv\u00e1raj\u00fa vlastn\u00fa skuto\u010dnos\u0165. O medi\u00e1lnom svete sa zvykne hovori\u0165 aj ako o zrkadle spolo\u010dnosti. \u010co v\u00e1m toto zrkadlo prezradilo o v\u00e1s? V \u010dom v\u00e1m osobnostne pomohla, pr\u00edpadne u\u0161kodila dlhoro\u010dn\u00e1 pr\u00e1ca v medi\u00e1lnej sf\u00e9re?<\/strong><\/p>\n\n\n\n<p>O p\u00e1r mesiacov to bude dvadsa\u0165osem rokov, \u010do p\u00f4sob\u00edm v m\u00e9di\u00e1ch. Na za\u010diatku mojej kari\u00e9ry ma div\u00e1ci mohli vidie\u0165 pred kamerou, alebo za rozhlasov\u00fdm mikrof\u00f3nom, v s\u00fa\u010dasnosti som riadite\u013eom \u0161t\u00fadia \u010ceskej telev\u00edzie. Je pochopite\u013en\u00e9, \u017ee tak\u00e9 dlh\u00e9 p\u00f4sobenie v m\u00e9di\u00e1ch m\u00e1 vplyv aj na va\u0161u osobnos\u0165 a nejak\u00fdm sp\u00f4sobom ju formuje. M\u0148a v\u0161ak na tejto pr\u00e1ci aj tak asi zo v\u0161etk\u00e9ho najviac fascinuje vedomie, \u017ee m\u00f4\u017eem div\u00e1kovi prin\u00e1\u0161a\u0165 pravdiv\u00fd obraz o spolo\u010dnosti, roz\u0161irova\u0165 mu jeho obzory, t\u00fdm mu taktie\u017e mo\u017eno pom\u00e1ha\u0165 rie\u0161i\u0165 jeho probl\u00e9my, \u010di skvalit\u0148ova\u0165 jeho \u017eivot. A to je ve\u013ek\u00e1 zodpovednos\u0165. Preto \u010dasto svoju pr\u00e1cu prirovn\u00e1vam k adrenal\u00ednov\u00e9mu \u0161portu. To, \u010do u\u017e raz vo vysielan\u00ed zaznie, nem\u00f4\u017eete zobra\u0165 sp\u00e4\u0165. Preto si t\u00e1to profesia od \u010dloveka vy\u017eaduje ve\u013ek\u00fa d\u00e1vku koncentrovanosti a pripravenosti. Mo\u017eno aj toto je jeden z d\u00f4vodov pre\u010do vo svojom s\u00fakrom\u00ed u\u017e potom nevyh\u013ead\u00e1vam nejak\u00fa ve\u013ek\u00fa d\u00e1vku adrenal\u00ednu. Moja profesia ma taktie\u017e nau\u010dila empatii a lep\u0161iemu pochopeniu \u013eud\u00ed. Av\u0161ak na rozdiel napr\u00edklad od povolania lek\u00e1ra, ktor\u00fd sa mus\u00ed \u010dasto zmieri\u0165 s t\u00fdm, \u017ee \u013eudsk\u00e9 telo m\u00e1 ist\u00e9 z\u00e1konitosti a veci sa proste musia dia\u0165 a on ich nem\u00f4\u017ee ovplyvni\u0165, ja som tento pocit vo svojej pr\u00e1ci e\u0161te neza\u017eil. Prostredn\u00edctvom inform\u00e1ci\u00ed sa d\u00e1 toti\u017e v\u017edy n\u00e1js\u0165 nejak\u00e1 cesta a m\u0148a bav\u00ed tieto cesty h\u013eada\u0165.<\/p>\n\n\n\n<blockquote class=\"wp-block-quote is-layout-flow wp-block-quote-is-layout-flow\"><p>\u010co sa t\u00fdka LGBTI+ komunity, osobne si mysl\u00edm, \u017ee \u010cesko m\u00e1 u\u017e v tejto oblasti ve\u013ea v\u00fdznamn\u00fdch m\u00ed\u013enikov za sebou. Ja s\u00e1m som z\u00e1stancom toho, \u017ee t\u00e1to minorita sa nem\u00e1 vy\u010dle\u0148ova\u0165 z medi\u00e1lneho obsahu t\u00fdm, \u017ee by vznikli \u0161pecializovan\u00e9 rel\u00e1cie, ktor\u00e9 by hovorili len o inak orientovan\u00fdch \u013eu\u010foch, ale treba ich vn\u00edma\u0165 ako be\u017en\u00fa s\u00fa\u010das\u0165 vysielania.<\/p><\/blockquote>\n\n\n\n<p><strong>Kedy bud\u00fa \u010desk\u00e9 m\u00e9di\u00e1 pripraven\u00e9 informova\u0165 o dian\u00ed v queer komunite aj trochu inak, ako len report\u00e1\u017eami z d\u00fahov\u00fdch pochodov? A je v\u00f4bec nejak\u00fd optim\u00e1lny sp\u00f4sob, ako&nbsp; t\u00fato tematiku sprostredkova\u0165 div\u00e1ctvu?<\/strong><\/p>\n\n\n\n<p>Ono to tak nejak prirodzene vypl\u00fdva. Najprv \u010dlovek, samozrejme, mus\u00ed \u017ei\u0165 a by\u0165 zdrav\u00fd na to, aby mohol napokon vies\u0165 rovnopr\u00e1vny \u017eivot. T\u00fdm ale nechcem v\u00f4bec poveda\u0165, \u017ee by probl\u00e9my nejakej men\u0161iny pod vplyvom pand\u00e9mie boli z\u00e1merne vytes\u0148ovan\u00e9 z obrazoviek \u010ceskej telev\u00edzie. V\u0161etci, kto pracujeme vo verejnopr\u00e1vnom m\u00e9diu, si uvedomujeme, \u017ee pre v\u00e4\u010d\u0161inu obyvate\u013estva sme prv\u00fdm zdrojom inform\u00e1ci\u00ed, n\u00e1\u0161 medi\u00e1lny obsah je prv\u00fd, po ktorom siahnu. Toto n\u00e1s minul\u00fd rok in\u0161pirovalo aj k vytvoreniu tretieho kan\u00e1la \u010ceskej telev\u00edzie, ktor\u00fd je prim\u00e1rne ur\u010den\u00fd pre rizikov\u00fa skupinu obyvate\u013estva v dobe pand\u00e9mie \u2013 pre seniorov. Chceli sme \u013eu\u010fom, ktor\u00ed musia osta\u0165 doma a nem\u00f4\u017eu sa stret\u00e1va\u0165 so svojimi rodinami a bl\u00edzkymi, poskytn\u00fa\u0165 pr\u00edjemn\u00fd pocit z\u00e1bavy, bezpe\u010dia a pohodlia.<\/p>\n\n\n\n<p>V tejto ot\u00e1zke nar\u00e1\u017eame asi na ten rozdiel medzi \u010ceskou a Slovenskou republikou, ktor\u00fd som spom\u00ednal na za\u010diatku<strong>. <\/strong>\u010co sa t\u00fdka LGBTI+ komunity, osobne si mysl\u00edm, \u017ee \u010cesko m\u00e1 u\u017e v tejto oblasti ve\u013ea v\u00fdznamn\u00fdch m\u00ed\u013enikov za sebou. Ja s\u00e1m som z\u00e1stancom toho, \u017ee t\u00e1to minorita sa nem\u00e1 vy\u010dle\u0148ova\u0165 z medi\u00e1lneho obsahu t\u00fdm, \u017ee by vznikli \u0161pecializovan\u00e9 rel\u00e1cie, ktor\u00e9 by hovorili len o inak orientovan\u00fdch \u013eu\u010foch, ale treba ich vn\u00edma\u0165 ako be\u017en\u00fa s\u00fa\u010das\u0165 vysielania. T\u00fdmto sp\u00f4sobom m\u00f4\u017eeme zb\u00fara\u0165 predsudky, bari\u00e9ry medzi jednotliv\u00fdmi \u013eu\u010fmi. Treba ukazova\u0165, \u017ee aj homosexu\u00e1li alebo lesby s\u00fa \u00faspe\u0161n\u00ed pr\u00e1vnici, pr\u00e1vni\u010dky, politici, politi\u010dky, lek\u00e1ri, lek\u00e1rky, s \u00faplne be\u017en\u00fdmi probl\u00e9mami a \u017eivotmi. Mysl\u00edm si, \u017ee na\u0161a krajina sa pomaly vzd\u00e1va zau\u017e\u00edvan\u00e9ho neduhu, \u017ee t\u00e1to men\u0161ina sa na obrazovk\u00e1ch zvykne zobrazova\u0165 s ist\u00fdm \u0161pecifick\u00fdm n\u00e1dychom, \u010do mohlo vyvol\u00e1va\u0165 u div\u00e1ka dojem, \u017ee ide napr\u00edklad preva\u017ene o \u013eud\u00ed z umeleck\u00e9ho sveta. Som presved\u010den\u00fd, \u017ee stoj\u00edme pred \u010fal\u0161\u00edm v\u00fdznamn\u00fdm krokom, ke\u010f sa ku LGBTI+ komunite za\u010dn\u00fa hl\u00e1si\u0165 politici. Ob\u010dan si ich tak bude m\u00f4c\u0165 zvoli\u0165 aj na z\u00e1klade toho, \u017ee maj\u00fa poznanie aj z tejto men\u0161iny.<\/p>\n\n\n\n<p><strong>V \u010dom teda nastal ten rozdiel medzi Slovenskom a \u010ceskom? Ve\u010f kedysi sme boli jedna krajina. Ako to, \u017ee sa na\u0161e n\u00e1zory v LGBTI+ ot\u00e1zkach tak l\u00ed\u0161ia?<\/strong><\/p>\n\n\n\n<p>Mysl\u00edm si, \u017ee vysvetlenie nie je v\u00f4bec zlo\u017eit\u00e9. Aj z historick\u00e9ho h\u013eadiska je Slovensko krajina, ktor\u00e1 je ove\u013ea viac orientovan\u00e1 religi\u00f3zne, hlavne s d\u00f4razom na katol\u00edcku vieru. A niektor\u00e9 konzervat\u00edvne prvky, ktor\u00e9 do problematiky vn\u00e1\u0161aj\u00fa va\u0161i politici, ovplyv\u0148uj\u00fa ve\u013emi v\u00fdrazn\u00fa \u010das\u0165 popul\u00e1cie a ich postoj k LGBTI+ \u013eudom. Na druhej strane aj progres\u00edvny poh\u013ead p\u00e1pe\u017ea Franti\u0161ka d\u00e1va silno katol\u00edcky orientovan\u00fdm krajin\u00e1m n\u00e1dej, \u017ee sa veci \u010doskoro v\u00fdrazne pohn\u00fa spr\u00e1vnym smerom. Pre m\u0148a je napr\u00edklad z tohto poh\u013eadu zauj\u00edmav\u00e9 \u0160panielsko, kde maj\u00fa katol\u00edcke trad\u00edcie tie\u017e ve\u013emi siln\u00e9 postavenie, no k inak orientovan\u00fdm \u013eu\u010fom maj\u00fa ove\u013ea benevolentnej\u0161\u00ed postoj ako Slov\u00e1ci.<\/p>\n\n\n\n<figure class=\"wp-block-image size-large\"><img loading=\"lazy\" decoding=\"async\" width=\"683\" height=\"1024\" src=\"https:\/\/duhovyrok.sk\/qys\/wp-content\/uploads\/sites\/2\/2022\/02\/Soucek_Jan_CT_Mica_20180822_IMG_7418_-683x1024.jpg\" alt=\"\" class=\"wp-image-3331\" srcset=\"https:\/\/duhovyrok.sk\/qys\/wp-content\/uploads\/sites\/2\/2022\/02\/Soucek_Jan_CT_Mica_20180822_IMG_7418_-683x1024.jpg 683w, https:\/\/duhovyrok.sk\/qys\/wp-content\/uploads\/sites\/2\/2022\/02\/Soucek_Jan_CT_Mica_20180822_IMG_7418_-467x700.jpg 467w, https:\/\/duhovyrok.sk\/qys\/wp-content\/uploads\/sites\/2\/2022\/02\/Soucek_Jan_CT_Mica_20180822_IMG_7418_-1024x1536.jpg 1024w, https:\/\/duhovyrok.sk\/qys\/wp-content\/uploads\/sites\/2\/2022\/02\/Soucek_Jan_CT_Mica_20180822_IMG_7418_-1365x2048.jpg 1365w, https:\/\/duhovyrok.sk\/qys\/wp-content\/uploads\/sites\/2\/2022\/02\/Soucek_Jan_CT_Mica_20180822_IMG_7418_-scaled.jpg 1706w\" sizes=\"auto, (max-width: 683px) 100vw, 683px\" \/><\/figure>\n\n\n\n<p><strong>\u010ci\u017ee akoby n\u00e1bo\u017eensk\u00e9 presved\u010denie vytv\u00e1ralo lockdown slovenskej LGBTI+ komunite\u2026<\/strong><\/p>\n\n\n\n<p>Nenadobudol som pocit, \u017ee by slovensk\u00e1 LGBTI+ komunita bola nejak\u00fdm sp\u00f4sobom ostrakizovan\u00e1 alebo \u017ee by sa jej pr\u00edslu\u0161n\u00edci museli b\u00e1\u0165 nejak\u00e9ho znev\u00fdhodnenia v pr\u00e1ci, vo vzdelan\u00ed a podobne. Na druhej strane, treba poveda\u0165, \u017ee vych\u00e1dzam iba z vlastn\u00fdch z\u00e1\u017eitkov a sk\u00fasenost\u00ed. Aj m\u00e9di\u00e1 n\u00e1m \u010dastokr\u00e1t pon\u00fakaj\u00fa obraz o LGBTI+ komunite z r\u00f4znych kraj\u00edn a kult\u00far, kde to \u010dasto vyzer\u00e1, akoby k nim v tejto s\u00favislosti 21. storo\u010die jednoducho e\u0161te nedorazilo. Ide sk\u00f4r o to, \u017ee e\u0161te st\u00e1le ve\u013ek\u00e9 mno\u017estvo katol\u00edckych veriacich vid\u00ed v homosexu\u00e1lne orientovan\u00fdch \u013eu\u010foch nejak\u00e9 ohrozenie rodinn\u00fdch a n\u00e1bo\u017eensk\u00fdch hodn\u00f4t.<\/p>\n\n\n\n<p><strong>Je o v\u00e1s verejne zn\u00e1me, \u017ee patr\u00edte k LGBTI+ komunite. Poc\u00edtili ste niekedy negat\u00edvne d\u00f4sledky toho, \u017ee ste viac na o\u010diach?<\/strong><\/p>\n\n\n\n<p>Mus\u00edm poveda\u0165, \u017ee nie. Alebo mo\u017eno to niekedy negat\u00edvny vplyv malo, ale ja som ho nepoc\u00edtil, nevn\u00edmal. Za\u017eil som s\u00edce p\u00e1r situ\u00e1ci\u00ed, ke\u010f povedzme pre \u013eud\u00ed o gener\u00e1ciu star\u0161\u00edch ako som ja bola moja orient\u00e1cia, hlavne v pracovnom prostred\u00ed, atrakt\u00edvnou t\u00e9mou kulo\u00e1rnych klebiet. Treba si v\u0161ak uvedomi\u0165, \u017ee zvedavos\u0165 je prirodzenou vlastnos\u0165ou a ka\u017ed\u00fd z n\u00e1s si ju potrebuje uspokoji\u0165. Preto \u010d\u00edm som bol vo\u010di \u013eu\u010fom otvorenej\u0161\u00ed, aj v t\u00e9me mojej sexuality, t\u00fdm menej malo moje okolie potrebu sa \u0148ou zaobera\u0165. U\u017e to pre nich toti\u017e nebolo nie\u010do, \u010do sa taj\u00ed a o \u010dom by sa dalo do nekone\u010dna \u0161pekulova\u0165.<\/p>\n\n\n\n<p><strong>Nevedie otvorenos\u0165 v takej citlivej osobnej t\u00e9me z\u00e1konite k pocitu zranite\u013enosti?<\/strong><\/p>\n\n\n\n<p>Pred t\u00fdmi viac ne\u017e dvadsiatimi rokmi, ke\u010f som sa rozhodol, \u017ee budem vo\u010di svojmu okoliu otvoren\u00fd, mi mo\u017eno t\u00e1to my\u0161lienka napadla, no v skuto\u010dnosti to funguje presne naopak. Ke\u010f o sebe nie\u010do taj\u00edte, z\u00e1konite sa to st\u00e1va va\u0161\u00edm citliv\u00fdm, zranite\u013en\u00fdm miestom. S\u00e1m sa potom podvedome sna\u017e\u00edte neby\u0165 s\u00e1m sebou, aby va\u0161e tajomstvo nevypl\u00e1valo na povrch. A to je zle. \u010ci u\u017e ste mali odvahu pred svoj\u00edm okol\u00edm prizna\u0165, kto naozaj ste, alebo nie, tak \u010di onak ste st\u00e1le t\u00fdm ist\u00fdm gejom. Rozdiel je v\u0161ak v tom, \u017ee energiu, ktor\u00fa by ste vynakladali na to, aby ste o sebe tento fakt tajili, m\u00f4\u017eete investova\u0165 do pracovn\u00e9ho \u00faspechu alebo jednoducho do radosti. To, ak\u00fdm ste \u010dlovekom, predsa nez\u00e1vis\u00ed od toho, ved\u013ea koho si ve\u010der l\u00edhate do postele.<\/p>\n","protected":false},"excerpt":{"rendered":"<p>Autor textu:&nbsp;Matej Uhl\u00e1r \/&nbsp;Fotografie: \u010cT, Radek Mi\u010da Text sme prv\u00fd raz publikovali v \u010d\u00edsle Zima 2021 \u201eTe\u0161\u00ed ma z\u00e1ujem v\u00e1\u0161ho periodika o interview so mnou, ale hne\u010f na \u00favod treba asi zd\u00f4razni\u0165, \u017ee postoje a vn\u00edmanie LGBTI+ komunity medzi \u010ceskom a Slovenskom s\u00fa diametr\u00e1lne odli\u0161n\u00e9.\u201c T\u00fdmito slovami za\u010dal rozhovor Jan Sou\u010dek, riadite\u013e brnianskeho \u0161t\u00fadia \u010ceskej <a href=\"https:\/\/duhovyrok.sk\/qys\/jan-soucek-z-ceskej-televizie-to-akym-ste-clovekom-predsa-nezavisi-od-toho-vedla-koho-si-vecer-lihate-do-postele\/\" class=\"more-link\">&#8230;<\/a><\/p>\n","protected":false},"author":21,"featured_media":3330,"comment_status":"closed","ping_status":"closed","sticky":false,"template":"","format":"standard","meta":{"footnotes":""},"categories":[259,13],"tags":[266,344,185],"class_list":["post-3258","post","type-post","status-publish","format-standard","has-post-thumbnail","hentry","category-rozhovory","category-viditelnost","tag-from-qys","tag-jan-soucek","tag-rozhovor"],"_links":{"self":[{"href":"https:\/\/duhovyrok.sk\/qys\/wp-json\/wp\/v2\/posts\/3258","targetHints":{"allow":["GET"]}}],"collection":[{"href":"https:\/\/duhovyrok.sk\/qys\/wp-json\/wp\/v2\/posts"}],"about":[{"href":"https:\/\/duhovyrok.sk\/qys\/wp-json\/wp\/v2\/types\/post"}],"author":[{"embeddable":true,"href":"https:\/\/duhovyrok.sk\/qys\/wp-json\/wp\/v2\/users\/21"}],"replies":[{"embeddable":true,"href":"https:\/\/duhovyrok.sk\/qys\/wp-json\/wp\/v2\/comments?post=3258"}],"version-history":[{"count":2,"href":"https:\/\/duhovyrok.sk\/qys\/wp-json\/wp\/v2\/posts\/3258\/revisions"}],"predecessor-version":[{"id":3332,"href":"https:\/\/duhovyrok.sk\/qys\/wp-json\/wp\/v2\/posts\/3258\/revisions\/3332"}],"wp:featuredmedia":[{"embeddable":true,"href":"https:\/\/duhovyrok.sk\/qys\/wp-json\/wp\/v2\/media\/3330"}],"wp:attachment":[{"href":"https:\/\/duhovyrok.sk\/qys\/wp-json\/wp\/v2\/media?parent=3258"}],"wp:term":[{"taxonomy":"category","embeddable":true,"href":"https:\/\/duhovyrok.sk\/qys\/wp-json\/wp\/v2\/categories?post=3258"},{"taxonomy":"post_tag","embeddable":true,"href":"https:\/\/duhovyrok.sk\/qys\/wp-json\/wp\/v2\/tags?post=3258"}],"curies":[{"name":"wp","href":"https:\/\/api.w.org\/{rel}","templated":true}]}}