{"id":3240,"date":"2022-01-16T18:01:00","date_gmt":"2022-01-16T17:01:00","guid":{"rendered":"https:\/\/duhovyrok.sk\/qys\/?p=3240"},"modified":"2022-01-16T20:30:52","modified_gmt":"2022-01-16T19:30:52","slug":"vitazka-anasoft-litera-barbora-hrinova-mne-queer-ludia-v-nicom-nepripadaju-cudni-alebo-zvlastni","status":"publish","type":"post","link":"https:\/\/duhovyrok.sk\/qys\/vitazka-anasoft-litera-barbora-hrinova-mne-queer-ludia-v-nicom-nepripadaju-cudni-alebo-zvlastni\/","title":{"rendered":"V\u00ed\u0165azka Anasoft Litera Barbora Hr\u00ednov\u00e1: Mne queer \u013eudia v ni\u010dom nepripadaj\u00fa \u010dudn\u00ed alebo zvl\u00e1\u0161tni"},"content":{"rendered":"\n<p id=\"block-0bae83f6-29db-4573-a068-6faf40a0e5e6\"><strong>Autor textu:&nbsp;Andrej Kuruc&nbsp;\/ Fotografia: Jakub Kov\u00e1\u010d<\/strong><\/p>\n\n\n\n<p>Text sme prv\u00fd raz publikovali v \u010d\u00edsle Jese\u0148 2021<\/p>\n\n\n\n<p>Barbora Hr\u00ednov\u00e1 (1984) je prozai\u010dka, scen\u00e1ristka a&nbsp;pedagogi\u010dka. P\u00f4sob\u00ed v&nbsp;Ateli\u00e9ri scen\u00e1ristickej tvorby FTF V\u0160MU v&nbsp;Bratislave. Je trojn\u00e1sobnou finalistkou s\u00fa\u0165a\u017ee Poviedka (2008, 2017, 2018). Absolvovala polro\u010dn\u00fd v\u00fdskumn\u00fd pobyt v&nbsp;Gruz\u00ednsku a ako dr\u017eite\u013eka Fulbrightovho \u0161tipendia p\u00f4sobila na Chapman University v Kalifornii. Za svoju debutov\u00fa zbierku poviedok <em>Jednoro\u017ece <\/em>z\u00edskala prest\u00ed\u017enu liter\u00e1rnu cenu Anasoft litera 2021.<\/p>\n\n\n\n<p><strong>Ak\u00fd to bol pocit, ke\u010f ste za <em>Jednoro\u017ece <\/em>z\u00edskali ocenenie za najlep\u0161iu slovensk\u00fa pr\u00f3zu roka?<\/strong><\/p>\n\n\n\n<p>Tak\u00e1 zvl\u00e1\u0161tna pr\u00e1zdnota a&nbsp;zranite\u013enos\u0165, preto\u017ee t\u00e1 inform\u00e1cia vo v\u00e1s preraz\u00ed v\u0161etky vrstvy o\u010dak\u00e1vania aj \u013eahostajnosti, ktor\u00e9 ste si u\u017e vo\u010di tej akcii vytvorili. Zrazu ste v&nbsp;inej situ\u00e1cii, ktor\u00e1 sa v\u00e1s ve\u013emi osobne t\u00fdka a&nbsp;mus\u00edte sa k&nbsp;tomu r\u00fdchlo vyjadri\u0165. Povedala som, \u017ee som to ocenenie v\u00f4bec ne\u010dakala, preto\u017ee viem, ako to vyzer\u00e1 zvonku. \u017de je to debut a&nbsp;\u010das\u0165 spolo\u010dnosti to vn\u00edma ako \u201eve\u013ek\u00e9 prekvapenie\u201c. Ja som v\u0161ak po\u010das roka vn\u00edmala recenzie a&nbsp;pozit\u00edvnu diskusiu okolo tej kni\u017eky, ktor\u00e1 mi d\u00e1vala d\u00f4vod na ist\u00e9 pr\u00edjemn\u00e9 tu\u0161enie.<\/p>\n\n\n\n<blockquote class=\"wp-block-quote is-layout-flow wp-block-quote-is-layout-flow\"><p>Mne queer \u013eudia v ni\u010dom nepripadaj\u00fa \u010dudn\u00ed alebo zvl\u00e1\u0161tni, chcela som ich uk\u00e1za\u0165 ako s\u00fa\u010das\u0165 ka\u017edodennosti.<\/p><\/blockquote>\n\n\n\n<p><strong>Pre\u010do pr\u00e1ve n\u00e1zov Jednoro\u017ece? Vol\u00e1 sa tak jedna z&nbsp;poviedok; pasuj\u00fa pod tento titul aj ostatn\u00e9?<\/strong><\/p>\n\n\n\n<p>\u00c1no, n\u00e1zov je zastre\u0161uj\u00faci pre viacer\u00e9 postavy kni\u017eky. Jednoro\u017ece s\u00fa pre m\u0148a symbolom inakosti, ktor\u00e1 spolu so samotou a&nbsp;neistotou patr\u00ed k hlavn\u00fdm t\u00e9mam zbierky. Vid\u00edme ich dnes v\u0161ade, hraj\u00fa sa s&nbsp;nimi deti a&nbsp;dospel\u00ed si kupuj\u00fa \u0161perky \u010di nafukova\u010dky v tvare jednoro\u017ecov. Jedine\u010dnos\u0165 teda m\u00f4\u017ee by\u0165 aj p\u00f3za \u010di \u017eivotn\u00fd \u0161t\u00fdl, v&nbsp;poviedkach som v\u0161ak chcela prim\u00e1rne zachyti\u0165 postavy, ktor\u00e9 sa mi zdali naozaj jedine\u010dn\u00e9 a&nbsp;prepadaj\u00face cez v\u0161eobecn\u00e9 vzorce vn\u00edmania.<\/p>\n\n\n\n<figure class=\"wp-block-image size-large\"><a href=\"https:\/\/duhovyrok.sk\/qys\/queer-kniha-hoci-sme-vsetci-jedinecni-ako-jednorozce-problemy-mame-spolocne\/\" target=\"_blank\" rel=\"noopener\"><img loading=\"lazy\" decoding=\"async\" width=\"1024\" height=\"683\" src=\"https:\/\/duhovyrok.sk\/qys\/wp-content\/uploads\/sites\/2\/2021\/01\/Jednorzce_ASPEKT-1024x683.jpg\" alt=\"\" class=\"wp-image-2311\" srcset=\"https:\/\/duhovyrok.sk\/qys\/wp-content\/uploads\/sites\/2\/2021\/01\/Jednorzce_ASPEKT-1024x683.jpg 1024w, https:\/\/duhovyrok.sk\/qys\/wp-content\/uploads\/sites\/2\/2021\/01\/Jednorzce_ASPEKT-700x467.jpg 700w, https:\/\/duhovyrok.sk\/qys\/wp-content\/uploads\/sites\/2\/2021\/01\/Jednorzce_ASPEKT-1536x1025.jpg 1536w, https:\/\/duhovyrok.sk\/qys\/wp-content\/uploads\/sites\/2\/2021\/01\/Jednorzce_ASPEKT-600x400.jpg 600w, https:\/\/duhovyrok.sk\/qys\/wp-content\/uploads\/sites\/2\/2021\/01\/Jednorzce_ASPEKT-300x200.jpg 300w, https:\/\/duhovyrok.sk\/qys\/wp-content\/uploads\/sites\/2\/2021\/01\/Jednorzce_ASPEKT.jpg 2048w\" sizes=\"auto, (max-width: 1024px) 100vw, 1024px\" \/><\/a><figcaption>Recenziu na knihu Jednoro\u017ece si m\u00f4\u017eete pre\u010d\u00edta\u0165 <a rel=\"noreferrer noopener\" href=\"https:\/\/duhovyrok.sk\/qys\/queer-kniha-hoci-sme-vsetci-jedinecni-ako-jednorozce-problemy-mame-spolocne\/\" target=\"_blank\">TU<\/a>.<\/figcaption><\/figure>\n\n\n\n<p><strong>V&nbsp;kni\u017eke sa venujete \u013eu\u010fom, ktor\u00ed \u010dasto nesp\u013a\u0148aj\u00fa stereotypn\u00e9 predstavy o&nbsp;tom, ako by mali \u017ei\u0165. S\u00fa to najm\u00e4 \u017eeny. Napr\u00edklad v&nbsp;titulnej poviedke, kde hlavn\u00e1 postava nesp\u013a\u0148a klasick\u00fd \u017eensk\u00fd stereotyp \u201eemocionality a&nbsp;vrelosti\u201c. Pre\u010do je pod\u013ea v\u00e1s potrebn\u00e9 prin\u00e1\u0161a\u0165 aj ich pr\u00edbehy?<\/strong><\/p>\n\n\n\n<p>S\u00fa\u010dasn\u00e9 prajn\u00e9 nastavenie vo\u010di inakosti je asi st\u00e1le len reakciou a revoltou vo\u010di prevl\u00e1daj\u00facemu tradi\u010dn\u00e9mu, konzervat\u00edvnemu trendu, ktor\u00fd m\u00e1 pre ka\u017ed\u00e9ho \u010dlena spolo\u010dnosti presn\u00e9 o\u010dak\u00e1vania a&nbsp;zaradenie na z\u00e1klade nieko\u013ek\u00fdch jeho vonkaj\u0161kov\u00fdch znakov. Pritom dnes sa dos\u0165 rozpr\u00e1va u\u017e aj o&nbsp;tom, \u017ee ka\u017ed\u00fd pes a&nbsp;ma\u010dka maj\u00fa svoju povahu a&nbsp;jedine\u010dnos\u0165. O&nbsp;\u013eu\u010foch sa to vie d\u00e1vno, ale e\u0161te sme to celkom nepreniesli do praxe a&nbsp;ka\u017edodennosti. Preto som chcela nap\u00edsa\u0165 pr\u00edbehy, ktor\u00e9 hovoria o&nbsp;individu\u00e1lnom pre\u017e\u00edvan\u00ed, aj r\u00f4znych odch\u00fdlkach od \u201enormy\u201c.<\/p>\n\n\n\n<p><strong>Odrazili sa v&nbsp;tvorbe aj va\u0161e osobn\u00e9 sk\u00fasenosti v&nbsp;tomto smere? Pri poviedke <em>Internations <\/em>som mal pocit, \u017ee ste boli sama v&nbsp;Gruz\u00ednsku.<\/strong><\/p>\n\n\n\n<p>Nie je to len v\u00e1\u0161 pocit, ja som naozaj bola v&nbsp;Gruz\u00ednsku a&nbsp;t\u00e1to poviedka je \u010diasto\u010dne in\u0161pirovan\u00e1 mojimi z\u00e1\u017eitkami, ale aj z\u00e1\u017eitkami \u013eud\u00ed, ktor\u00fdch som tam stretla. Gruz\u00ednski mu\u017ei e\u0161te st\u00e1le dvoria \u017een\u00e1m tak\u00fdm t\u00fdm klasick\u00fdm sp\u00f4sobom a&nbsp;s\u00fa ve\u013emi iniciat\u00edvni. Ke\u010f nejak\u00e9 Eur\u00f3panky zav\u00edtaj\u00fa na Kaukaz, m\u00f4\u017ee to by\u0165 pre ne \u0161okuj\u00face alebo osvie\u017euj\u00face. Poviedka je pomerne otvoren\u00e1 v&nbsp;popise int\u00edmnych z\u00e1\u017eitkov na pozad\u00ed samoty a&nbsp;odcudzenia. Chcela som vytvori\u0165 priestor, v&nbsp;ktorom sa m\u00f4\u017eu n\u00e1js\u0165 \u013eudia, ktor\u00ed sa vo svojich \u017eivotoch nec\u00edtia pr\u00e1ve naplnene alebo \u0161\u0165astne.<\/p>\n\n\n\n<p><strong>Nest\u00e1va sa \u010dasto, aby tak\u00fdto \u00faspech zaznamenali poviedky, v&nbsp;ktor\u00fdch sa objavuj\u00fa viacer\u00e9 queer postavy. Ako napr\u00edklad Romana v&nbsp;<em>Saturnovom n\u00e1vrate<\/em>. Pre\u010do ste sa rozhodli p\u00edsa\u0165 aj o&nbsp;nich?<\/strong><\/p>\n\n\n\n<p>V&nbsp;slovenskej pr\u00f3ze mi kvalitn\u00e9 poviedky o&nbsp;queer postav\u00e1ch ch\u00fdbali, v\u00e4\u010d\u0161inou sa z&nbsp;toho rob\u00ed nejak\u00e1 atrakcia, ozvl\u00e1\u0161tnenie, a potom sa tomu \u201eseri\u00f3zni\u201c autori a&nbsp;autorky vyh\u00fdbaj\u00fa. Mne queer \u013eudia v&nbsp;ni\u010dom nepripadaj\u00fa \u010dudn\u00ed alebo zvl\u00e1\u0161tni,&nbsp;chcela som ich uk\u00e1za\u0165 ako s\u00fa\u010das\u0165 ka\u017edodennosti. Mysl\u00edm, \u017ee iba jedna z&nbsp;poviedok sa t\u00fdka priamo coming-outu, v&nbsp;ostatn\u00fdch moje \u201equeer\u201c postavy rie\u0161ia in\u00e9 z\u00e1le\u017eitosti, ako napr\u00edklad pr\u00e1cu alebo \u017eivotn\u00e9 smerovanie. Ke\u010f si pre\u010d\u00edtate ak\u00fako\u013evek kni\u017eku, neza\u010dnete predsa vyrat\u00fava\u0165 a rie\u0161i\u0165, ko\u013eko heterosexu\u00e1lnych post\u00e1v v&nbsp;nej bolo a&nbsp;pre\u010do. To ist\u00e9 som chcela docieli\u0165 pri textoch, v&nbsp;ktor\u00fdch vystupuj\u00fa queer \u013eudia. V\u00f4bec neviem, pre\u010do by to malo bi\u0165 do o\u010d\u00ed, ale samozrejme, v&nbsp;s\u00fa\u010dasnej situ\u00e1cii som r\u00e1tala s&nbsp;t\u00fdm, \u017ee to m\u00f4\u017ee niekomu vadi\u0165.<\/p>\n\n\n\n<p><strong>V&nbsp;\u010dom v\u00e1m to bolo bl\u00edzke?<\/strong><\/p>\n\n\n\n<p>Aj ke\u010f hovor\u00edm, \u017ee na queer \u013eu\u010foch ako individualit\u00e1ch mi nepripad\u00e1 ni\u010d zvl\u00e1\u0161tne, inakos\u0165 a&nbsp;zvl\u00e1\u0161tnos\u0165 ako tak\u00e1 ma autorsky pri\u0165ahuje. Hovor\u00ed toti\u017e o&nbsp;tom, \u010do sme ako spolo\u010dnos\u0165 vytesnili, postavili za hranicu akceptovate\u013enosti a&nbsp;nami definovanej norm\u00e1lnosti. Zauj\u00edmav\u00e9 veci a&nbsp;pr\u00edbehy sa pre m\u0148a v\u017edy dej\u00fa a\u017e na hranici, alebo za hranicou ist\u00e9ho stereotypu. M\u00f4\u017eete vygenerova\u0165 tis\u00edce pr\u00edbehov, ale pokia\u013e len popisuj\u00fa dej a&nbsp;neatakuj\u00fa nejak\u00fa konvenciu \u010di predsudok, je to cel\u00e9 nani\u010d.<\/p>\n\n\n\n<p><strong>Ste vy\u0161tudovan\u00e1 scen\u00e1ristka, odrazilo sa to pri procese p\u00edsania va\u0161ej knihy?<\/strong><\/p>\n\n\n\n<p>\u0160t\u00fadium scen\u00e1ristiky ma ur\u010dite posunulo v&nbsp;tom, ako vytvori\u0165 pr\u00edbeh, plastick\u00e9 postavy a&nbsp;nazera\u0165 na tvorbu viac zvonku, akoby racion\u00e1lne. Na katedre scen\u00e1ristiky a&nbsp;dramaturgie v&nbsp;s\u00fa\u010dasnosti aj u\u010d\u00edm,&nbsp;d\u00e1vam sp\u00e4tn\u00fa v\u00e4zbu \u0161tudentom na ich vlastn\u00e9 v\u00fdtvory. To sa nezaob\u00edde bez toho, aby som tak\u00e9to pomyseln\u00e9 kritick\u00e9 dial\u00f3gy viedla aj sama so sebou. V&nbsp;literat\u00fare sa v\u0161ak c\u00edtim slobodnej\u0161ie, a&nbsp;ani som nechcela, aby mi do nej scen\u00e1ristick\u00e9 remeslo a\u017e tak zasahovalo.<\/p>\n\n\n\n<p><strong>Porota Anasoft litera okrem in\u00e9ho ocenila, \u017ee zobrazovanie post\u00e1v napr\u00edklad aj inej sexu\u00e1lnej orient\u00e1cie \u201enie je predmetom agit\u00e1cie alebo exotick\u00e9ho predv\u00e1dzania\u201c. Pr\u00e1ve LGBTI+ aktivistky a&nbsp;aktivisti b\u00fdvaj\u00fa kritizovan\u00ed za to, \u017ee pr\u00edli\u0161 zvidite\u013e\u0148uj\u00fa t\u00e9mu, \u017ee sa pr\u00edli\u0161 ukazuj\u00fa, dokonca s\u00fa teraz proti komunite namieren\u00e9 aj legislat\u00edvne n\u00e1vrhy z\u00e1konov. \u010co si mysl\u00edte vy o&nbsp;D\u00fahov\u00fdch pochodoch a&nbsp;aktivit\u00e1ch, ktor\u00e9 sa zameriavaj\u00fa na pr\u00e1va LGBTI+ \u013eud\u00ed?<\/strong><\/p>\n\n\n\n<p>Oce\u0148ujem, \u017ee porota ve\u013emi presne vystihla m\u00f4j z\u00e1mer. Osobne sa nec\u00edtim ako aktivista, ale sympatizant tak\u00fdchto hnut\u00ed. Organizovan\u00e9 prejavy s\u00fa nutn\u00e9, ak je potrebn\u00e9 nie\u010do presadi\u0165 v&nbsp;spolo\u010denskej praxi, ale na to treba aj povahu a&nbsp;ja nem\u00e1m rada, ke\u010f ma niekto k&nbsp;nie\u010domu l\u00e1me, presvied\u010da \u2013 napr\u00edklad na \u00fa\u010das\u0165 na protestoch. Z&nbsp;dia\u013eky s\u00fa mi v\u0161ak sympatick\u00e9 a&nbsp;na D\u00fahov\u00fd pochod by som rada niekedy i\u0161la. Mne sa p\u00e1\u010di, \u017ee je excentrick\u00fd a&nbsp;divoko farebn\u00fd, pre\u010do by tak\u00fd nemohol by\u0165. Prizn\u00e1m sa, \u017ee ostatn\u00e9 LGBTI+ aktivity a\u017e tak nesledujem, viem, \u017ee v&nbsp;poslednej dobe vyvolali nejak\u00e9 reakcie n\u00e1pisy na sten\u00e1ch kostolov. Je zauj\u00edmav\u00e9 sledova\u0165 t\u00fa diskusiu potom, ako sa v&nbsp;nej ka\u017ed\u00fd berie stra\u0161ne v\u00e1\u017ene a&nbsp;obhajuje to svoje stanovisko. Pod\u013ea m\u0148a by pomohlo trochu humoru a&nbsp;uvo\u013enenia na oboch stran\u00e1ch, ale vn\u00edmam to tak, \u017ee LGBTI+ \u0165ahaj\u00fa za krat\u0161\u00ed koniec, a&nbsp;tak maj\u00fa pr\u00e1vo na razantnej\u0161ie prejavy aj&nbsp;obhajobu.<\/p>\n\n\n\n<p><strong>\u010co si mysl\u00edte o&nbsp;umen\u00ed, ktor\u00e9 je anga\u017eovan\u00e9?<\/strong><\/p>\n\n\n\n<p>Anga\u017eovan\u00e9 umenie je n\u00e1lepka ako ka\u017ed\u00e1 in\u00e1, niekedy s&nbsp;pozit\u00edvnou, inokedy negat\u00edvnou konot\u00e1ciou. V&nbsp;s\u00fa\u010dasnosti nadob\u00fada op\u00e4\u0165 sk\u00f4r pozit\u00edvne v\u00fdznamy. Ur\u010dite nie je na \u0161kodu, ak umenie urob\u00ed slu\u017ebu nejakej soci\u00e1lnej t\u00e9me, \u017eivotn\u00e9mu prostrediu, alebo pouk\u00e1\u017ee na p\u00e1l\u010div\u00fd \u013eudsk\u00fd probl\u00e9m, ktor\u00fd sa t\u00fdka mnoh\u00fdch. Ja osobne nie som schopn\u00e1 tvori\u0165 na objedn\u00e1vku \u010di z&nbsp;pohn\u00fatok vych\u00e1dzaj\u00facich zvonku, alebo reagova\u0165 na \u201et\u00e9my d\u0148a\u201c. Lebo to m\u00f4\u017ee by\u0165 aj v\u00fdrazom spolo\u010denskej poslu\u0161nosti.<\/p>\n\n\n\n<p><strong>M\u00e1te niektor\u00fa z&nbsp;post\u00e1v najrad\u0161ej? Prir\u00e1stli v\u00e1m k&nbsp;srdcu?<\/strong><\/p>\n\n\n\n<p>Ja neviem, moje postavy maj\u00fa asi tak\u00fd \u201estuden\u00fd odchov\u201c. M\u00e1m ich v\u0161etky svoj\u00edm sp\u00f4sobom rada&nbsp;, ale nem\u00e1m v&nbsp;tejto zbierke \u017eiadneho favorita \u010di favoritku. K&nbsp;srdcu mi zvykn\u00fa prir\u00e1s\u0165 sk\u00f4r re\u00e1lni, \u017eiv\u00ed \u013eudia, alebo predobrazy mojich post\u00e1v. Navy\u0161e u\u017e sk\u00f4r mysl\u00edm na postavu, ktorou sa zaober\u00e1m vo svojej \u010fal\u0161ej pr\u00f3ze.<\/p>\n\n\n\n<figure class=\"wp-block-image size-large\"><img loading=\"lazy\" decoding=\"async\" width=\"1024\" height=\"683\" src=\"https:\/\/duhovyrok.sk\/qys\/wp-content\/uploads\/sites\/2\/2022\/01\/IMG_9452_predR_oprava6.12_update_CG_V_FB_Foto_Jakub_Kovac-1024x683.jpg\" alt=\"\" class=\"wp-image-3241\" srcset=\"https:\/\/duhovyrok.sk\/qys\/wp-content\/uploads\/sites\/2\/2022\/01\/IMG_9452_predR_oprava6.12_update_CG_V_FB_Foto_Jakub_Kovac-1024x683.jpg 1024w, https:\/\/duhovyrok.sk\/qys\/wp-content\/uploads\/sites\/2\/2022\/01\/IMG_9452_predR_oprava6.12_update_CG_V_FB_Foto_Jakub_Kovac-700x467.jpg 700w, https:\/\/duhovyrok.sk\/qys\/wp-content\/uploads\/sites\/2\/2022\/01\/IMG_9452_predR_oprava6.12_update_CG_V_FB_Foto_Jakub_Kovac-1536x1024.jpg 1536w, https:\/\/duhovyrok.sk\/qys\/wp-content\/uploads\/sites\/2\/2022\/01\/IMG_9452_predR_oprava6.12_update_CG_V_FB_Foto_Jakub_Kovac.jpg 2048w\" sizes=\"auto, (max-width: 1024px) 100vw, 1024px\" \/><\/figure>\n\n\n\n<p><strong>Mysl\u00edte si, \u017ee poviedky, ktor\u00e9 \u013eudia \u010d\u00edtaj\u00fa, im m\u00f4\u017eu zv\u00fd\u0161i\u0165 citlivos\u0165 na vn\u00edmanie \u013eud\u00ed, ktor\u00ed patria v&nbsp;nejakom smere k&nbsp;men\u0161in\u00e1m?<\/strong><\/p>\n\n\n\n<p>Sn\u00e1\u010f \u00e1no, i&nbsp;ke\u010f neviem, \u010di sa to m\u00f4\u017ee podari\u0165 aj s&nbsp;\u013eu\u010fmi, ktor\u00ed predt\u00fdm citliv\u00ed neboli. Tak\u00ed asi po tejto knihe ani nesiahnu. Ale mo\u017eno to m\u00f4\u017ee pom\u00f4c\u0165 jemne zmeni\u0165 postoj \u013eud\u00ed, ktor\u00ed s\u00fa na hrane, \u017ee maj\u00fa svoju sumu predsudkov vo\u010di men\u0161in\u00e1m, ale z\u00e1rove\u0148 maj\u00fa pr\u00edbuzn\u00e9ho \u010di pr\u00edbuzn\u00fa, ktor\u00ed s\u00fa \u201ein\u00ed.\u201c Takto mo\u017eno uvidia, \u017ee ak sa s&nbsp;nimi chc\u00fa viac zbl\u00ed\u017ei\u0165 a&nbsp;za\u017e\u00edva\u0165 d\u00f4veru, v&nbsp;ceste si stoja oni sami.<\/p>\n\n\n\n<p><strong>M\u00f4\u017ee situ\u00e1cia Jakuba v&nbsp;poviedke <em>Tesne ved\u013ea<\/em> dopom\u00f4c\u0165 k zamysleniu nad t\u00fdm, pre\u010do maj\u00fa rodi\u010dia probl\u00e9m prija\u0165 deti s&nbsp;inou sexu\u00e1lnou orient\u00e1ciou?<\/strong><\/p>\n\n\n\n<p>Na t\u00fato poviedku \u010dasto dost\u00e1vam feedback, \u017ee je nedopovedan\u00e1 a&nbsp;skon\u010dila v&nbsp;nejakom negat\u00edvnom bode. Ke\u010f Jakub priznal pred matkou, \u017ee je gej a&nbsp;ja popisujem jej bezprostredn\u00e9 negat\u00edvne pocity vo\u010di tomu, \u017ee syna a&nbsp;jeho milenca vn\u00edma ako hmyz, vystriekala by ich Biolitom. Znie to asi hrozne, ale in\u00e1 cesta ako priznanie si aj t\u00fdchto negat\u00edvnych pocitov a&nbsp;predsudkov nie je. Ja to beriem tak, \u017ee vz\u0165ah Jakuba a&nbsp;matky z&nbsp;tejto poviedky je na dobrej ceste a&nbsp;tento \u201ebod pravdy\u201c je jej nevyhnutn\u00fdm za\u010diatkom.<\/p>\n\n\n\n<p><strong>V&nbsp;poviedke <em>Na\u0161a <\/em>ste okrem in\u00e9ho p\u00edsali aj o&nbsp;asexualite. Bolo va\u0161\u00edm z\u00e1merom pribl\u00ed\u017ei\u0165 \u010ditate\u013eom a \u010ditate\u013ek\u00e1m aj tak\u00fato postavu?<\/strong><\/p>\n\n\n\n<p>\u00c1no, a tu vid\u00edm asi najviac priese\u010dn\u00edkov so sebou. Prija\u0165 nie\u010do, \u010do absentuje, je pre mnoh\u00fdch e\u0161te \u0165a\u017e\u0161ie ako prija\u0165 nie\u010do, \u010do je akoby navy\u0161e \u2013 napr\u00edklad bisexualitu. U\u017e ako-tak akceptujeme bisexu\u00e1lov, lesby a&nbsp;gejov, ale ke\u010f sa niekto definuje ako asexu\u00e1l, je to st\u00e1le n\u00f3vum, a&nbsp;tak je \u013eah\u0161ie poveda\u0165, \u017ee je frigidn\u00fd\/\u00e1, ost\u00fdchav\u00e1, \u010di nem\u00e1 dos\u0165 sk\u00fasenost\u00ed. V\u0161imnite si v\u0161ak, \u017ee existuj\u00fa \u013eudia, ktor\u00ed pre\u017eij\u00fa cel\u00fd \u017eivot bez int\u00edmneho vz\u0165ahu alebo ho nadvia\u017eu v&nbsp;netypickom, pokro\u010dilej\u0161om obdob\u00ed \u017eivota. \u017divot je ove\u013ea pestrej\u0161\u00ed ako na\u0161e be\u017en\u00e9 vzorce vn\u00edmania a&nbsp;posudzovania druh\u00fdch.<\/p>\n\n\n\n<p><strong>Ak\u00e9 s\u00fa va\u0161e autorsk\u00e9 pl\u00e1ny do bud\u00facnosti?<\/strong><\/p>\n\n\n\n<p>Moment\u00e1lne pracujem na dlh\u0161ej pr\u00f3ze, mo\u017eno to bude rom\u00e1n. Tematicky aj \u0161t\u00fdlom \u00faplne in\u00fd ako <em>Jednoro\u017ece, <\/em>a&nbsp;to ma te\u0161\u00ed. Popri tom si zapisujem n\u00e1pady k&nbsp;\u010fal\u0161ej zbierke poviedok, t\u00e1 v\u0161ak pr\u00edde na rad a\u017e potom. Spolu s&nbsp;filmov\u00fdm t\u00edmom \u010dak\u00e1me na vyhodnotenie n\u00e1\u0161ho projektu na Audiovizu\u00e1lnom fonde. Vlo\u017eili sme do\u0148 u\u017e ve\u013ea \u010dasu a&nbsp;energie, tak d\u00fafame, \u017ee to tentokr\u00e1t vyjde.<\/p>\n\n\n\n<p><strong>Ak\u00e9 s\u00fa va\u0161e \u010fal\u0161ie pl\u00e1ny?<\/strong><\/p>\n\n\n\n<p>Okrem p\u00edsania a&nbsp;pr\u00e1ce by som sa kone\u010dne chcela viac s\u00fastredi\u0165 na \u017eivot a&nbsp;zdravie. Som diabetik prv\u00e9ho typu a&nbsp;ve\u013emi by som chcela ma\u0165 na najbli\u017e\u0161ej kontrole dobr\u00fd v\u00fdsledok. Ale to je \u0165a\u017ek\u00e9. A&nbsp;p\u00e1\u010dilo by sa mi raz nav\u0161t\u00edvi\u0165 Istanbul.<\/p>\n","protected":false},"excerpt":{"rendered":"<p>Autor textu:&nbsp;Andrej Kuruc&nbsp;\/ Fotografia: Jakub Kov\u00e1\u010d Text sme prv\u00fd raz publikovali v \u010d\u00edsle Jese\u0148 2021 Barbora Hr\u00ednov\u00e1 (1984) je prozai\u010dka, scen\u00e1ristka a&nbsp;pedagogi\u010dka. P\u00f4sob\u00ed v&nbsp;Ateli\u00e9ri scen\u00e1ristickej tvorby FTF V\u0160MU v&nbsp;Bratislave. Je trojn\u00e1sobnou finalistkou s\u00fa\u0165a\u017ee Poviedka (2008, 2017, 2018). Absolvovala polro\u010dn\u00fd v\u00fdskumn\u00fd pobyt v&nbsp;Gruz\u00ednsku a ako dr\u017eite\u013eka Fulbrightovho \u0161tipendia p\u00f4sobila na Chapman University v Kalifornii. Za svoju <a href=\"https:\/\/duhovyrok.sk\/qys\/vitazka-anasoft-litera-barbora-hrinova-mne-queer-ludia-v-nicom-nepripadaju-cudni-alebo-zvlastni\/\" class=\"more-link\">&#8230;<\/a><\/p>\n","protected":false},"author":2,"featured_media":3241,"comment_status":"closed","ping_status":"closed","sticky":false,"template":"","format":"standard","meta":{"footnotes":""},"categories":[257,4,10,259],"tags":[332,266,82,92,153,185,333],"class_list":["post-3240","post","type-post","status-publish","format-standard","has-post-thumbnail","hentry","category-literatura","category-praca","category-kultura","category-rozhovory","tag-barbora-hrinova","tag-from-qys","tag-jednorozce","tag-kniha","tag-queer-kniha","tag-rozhovor","tag-spisovatelka"],"_links":{"self":[{"href":"https:\/\/duhovyrok.sk\/qys\/wp-json\/wp\/v2\/posts\/3240","targetHints":{"allow":["GET"]}}],"collection":[{"href":"https:\/\/duhovyrok.sk\/qys\/wp-json\/wp\/v2\/posts"}],"about":[{"href":"https:\/\/duhovyrok.sk\/qys\/wp-json\/wp\/v2\/types\/post"}],"author":[{"embeddable":true,"href":"https:\/\/duhovyrok.sk\/qys\/wp-json\/wp\/v2\/users\/2"}],"replies":[{"embeddable":true,"href":"https:\/\/duhovyrok.sk\/qys\/wp-json\/wp\/v2\/comments?post=3240"}],"version-history":[{"count":2,"href":"https:\/\/duhovyrok.sk\/qys\/wp-json\/wp\/v2\/posts\/3240\/revisions"}],"predecessor-version":[{"id":3244,"href":"https:\/\/duhovyrok.sk\/qys\/wp-json\/wp\/v2\/posts\/3240\/revisions\/3244"}],"wp:featuredmedia":[{"embeddable":true,"href":"https:\/\/duhovyrok.sk\/qys\/wp-json\/wp\/v2\/media\/3241"}],"wp:attachment":[{"href":"https:\/\/duhovyrok.sk\/qys\/wp-json\/wp\/v2\/media?parent=3240"}],"wp:term":[{"taxonomy":"category","embeddable":true,"href":"https:\/\/duhovyrok.sk\/qys\/wp-json\/wp\/v2\/categories?post=3240"},{"taxonomy":"post_tag","embeddable":true,"href":"https:\/\/duhovyrok.sk\/qys\/wp-json\/wp\/v2\/tags?post=3240"}],"curies":[{"name":"wp","href":"https:\/\/api.w.org\/{rel}","templated":true}]}}