{"id":3119,"date":"2021-11-29T10:41:00","date_gmt":"2021-11-29T09:41:00","guid":{"rendered":"https:\/\/duhovyrok.sk\/qys\/?p=3119"},"modified":"2021-11-29T10:41:55","modified_gmt":"2021-11-29T09:41:55","slug":"milasik-coze-to-mas-vo-vrecku-o-prehliadanej-sucasti-odevov","status":"publish","type":"post","link":"https:\/\/duhovyrok.sk\/qys\/milasik-coze-to-mas-vo-vrecku-o-prehliadanej-sucasti-odevov\/","title":{"rendered":"Mil\u00e1\u0161ik, \u010do\u017ee to m\u00e1\u0161 vo vrecku? O prehliadanej s\u00fa\u010dasti odevov"},"content":{"rendered":"\n<p id=\"block-0bae83f6-29db-4573-a068-6faf40a0e5e6\"><strong><strong> <strong>Autor textu: Tonie Thimble<\/strong>\/ Ilustr\u00e1cia: <strong><strong><strong>Vikt\u00f3ria Szab\u00f3ov\u00e1<\/strong><\/strong><\/strong><\/strong><\/strong><\/p>\n\n\n\n<p>Text sme prv\u00fd raz publikovali v \u010d\u00edsle Jese\u0148 2021<\/p>\n\n\n\n<p><strong>Najv\u00e4\u010d\u0161\u00ed kompliment, ak\u00fd viete da\u0165 \u017eenskej m\u00f3de, s\u00fa vreck\u00e1. Ka\u017ed\u00fd z n\u00e1s a aj ka\u017ed\u00e1 z n\u00e1s potrebuje nosi\u0165 so sebou nejak\u00e9 veci. Kedysi to boli najm\u00e4 k\u013e\u00fa\u010de a peniaze, toho \u010dasu nos\u00edme aj mobily. Ako deti sme mali k\u013e\u00fa\u010de na \u0161n\u00farke okolo krku, ke\u010f sme nemali vreck\u00e1. \u017deny nosia kabelky r\u00f4zneho tvaru i ve\u013ekosti. Mu\u017ei si r\u00e1no jednoducho oble\u010d\u00fa nohavice a pot\u013eapkaj\u00fa po vreck\u00e1ch, \u010di maj\u00fa v\u0161etko.<\/strong><\/p>\n\n\n\n<p>\u017densk\u00e9 kabelky sa \u010dasto prirovn\u00e1vaj\u00fa k mimozemskej technol\u00f3gii, ktor\u00e1 je vn\u00fatri v\u00e4\u010d\u0161ia ako vyzer\u00e1 zvonka. A ja prip\u00fa\u0161\u0165am, \u017ee to je pravda. Dobr\u00e1 kabelka vyzer\u00e1 mali\u010dk\u00e1, ale pojme aj slona a nepodob\u00e1 sa na klob\u00fak \u010di ve\u013ehada.<\/p>\n\n\n\n<p>Pod\u013ea slu\u0161nosti sa kabelka nekladie na st\u00f4l ani na zem, ani sa nepreves\u00ed cez operadlo stoli\u010dky. Anglick\u00e1 kr\u00e1\u013eovn\u00e1 m\u00e1 dohodnut\u00fd sign\u00e1l a pod\u013ea toho, kde si umiestni kabelku, bu\u010f chce u\u017e od\u00eds\u0165, alebo sa jej p\u00e1\u010di a chce zosta\u0165. V zmysle slovensk\u00e9ho z\u00e1kona \u010d. 300\/2005 (Trestn\u00fd z\u00e1kon), \u00a7 122 sa zbra\u0148ou rozumie ka\u017ed\u00e1 vec, ktorou mo\u017eno urobi\u0165 \u00fatok proti telu d\u00f4raznej\u0161\u00edm. \u010ci\u017ee priemern\u00e1 kabelka je pod\u013ea tohto z\u00e1kona zbra\u0148.<\/p>\n\n\n\n<p>Verte mi, \u017ee ke\u010f m\u00e1m so sebou pe\u0148a\u017eenku, z\u00e1pisn\u00edk, k\u013e\u00fa\u010de, make-up a f\u013ea\u0161u na vodu, viem ovali\u0165 aj ko\u0148a. Moja chrbtica v\u00e1m o tej v\u00e1he vie porozpr\u00e1va\u0165 tie\u017e. Nie nadarmo existuje diagn\u00f3za \u201ekabelkov\u00e1 skoli\u00f3za\u201c. Naskyt\u00e1 sa ot\u00e1zka, pre\u010do \u017eeny preferuj\u00fa kabelky. Odpove\u010f je jednoduch\u00e1. V \u017eenskej m\u00f3de ch\u00fdbaj\u00fa vreck\u00e1. Bl\u00fazky nemaj\u00fa vrecko na pero; sukne, \u0161aty, leg\u00edny ni\u010d. Nohavice maj\u00fa dekorat\u00edvne vreck\u00e1 alebo tak\u00e9 mali\u010dk\u00e9 vreck\u00e1, \u017ee sa mi prsty do nich nezmestia \u010falej ako po tret\u00ed \u010dl\u00e1nok. YouTube je pln\u00fd tutori\u00e1lov, ako si do \u0161iat doplni\u0165 vreck\u00e1.<\/p>\n\n\n\n<p>Diabol sed\u00ed v pekle a chv\u00e1li toho padl\u00e9ho anjela, ktor\u00fd navrhol dekorat\u00edvne vreck\u00e1. Keby\u017ee Bilbo nem\u00e1 vreck\u00e1 na svojom kab\u00e1tci, nem\u00e1 si kam schova\u0165 prste\u0148 a svet by bol bez tril\u00f3gi\u00ed <em>Hobit <\/em>a <em>P\u00e1n prste\u0148ov <\/em>a bez <em>Narnie<\/em>. Kde sa \u010do pokazilo vo v\u00fdvoji m\u00f3dy, \u017ee \u017een\u00e1m sa pris\u00fadil ve\u010dn\u00fd trest \u017eivota bez vreciek?<\/p>\n\n\n\n<p><strong>M\u00f3da na na\u0161e \u00fazemie prich\u00e1dzala oneskorene<\/strong><\/p>\n\n\n\n<p>Nazrime do biblie m\u00f3dnych historikov <em>Patterns of Fashion<\/em> od Janet Arnoldovej. Historicky prv\u00e9 vreck\u00e1 ako s\u00fa\u010das\u0165 odevu vznikli v \u0161estn\u00e1stom storo\u010d\u00ed (hovor\u00edme o Eur\u00f3pe). Dovtedy sa pou\u017e\u00edvali kabely prevesen\u00e9 cez telo, \u0161atky, vaky a me\u0161ce na opasok. Niekto pri\u0161iel s n\u00e1padom v\u0161i\u0165 ich do \u0161iat a vytvori\u0165 tak prv\u00e9 vreck\u00e1. Vznikli aj dekorovan\u00e9 vaky, ktor\u00e9 boli priviazan\u00e9 okolo drieku. V anglick\u00fdch zdrojoch sa tieto predmety volaj\u00fa pockets, \u010do by sme my prelo\u017eili ako vreck\u00e1. Tieto vreck\u00e1 sa nosili po jednom, ale aj v p\u00e1roch. Mohli by\u0165 vy\u0161\u00edvan\u00e9 a jednozna\u010dne fungova\u0165 aj ako m\u00f3dny doplnok. Bernadette Banner <a rel=\"noreferrer noopener\" href=\"https:\/\/www.youtube.com\/watch?v=phFUTqoW5B8\" target=\"_blank\">v in\u0161trukt\u00e1\u017enom videu na YouTube<\/a> ukazuje, ako jednoducho sa vreck\u00e1 daj\u00fa u\u0161i\u0165.<\/p>\n\n\n\n<figure class=\"wp-block-embed is-type-video is-provider-youtube wp-block-embed-youtube wp-embed-aspect-16-9 wp-has-aspect-ratio\"><div class=\"wp-block-embed__wrapper\">\n<iframe loading=\"lazy\" title=\"If they can&#039;t fit pockets in our clothes, we&#039;ll bring back POCKETS AS FASHION.\" width=\"1778\" height=\"1000\" src=\"https:\/\/www.youtube.com\/embed\/phFUTqoW5B8?feature=oembed\" frameborder=\"0\" allow=\"accelerometer; autoplay; clipboard-write; encrypted-media; gyroscope; picture-in-picture\" allowfullscreen><\/iframe>\n<\/div><\/figure>\n\n\n\n<p>Ke\u010f pri\u0161li do m\u00f3dy ve\u013ek\u00e9 sukne a krinol\u00edny, v \u0161at\u00e1ch a sukniach sa nech\u00e1vali diery pri drieku alebo na bokoch a vreck\u00e1 sa nosili pod vrchnou suk\u0148ou. Na ozdobnej bro\u0161ni, ktor\u00e1 sa nosila pri p\u00e1se \u010di na opasku, sa na retiazkach nosili hodinky, k\u013e\u00fa\u010de, n\u00e1prstky, no\u017enice a in\u00e9 ka\u017edodenn\u00e9 pom\u00f4cky. Tomuto ozdobn\u00e9mu prvku sa hovor\u00ed chatelaine, \u010do nem\u00e1 slovensk\u00fd ekvivalent. M\u00f3da jednozna\u010dne prich\u00e1dzala na na\u0161e \u00fazemie ako tepl\u00fd front, oneskorene oproti centru diania.<\/p>\n\n\n\n<p>Mu\u017eom ostali vreck\u00e1 v\u0161it\u00e9 do kab\u00e1tov, viest a nohav\u00edc \u2013 mimo obdob\u00ed, ke\u010f pri\u0161li do m\u00f3dy tesn\u00e9 leg\u00edny a top\u00e1nky na vysokom podp\u00e4tku, aby uk\u00e1zali ladn\u00e9 krivky mu\u017esk\u00fdch l\u00fdtok. \u00c1no, leg\u00edny a podp\u00e4tky boli prap\u00f4vodne ur\u010den\u00e9 mu\u017eom. Potom pri\u0161iel Napoleon s ob\u013eubou pre tenk\u00e9, polopriesvitn\u00e9 l\u00e1tky a emp\u00edr. Okolo roku 1800 sa za\u010dal dv\u00edha\u0165 p\u00e1s na \u0161at\u00e1ch, a\u017e skon\u010dil tesne pod prsiami (Vi\u010f seri\u00e1l <em>Bridgerton<\/em>). Vreck\u00e1 tento trend kop\u00edrovali, nosili sa uviazan\u00e9 st\u00e1le vy\u0161\u0161ie, ale postupne vymizli a na sc\u00e9nu pri\u0161li \u2013 retikuly.<\/p>\n\n\n\n<p>Prv\u00e9 kabelky, ako ich pozn\u00e1me teraz. Boli mal\u00e9 a nosili sa na \u0161n\u00farke okolo z\u00e1p\u00e4stia. Louis Vuitton si zalo\u017eil firmu v roku 1854, ale prv\u00e9 kabelky uviedli a\u017e v roku 1932. Ve\u013ek\u00e9 vreck\u00e1 sa do \u017eensk\u00e9ho \u0161atn\u00edka doteraz nevr\u00e1tili. Dizajn\u00e9ri chc\u00fa, aby ich m\u00f3dne n\u00e1vrhy vyzerali v\u017edy dobre a aby \u010disto kop\u00edrovali telesn\u00e9 l\u00ednie. Predmety vo vreck\u00e1ch by kazili v\u00fdsledn\u00fd efekt* ich umeleck\u00e9ho diela. Ako umelec to \u00faplne ch\u00e1pem. Ako n\u00e1vrh\u00e1r zo z\u00e1sady \u0161ijem vreck\u00e1 tak\u00e9 ve\u013ek\u00e9, aby sa tam zmestila moja pollitrov\u00e1 f\u013ea\u0161a. Ako historik sa usmievam a pripisujem stratu vreciek na konto Napoleonovi, ale v tomto ma pros\u00edm necitujte. M\u00f3da je nevyspytate\u013en\u00e1 a tak trochu dadaistick\u00e1.<\/p>\n\n\n\n<p>Ak chcete pren\u00e1\u0161a\u0165 veci a h\u013ead\u00e1te dobr\u00fd batoh na svoj bo\u013eav\u00fd chrb\u00e1t, zv\u00e1\u017ete preba\u013eovac\u00ed batoh. S\u00fa to nepremokav\u00e9 ta\u0161ky s mno\u017estvom vreciek, ur\u010den\u00e9 ku ko\u010d\u00edku. Pre\u017eij\u00fa toho ve\u013ea, nestoja tis\u00edce, ani stovky, a modely propagovan\u00e9 ako \u201epre oteckov\u201c s\u00fa v neutr\u00e1lnej \u010diernej. Ak chcete vreck\u00e1, k\u00fapte si p\u00e1nske nohavice.<\/p>\n\n\n\n<p>* Nehovoriac o tom, \u017ee takto m\u00f4\u017eu pred\u00e1va\u0165 aj kabelky \u2013 rie\u0161enie na probl\u00e9m, ktor\u00fd vytvorili.<\/p>\n","protected":false},"excerpt":{"rendered":"<p>Autor textu: Tonie Thimble\/ Ilustr\u00e1cia: Vikt\u00f3ria Szab\u00f3ov\u00e1 Text sme prv\u00fd raz publikovali v \u010d\u00edsle Jese\u0148 2021 Najv\u00e4\u010d\u0161\u00ed kompliment, ak\u00fd viete da\u0165 \u017eenskej m\u00f3de, s\u00fa vreck\u00e1. Ka\u017ed\u00fd z n\u00e1s a aj ka\u017ed\u00e1 z n\u00e1s potrebuje nosi\u0165 so sebou nejak\u00e9 veci. Kedysi to boli najm\u00e4 k\u013e\u00fa\u010de a peniaze, toho \u010dasu nos\u00edme aj mobily. Ako deti sme mali <a href=\"https:\/\/duhovyrok.sk\/qys\/milasik-coze-to-mas-vo-vrecku-o-prehliadanej-sucasti-odevov\/\" class=\"more-link\">&#8230;<\/a><\/p>\n","protected":false},"author":21,"featured_media":3180,"comment_status":"closed","ping_status":"closed","sticky":false,"template":"","format":"standard","meta":{"footnotes":""},"categories":[261,10,258],"tags":[276,266,316,320],"class_list":["post-3119","post","type-post","status-publish","format-standard","has-post-thumbnail","hentry","category-komentare-a-analyzy","category-kultura","category-vizualne-umenie","tag-esej","tag-from-qys","tag-moda","tag-vrecka"],"_links":{"self":[{"href":"https:\/\/duhovyrok.sk\/qys\/wp-json\/wp\/v2\/posts\/3119","targetHints":{"allow":["GET"]}}],"collection":[{"href":"https:\/\/duhovyrok.sk\/qys\/wp-json\/wp\/v2\/posts"}],"about":[{"href":"https:\/\/duhovyrok.sk\/qys\/wp-json\/wp\/v2\/types\/post"}],"author":[{"embeddable":true,"href":"https:\/\/duhovyrok.sk\/qys\/wp-json\/wp\/v2\/users\/21"}],"replies":[{"embeddable":true,"href":"https:\/\/duhovyrok.sk\/qys\/wp-json\/wp\/v2\/comments?post=3119"}],"version-history":[{"count":2,"href":"https:\/\/duhovyrok.sk\/qys\/wp-json\/wp\/v2\/posts\/3119\/revisions"}],"predecessor-version":[{"id":3181,"href":"https:\/\/duhovyrok.sk\/qys\/wp-json\/wp\/v2\/posts\/3119\/revisions\/3181"}],"wp:featuredmedia":[{"embeddable":true,"href":"https:\/\/duhovyrok.sk\/qys\/wp-json\/wp\/v2\/media\/3180"}],"wp:attachment":[{"href":"https:\/\/duhovyrok.sk\/qys\/wp-json\/wp\/v2\/media?parent=3119"}],"wp:term":[{"taxonomy":"category","embeddable":true,"href":"https:\/\/duhovyrok.sk\/qys\/wp-json\/wp\/v2\/categories?post=3119"},{"taxonomy":"post_tag","embeddable":true,"href":"https:\/\/duhovyrok.sk\/qys\/wp-json\/wp\/v2\/tags?post=3119"}],"curies":[{"name":"wp","href":"https:\/\/api.w.org\/{rel}","templated":true}]}}