{"id":3115,"date":"2021-12-04T10:38:00","date_gmt":"2021-12-04T09:38:00","guid":{"rendered":"https:\/\/duhovyrok.sk\/qys\/?p=3115"},"modified":"2021-12-04T15:35:08","modified_gmt":"2021-12-04T14:35:08","slug":"modny-navrhar-osmany-laffita-najsilnejsi-odkaz-je-pre-mna-ten-ktory-zostane-dlho-v-uliciach","status":"publish","type":"post","link":"https:\/\/duhovyrok.sk\/qys\/modny-navrhar-osmany-laffita-najsilnejsi-odkaz-je-pre-mna-ten-ktory-zostane-dlho-v-uliciach\/","title":{"rendered":"M\u00f3dny n\u00e1vrh\u00e1r Osmany Laffita: Najsilnej\u0161\u00ed odkaz je pre m\u0148a ten, ktor\u00fd zostane dlho v uliciach"},"content":{"rendered":"\n<p id=\"block-0bae83f6-29db-4573-a068-6faf40a0e5e6\"><strong>Autor textu:<strong>  <strong>Matej Uhl\u00e1r<\/strong> \/ <\/strong><\/strong><strong>Fotografie: arch\u00edv Osmanyho Laffitu<\/strong><\/p>\n\n\n\n<p>Text sme prv\u00fd raz publikovali v \u010d\u00edsle Jese\u0148 2021<\/p>\n\n\n\n<p><strong>Na moju ot\u00e1zku, kto sa m\u00f4\u017ee sta\u0165 m\u00f3dnou ikonou, s \u00fasmevom odpovedal: \u201eNiekto charizmatick\u00fd, cie\u013eavedom\u00fd, no proste niekto ako ja. Ale nie \u2013 hlavne \u010dlovek mus\u00ed milova\u0165 to, \u010do rob\u00ed a mus\u00ed sa nau\u010di\u0165 by\u0165 empatick\u00fd vo\u010di v\u0161etk\u00fdm \u013eu\u010fom. Lebo t\u00ed ist\u00ed \u013eudia, ktor\u00ed ti bud\u00fa pom\u00e1ha\u0165 na vrchol, \u0165a m\u00f4\u017eu aj zachr\u00e1ni\u0165, ke\u010f bude\u0161 n\u00e1hodou odtia\u013e pada\u0165.\u201c 55-ro\u010dn\u00fd m\u00f3dny n\u00e1vrh\u00e1r Osmany Laffita si vo svojom \u017eivote musel prejs\u0165 v\u0161eli\u010d\u00edm, aby z neho dnes bola vyrovnan\u00e1, \u0161\u0165astn\u00e1 a \u00faspe\u0161n\u00e1 osobnos\u0165.<\/strong><\/p>\n\n\n\n<p><strong>Pri pr\u00edprave na rozhovor s vami som sa \u010dastokr\u00e1t prichytil pri tom, \u017ee som sa tak zapo\u010d\u00faval do va\u0161ich n\u00e1zorov, do v\u00e1\u0161ho pr\u00edbehu, a\u017e som zabudol na v\u0161etko ostatn\u00e9. Pripad\u00e1te mi ako \u010dlovek, ktor\u00fd miluje svoj \u017eivot\u2026<\/strong><\/p>\n\n\n\n<p>V dne\u0161nej dobe sa skoro ka\u017ed\u00fd s\u0165a\u017euje, \u017ee m\u00e1 \u017eivot tak\u00fd alebo onak\u00fd, \u017ee m\u00e1 probl\u00e9my\u2026 Ja som v\u0161ak dostal ten dar, \u017ee som umelec celou svojou du\u0161ou \u2013 to znamen\u00e1, \u017ee si lietam\u00a0vo vzduchu a \u017eivot si ma\u013eujem na ru\u017eovo. (smiech)<\/p>\n\n\n\n<figure class=\"wp-block-image size-large\"><img loading=\"lazy\" decoding=\"async\" width=\"454\" height=\"680\" src=\"https:\/\/duhovyrok.sk\/qys\/wp-content\/uploads\/sites\/2\/2021\/11\/IMG_02051-bila-1.jpg\" alt=\"\" class=\"wp-image-3117\" \/><\/figure>\n\n\n\n<p><strong>To mysl\u00edte ako?<\/strong><\/p>\n\n\n\n<p>Ver\u00edm tomu, \u017ee ka\u017ed\u00fd \u010dlovek m\u00e1 pr\u00e1vo by\u0165 \u0161\u0165astn\u00fd. M\u00e1 pr\u00e1vo \u017ei\u0165 si svoj \u017eivot presne pod\u013ea svojich predst\u00e1v. Lebo iba tak m\u00f4\u017eeme pre\u017ei\u0165 ka\u017ed\u00fd jeden svoj de\u0148 naplno, tak, ako keby bol n\u00e1\u0161 posledn\u00fd. Ke\u010f moja mama spom\u00edna na moje detstvo, v\u017edy mi hovor\u00ed, \u017ee som bol ve\u013emi \u017eiv\u00e9 die\u0165a. V dobrom slova zmysle \u2013 u\u017e vtedy som ve\u013emi r\u00e1d ma\u013eoval, kreslil a hoci\u010do vyr\u00e1bal. Ja si pam\u00e4t\u00e1m, ako ma bavilo sledova\u0165 mravce v mravenisku. Nap\u013a\u0148alo ma to \u0161\u0165ast\u00edm. Ale taktie\u017e si spom\u00ednam, \u017ee st\u00e1le som musel nie\u010do robi\u0165. Toto mi vlastne ostalo a\u017e dodnes. S\u00edce som Kub\u00e1nec, \u010do znamen\u00e1, \u017ee na jednej strane som, d\u00e1 sa poveda\u0165, ve\u013emi leniv\u00fd, no na druhej strane som ambici\u00f3zny typ \u010dloveka, ktor\u00fd mus\u00ed ma\u0165 veci presne tak, ako s\u00e1m chce. Proste to je ten m\u00f4j ru\u017eov\u00fd svet, ktor\u00fd som si vybudoval tvrdou pr\u00e1cou a ktor\u00fd si neust\u00e1le ka\u017ed\u00fd jeden de\u0148 zdokona\u013eujem a rob\u00edm kraj\u0161\u00edm.<\/p>\n\n\n\n<p><strong>Pomohol v\u00e1m tento v\u00e1\u0161 osobit\u00fd, pozit\u00edvny pr\u00edstup aj pri vyrovn\u00e1van\u00ed sa s t\u00fdm, \u017ee ste orientovan\u00fd opa\u010dne ako v\u00e4\u010d\u0161ina spolo\u010dnosti?<\/strong><\/p>\n\n\n\n<p>Ja som sa narodil ako gej. U\u017e ako mal\u00fd som sa rad\u0161ej hr\u00e1val s diev\u010datami a s b\u00e1bikami, ktor\u00fdm som vym\u00fd\u0161\u013eal st\u00e1le in\u00e9 \u00fa\u010desy. \u010clovek s t\u00fdm, kto je, \u017eije u\u017e od detstva. Ka\u017ed\u00fd\u00a0z n\u00e1s m\u00e1 predsa pocity. Ka\u017ed\u00fd z n\u00e1s vie u\u017e ako mal\u00e9 die\u0165a pomenova\u0165, \u010do ho rob\u00ed \u0161\u0165astn\u00fdm. Preto si mysl\u00edm, \u017ee ide sk\u00f4r o to, aby sa v\u00e1m podarilo n\u00e1js\u0165 tolerantn\u00fd sp\u00f4sob vo\u010di spolo\u010dnosti, vo\u010di v\u00e1\u0161mu okoliu, aby v\u00e1s boli ochotn\u00ed akceptova\u0165 tak\u00e9ho, ak\u00fd ste. Aj ke\u010f sa to mo\u017eno na prv\u00fd, druh\u00fd, \u010di x-t\u00fd pokus nepodar\u00ed, treba to st\u00e1le sk\u00fa\u0161a\u0165 a nevzd\u00e1va\u0165 sa svojho \u0161\u0165astia. Mal som ve\u013ea bl\u00edzkych, ktor\u00ed sa nevedeli vyrovna\u0165 s t\u00fdm, \u017ee ich spolo\u010dnos\u0165 skr\u00e1tka neprijala, a dnes u\u017e, \u017eia\u013e, nie s\u00fa medzi nami.<\/p>\n\n\n\n<p><strong>Bol aj v\u00e1\u0161 coming-out n\u00e1ro\u010dn\u00fd?<\/strong><\/p>\n\n\n\n<p>Op\u00e4\u0165 treba zd\u00f4razni\u0165, \u017ee mojou rodnou krajinou je Kuba, kde sa e\u0161te v obdob\u00ed m\u00f4jho dospievania homosexualita pova\u017eovala za trestn\u00fd \u010din, za ktor\u00fd sa chodilo do v\u00e4zenia, za ktor\u00fd ste boli znev\u00fdhodnen\u00ed pri prij\u00edman\u00ed do \u0161koly, do zamestnania a pod. Mo\u017eno aj preto boli moje prv\u00e9 vz\u0165ahy s diev\u010datami. Bolo to iba preto, aby bol pokoj v rodine. V\u0161etko sa oto\u010dilo, ke\u010f som nast\u00fapil na umeleck\u00fa \u0161kolu, kde som mal svoj prv\u00fd vz\u0165ah s mu\u017eom, s moj\u00edm profesorom. Samozrejme, \u017ee sa to dozvedela moja mama, ktor\u00e1 ma hne\u010f zobrala k lek\u00e1rovi, aby ma vylie\u010dil. Na\u0161\u0165astie sa mu podarilo nejako jej rozumne vysvetli\u0165, \u017ee homosexualita nie je choroba, \u017ee je to skr\u00e1tka sp\u00f4soben\u00e9 horm\u00f3nmi. Dodnes si spom\u00ednam na rozhovor, ktor\u00fd sme s mamou viedli, hne\u010f ako sme vy\u0161li z nemocnice. Pr\u00edzvukovala mi, \u017ee v posteli si m\u00f4\u017eem robi\u0165 \u010doko\u013evek, v\u0161etko \u010do ma urob\u00ed \u0161\u0165astn\u00fdm, ale za \u017eiadnu cenu nem\u00f4\u017eem tla\u010di\u0165 na v\u00e4\u010d\u0161inu, na spolo\u010dnos\u0165, aby ma akceptovala, ke\u010f ona sama to tak nec\u00edti. Prakticky mi t\u00fdm povedala, \u017ee si mus\u00edm vybudova\u0165 svoj vlastn\u00fd svet, v ktorom sa budem obklopova\u0165 \u013eu\u010fmi, ktor\u00ed ma bud\u00fa ma\u0165 radi tak\u00e9ho, ak\u00fd som, a z\u00e1rove\u0148 by\u0165 s\u00fa\u010das\u0165ou spolo\u010dnosti, v ktorej panuj\u00fa ist\u00e9 z\u00e1sady a presved\u010denia, ktor\u00e9 by mal ka\u017ed\u00fd z n\u00e1s nejak\u00fdm sp\u00f4sobom akceptova\u0165, ak nechce skon\u010di\u0165 na jej okraji. Touto radou sa vlastne riadim dodnes. Tolerancia predsa mus\u00ed by\u0165 z obidvoch str\u00e1n, inak by bol zo sveta cirkus. No nie?<\/p>\n\n\n\n<figure class=\"wp-block-image size-large\"><img loading=\"lazy\" decoding=\"async\" width=\"683\" height=\"1024\" src=\"https:\/\/duhovyrok.sk\/qys\/wp-content\/uploads\/sites\/2\/2021\/12\/MG_0645-1771546402-O_fb-683x1024.jpg\" alt=\"\" class=\"wp-image-3185\" srcset=\"https:\/\/duhovyrok.sk\/qys\/wp-content\/uploads\/sites\/2\/2021\/12\/MG_0645-1771546402-O_fb-683x1024.jpg 683w, https:\/\/duhovyrok.sk\/qys\/wp-content\/uploads\/sites\/2\/2021\/12\/MG_0645-1771546402-O_fb-467x700.jpg 467w, https:\/\/duhovyrok.sk\/qys\/wp-content\/uploads\/sites\/2\/2021\/12\/MG_0645-1771546402-O_fb-1024x1536.jpg 1024w, https:\/\/duhovyrok.sk\/qys\/wp-content\/uploads\/sites\/2\/2021\/12\/MG_0645-1771546402-O_fb.jpg 1365w\" sizes=\"auto, (max-width: 683px) 100vw, 683px\" \/><\/figure>\n\n\n\n<p><strong>V jednom rozhovore ste sa vyjadrili, \u017ee m\u00f3da nie je \u017eiadny cirkus\u2026<\/strong><\/p>\n\n\n\n<p>Neviem teda, \u010di to vn\u00edmam iba ja tak, ale mnoh\u00ed mlad\u00ed n\u00e1vrh\u00e1ri akoby zabudli na to podstatn\u00e9. M\u00f3da je biznis. M\u00f3da je ich povolanie, ktor\u00e9 si zvolili na to, aby sa u\u017eivili, a na to, aby mohli by\u0165 spokojn\u00ed a \u0161\u0165astn\u00ed, \u017ee m\u00f4\u017eu v \u017eivote robi\u0165 to, \u010do ich naozaj bav\u00ed a nap\u013a\u0148a. M\u00e1m r\u00e1d, ke\u010f sa \u010dlovek sna\u017e\u00ed prekra\u010dova\u0165 svoje limity \u2013 ja to rob\u00edm ka\u017ed\u00fd de\u0148, ale treba si uvedomi\u0165, \u017ee aj forma, zau\u017e\u00edvan\u00e9 zvyklosti a hlavne vkus maj\u00fa v sebe \u010daro, ktor\u00e9 zo sveta len tak nevyprch\u00e1. Ako umelec ch\u00e1pem v\u0161etky pokusy o stieranie hran\u00edc a h\u013eadan\u00ed nov\u00fdch mo\u017enost\u00ed. Ch\u00e1pem to, \u017ee ka\u017ed\u00fd umelec chce vo svojom diele zanecha\u0165 nejak\u00fd odkaz. Pod\u013ea m\u00f4jho n\u00e1zoru je v\u0161ak najsilnej\u0161\u00ed odkaz m\u00f3dneho n\u00e1vrh\u00e1ra ten, ktor\u00fd je mo\u017en\u00e9 vyu\u017ei\u0165 a ktor\u00fd dok\u00e1\u017ee osta\u0165 roky vidite\u013en\u00fd v uliciach, a nie ten, ktor\u00fd sa odprezentuje iba na nejakej m\u00f3dnej akcii a po kr\u00e1tkom \u010dase upadne do zabudnutia.<\/p>\n\n\n\n<p><strong>Vy s\u00e1m ste na za\u010diatku povedali, \u017ee si lietate vo vzduchu. Tak ako to s vami naozaj je?<\/strong><\/p>\n\n\n\n<p>\u00c1no, ve\u013emi r\u00e1d si lietam vo svojom vlastnom svete. No na\u0161\u0165astie m\u00e1m ved\u013ea seba man\u017eela, ktor\u00fd je mojimi nohami a v\u017edy ma zav\u010das z t\u00fdch mojich kr\u00eddel stiahne nasp\u00e4\u0165 do reality. Pripom\u00edna mi, \u017ee by\u0165 kreat\u00edvny nesta\u010d\u00ed. Aby som sa mohol \u017eivi\u0165 t\u00fdm, \u010do ma naozaj nap\u013a\u0148a, mus\u00edm by\u0165 aj tolerantn\u00fd vo\u010di tomu, \u010do chce nosi\u0165 spolo\u010dnos\u0165. V\u017edy mus\u00edm n\u00e1js\u0165 t\u00fa z\u00f3nu prieniku medzi mojou umeleckou du\u0161ou a realitou. Tak to bolo aj v obdob\u00ed, ke\u010f som si ve\u013emi t\u00fa\u017eil adoptova\u0165 die\u0165a. Hoci sme s priate\u013eom mohli, lebo v Belgicku je to mo\u017en\u00e9, m\u00f4j man\u017eel bol ten, kto mi ukazoval aj druh\u00fa stranu mince. A vzh\u013eadom na to, \u017ee sme sa rozhodli \u017ei\u0165 v \u010ceskej republike, ktor\u00e1 nie je e\u0161te vo\u010di takejto rodine ve\u013emi tolerantn\u00e1, je dos\u0165 pravdepodobn\u00e9, \u017ee na\u0161e die\u0165a by mohlo by\u0165 ne\u0161\u0165astn\u00e9, ak by vyrastalo s nami. A to aj vtedy, ak by sme mu zniesli modr\u00e9 z neba a darovali v\u0161etku l\u00e1sku sveta.<\/p>\n\n\n\n<figure class=\"wp-block-image size-large\"><img loading=\"lazy\" decoding=\"async\" width=\"1024\" height=\"683\" src=\"https:\/\/duhovyrok.sk\/qys\/wp-content\/uploads\/sites\/2\/2021\/12\/Laffita82_fb-1024x683.jpg\" alt=\"\" class=\"wp-image-3186\" srcset=\"https:\/\/duhovyrok.sk\/qys\/wp-content\/uploads\/sites\/2\/2021\/12\/Laffita82_fb-1024x683.jpg 1024w, https:\/\/duhovyrok.sk\/qys\/wp-content\/uploads\/sites\/2\/2021\/12\/Laffita82_fb-700x467.jpg 700w, https:\/\/duhovyrok.sk\/qys\/wp-content\/uploads\/sites\/2\/2021\/12\/Laffita82_fb-1536x1024.jpg 1536w, https:\/\/duhovyrok.sk\/qys\/wp-content\/uploads\/sites\/2\/2021\/12\/Laffita82_fb.jpg 2048w\" sizes=\"auto, (max-width: 1024px) 100vw, 1024px\" \/><\/figure>\n\n\n\n<p><strong>Osmany Laffita<\/strong><\/p>\n\n\n\n<p>V roku 1987 sa pres\u0165ahoval do vtedaj\u0161ieho \u010ceskoslovenska. V roku 1999 za\u010dal pracova\u0165 ako m\u00f3dny n\u00e1vrh\u00e1r na vo\u013enej nohe. V roku 2005 z\u00edskal ocenenie Designer\u2019s Choice Award od \u0161panielskeho vydania \u010dasopisu Vogue. Svoje kolekcie predv\u00e1dzal v New Yorku, Par\u00ed\u017ei, Miami a mnoh\u00fdch \u010fal\u0161\u00edch mest\u00e1ch. Jeho dlhoro\u010dn\u00fdm man\u017eelom je Guy Gheysens. Ako m\u00f3dny kritik \u00fa\u010dinkoval v rel\u00e1cii <em>Popelka <\/em>na TV Barrandov.<\/p>\n","protected":false},"excerpt":{"rendered":"<p>Autor textu: Matej Uhl\u00e1r \/ Fotografie: arch\u00edv Osmanyho Laffitu Text sme prv\u00fd raz publikovali v \u010d\u00edsle Jese\u0148 2021 Na moju ot\u00e1zku, kto sa m\u00f4\u017ee sta\u0165 m\u00f3dnou ikonou, s \u00fasmevom odpovedal: \u201eNiekto charizmatick\u00fd, cie\u013eavedom\u00fd, no proste niekto ako ja. Ale nie \u2013 hlavne \u010dlovek mus\u00ed milova\u0165 to, \u010do rob\u00ed a mus\u00ed sa nau\u010di\u0165 by\u0165 empatick\u00fd vo\u010di <a href=\"https:\/\/duhovyrok.sk\/qys\/modny-navrhar-osmany-laffita-najsilnejsi-odkaz-je-pre-mna-ten-ktory-zostane-dlho-v-uliciach\/\" class=\"more-link\">&#8230;<\/a><\/p>\n","protected":false},"author":21,"featured_media":3183,"comment_status":"closed","ping_status":"closed","sticky":false,"template":"","format":"standard","meta":{"footnotes":""},"categories":[10,259,258],"tags":[266,316,319,185],"class_list":["post-3115","post","type-post","status-publish","format-standard","has-post-thumbnail","hentry","category-kultura","category-rozhovory","category-vizualne-umenie","tag-from-qys","tag-moda","tag-osmany-laffita","tag-rozhovor"],"_links":{"self":[{"href":"https:\/\/duhovyrok.sk\/qys\/wp-json\/wp\/v2\/posts\/3115","targetHints":{"allow":["GET"]}}],"collection":[{"href":"https:\/\/duhovyrok.sk\/qys\/wp-json\/wp\/v2\/posts"}],"about":[{"href":"https:\/\/duhovyrok.sk\/qys\/wp-json\/wp\/v2\/types\/post"}],"author":[{"embeddable":true,"href":"https:\/\/duhovyrok.sk\/qys\/wp-json\/wp\/v2\/users\/21"}],"replies":[{"embeddable":true,"href":"https:\/\/duhovyrok.sk\/qys\/wp-json\/wp\/v2\/comments?post=3115"}],"version-history":[{"count":3,"href":"https:\/\/duhovyrok.sk\/qys\/wp-json\/wp\/v2\/posts\/3115\/revisions"}],"predecessor-version":[{"id":3188,"href":"https:\/\/duhovyrok.sk\/qys\/wp-json\/wp\/v2\/posts\/3115\/revisions\/3188"}],"wp:featuredmedia":[{"embeddable":true,"href":"https:\/\/duhovyrok.sk\/qys\/wp-json\/wp\/v2\/media\/3183"}],"wp:attachment":[{"href":"https:\/\/duhovyrok.sk\/qys\/wp-json\/wp\/v2\/media?parent=3115"}],"wp:term":[{"taxonomy":"category","embeddable":true,"href":"https:\/\/duhovyrok.sk\/qys\/wp-json\/wp\/v2\/categories?post=3115"},{"taxonomy":"post_tag","embeddable":true,"href":"https:\/\/duhovyrok.sk\/qys\/wp-json\/wp\/v2\/tags?post=3115"}],"curies":[{"name":"wp","href":"https:\/\/api.w.org\/{rel}","templated":true}]}}