{"id":3102,"date":"2021-12-27T22:17:00","date_gmt":"2021-12-27T21:17:00","guid":{"rendered":"https:\/\/duhovyrok.sk\/qys\/?p=3102"},"modified":"2021-12-29T19:51:33","modified_gmt":"2021-12-29T18:51:33","slug":"boris-hanecka-rad-modelujem-ludske-telo","status":"publish","type":"post","link":"https:\/\/duhovyrok.sk\/qys\/boris-hanecka-rad-modelujem-ludske-telo\/","title":{"rendered":"Boris Hane\u010dka: R\u00e1d modelujem \u013eudsk\u00e9 telo"},"content":{"rendered":"\n<p id=\"block-0bae83f6-29db-4573-a068-6faf40a0e5e6\"><strong>Autor textu: <strong>Marek Hudec \/ Fotografie: Jakub Kov\u00e1\u010d<\/strong><\/strong><\/p>\n\n\n\n<p>Text sme prv\u00fd raz publikovali v \u010d\u00edsle Jese\u0148 2021<\/p>\n\n\n\n<p><strong>Ke\u010f nechc\u00fa f\u00e1dne \u0161aty, obr\u00e1tia sa na\u0148ho. Boris Hane\u010dka patr\u00ed k najzn\u00e1mej\u0161\u00edm slovensk\u00fdm m\u00f3dnym n\u00e1vrh\u00e1rom, dlhodobo p\u00fata pozornos\u0165 spolupr\u00e1cou s prezidentkou \u010caputovou. Zauj\u00edma ho, \u010do m\u00f4\u017ee m\u00f3da prezradi\u0165 o s\u00fa\u010dasnosti. Jeho kolekcie boli v minulosti in\u0161pirovan\u00e9 folkl\u00f3rom, n\u00e1bo\u017eenskou ikonografiou, znameniami zverokruhu alebo v\u00fd\u0165ahom p\u00e1ternosterom. \u010co si v\u0161ak mysl\u00ed o kli\u0161\u00e9, \u017ee m\u00f3dny n\u00e1vrh\u00e1r mus\u00ed by\u0165 v\u017edy gej?<\/strong><\/p>\n\n\n\n<p><strong>Zvyknete dlho rozm\u00fd\u0161\u013ea\u0165 nad t\u00fdm, \u010do si oble\u010diete?<\/strong><\/p>\n\n\n\n<p>O sebe rozm\u00fd\u0161\u013eam a\u017e v poslednom rade. Na \u0161kole n\u00e1s u\u010dili, aby sme si v\u0161\u00edmali tvorbu dizajn\u00e9rov, ktor\u00ed sami p\u00f4sobia zanedbane. Tvorba st\u00e1\u017eistov, ktor\u00ed s\u00fa dokonale oble\u010den\u00ed, m\u00e1 v sebe \u010dasto chyby. Hovor\u00ed sa, \u017ee kov\u00e1\u010dova kobyla chod\u00ed bos\u00e1, a ja sa tie\u017e rad\u0161ej star\u00e1m o svoje klientky.<\/p>\n\n\n\n<p><strong>M\u00e1te v\u0161ak nejak\u00fd typ oble\u010denia alebo farbu, ktor\u00fa radi nos\u00edte?<\/strong><\/p>\n\n\n\n<p>\u010cierna a biela s\u00fa pre m\u0148a bezpe\u010dn\u00fdmi farbami. Neznesiem na sebe napr\u00edklad hoci\u010do \u010derven\u00e9, m\u00e1m r\u00e1d odtiene modrej, niekedy aj zelen\u00fa, no nezatracujem ani farebnej\u0161ie veci, napr\u00edklad krik\u013eavo ru\u017eov\u00fa ko\u0161e\u013eu. Ke\u010f m\u00e1 v\u0161ak \u010dlovek nejak\u00e9 to kilo navy\u0161e, \u010dierna je pre\u0148ho istotou.<\/p>\n\n\n\n<p><strong>Pre\u010do ste sa rozhodli odieva\u0165 \u017eeny?<\/strong><\/p>\n\n\n\n<p>Bolo to pre m\u0148a asi prirodzen\u00e9. Na strednej \u0161kole som \u0161tudoval keramiku, porcel\u00e1n, venoval som sa soch\u00e1rstvu. Najprv som to bral ako kon\u00ed\u010dek, no nesk\u00f4r som za\u010dal vyhr\u00e1va\u0165 s\u00fa\u0165a\u017ee a v\u0161etci tu\u0161ili, \u017ee p\u00f4jdem \u0161tudova\u0165 umenie. Mama bola proti, chcela ma\u0165 zo m\u0148a doktora. Cel\u00fd u\u010dite\u013esk\u00fd zbor ju potom musel presvied\u010da\u0165.<\/p>\n\n\n\n<p><strong>Ak\u00e9 mala predsudky?<\/strong><\/p>\n\n\n\n<p>\u017de sa umen\u00edm \u010dlovek neu\u017eiv\u00ed, nebude zabezpe\u010den\u00fd, \u017ee je to nest\u00e1le. Skr\u00e1tka, vtedy bola in\u00e1 doba. Do prvej triedy na z\u00e1kladke som nastupoval v roku 1989, pred p\u00e1dom socializmu. Poh\u013ead na umenie bol vtedy in\u00fd.<\/p>\n\n\n\n<p><strong>\u010co vrav\u00ed va\u0161a mama dnes, ke\u010f sa v\u00e1m dar\u00ed a obliekate prezidentku?<\/strong><\/p>\n\n\n\n<p>\u017de sa s t\u00fdm u\u017e zmierila. U n\u00e1s doma v\u0161ak nebola opi\u010dia l\u00e1ska, hoci ja som jedin\u00e1\u010dik, aj ona je jedin\u00e1\u010dik, aj dedo bol. Mal som sk\u00f4r spartansk\u00fa v\u00fdchovu, nevraveli sme si, ako sa m\u00e1me radi. Vraj si to m\u00e1me dok\u00e1za\u0165 skutkami. Mysl\u00edm si, \u017ee moju profesiu mama prijala postupne, ke\u010f videla, ako v\u00e1\u017ene sa t\u00fdm zaober\u00e1m.<\/p>\n\n\n\n<p><strong>Ako prebehol prechod od soch\u00e1rstva k m\u00f3de?<\/strong><\/p>\n\n\n\n<p>Vo \u0161tvrtom ro\u010dn\u00edku na strednej \u0161kole si u\u010ditelia mysleli, \u017ee p\u00f4jdem na keramiku. Ke\u010f po\u010duli, \u017ee som si vybral textil, vzali to s po\u010dudovan\u00edm, a\u017e ned\u00f4verou. Ja vid\u00edm v\u0161ak prepojenia medzi keramikou a \u0161atami. Aj \u010dajov\u00fd servis m\u00f4\u017ee p\u00f4sobi\u0165 ako socha, sochu m\u00e1te aj v architekt\u00fare, v \u00fa\u017eitkovom servise. Pracujem s plochou, no m\u0148a v\u017edy zauj\u00edmalo \u013eudsk\u00e9 telo a jeho fig\u00fara. V keramike mi \u013eudsk\u00e9 telo za\u010dalo ch\u00fdba\u0165. Nechcel som len tvarova\u0165 svaly, a obdivujem aj tel\u00e1, ktor\u00e9 nie s\u00fa vy\u0161portovan\u00e9, ale mo\u017eno ob\u00e9zne, star\u00e9. Ka\u017ed\u00e9 telo m\u00e1 svoj charakter a v\u00fdznam. Je in\u0161piruj\u00face vidie\u0165 \u0161aty v pohybe, je to ako tanec, modelka im d\u00e1va du\u0161u. M\u0148a bav\u00ed vytv\u00e1ra\u0165 \u0161katu\u013eku, \u0161upku, sledova\u0165, ako \u0161aty zv\u00e4zuj\u00fa alebo d\u00e1vaj\u00fa formu. Vrav\u00edm si, \u017ee modelujem \u013eudsk\u00e9 telo, m\u00f4\u017eem zv\u00e4\u010d\u0161i\u0165 rameno, driek, hra\u0165 sa s proporciami.<\/p>\n\n\n\n<figure class=\"wp-block-image size-large\"><img loading=\"lazy\" decoding=\"async\" width=\"683\" height=\"1024\" src=\"https:\/\/duhovyrok.sk\/qys\/wp-content\/uploads\/sites\/2\/2021\/11\/IMG_4929_hotovo_H_V2_V_FB-683x1024.jpg\" alt=\"\" class=\"wp-image-3104\" srcset=\"https:\/\/duhovyrok.sk\/qys\/wp-content\/uploads\/sites\/2\/2021\/11\/IMG_4929_hotovo_H_V2_V_FB-683x1024.jpg 683w, https:\/\/duhovyrok.sk\/qys\/wp-content\/uploads\/sites\/2\/2021\/11\/IMG_4929_hotovo_H_V2_V_FB-467x700.jpg 467w, https:\/\/duhovyrok.sk\/qys\/wp-content\/uploads\/sites\/2\/2021\/11\/IMG_4929_hotovo_H_V2_V_FB-1024x1536.jpg 1024w, https:\/\/duhovyrok.sk\/qys\/wp-content\/uploads\/sites\/2\/2021\/11\/IMG_4929_hotovo_H_V2_V_FB.jpg 1365w\" sizes=\"auto, (max-width: 683px) 100vw, 683px\" \/><\/figure>\n\n\n\n<p><strong>Va\u0161a tvorba \u010dasto p\u00fata pozornos\u0165, \u010di u\u017e na prezidentke, alebo ned\u00e1vno v Karlov\u00fdch Varoch. Uva\u017eujete aj nad t\u00fdm, ako spravi\u0165 \u0161aty na be\u017en\u00e9 nosenie? H\u013ead\u00e1te hranice?<\/strong><\/p>\n\n\n\n<p>H\u013ead\u00e1m ich v ka\u017edej kolekcii, ale niekedy aj v jednom kuse odevu. Niektor\u00e9 odevy s\u00fa praktickej\u0161ie, niektor\u00e9 zlo\u017eitej\u0161ie, teatr\u00e1lnej\u0161ie. A niekedy pri poh\u013eade na vzdialenos\u0165 tridsa\u0165 metrov neocen\u00edte to, \u010do uvid\u00edte, ke\u010f si s niek\u00fdm sadnete na k\u00e1vu. M\u0148a bav\u00ed rozmanitos\u0165 a r\u00e1d po\u010d\u00favam zadanie. Na ak\u00fa pr\u00edle\u017eitos\u0165 je odev ur\u010den\u00fd \u2013 na svadbu, tanec, do divadla?<\/p>\n\n\n\n<p><strong>Va\u0161a jarn\u00e1 kolekcia bola in\u0161pirovan\u00e1 tvarmi kvetov, \u010do pripravujete na jese\u0148?<\/strong><\/p>\n\n\n\n<p>To v\u00e1m e\u0161te nem\u00f4\u017eem prezradi\u0165, zatia\u013e m\u00e1m len n\u00e1\u010drty. Prezentova\u0165 ju budem a\u017e po\u010das prehliadky na podujat\u00ed Fashion Live! Ka\u017ed\u00e1 kolekcia by v\u0161ak mala ma\u0165 my\u0161lienku a odr\u00e1\u017ea\u0165 dobu. M\u00f3da ma zaujala aj preto, \u017ee v\u017edy reagovala na najmen\u0161ie zmeny, \u010di u\u017e spolo\u010densk\u00e9, hospod\u00e1rske, politick\u00e9, kult\u00farne, vznik nov\u00fdch vyn\u00e1lezov. Tento rok som v\u00fdnimo\u010dne pripravil aj jarn\u00fa kolekciu, dvadsa\u0165p\u00e4\u0165 diel. In\u0161pir\u00e1ciou mi bola my\u0161lienka, \u017ee pri pestovan\u00ed kvetov pochov\u00e1me do zeme cibu\u013eku a \u010dak\u00e1me, \u010di sa nie\u010do stane. Mo\u017eno ni\u010d, mo\u017eno cibu\u013eku zjedlo nejak\u00e9 zviera. Moja kolekcia bola o transform\u00e1cii, o farb\u00e1ch, o prechode z jedn\u00e9ho obdobia do druh\u00e9ho. N\u00e1hodou som ju prezentoval 1. m\u00e1ja, ke\u010f skon\u010dil v\u00e4\u010d\u0161\u00ed lockdown a c\u00edtil som v okol\u00ed sm\u00e4d po farb\u00e1ch, po chuti \u017ei\u0165.<\/p>\n\n\n\n<p><strong>Va\u0161e \u0161aty pre prezidentku po\u010das jej n\u00e1v\u0161tevy p\u00e1pe\u017ea z\u00edskali ve\u013ea pozornosti. Bolo stresuj\u00face na to nadviaza\u0165 teraz, ke\u010f p\u00e1pe\u017e pri\u0161iel na Slovensko?<\/strong><\/p>\n\n\n\n<p>N\u00e1ro\u010dn\u00e9 bolo hlavne objedna\u0165 l\u00e1tku. V Taliansku maj\u00fa v auguste v\u0161etci vo\u013eno. Navy\u0161e sme nevedeli, ak\u00e9 po\u010dasie bude v polke septembra. V\u00e4\u010d\u0161inou objedn\u00e1vam l\u00e1tky v Taliansku, lebo u n\u00e1s sa tak\u00e9, ak\u00e9 potrebujem, nevyr\u00e1baj\u00fa. Talianske l\u00e1tky sp\u013a\u0148aj\u00fa viacer\u00e9 parametre, \u010di u\u017e na v\u00fdrobu oblekovky alebo \u017eor\u017eetu. Na v\u00fdrobu vlny tie\u017e potrebujete tvrd\u00fa vodu, ktor\u00fa maj\u00fa v severnom Taliansku, zrejme asi kv\u00f4li podielu krem\u00edka. No a \u017eia\u013e, COVID-19 sp\u00f4sobil, \u017ee niektor\u00e9 firmy krachli.<\/p>\n\n\n\n<figure class=\"wp-block-image size-large\"><img loading=\"lazy\" decoding=\"async\" width=\"1024\" height=\"683\" src=\"https:\/\/duhovyrok.sk\/qys\/wp-content\/uploads\/sites\/2\/2021\/11\/IMG_4990_hotovo_V_FB-1024x683.jpg\" alt=\"\" class=\"wp-image-3105\" srcset=\"https:\/\/duhovyrok.sk\/qys\/wp-content\/uploads\/sites\/2\/2021\/11\/IMG_4990_hotovo_V_FB-1024x683.jpg 1024w, https:\/\/duhovyrok.sk\/qys\/wp-content\/uploads\/sites\/2\/2021\/11\/IMG_4990_hotovo_V_FB-700x467.jpg 700w, https:\/\/duhovyrok.sk\/qys\/wp-content\/uploads\/sites\/2\/2021\/11\/IMG_4990_hotovo_V_FB-1536x1024.jpg 1536w, https:\/\/duhovyrok.sk\/qys\/wp-content\/uploads\/sites\/2\/2021\/11\/IMG_4990_hotovo_V_FB.jpg 2048w\" sizes=\"auto, (max-width: 1024px) 100vw, 1024px\" \/><\/figure>\n\n\n\n<p><strong>Nebolo to stresuj\u00face aj preto, \u017ee ide o v\u00fdnimo\u010dn\u00fa pr\u00edle\u017eitos\u0165, ktor\u00e1 si mo\u017eno vy\u017eaduje konzervat\u00edvnej\u0161ie \u0161aty?<\/strong><\/p>\n\n\n\n<p>Je to skvel\u00e9 zadanie. \u0160aty na svadby, plesy, stu\u017ekov\u00e9 m\u00f4\u017eete pripravova\u0165 neust\u00e1le, no na n\u00e1v\u0161tevu p\u00e1pe\u017ea? Alebo u\u017e len pripravi\u0165 inaugura\u010dn\u00fd odev, a pre \u017eenu prezidentku, to s\u00fa mimoriadne zauj\u00edmav\u00e9 v\u00fdzvy. Nie som si v\u0161ak ist\u00fd slovom konzervat\u00edvny. Spom\u00ednali ste n\u00e1v\u0161tevu vo Vatik\u00e1ne. Ja by som povedal, \u017ee sme vtedy rozm\u00fd\u0161\u013eali nad t\u00fdm, \u010do by vyjadrovalo \u00factu. Konzervat\u00edvne znamen\u00e1 nudn\u00e9? Ve\u013ea \u013eud\u00ed si to tak spoj\u00ed. Konzervat\u00edvne je to, \u010do neuraz\u00ed, \u010do je f\u00e1dne. Boli \u013eudia, ktor\u00ed vraveli, \u017ee by tie \u0161aty nikdy prezidentke neobliekli. Je pre m\u0148a zar\u00e1\u017eaj\u00face, s akou vervou to \u013eudia p\u00ed\u0161u na soci\u00e1lnych sie\u0165ach, a to vo mne vytv\u00e1ralo nepr\u00edjemn\u00fd pocit. V dobe soci\u00e1lnych siet\u00ed si \u010dlovek vypo\u010duje r\u00f4zne veci, teda pardon, sk\u00f4r pre\u010d\u00edta. Mo\u017eno by si to nikdy osobne nevypo\u010dul, no nap\u00edsa\u0165 sa d\u00e1 \u010doko\u013evek, a hlavne anonymne.<\/p>\n\n\n\n<p><strong>Mus\u00edte teda \u010daka\u0165, ako \u013eudia zareaguj\u00fa?&nbsp;<\/strong><\/p>\n\n\n\n<p>To nerob\u00edm, lebo si chcem udr\u017ea\u0165 zdrav\u00fd rozum. No pravda je, \u017ee to neviem \u00faplne vytesni\u0165. Vrav\u00ed sa: sto \u013eud\u00ed a tri chute. Jedna je, \u017ee sa im va\u0161a tvorba p\u00e1\u010di. Druh\u00e1 chu\u0165 je, \u017ee va\u0161a tvorba nie je ich \u0161\u00e1lkou k\u00e1vy. Tretia chu\u0165, \u017ee im je to vlastne jedno, nevyvol\u00e1 to v nich \u017eiadne em\u00f3cie. No a tieto skupiny sa len pozvo\u013ena preskupuj\u00fa.<\/p>\n\n\n\n<blockquote class=\"wp-block-quote is-layout-flow wp-block-quote-is-layout-flow\"><p>Pravda je, \u017ee v umeleckom svete maj\u00fa \u013eudia s akouko\u013evek inakos\u0165ou otvoren\u00e9 dvere, z\u00edskaj\u00fa viac pochopenia. Kreativita pre nich vytv\u00e1ra \u0161ir\u0161\u00ed priestor. Na druhej strane, stretol som ve\u013ea agres\u00edvnych, drsn\u00fdch, egoistick\u00fdch gejov, \u010di\u017ee neplat\u00ed ani stereotyp, \u017ee sme v\u017edy len mil\u00ed, pr\u00edjemn\u00ed.<\/p><\/blockquote>\n\n\n\n<p><strong>St\u00e1va sa v\u00e1m v\u0161ak, \u017ee niekedy je viac t\u00fdch negat\u00edvnych odoziev? Zva\u017eujete, \u010do ste mohli spravi\u0165 inak?<\/strong><\/p>\n\n\n\n<p>V\u017edy prem\u00fd\u0161\u013eam nad t\u00fdm, \u010di som to mohol inak spravi\u0165. Na druhej strane, v\u017edy pracujem poctivo a vypo\u010dujem si n\u00e1zory in\u00fdch, lebo viac hl\u00e1v viac vie. Pri prezidentkin\u00fdch \u0161at\u00e1ch mi z\u00e1le\u017e\u00ed na jej n\u00e1zore, na tom, \u010do si mysl\u00ed jej \u0161tylistka. Ve\u013emi si v\u00e1\u017eim n\u00e1zor kraj\u010d\u00edrov a kraj\u010d\u00edrok, preto\u017ee pre m\u0148a nie s\u00fa len \u0161i\u010dkami, ale partnermi a partnerkami do diskusie. Niekedy aj sk\u00fasen\u00fdch prekvap\u00ed l\u00e1tka, nie\u010do sa spravi\u0165 d\u00e1, nie\u010do u\u017e nie. Ve\u013ea toti\u017e experimentujeme, a hoci niektor\u00e9 \u0161aty m\u00f4\u017eu p\u00f4sobi\u0165 konzervat\u00edvne, strihy s\u00fa r\u00f4zne. A teda po\u010d\u00favam kon\u0161trukt\u00edvne n\u00e1zory, lebo ma m\u00f4\u017eu nie\u010do nau\u010di\u0165. Ke\u010f s\u00fa v\u0161ak vulg\u00e1rne, nem\u00e1 to cenu.<\/p>\n\n\n\n<p><strong>V popkult\u00fare panuje kli\u0161\u00e9, \u017ee m\u00f3dny n\u00e1vrh\u00e1r je v\u017edy gej. \u010c\u00edm si to vysvet\u013eujete?<\/strong><\/p>\n\n\n\n<p>Neviem, v\u0161etci bale\u0165\u00e1ci s\u00fa homosexu\u00e1li? Plat\u00ed to? S\u00fa umelci gejovia, lebo kli\u0161\u00e9 vrav\u00ed, \u017ee maj\u00fa zv\u00fd\u0161en\u00fa citlivos\u0165? \u010co potom pr\u00e1vnici, lek\u00e1ri, vodi\u010di kami\u00f3nov? Zd\u00e1 sa mi, \u017ee je to pre\u017eitok, a mo\u017eno keby sme si to spo\u010d\u00edtali, percent\u00e1 by v\u00f4bec nesedeli. Pravda je, \u017ee v umeleckom svete maj\u00fa \u013eudia s akouko\u013evek inakos\u0165ou otvoren\u00e9 dvere, z\u00edskaj\u00fa viac pochopenia. Kreativita pre nich vytv\u00e1ra \u0161ir\u0161\u00ed priestor. Na druhej strane, stretol som ve\u013ea agres\u00edvnych, drsn\u00fdch, egoistick\u00fdch gejov, \u010di\u017ee neplat\u00ed ani stereotyp, \u017ee sme v\u017edy len mil\u00ed, pr\u00edjemn\u00ed.<\/p>\n\n\n\n<p><strong>C\u00edtili ste niekedy tlak, aby ste skr\u00fdvali svoju sexualitu?<\/strong><\/p>\n\n\n\n<p>Posme\u0161ky si \u010dlovek samozrejme za\u017eije, no v\u00e4\u010d\u0161inou sa ho ani nikto najprv nesp\u00fdta, \u010di gej skuto\u010dne je. Pod\u013ea toho zist\u00edte inteligenciu \u010dloveka. V Bratislave sa v\u00e1m to stane zriedkavej\u0161ie. In\u00e9 to m\u00f4\u017ee by\u0165 na vidieku. Vn\u00edmam, \u017ee star\u0161ia gener\u00e1cia sa s prijat\u00edm inakosti \u0165a\u017e\u0161ie vyrovn\u00e1va. Homosexualita v\u0161ak nie je \u017eiadnou novinkou v dejin\u00e1ch \u013eudstva, mo\u017eno sa na \u0148u len na chv\u00ed\u013eu zabudlo.<\/p>\n\n\n\n<p><strong>V s\u00fa\u010dasnosti upozor\u0148ujeme na pre\u017e\u00edvanie transrodov\u00fdch, nebin\u00e1rnych \u013eud\u00ed. Men\u00ed to aj svet m\u00f3dy?<\/strong><\/p>\n\n\n\n<p>M\u00f3da na to reaguje dlhodobo. Napr\u00edklad za\u010d\u00ednaj\u00face modelky vo veku okolo sedemn\u00e1s\u0165 rokov, ako diev\u010dat\u00e1 vo v\u00fdvoji, p\u00f4sobia \u010dasto chlap\u010densky. M\u00f4\u017eu ma\u0165 men\u0161ie poprsie, by\u0165 vy\u0161\u0161ie. V minulosti bolo napr\u00edklad zau\u017e\u00edvan\u00e9, \u017ee modelka musela ma\u0165 obvod bokov 89 centimetrov, do \u010doho mali mnoh\u00e9 probl\u00e9m sa zmesti\u0165. Ka\u017ed\u00e1 \u017eena vyzer\u00e1 inak. Niektor\u00e9 p\u00f4sobia jemne ako v\u00edly, in\u00e9 dravo ako mamby, niektor\u00e9 maj\u00fa star\u0161iu poko\u017eku, je to ve\u013emi individu\u00e1lne. Jednej d\u00e1te p\u00e1nsky kost\u00fdm a vyzer\u00e1 v \u0148om \u017eenskej\u0161ie, inej d\u00e1te vol\u00e1nov\u00e9 \u0161aty a stane sa opak. Niekomu d\u00e1te minimalizmus a vyzer\u00e1 zauj\u00edmavej\u0161ie ne\u017e v strihovo komplikovanom diele. Dizajn\u00e9r by mal by\u0165 dobr\u00fdm typol\u00f3gom, s\u00fastredi\u0165 sa na konkr\u00e9tneho \u010dloveka. S\u00fa v\u0161ak tak\u00ed, \u010do radi navrhuj\u00fa pre fikt\u00edvnu klientku a predaj\u00fa svoje diela do obchodov, nezauj\u00edma ich individualizovan\u00e1 tvorba. Umenie tie\u017e dlhodobo b\u00faralo stereotypy rodovej bin\u00e1rnosti, napr\u00edklad antick\u00e9 divadlo hrali mu\u017ei, rokoko bolo pln\u00e9 toho, \u010do sa dnes zvykne pova\u017eova\u0165 za femin\u00ednne. Ide\u00e1l kr\u00e1sy sa neust\u00e1le men\u00ed aj mimo \u0161katuliek.<\/p>\n\n\n\n<p><strong>Boris Hane\u010dka<\/strong><\/p>\n\n\n\n<p>Narodil sa v Stupave. Stredn\u00fa \u0161kolu absolvoval na \u0160\u00daV J. Vydru v Bratislave, v ateli\u00e9ri keramiky a porcel\u00e1nu. Od roku 2001 \u0161tudoval na V\u0160VU v Bratislave v ateli\u00e9ri odevn\u00e9ho dizajnu. M\u00e1 za sebou mnoho m\u00f3dnych prehliadok na Slovensku aj v zahrani\u010d\u00ed. Vyhral viacero s\u00fa\u0165a\u017e\u00ed, jedn\u00fdm z najv\u00fdznamnej\u0161\u00edch bolo ocenenie Lifeline Fashion Talent. Okrem prezidentky \u010caputovej obliekal aj \u010fal\u0161ie celebrity ako Adelu Ban\u00e1\u0161ov\u00fa, Janu Kirschner, Zuzanu Fialov\u00fa \u010di Daru Rollins.<\/p>\n","protected":false},"excerpt":{"rendered":"<p>Autor textu: Marek Hudec \/ Fotografie: Jakub Kov\u00e1\u010d Text sme prv\u00fd raz publikovali v \u010d\u00edsle Jese\u0148 2021 Ke\u010f nechc\u00fa f\u00e1dne \u0161aty, obr\u00e1tia sa na\u0148ho. Boris Hane\u010dka patr\u00ed k najzn\u00e1mej\u0161\u00edm slovensk\u00fdm m\u00f3dnym n\u00e1vrh\u00e1rom, dlhodobo p\u00fata pozornos\u0165 spolupr\u00e1cou s prezidentkou \u010caputovou. Zauj\u00edma ho, \u010do m\u00f4\u017ee m\u00f3da prezradi\u0165 o s\u00fa\u010dasnosti. Jeho kolekcie boli v minulosti in\u0161pirovan\u00e9 folkl\u00f3rom, n\u00e1bo\u017eenskou <a href=\"https:\/\/duhovyrok.sk\/qys\/boris-hanecka-rad-modelujem-ludske-telo\/\" class=\"more-link\">&#8230;<\/a><\/p>\n","protected":false},"author":10,"featured_media":3103,"comment_status":"closed","ping_status":"closed","sticky":false,"template":"","format":"standard","meta":{"footnotes":""},"categories":[4,10,259,258],"tags":[315,266,316,159,185],"class_list":["post-3102","post","type-post","status-publish","format-standard","has-post-thumbnail","hentry","category-praca","category-kultura","category-rozhovory","category-vizualne-umenie","tag-boris-hanecka","tag-from-qys","tag-moda","tag-queer-kultura","tag-rozhovor"],"_links":{"self":[{"href":"https:\/\/duhovyrok.sk\/qys\/wp-json\/wp\/v2\/posts\/3102","targetHints":{"allow":["GET"]}}],"collection":[{"href":"https:\/\/duhovyrok.sk\/qys\/wp-json\/wp\/v2\/posts"}],"about":[{"href":"https:\/\/duhovyrok.sk\/qys\/wp-json\/wp\/v2\/types\/post"}],"author":[{"embeddable":true,"href":"https:\/\/duhovyrok.sk\/qys\/wp-json\/wp\/v2\/users\/10"}],"replies":[{"embeddable":true,"href":"https:\/\/duhovyrok.sk\/qys\/wp-json\/wp\/v2\/comments?post=3102"}],"version-history":[{"count":2,"href":"https:\/\/duhovyrok.sk\/qys\/wp-json\/wp\/v2\/posts\/3102\/revisions"}],"predecessor-version":[{"id":3219,"href":"https:\/\/duhovyrok.sk\/qys\/wp-json\/wp\/v2\/posts\/3102\/revisions\/3219"}],"wp:featuredmedia":[{"embeddable":true,"href":"https:\/\/duhovyrok.sk\/qys\/wp-json\/wp\/v2\/media\/3103"}],"wp:attachment":[{"href":"https:\/\/duhovyrok.sk\/qys\/wp-json\/wp\/v2\/media?parent=3102"}],"wp:term":[{"taxonomy":"category","embeddable":true,"href":"https:\/\/duhovyrok.sk\/qys\/wp-json\/wp\/v2\/categories?post=3102"},{"taxonomy":"post_tag","embeddable":true,"href":"https:\/\/duhovyrok.sk\/qys\/wp-json\/wp\/v2\/tags?post=3102"}],"curies":[{"name":"wp","href":"https:\/\/api.w.org\/{rel}","templated":true}]}}