{"id":3038,"date":"2021-10-02T07:00:00","date_gmt":"2021-10-02T05:00:00","guid":{"rendered":"https:\/\/duhovyrok.sk\/qys\/?p=3038"},"modified":"2021-10-02T18:30:42","modified_gmt":"2021-10-02T16:30:42","slug":"reziserka-barbora-chalupova-ani-v-ateistickom-cesku-sa-roky-nedari-prijat-manzelstva-pre-gejov-a-lesby","status":"publish","type":"post","link":"https:\/\/duhovyrok.sk\/qys\/reziserka-barbora-chalupova-ani-v-ateistickom-cesku-sa-roky-nedari-prijat-manzelstva-pre-gejov-a-lesby\/","title":{"rendered":"Re\u017eis\u00e9rka Barbora Chalupov\u00e1: Ani v ateistickom \u010cesku sa roky nedar\u00ed prija\u0165 man\u017eelstv\u00e1 pre gejov a lesby"},"content":{"rendered":"\n<p id=\"block-0bae83f6-29db-4573-a068-6faf40a0e5e6\"><strong>Autorka textu: <strong><strong><strong>Ria Gehrerov\u00e1<\/strong><\/strong> \/ Foto: <strong>Film Expanded, portr\u00e9t: \u0160imon Havel<\/strong><\/strong><\/strong><\/p>\n\n\n\n<p>Text sme prv\u00fd raz publikovali v \u010d\u00edsle Jese\u0148 2021<\/p>\n\n\n\n<p><strong>Re\u017eis\u00e9rka Barbora Chalupov\u00e1 nakr\u00fatila dokument o&nbsp;tom, ako sa v&nbsp;\u010cesku nedar\u00ed presadi\u0165 man\u017eelstv\u00e1 pre gejov a&nbsp;lesby. Hoci s\u00fa v&nbsp;\u010cesku registrovan\u00e9 partnerstv\u00e1 schv\u00e1len\u00e9 u\u017e od roku 2005, man\u017eelstv\u00e1 s\u00fa zatia\u013e v&nbsp;nedoh\u013eadne.<\/strong><\/p>\n\n\n\n<p><strong>Chalupov\u00e1 vo filme <em>Z\u00e1kon l\u00e1sky<\/em> ukazuje, ako n\u00e1vrh z\u00e1kona takmer \u0161tyri roky le\u017eal v&nbsp;parlamente a&nbsp;politici sa o&nbsp;\u0148om b\u00e1li rokova\u0165 a&nbsp;hlasova\u0165. Hoci s\u00fa pod\u013ea prieskumov dve tretiny obyvate\u013eov a&nbsp;obyvateliek \u010ceska za man\u017eelstv\u00e1 gejov a&nbsp;lesieb, siln\u00fd hlas v&nbsp;debate m\u00e1 aj katol\u00edcka cirkev, \u010desk\u00e1 Aliancia za rodinu \u010di predsudky.<\/strong><\/p>\n\n\n\n<p><strong>\u201ePodarilo sa n\u00e1m zachyti\u0165 obraz \u010desk\u00e9ho politik\u00e1r\u010denia. Ke\u010f si div\u00e1k do filmu dosad\u00ed ak\u00fdko\u013evek n\u00e1vrh z\u00e1kona, ktor\u00fd je mu bl\u00edzky a&nbsp;zauj\u00edma sa o\u0148, tak prepadne ve\u013ekej frustr\u00e1cii a&nbsp;dopadne na neho bezv\u00fdchodiskov\u00e1 snaha nie\u010do zmeni\u0165,\u201c hovor\u00ed o&nbsp;svojom filme Chalupov\u00e1. Film sa bude da\u0165 pozrie\u0165 v&nbsp;okt\u00f3bri na&nbsp;<\/strong><a href=\"https:\/\/www.ffi.sk\/en\/ffi\/\"><strong>Filmovom festivale inakosti.<\/strong><\/a><strong> Text vznikol v spolupr\u00e1ci s Denn\u00edkom N.<\/strong><\/p>\n\n\n\n<p><strong>V&nbsp;\u010cesku s\u00fa registrovan\u00e9 partnerstv\u00e1 schv\u00e1len\u00e9 u\u017e od roku 2005. Man\u017eelstv\u00e1 pre gejov a&nbsp;lesby sa v\u0161ak aktivistom nedar\u00ed presadi\u0165. Pre\u010do?<\/strong><\/p>\n\n\n\n<p>Preto\u017ee snemov\u0148a nem\u00e1 odvahu hlasova\u0165 o&nbsp;tomto n\u00e1vrhu z\u00e1kona. Po takmer \u0161tyroch rokoch nat\u00e1\u010dania sme sa stali svedkami len prv\u00e9ho hlasovania v&nbsp;prvom \u010d\u00edtan\u00ed. Dovtedy ich celkom ignorovali. Mysl\u00edm si, \u017ee sa boja o&nbsp;svoje kreslo a&nbsp;nie s\u00fa si ist\u00ed, \u010di je na to \u010desk\u00e1 spolo\u010dnos\u0165 pripraven\u00e1.<\/p>\n\n\n\n<p><strong>Pod\u013ea prieskumov s\u00fa za man\u017eelstv\u00e1 aj pre gejov a&nbsp;lesby dve tretiny op\u00fdtan\u00fdch. Pre\u010do sa tejto t\u00e9my politici boja, ke\u010f vidia, \u017ee v\u00e4\u010d\u0161ina \u013eud\u00ed je za?<\/strong><\/p>\n\n\n\n<p>Politici, ktor\u00ed t\u00fato my\u0161lienku radik\u00e1lne odmietaj\u00fa, si to pod\u013ea m\u0148a v&nbsp;skuto\u010dnosti ani nemyslia. Je to len populistick\u00fd krok pred okt\u00f3brov\u00fdmi vo\u013ebami. Napr\u00edklad p\u00e1n poslanec Tomio Okamura (SPD) prehl\u00e1sil, \u017ee by rad\u0161ej vysko\u010dil z&nbsp;okna, ne\u017e aby si ho adoptoval homosexu\u00e1lny p\u00e1r. Len\u017ee on m\u00e1 brata geja, s&nbsp;ktor\u00fdm m\u00e1 dobr\u00fd vz\u0165ah, a&nbsp;je jasn\u00e9, \u017ee to hovor\u00ed preto, aby sa dostal do nov\u00edn a&nbsp;dal svojim voli\u010dom jasn\u00fd odkaz, \u017ee s&nbsp;nimi vo vo\u013eb\u00e1ch po\u010d\u00edta.<\/p>\n\n\n\n<p><strong>Proti man\u017eelstv\u00e1m pre homosexu\u00e1lne p\u00e1ry s\u00fa najm\u00e4 konzervat\u00edvne kres\u0165ansk\u00e9 iniciat\u00edvy. Ako je to v&nbsp;ateistickom \u010cesku?<\/strong><\/p>\n\n\n\n<p>Vzh\u013eadom na to, \u017ee man\u017eelstv\u00e1 pre v\u0161etk\u00fdch u\u017e boli uz\u00e1konen\u00e9 v&nbsp;katol\u00edckom \u0160panielsku \u010di v&nbsp;Severnom \u00cdrsku, nevid\u00edm ve\u013ek\u00fd prienik medzi t\u00fdm, \u010di je spolo\u010dnos\u0165 katol\u00edcka a&nbsp;\u010di v&nbsp;nej bude tak\u00fdto z\u00e1kon schv\u00e1len\u00fd. V&nbsp;\u010cesku t\u00fato snahu dlhodobo brzd\u00ed strach z&nbsp;toho, \u010do by mohlo pr\u00eds\u0165 po jeho schv\u00e1len\u00ed. Naj\u010dastej\u0161ie sa hovor\u00ed o&nbsp;tom, \u017ee to bude ni\u010di\u0165 tradi\u010dn\u00e9 rodiny. Ale v&nbsp;\u010dase, ke\u010f tu m\u00e1me 55-percentn\u00fa rozvodovos\u0165, by sme si asi mali op\u00e4tovne polo\u017ei\u0165 ot\u00e1zku, \u010do to vlastne je t\u00e1 tradi\u010dn\u00e1 rodina.<\/p>\n\n\n\n<p><strong>Tradi\u010dn\u00e1 rodina je v\u0161ak tie\u017e ak\u00fdsi ide\u00e1l, ktor\u00fd vytvorila cirkev. Ako do tejto debaty vstupuje cirkev v&nbsp;\u010cesku? A&nbsp;ak\u00fd m\u00e1 vplyv?<\/strong><\/p>\n\n\n\n<p>&nbsp;Mala som pocit, \u017ee mal\u00fd, ale uvedomila som si, \u017ee hoci je \u010desk\u00e1 spolo\u010dnos\u0165 ateistick\u00e1, stoj\u00ed na kres\u0165ansk\u00fdch z\u00e1kladoch a&nbsp;na \u013eud\u00ed preto p\u00f4sobia aj cirkevn\u00e9 autority. Zasahuje to napr\u00edklad aj m\u0148a. Pochod za rodinu neb\u00fdva namieren\u00fd len proti rovnakopohlavn\u00fdm zv\u00e4zkom, ktor\u00e9 sa ma osobne net\u00fdkaj\u00fa, ale napr\u00edklad aj proti potratom. A&nbsp;to u\u017e sa ma t\u00fdka. Pochody za rodinu v&nbsp;\u010cesku nie s\u00fa obrovsk\u00e9, ale maj\u00fa tu siln\u00fa z\u00e1klad\u0148u, ktor\u00fa je po\u010du\u0165.<\/p>\n\n\n\n<p><strong>Proti man\u017eelstv\u00e1m pre v\u0161etk\u00fdch v&nbsp;\u010cesku vystupuje aj Jana Jochov\u00e1 z&nbsp;\u010deskej Aliancie za rodinu. Je man\u017eelkou Romana Jocha, riadite\u013ea slovensk\u00e9ho In\u0161tit\u00fatu pre v\u00fdskum pr\u00e1ce a&nbsp;rodiny. Ten tam bol dosaden\u00fd ministrom pr\u00e1ce, aby do in\u0161tit\u00fatu priniesol aj konzervat\u00edvnej\u0161ie n\u00e1zory. Dok\u00e1\u017ee Jana Jochov\u00e1 pod\u013ea v\u00e1s v&nbsp;\u010cesku zastavi\u0165 snahu zavies\u0165 man\u017eelstv\u00e1 aj pre gejov a&nbsp;lesby?<\/strong><\/p>\n\n\n\n<p>Mysl\u00edm si, \u017ee nie. Aj preto, \u017ee ich organiz\u00e1cia niektor\u00e9 kroky nie celkom domyslela. Spo\u010diatku mala v&nbsp;mojom dokumente vystupova\u0165 ako jedna z&nbsp;hlavn\u00fdch post\u00e1v, teda ako opoz\u00edcia vo\u010di Czeslawovi Walekovi, \u0161\u00e9fovi iniciat\u00edvy Jsme f\u00e9r, ktor\u00e1 sa sna\u017e\u00ed uz\u00e1koni\u0165 man\u017eelstv\u00e1 aj pre rovnakopohlavn\u00e9 p\u00e1ry. Okolo roku 2019 v\u0161ak mala Jochov\u00e1 v&nbsp;m\u00e9di\u00e1ch ve\u013emi homof\u00f3bne vyst\u00fapenie. Hovorila, \u017ee ak by bol jej syn gej, tak by si priala, aby zostal s\u00e1m. Polemizovala tie\u017e o&nbsp;tom, \u010di homosexualita nie je choroba. Vtedy som si uvedomila, \u017ee ona nie je protistrana, ktor\u00fa h\u013ead\u00e1m.<\/p>\n\n\n\n<figure class=\"wp-block-image size-large\"><img loading=\"lazy\" decoding=\"async\" width=\"1024\" height=\"575\" src=\"https:\/\/duhovyrok.sk\/qys\/wp-content\/uploads\/sites\/2\/2021\/09\/Protestujuci-proti-manzelstvam-aj-pre-homosexualne-pary-1024x575.jpg\" alt=\"\" class=\"wp-image-3040\" srcset=\"https:\/\/duhovyrok.sk\/qys\/wp-content\/uploads\/sites\/2\/2021\/09\/Protestujuci-proti-manzelstvam-aj-pre-homosexualne-pary-1024x575.jpg 1024w, https:\/\/duhovyrok.sk\/qys\/wp-content\/uploads\/sites\/2\/2021\/09\/Protestujuci-proti-manzelstvam-aj-pre-homosexualne-pary-700x393.jpg 700w, https:\/\/duhovyrok.sk\/qys\/wp-content\/uploads\/sites\/2\/2021\/09\/Protestujuci-proti-manzelstvam-aj-pre-homosexualne-pary.jpg 1500w\" sizes=\"auto, (max-width: 1024px) 100vw, 1024px\" \/><figcaption>Protestuj\u00faci proti man\u017eelstv\u00e1m aj pre homosexu\u00e1lne p\u00e1ry<\/figcaption><\/figure>\n\n\n\n<p><strong>Pre\u010do?<\/strong><\/p>\n\n\n\n<p>Chcela som nakr\u00faca\u0165 o&nbsp;man\u017eelstve, a&nbsp;nie o&nbsp;homosexualite ako takej. Tieto ot\u00e1zky u\u017e m\u00e1 \u010desk\u00e1 spolo\u010dnos\u0165 v&nbsp;21. storo\u010d\u00ed zodpovedan\u00e9. Niektor\u00ed jedinci ako Jochov\u00e1 v\u0161ak evidentne nie. R\u00e9torika Aliancie za rodinu sa \u010dasom zmenila a&nbsp;do m\u00e9di\u00ed u\u017e vysielali najm\u00e4 svojho pr\u00e1vnika, ktor\u00e9ho n\u00e1zory neboli tak\u00e9 ostr\u00e9. Sami teda Janu Jochov\u00fa dali trocha do \u00fazadia.<\/p>\n\n\n\n<p><strong>Hlavnou tv\u00e1rou sa teda stal pr\u00e1vnik Jan Gregor. Mohol by by\u0165 \u00faspe\u0161nej\u0161\u00ed v&nbsp;snahe zastavi\u0165 iniciat\u00edvu Jsme f\u00e9r?<\/strong><\/p>\n\n\n\n<p>R\u00e9toricky je ur\u010dite schopnej\u0161\u00ed. Je to mlad\u00fd chalan a&nbsp;je to pre nich dobr\u00e1 vo\u013eba.<\/p>\n\n\n\n<p><strong>Jochov\u00e1 v\u0161ak bola pomerne \u00faspe\u0161n\u00e1, podarilo sa jej v&nbsp;parlamente v&nbsp;prvom \u010d\u00edtan\u00ed presadi\u0165 n\u00e1vrh, aby man\u017eelstvo mu\u017ea a&nbsp;\u017eeny v&nbsp;\u010cesku dostalo \u00fastavn\u00fa ochranu. Rovnako je to aj na Slovensku. Cel\u00fd proces v\u0161ak zastavil koniec volebn\u00e9ho obdobia, a&nbsp;jej n\u00e1vrh bude musie\u0165 znova prejs\u0165 snemov\u0148ou. Prakticky rovnako skon\u010dil aj n\u00e1vrh man\u017eelstiev pre v\u0161etk\u00fdch. V&nbsp;prvom \u010d\u00edtan\u00ed ho poslanci schv\u00e1lili, ale po vo\u013eb\u00e1ch bude musie\u0165 by\u0165 predlo\u017een\u00fd znovu. M\u00f4\u017ee by\u0165 Jana Jochov\u00e1 so svojou iniciat\u00edvou \u00faspe\u0161n\u00e1? Viete si predstavi\u0165, \u017ee by sa man\u017eelstvo mu\u017ea a&nbsp;\u017eeny dostalo do \u010deskej \u00fastavy?<\/strong><\/p>\n\n\n\n<p>To z\u00e1vis\u00ed od okt\u00f3brov\u00fdch volieb. Mysl\u00edm si v\u0161ak, \u017ee to neprejde, preto\u017ee to spolo\u010dnos\u0165 ani sami poslanci nechc\u00fa. V&nbsp;snemovni sa o&nbsp;t\u00fdchto dvoch n\u00e1vrhoch hlasovalo v&nbsp;apr\u00edli. A&nbsp;pr\u00e1ve preto, \u017ee poslanci nechceli poveda\u0165 svoj n\u00e1zor, tak schv\u00e1lili obe novely a&nbsp;pred\u013a\u017eili rokovania vo v\u00fdboroch, aby to u\u017e snemov\u0148a do volieb nestihla prejedna\u0165. Bol to ich odkaz spolo\u010dnosti, \u017ee sa nedok\u00e1\u017eu rozhodn\u00fa\u0165, a&nbsp;preto poslali do \u010fal\u0161ieho \u010d\u00edtania dva protichodn\u00e9 n\u00e1vrhy. Z&nbsp;m\u00f4jho poh\u013eadu je to e\u0161te v\u00e4\u010d\u0161\u00ed alibizmus ne\u017e odkladanie ak\u00e9hoko\u013evek rokovania o&nbsp;n\u00e1vrhu, ktor\u00fd im tam le\u017eal na stole. Mali dostatok \u010dasu sa rozhodn\u00fa\u0165, \u010di ho podporia, predlo\u017een\u00fd bol takmer \u0161tyri roky a&nbsp;rokovalo sa o&nbsp;\u0148om 15 hod\u00edn.<\/p>\n\n\n\n<p><strong>Spom\u00ednate si na nejak\u00fd argument za alebo proti, ktor\u00fd dok\u00e1zal zmeni\u0165 n\u00e1zor protistrany? Pr\u00e1vni\u010dka Jsme f\u00e9r napr\u00edklad argumentovala t\u00fdm, \u017ee uzavrie\u0165 man\u017eelstvo m\u00f4\u017eu aj vrahovia alebo \u013eudia, \u010do neplatia v\u00fd\u017eivn\u00e9 na deti, no nie dvaja mu\u017ei alebo dve \u017eeny. Ve\u013ek\u00e1 \u010das\u0165 odporcov sa zasa odvol\u00e1va sk\u00f4r na pocity, \u017ee je to nie\u010do neprirodzen\u00e9 alebo nechutn\u00e9.<\/strong><\/p>\n\n\n\n<p>Predsudky, ktor\u00e9 spolo\u010dnos\u0165 m\u00e1, zvy\u010dajne mizn\u00fa, ke\u010f sa \u013eudia stretn\u00fa s&nbsp;re\u00e1lnym homosexu\u00e1lnym p\u00e1rom a&nbsp;vidia, \u017ee rie\u0161i \u00faplne rovnak\u00e9 probl\u00e9my a&nbsp;te\u0161\u00ed sa z&nbsp;t\u00fdch ist\u00fdch vec\u00ed ako oni. Na pr\u00edklade Holandska, kde je man\u017eelstvo pre v\u0161etk\u00fdch schv\u00e1len\u00e9 u\u017e 20 rokov, vid\u00edme, \u017ee to nijako neohrozilo heterosexu\u00e1lne vz\u0165ahy. Nie je to \u017eiadne privil\u00e9gium, len maj\u00fa v\u0161etci rovnak\u00e9 pr\u00e1va. \u013dudia, ktor\u00ed s\u00fa proti, sa \u010dasto boja, \u017ee naozaj pr\u00eddu o&nbsp;svoje istoty. S\u00fa to \u013eudia, ktor\u00ed pr\u00eddu z&nbsp;pr\u00e1ce, ktor\u00e1 je zle platen\u00e1, maj\u00fa drah\u00fd n\u00e1jom a&nbsp;na krku exek\u00facie a&nbsp;\u010fal\u0161ie probl\u00e9my, ktor\u00e9 v&nbsp;\u010cesku m\u00e1me, a&nbsp;zrazu pr\u00eddu domov a&nbsp;tam maj\u00fa niekoho, koho miluj\u00fa a&nbsp;je to ich istota. \u010cas\u0165 z&nbsp;nich m\u00e1 pocit, \u017ee to jedin\u00e9, \u010do maj\u00fa a&nbsp;\u010do sa im podarilo, je man\u017eelstvo a&nbsp;rodina, a&nbsp;\u017ee im to niekto chce vzia\u0165. Lebo tak protistrana \u010dasto argumentuje, hroz\u00ed, \u017ee ak sa gejovia a&nbsp;lesby bud\u00fa m\u00f4c\u0165 sob\u00e1\u0161i\u0165, sp\u00f4sob\u00ed to rozpad civiliz\u00e1cie, zni\u010d\u00ed sa tradi\u010dn\u00e1 rodina a&nbsp;nastane nov\u00e1 doba. Nie je to v\u0161ak pravda. Pre heterosexu\u00e1lne p\u00e1ry to ni\u010d nemen\u00ed. Ich bl\u00edzki by navy\u0161e mohli \u017ei\u0165 \u0161\u0165astnej\u0161\u00edm \u017eivotom a&nbsp;nie v&nbsp;neistote. Pre m\u0148a je najd\u00f4le\u017eitej\u0161\u00ed argument za svadby aj pre gejov a&nbsp;lesby ten, \u017ee deti, ktor\u00e9 vyrastaj\u00fa v&nbsp;ich rodin\u00e1ch, lebo s\u00fa napr\u00edklad z&nbsp;predch\u00e1dzaj\u00faceho man\u017eelstva, nie s\u00fa chr\u00e1nen\u00e9. Ak sa toti\u017e nie\u010do stane biologick\u00e9mu rodi\u010dovi die\u0165a\u0165a, ktor\u00e9 spolu vychov\u00e1vaj\u00fa, bude o&nbsp;jeho osude rozhodova\u0165 s\u00fad a&nbsp;otec alebo matka, ktor\u00ed ho po cel\u00fd \u010das vychov\u00e1vali, na\u0148 nemaj\u00fa \u017eiadne pr\u00e1va.<\/p>\n\n\n\n<p><strong>V&nbsp;dokumente ukazujete, \u017ee okrem cirkvi a&nbsp;pani Jochovej v&nbsp;\u010cesku proti LGBTI+ komunite vystupuj\u00fa aj agres\u00edvnej\u0161ie a&nbsp;vulg\u00e1rnej\u0161ie skupiny, ktor\u00e9 priamo protestuj\u00fa na Prideoch alebo in\u00fdch spriatelen\u00fdch podujatiach. D\u00e1 sa poveda\u0165, \u010do je to za skupinu \u013eud\u00ed?<\/strong><\/p>\n\n\n\n<p>S\u00fa to rozhnevan\u00ed \u010desk\u00ed n\u00e1ckovia, ktor\u00ed s\u00fa nielen proti man\u017eelstvu, ale aj proti samotn\u00e9mu Prideu. Protestuj\u00fa proti nemu ka\u017edoro\u010dne. Hoci je ich vystupovanie ve\u013emi agres\u00edvne a&nbsp;hlasn\u00e9, nie je ich mnoho, a&nbsp;dav na D\u00fahovom pochode ich po\u013eahky prevalcuje.<\/p>\n\n\n\n<figure class=\"wp-block-embed is-type-video is-provider-youtube wp-block-embed-youtube wp-embed-aspect-16-9 wp-has-aspect-ratio\"><div class=\"wp-block-embed__wrapper\">\n<iframe loading=\"lazy\" title=\"Z\u00e1kon l\u00e1sky (od re\u017eis\u00e9rky &quot;V sieti&quot; Barbory Chalupovej) - SK trailer\" width=\"1778\" height=\"1000\" src=\"https:\/\/www.youtube.com\/embed\/-rtRz1dbDvs?feature=oembed\" frameborder=\"0\" allow=\"accelerometer; autoplay; clipboard-write; encrypted-media; gyroscope; picture-in-picture\" allowfullscreen><\/iframe>\n<\/div><figcaption>Uk\u00e1\u017eka z dokumentu Z\u00e1kon l\u00e1sky<\/figcaption><\/figure>\n\n\n\n<p><strong>V&nbsp;dokumente mapujete najm\u00e4 snahy iniciat\u00edvy Jsme f\u00e9r o&nbsp;presadenie man\u017eelstva pre v\u0161etk\u00fdch. Nel\u00e1kalo v\u00e1s podrobnej\u0161ie nahliadnu\u0165 aj do toho, ako funguj\u00fa iniciat\u00edvy namieren\u00e9 proti nim?<\/strong><\/p>\n\n\n\n<p>Viac ako samotn\u00e1 vyhroten\u00e1 debata ma zauj\u00edmal legislat\u00edvny proces a&nbsp;cesta z\u00e1kona. Pracovne tomu hovor\u00edme tragikomick\u00e1 road movie. Chcela som vidie\u0165 lobing v&nbsp;poslaneck\u00fdch kluboch, ako sa tvor\u00ed iniciat\u00edva. Od vzniku, zbierania peti\u010dn\u00fdch podpisov a\u017e po osobn\u00e9 sch\u00f4dzky a&nbsp;prezent\u00e1cie, ktor\u00e9 by k&nbsp;tomu mali dopom\u00f4c\u0165. Ne\u010dakala som v\u0161ak, \u017ee sa ten z\u00e1kon zasekne v&nbsp;prvom \u010d\u00edtan\u00ed, a&nbsp;\u017ee t\u00e1 cesta bude tak\u00e1to kr\u00e1tka. Dramaturgia filmu sa teda s\u00edce zmenila, ale podarilo sa n\u00e1m v\u010faka tomu zachyti\u0165 obraz \u010desk\u00e9ho politik\u00e1r\u010denia. Ke\u010f si div\u00e1k do filmu dosad\u00ed ak\u00fdko\u013evek n\u00e1vrh z\u00e1kona, ktor\u00fd je mu bl\u00edzky a&nbsp;zauj\u00edma sa o\u0148, prepadne ve\u013ekej frustr\u00e1cii a&nbsp;dopadne na neho bezv\u00fdchodiskov\u00e1 snaha nie\u010do zmeni\u0165. Ja sama som si d\u00e1vala ot\u00e1zku, \u010di by som mala dostatok energie, trpezlivosti a&nbsp;sily bojova\u0165 s&nbsp;\u010deskou spolo\u010dnos\u0165ou, a&nbsp;najm\u00e4 so snemov\u0148ou.<\/p>\n\n\n\n<p><strong>Budete snahu o&nbsp;uz\u00e1konenie man\u017eelstiev pre gejov a&nbsp;lesby sledova\u0165 aj v&nbsp;\u010fal\u0161om volebnom obdob\u00ed?<\/strong><\/p>\n\n\n\n<p>Budem, ale len ako ob\u010dianka, nie ako film\u00e1rka. St\u00e1li sme pred dilemou, \u010di to bude e\u0161te dlh\u0161\u00ed \u010dasozbern\u00fd dokument, ale rozhodli sme sa, \u017ee m\u00e1me dos\u0165 materi\u00e1lu a&nbsp;\u017ee t\u00e1 debata sa bude aj tak nasleduj\u00face \u0161tyri roky iba opakova\u0165. Zo zahrani\u010dia vieme, \u017ee debata je v\u0161ade rovnak\u00e1 a&nbsp;aj argumenty s\u00fa rovnak\u00e9 na oboch stran\u00e1ch. Rad\u0161ej ne\u017e popisova\u0165 t\u00fato debatu odznova, sme si povedali, \u017ee sa pred vo\u013ebami staneme s\u00fa\u010das\u0165ou tej debaty.<\/p>\n\n\n\n<p><strong>Na Slovensku je v&nbsp;s\u00fa\u010dasnosti snaha sk\u00f4r presadi\u0165 \u201e\u017eivotn\u00e9 partnerstv\u00e1\u201c, ktor\u00e9 by fungovali podobne ako registrovan\u00e9 partnerstv\u00e1 a&nbsp;mohol by ich uzavrie\u0165 homosexu\u00e1lne aj heterosexu\u00e1lne p\u00e1ry. Aktivisti sa tak sna\u017eia vyhn\u00fa\u0165 n\u00e1lepke registrovan\u00fdch partnerstiev aj man\u017eelstiev. Je tak\u00e1to snaha o&nbsp;postupn\u00fa zmenu aj v&nbsp;\u010cesku? Napr\u00edklad posilni\u0165 in\u0161tit\u00fat registrovan\u00e9ho partnerstva t\u00fdm, \u017ee by p\u00e1ry z\u00edskali viac pr\u00e1v?<\/strong><\/p>\n\n\n\n<p>Na stole bola aj mo\u017enos\u0165, \u017ee by sa registrovan\u00e9 partnerstvo posilnilo o&nbsp;niektor\u00e9 pr\u00e1va, ale nevolalo by sa to man\u017eelstvo. V&nbsp;niektor\u00fdch pr\u00edpadoch sa to toti\u017e \u010dasto st\u00e1va debatou o&nbsp;pojme a&nbsp;nie o&nbsp;pr\u00e1vach. Ale to iniciat\u00edva Jsme f\u00e9r odmieta. St\u00e1le by to toti\u017e znamenalo delenie \u013eud\u00ed na dve skupiny. Navy\u0161e s\u00fa pod tlakom v\u00fd\u010ditky, \u017ee pri presadzovan\u00ed svojich pr\u00e1v pou\u017e\u00edvaj\u00fa sal\u00e1mov\u00fa met\u00f3du. Z&nbsp;m\u00f4jho poh\u013eadu registrovan\u00e9 partnerstvo ni\u010d neprin\u00e1\u0161a, je to len ak\u00e9si schv\u00e1len\u00e9 \u010deskou spolo\u010dnos\u0165ou, \u017ee dvaja \u013eudia m\u00f4\u017eu \u017ei\u0165 spolu. Urobia si \u201egarden p\u00e1rty\u201c, ale to je asi tak v\u0161etko. Iniciat\u00edva Jsme f\u00e9r to odmieta aj preto, lebo chc\u00fa v\u0161etky pr\u00e1va naraz a&nbsp;vidia, \u017ee \u010desk\u00e1 spolo\u010dnos\u0165 je na to pripraven\u00e1.<\/p>\n\n\n\n<p><strong>Na svoj film ste&nbsp;<\/strong><a href=\"https:\/\/www.hithit.com\/cs\/project\/9264\/zakon-lasky\"><strong>vyzbierali viac ako 700-tis\u00edc \u010desk\u00fdch kor\u00fan<\/strong><\/a><strong>&nbsp;(asi 28-tis\u00edc eur). Podobn\u00fa zbierku ste robili aj pri filme&nbsp;<\/strong><a href=\"https:\/\/www.csfd.sk\/film\/720753-v-sieti\/prehlad\/\"><strong><em>V&nbsp;sieti<\/em><\/strong><\/a><strong>&nbsp;o&nbsp;zneu\u017e\u00edvan\u00ed det\u00ed na internete, ktor\u00fd ste re\u017e\u00edrovali spolu s&nbsp;V\u00edtom Klus\u00e1kom. Daj\u00fa sa dnes filmy nakr\u00faca\u0165 tak, \u017ee sa spo\u013eahnete na pomoc a&nbsp;podporu be\u017en\u00fdch \u013eud\u00ed v&nbsp;zbierkach?<\/strong><\/p>\n\n\n\n<p>Pred rokmi by som sa tak\u00fato zbierku neodv\u00e1\u017eila urobi\u0165. Ale m\u00e1m pocit, \u017ee u\u017e k&nbsp;n\u00e1m tento sp\u00f4sob financovania pomaly prich\u00e1dza. Vo videohernom priemysle je be\u017en\u00e9, \u017ee si \u013eudia predkupuj\u00fa hry alebo ich financuj\u00fa sami. Mno\u017estvo tvorcov u\u017e takto funguje. No ak usporad\u00favate tak\u00fato zbierku pre film, nie je to ani tak kv\u00f4li financi\u00e1m, ale aj kv\u00f4li PR. Jej s\u00fa\u010das\u0165ou je aj prv\u00fd trailer a&nbsp;ofici\u00e1lne t\u00fdm teda oznamujete, \u017ee to to\u010d\u00edte. Na rozdiel od hran\u00fdch filmov, ke\u010f sa film promuje v&nbsp;podstate od za\u010diatku, si dokument\u00e1rny film tvorcovia nech\u00e1vaj\u00fa dlho pre seba, aby sa im ich z\u00e1mer podaril. Film <em>V&nbsp;sieti<\/em> bol finan\u010dne ve\u013emi n\u00e1ro\u010dn\u00fd, preto\u017ee sa nakr\u00facal v&nbsp;ateli\u00e9ri, rozpo\u010det mal ako lacnej\u0161\u00ed hran\u00fd film.<\/p>\n\n\n\n<p>Hoci mal podporu od partnerov aj od \u0161t\u00e1tneho fondu \u010ceskej telev\u00edzie, zbierka na\u0148 bola v&nbsp;podstate volan\u00edm o&nbsp;pomoc, aby sme ho mohli dokon\u010di\u0165. Rovnak\u00e9 to bolo aj pri filme <em>Z\u00e1kon l\u00e1sky<\/em>. Na za\u010diatku sme netu\u0161ili, \u017ee budeme nakr\u00faca\u0165 \u010dasozbern\u00fd dokument. Iniciat\u00edva Jsme f\u00e9r bola rozbehnut\u00e1, optimistick\u00e1, ja sama som sa t\u00fdm nechala naivne presved\u010di\u0165, \u017ee v&nbsp;priebehu roka a&nbsp;pol bude film nakr\u00faten\u00fd. Ale t\u00fdm, \u017ee sa nakr\u00facanie pred\u013a\u017eilo, potrebovali sme \u010fal\u0161ie financie. Nechceli sme robi\u0165 nejak\u00fd merch, ktor\u00fd by sme museli op\u00e4\u0165 vyr\u00e1ba\u0165. Zvolili sme si in\u00fa cestu a&nbsp;oslovili sme mno\u017estvo celebr\u00edt a&nbsp;umelcov, ktor\u00ed n\u00e1m do zbierky darovali nejak\u00fd predmet alebo z\u00e1\u017eitok. Bolo tam fotenie s&nbsp;Robertom Vanom, piknik s&nbsp;hercami Janom Cinom a&nbsp;Petrom Van\u010durom, knihy. Stal sa z&nbsp;toho v&nbsp;podstate e-shop. Aj preto sa n\u00e1m podarilo vyzbiera\u0165 viac, ako sme p\u00f4vodne potrebovali.<\/p>\n\n\n\n<p><strong>Ko\u013eko stoj\u00ed nakr\u00fati\u0165 \u010dasozbern\u00fd dokument, ktor\u00fd vznik\u00e1 \u0161tyri roky?<\/strong><\/p>\n\n\n\n<p>P\u00e1r mili\u00f3nov kor\u00fan.<\/p>\n\n\n\n<p><strong>Uva\u017eovali ste o&nbsp;tom, \u017ee ak vyzbierate viac ako pol mili\u00f3na, budete distribuova\u0165 film aj na Slovensko a&nbsp;do \u010fal\u0161\u00edch v\u00fdchodnej\u0161\u00edch \u010di balk\u00e1nskych kraj\u00edn, \u201ekde sa debata o&nbsp;man\u017eelstv\u00e1ch gejov a&nbsp;lesieb ani neza\u010dala\u201c. Mysl\u00edte, \u017ee by v\u00e1\u0161 film mohol zmeni\u0165 n\u00e1ladu v&nbsp;t\u00fdchto krajin\u00e1ch?<\/strong><\/p>\n\n\n\n<p>Tak\u00e9to amb\u00edcie nem\u00e1m. Mysl\u00edm si, \u017ee ten film m\u00f4\u017ee pom\u00f4c\u0165 iniciat\u00edvam, ktor\u00e9 sa o&nbsp;tak\u00fato zmenu sna\u017eia alebo \u013eu\u010fom, pre ktor\u00fdch je to bl\u00edzka t\u00e9ma. Niektor\u00fdch to m\u00f4\u017ee in\u0161pirova\u0165, aj ke\u010f dokument sa nekon\u010d\u00ed happy endom. Ur\u010dite je zauj\u00edmav\u00e9 vidie\u0165 t\u00fa debatu o&nbsp;n\u00e1vrhu takto koncentrovane, v&nbsp;90 min\u00fatach. Ke\u010f sme film p\u00fa\u0161\u0165ali zahrani\u010dn\u00fdm selektorom na z\u00e1pade, teda v&nbsp;Kanade, \u0160v\u00e9dsku a&nbsp;D\u00e1nsku, hovorili, \u017ee film je ve\u013emi lok\u00e1lny a&nbsp;dal by sa nakr\u00fati\u0165 v&nbsp;ka\u017edej krajine, ale najviac ich prekvapila r\u00e9torika v&nbsp;snemovni, \u017ee si politici m\u00f4\u017eu dovoli\u0165 prirovn\u00e1va\u0165 homosexu\u00e1lov k&nbsp;praktikuj\u00facim pedofilom a&nbsp;zoofilom. P\u00fdtali sa n\u00e1s: \u201eAko si to niekto m\u00f4\u017ee dovoli\u0165 poveda\u0165?\u201c \u0160okovalo ich, \u017ee r\u00e9torika v&nbsp;snemovni je v&nbsp;takomto stave. Je to v\u0161ak v\u00fdsti\u017en\u00fd obr\u00e1zok toho, \u010do sa deje v&nbsp;strednej a&nbsp;v\u00fdchodnej Eur\u00f3pe.<\/p>\n\n\n\n<p><strong>So \u0161peci\u00e1lnou verziou filmu <em>V&nbsp;sieti<\/em> ste pl\u00e1novali \u00eds\u0165 aj do \u0161k\u00f4l, ale ve\u013emi r\u00fdchlo pri\u0161la pand\u00e9mia. Dostal sa film aj medzi t\u00edned\u017eerov a&nbsp;t\u00edned\u017eerky?<\/strong><\/p>\n\n\n\n<p>Bohu\u017eia\u013e, pand\u00e9mia celkom zastavila \u0161kolsk\u00e9 projekcie. Mali sa im premieta\u0165 ak\u00e9si zjednodu\u0161en\u00e9 verzie s&nbsp;edukat\u00edvnymi vstupmi, v&nbsp;ktor\u00fdch na\u0161e here\u010dky vysvet\u013euj\u00fa, \u010do sa im deje a&nbsp;ako tomu zamedzi\u0165. Absolvovala som aj nieko\u013eko deb\u00e1t po t\u00fdchto projekci\u00e1ch, ale potom sa zavreli kin\u00e1 a&nbsp;teraz \u010dak\u00e1me, kedy to \u0161kol\u00e1m budeme m\u00f4c\u0165 pusti\u0165 znovu. Mysl\u00edme si, \u017ee ak to deti uvidia v&nbsp;kine a&nbsp;po filme bude nasledova\u0165 debata s&nbsp;expertom alebo s&nbsp;tvorcami, tak to bude lep\u0161ie, ako to p\u00fa\u0161\u0165a\u0165 v&nbsp;triede, kde bud\u00fa deti pozera\u0165 do telef\u00f3nov. Potrebujeme, aby to vn\u00edmali. U\u010ditelia a&nbsp;u\u010dite\u013eky maj\u00fa u\u017e dnes k&nbsp;dispoz\u00edcii mno\u017estvo materi\u00e1lov, ktor\u00e9 si potom m\u00f4\u017eu s&nbsp;de\u0165mi v&nbsp;triedach prebra\u0165. Projekt na \u0161kol\u00e1ch v\u0161ak bude ur\u010dite pokra\u010dova\u0165.<\/p>\n\n\n\n<p><strong>Jedna z&nbsp;here\u010diek po filme hovorila o&nbsp;tom, \u017ee mala z&nbsp;nat\u00e1\u010dania no\u010dn\u00e9 mory a&nbsp;viacer\u00ed z&nbsp;filmov\u00e9ho t\u00edmu to museli sami v&nbsp;sebe nejako spracova\u0165. Ako to zasiahlo v\u00e1s?<\/strong><\/p>\n\n\n\n<p>Mysl\u00edm, \u017ee v\u0161etci sme z&nbsp;toho mali no\u010dn\u00e9 mory, najm\u00e4 po\u010das nakr\u00facania, ktor\u00e9 trvalo desa\u0165 dn\u00ed. Ke\u010f som sa z&nbsp;ateli\u00e9ru po nakr\u00facan\u00ed vracala domov, tak som si u\u017e nezap\u00ednala po\u010d\u00edta\u010d ani \u017eiadnu obrazovku, preto\u017ee ma to desilo. Aj ke\u010f sme si pred nakr\u00facan\u00edm robili v\u00fdskum a&nbsp;re\u0161er\u0161 o&nbsp;tej t\u00e9me, prekvapilo ma to mno\u017estvo dospel\u00fdch jedincov, ktor\u00ed tie ako\u017ee dvan\u00e1s\u0165ro\u010dn\u00e9 figurantky oslovili. V&nbsp;priebehu desiatich dn\u00ed to bolo 2500 \u013eud\u00ed. Zasko\u010dilo ma, \u017ee si mu\u017ei, a&nbsp;v&nbsp;jednotk\u00e1ch aj \u017eeny, neuvedomovali, \u017ee tak\u00e1to sk\u00fasenos\u0165 a&nbsp;agres\u00edvna komunik\u00e1cia m\u00f4\u017ee deti do\u017eivotne po\u0161kodi\u0165. Mali pocit, \u017ee ke\u010f je to online, ni\u010d to neznamen\u00e1.<\/p>\n\n\n\n<p><strong>Vy ste sa ako t\u00edned\u017eerka stretli s&nbsp;nie\u010d\u00edm tak\u00fdm?<\/strong><\/p>\n\n\n\n<p>Nie, ja som nikdy nemala ani nem\u00e1m soci\u00e1lne siete.<\/p>\n\n\n\n<p><strong>Nesna\u017eili sa s&nbsp;vami po odvysielan\u00ed filmu dodato\u010dne skontaktova\u0165 niektor\u00ed mu\u017ei a&nbsp;vyhr\u00e1\u017ea\u0165 sa v\u00e1m?<\/strong><\/p>\n\n\n\n<p>Jeden z&nbsp;nich chcel by\u0165 z&nbsp;filmu vymazan\u00fd a&nbsp;rie\u0161il to cez pr\u00e1vnika. Ale mali sme dostatok d\u00f4kazov na to, aby vo filme mohol zosta\u0165, tak\u017ee sme sa n\u00edm nedali zastra\u0161i\u0165. Bolo to tak \u0161iroko medializovan\u00e9, \u017ee sa n\u00e1s nikto \u010fal\u0161\u00ed neodv\u00e1\u017eil oslovi\u0165 a&nbsp;rad\u0161ej sa stiahli, aby na seba neupozor\u0148ovali.<\/p>\n\n\n\n<p><strong>Jeden z&nbsp;t\u00fdch, koho identitu ste vo filme uk\u00e1zali, bol aj mlad\u00fd mu\u017e, ktor\u00fd s&nbsp;here\u010dkami naozaj komunikoval ako s&nbsp;de\u0165mi a&nbsp;nesna\u017eil sa ich nijako ob\u0165a\u017eova\u0165 alebo zneu\u017ei\u0165. Boli ste s&nbsp;n\u00edm potom v&nbsp;kontakte?<\/strong><\/p>\n\n\n\n<p>\u00c1no, v&nbsp;stri\u017eni sme mu pustili z\u00e1znam a&nbsp;chceli sme sa s&nbsp;n\u00edm dohovori\u0165 na s\u00fahlase, \u010di m\u00f4\u017eeme jeho tv\u00e1r odtajni\u0165. Vedel, v&nbsp;akom kontexte sa bude nach\u00e1dza\u0165, a&nbsp;s\u00fahlasil s&nbsp;t\u00fdm.<\/p>\n\n\n\n<p><strong>Bol to jedin\u00fd mu\u017e, ktor\u00fd s&nbsp;here\u010dkami komunikoval nevinne?<\/strong><\/p>\n\n\n\n<p>Bohu\u017eia\u013e, \u00e1no. Bol to posledn\u00fd hovor cel\u00e9ho nakr\u00facania.<\/p>\n","protected":false},"excerpt":{"rendered":"<p>Autorka textu: Ria Gehrerov\u00e1 \/ Foto: Film Expanded, portr\u00e9t: \u0160imon Havel Text sme prv\u00fd raz publikovali v \u010d\u00edsle Jese\u0148 2021 Re\u017eis\u00e9rka Barbora Chalupov\u00e1 nakr\u00fatila dokument o&nbsp;tom, ako sa v&nbsp;\u010cesku nedar\u00ed presadi\u0165 man\u017eelstv\u00e1 pre gejov a&nbsp;lesby. Hoci s\u00fa v&nbsp;\u010cesku registrovan\u00e9 partnerstv\u00e1 schv\u00e1len\u00e9 u\u017e od roku 2005, man\u017eelstv\u00e1 s\u00fa zatia\u013e v&nbsp;nedoh\u013eadne. Chalupov\u00e1 vo filme Z\u00e1kon l\u00e1sky ukazuje, <a href=\"https:\/\/duhovyrok.sk\/qys\/reziserka-barbora-chalupova-ani-v-ateistickom-cesku-sa-roky-nedari-prijat-manzelstva-pre-gejov-a-lesby\/\" class=\"more-link\">&#8230;<\/a><\/p>\n","protected":false},"author":4,"featured_media":3039,"comment_status":"closed","ping_status":"closed","sticky":false,"template":"","format":"standard","meta":{"footnotes":""},"categories":[254,3,10,259],"tags":[304,305,55,56,307,308,146,303,185,306],"class_list":["post-3038","post","type-post","status-publish","format-standard","has-post-thumbnail","hentry","category-film","category-partnerstva","category-kultura","category-rozhovory","tag-barbora-chalupova","tag-dokument","tag-film","tag-filmovy-festival-inakosti","tag-manzelstva","tag-partnerstva","tag-queer-film","tag-reziserka","tag-rozhovor","tag-zakon-lasky"],"_links":{"self":[{"href":"https:\/\/duhovyrok.sk\/qys\/wp-json\/wp\/v2\/posts\/3038","targetHints":{"allow":["GET"]}}],"collection":[{"href":"https:\/\/duhovyrok.sk\/qys\/wp-json\/wp\/v2\/posts"}],"about":[{"href":"https:\/\/duhovyrok.sk\/qys\/wp-json\/wp\/v2\/types\/post"}],"author":[{"embeddable":true,"href":"https:\/\/duhovyrok.sk\/qys\/wp-json\/wp\/v2\/users\/4"}],"replies":[{"embeddable":true,"href":"https:\/\/duhovyrok.sk\/qys\/wp-json\/wp\/v2\/comments?post=3038"}],"version-history":[{"count":2,"href":"https:\/\/duhovyrok.sk\/qys\/wp-json\/wp\/v2\/posts\/3038\/revisions"}],"predecessor-version":[{"id":3047,"href":"https:\/\/duhovyrok.sk\/qys\/wp-json\/wp\/v2\/posts\/3038\/revisions\/3047"}],"wp:featuredmedia":[{"embeddable":true,"href":"https:\/\/duhovyrok.sk\/qys\/wp-json\/wp\/v2\/media\/3039"}],"wp:attachment":[{"href":"https:\/\/duhovyrok.sk\/qys\/wp-json\/wp\/v2\/media?parent=3038"}],"wp:term":[{"taxonomy":"category","embeddable":true,"href":"https:\/\/duhovyrok.sk\/qys\/wp-json\/wp\/v2\/categories?post=3038"},{"taxonomy":"post_tag","embeddable":true,"href":"https:\/\/duhovyrok.sk\/qys\/wp-json\/wp\/v2\/tags?post=3038"}],"curies":[{"name":"wp","href":"https:\/\/api.w.org\/{rel}","templated":true}]}}